{"id":83775,"date":"2025-02-06T15:00:28","date_gmt":"2025-02-06T13:00:28","guid":{"rendered":"https:\/\/www.noubarris.net\/web40\/?p=83775"},"modified":"2025-02-06T15:00:28","modified_gmt":"2025-02-06T13:00:28","slug":"nou-barris-viu-una-revolucio-urbana-amb-el-pla-de-manteniment-integral-2025","status":"publish","type":"post","link":"https:\/\/www.noubarris.net\/web40\/nou-barris-viu-una-revolucio-urbana-amb-el-pla-de-manteniment-integral-2025\/","title":{"rendered":"Nou Barris viu una revoluci\u00f3 urbana amb el Pla de Manteniment Integral 2025"},"content":{"rendered":"<p><strong>El 2025, Nou Barris ser\u00e0 protagonista d&#8217;importants millores urban\u00edstiques amb el Pla de Manteniment Integral, que invertir\u00e0 100 milions d&#8217;euros a tota la ciutat. Paviment, enllumenat, clavegueram i altres infraestructures seran renovades a barris com Vilapicina, Porta, Can Peguera, la Trinitat Nova i Torre Bar\u00f3<\/strong><\/p>\n<p>El Pla de Manteniment Integral (PMI) preveu actuar a 29 barris de Barcelona durant el 2025, amb una inversi\u00f3 global de 100 milions d\u2019euros. Aquest pla contempla la renovaci\u00f3 d\u2019infraestructures b\u00e0siques com el paviment, l\u2019enllumenat, el clavegueram, les voreres, les escales i els ascensors, amb l\u2019objectiu de millorar la qualitat de l\u2019espai p\u00fablic i prevenir incid\u00e8ncies futures.<\/p>\n<p>A Nou Barris, s\u2019actuar\u00e0 en cinc barris: Vilapicina i la Torre Llobeta, Porta, Can Peguera, la Trinitat Nova i Torre Bar\u00f3. En aquests barris, algunes actuacions seran de transformaci\u00f3, com les obres de renovaci\u00f3 als carrers de Desfar, Emili Roca i Santapau, a Porta, i la millora de cru\u00eflles clau entre el passeig de Fabra i Puig, el carrer d\u2019Am\u00edlcar, el carrer de Vilapicina i el carrer de Rosario a Vilapicina i la Torre Llobeta.<\/p>\n<p>Aquestes actuacions formen part del Pla Endre\u00e7a, que inclou accions a tota la ciutat. A partir del 2026, s\u2019ampliar\u00e0 a 28 barris m\u00e9s, i el 2027 arribar\u00e0 a 16 barris m\u00e9s. El PMI busca assegurar que totes les zones de Barcelona disposin d\u2019una infraestructura moderna, segura i de qualitat per a la seva ciutadania.<\/p>\n<p><span style=\"font-size: 10pt;\">Redacci\u00f3: Andrea Yuste<\/span><\/p>\n","protected":false},"excerpt":{"rendered":"<p>El 2025, Nou Barris ser\u00e0 protagonista d&#8217;importants millores urban\u00edstiques amb el Pla de Manteniment Integral, que invertir\u00e0 100 milions d&#8217;euros<\/p>\n","protected":false},"author":2,"featured_media":83776,"comment_status":"closed","ping_status":"closed","sticky":false,"template":"","format":"standard","meta":{"colormag_page_layout":"default_layout","_monsterinsights_skip_tracking":false,"_monsterinsights_sitenote_active":false,"_monsterinsights_sitenote_note":"","_monsterinsights_sitenote_category":0,"footnotes":""},"categories":[1],"tags":[],"class_list":["post-83775","post","type-post","status-publish","format-standard","has-post-thumbnail","hentry","category-nou-barris"],"yoast_head":"<!-- This site is optimized with the Yoast SEO plugin v25.3 - https:\/\/yoast.com\/wordpress\/plugins\/seo\/ -->\n<title>Nou Barris viu una revoluci\u00f3 urbana amb el Pla de Manteniment Integral 2025 - NouBarris.Net<\/title>\n<meta name=\"robots\" content=\"index, follow, max-snippet:-1, max-image-preview:large, max-video-preview:-1\" \/>\n<link rel=\"canonical\" href=\"https:\/\/www.noubarris.net\/web40\/nou-barris-viu-una-revolucio-urbana-amb-el-pla-de-manteniment-integral-2025\/\" \/>\n<meta property=\"og:locale\" content=\"ca_ES\" \/>\n<meta property=\"og:type\" content=\"article\" \/>\n<meta property=\"og:title\" content=\"Nou Barris viu una revoluci\u00f3 urbana amb el Pla de Manteniment Integral 2025 - NouBarris.Net\" \/>\n<meta property=\"og:description\" content=\"El 2025, Nou Barris ser\u00e0 protagonista d&#8217;importants millores urban\u00edstiques amb el Pla de Manteniment Integral, que invertir\u00e0 100 milions d&#8217;euros\" \/>\n<meta property=\"og:url\" content=\"https:\/\/www.noubarris.net\/web40\/nou-barris-viu-una-revolucio-urbana-amb-el-pla-de-manteniment-integral-2025\/\" \/>\n<meta property=\"og:site_name\" content=\"NouBarris.Net\" \/>\n<meta property=\"article:publisher\" content=\"https:\/\/www.facebook.com\/NouBarris.net\/?locale=es_ES\" \/>\n<meta property=\"article:published_time\" content=\"2025-02-06T13:00:28+00:00\" \/>\n<meta property=\"og:image\" content=\"https:\/\/www.noubarris.net\/web40\/wp-content\/uploads\/2025\/02\/Captura-de-pantalla-2025-02-06-104844.jpg\" \/>\n\t<meta property=\"og:image:width\" content=\"816\" \/>\n\t<meta property=\"og:image:height\" content=\"457\" \/>\n\t<meta property=\"og:image:type\" content=\"image\/jpeg\" \/>\n<meta name=\"author\" content=\"Informatius\" \/>\n<meta name=\"twitter:card\" content=\"summary_large_image\" \/>\n<meta name=\"twitter:creator\" content=\"@9BTV\" \/>\n<meta name=\"twitter:site\" content=\"@9BTV\" \/>\n<meta name=\"twitter:label1\" content=\"Escrit per\" \/>\n\t<meta name=\"twitter:data1\" content=\"Informatius\" \/>\n\t<meta name=\"twitter:label2\" content=\"Temps estimat de lectura\" \/>\n\t<meta name=\"twitter:data2\" content=\"2 minuts\" \/>\n<script type=\"application\/ld+json\" class=\"yoast-schema-graph\">{\"@context\":\"https:\/\/schema.org\",\"@graph\":[{\"@type\":\"Article\",\"@id\":\"https:\/\/www.noubarris.net\/web40\/nou-barris-viu-una-revolucio-urbana-amb-el-pla-de-manteniment-integral-2025\/#article\",\"isPartOf\":{\"@id\":\"https:\/\/www.noubarris.net\/web40\/nou-barris-viu-una-revolucio-urbana-amb-el-pla-de-manteniment-integral-2025\/\"},\"author\":{\"name\":\"Informatius\",\"@id\":\"https:\/\/www.noubarris.net\/web40\/#\/schema\/person\/1827f92aaa316c54abbf4dac0de76069\"},\"headline\":\"Nou Barris viu una revoluci\u00f3 urbana amb el Pla de Manteniment Integral 2025\",\"datePublished\":\"2025-02-06T13:00:28+00:00\",\"mainEntityOfPage\":{\"@id\":\"https:\/\/www.noubarris.net\/web40\/nou-barris-viu-una-revolucio-urbana-amb-el-pla-de-manteniment-integral-2025\/\"},\"wordCount\":257,\"publisher\":{\"@id\":\"https:\/\/www.noubarris.net\/web40\/#organization\"},\"image\":{\"@id\":\"https:\/\/www.noubarris.net\/web40\/nou-barris-viu-una-revolucio-urbana-amb-el-pla-de-manteniment-integral-2025\/#primaryimage\"},\"thumbnailUrl\":\"https:\/\/www.noubarris.net\/web40\/wp-content\/uploads\/2025\/02\/Captura-de-pantalla-2025-02-06-104844.jpg\",\"articleSection\":[\"Nou Barris\"],\"inLanguage\":\"ca\"},{\"@type\":\"WebPage\",\"@id\":\"https:\/\/www.noubarris.net\/web40\/nou-barris-viu-una-revolucio-urbana-amb-el-pla-de-manteniment-integral-2025\/\",\"url\":\"https:\/\/www.noubarris.net\/web40\/nou-barris-viu-una-revolucio-urbana-amb-el-pla-de-manteniment-integral-2025\/\",\"name\":\"Nou Barris viu una revoluci\u00f3 urbana amb el Pla de Manteniment Integral 2025 - NouBarris.Net\",\"isPartOf\":{\"@id\":\"https:\/\/www.noubarris.net\/web40\/#website\"},\"primaryImageOfPage\":{\"@id\":\"https:\/\/www.noubarris.net\/web40\/nou-barris-viu-una-revolucio-urbana-amb-el-pla-de-manteniment-integral-2025\/#primaryimage\"},\"image\":{\"@id\":\"https:\/\/www.noubarris.net\/web40\/nou-barris-viu-una-revolucio-urbana-amb-el-pla-de-manteniment-integral-2025\/#primaryimage\"},\"thumbnailUrl\":\"https:\/\/www.noubarris.net\/web40\/wp-content\/uploads\/2025\/02\/Captura-de-pantalla-2025-02-06-104844.jpg\",\"datePublished\":\"2025-02-06T13:00:28+00:00\",\"breadcrumb\":{\"@id\":\"https:\/\/www.noubarris.net\/web40\/nou-barris-viu-una-revolucio-urbana-amb-el-pla-de-manteniment-integral-2025\/#breadcrumb\"},\"inLanguage\":\"ca\",\"potentialAction\":[{\"@type\":\"ReadAction\",\"target\":[\"https:\/\/www.noubarris.net\/web40\/nou-barris-viu-una-revolucio-urbana-amb-el-pla-de-manteniment-integral-2025\/\"]}]},{\"@type\":\"ImageObject\",\"inLanguage\":\"ca\",\"@id\":\"https:\/\/www.noubarris.net\/web40\/nou-barris-viu-una-revolucio-urbana-amb-el-pla-de-manteniment-integral-2025\/#primaryimage\",\"url\":\"https:\/\/www.noubarris.net\/web40\/wp-content\/uploads\/2025\/02\/Captura-de-pantalla-2025-02-06-104844.jpg\",\"contentUrl\":\"https:\/\/www.noubarris.net\/web40\/wp-content\/uploads\/2025\/02\/Captura-de-pantalla-2025-02-06-104844.jpg\",\"width\":816,\"height\":457},{\"@type\":\"BreadcrumbList\",\"@id\":\"https:\/\/www.noubarris.net\/web40\/nou-barris-viu-una-revolucio-urbana-amb-el-pla-de-manteniment-integral-2025\/#breadcrumb\",\"itemListElement\":[{\"@type\":\"ListItem\",\"position\":1,\"name\":\"Inici\",\"item\":\"https:\/\/www.noubarris.net\/web40\/\"},{\"@type\":\"ListItem\",\"position\":2,\"name\":\"Nou Barris viu una revoluci\u00f3 urbana amb el Pla de Manteniment Integral 2025\"}]},{\"@type\":\"WebSite\",\"@id\":\"https:\/\/www.noubarris.net\/web40\/#website\",\"url\":\"https:\/\/www.noubarris.net\/web40\/\",\"name\":\"NouBarris.Net\",\"description\":\"Seguint la vida de Nou Barris des de 1985\",\"publisher\":{\"@id\":\"https:\/\/www.noubarris.net\/web40\/#organization\"},\"potentialAction\":[{\"@type\":\"SearchAction\",\"target\":{\"@type\":\"EntryPoint\",\"urlTemplate\":\"https:\/\/www.noubarris.net\/web40\/?s={search_term_string}\"},\"query-input\":{\"@type\":\"PropertyValueSpecification\",\"valueRequired\":true,\"valueName\":\"search_term_string\"}}],\"inLanguage\":\"ca\"},{\"@type\":\"Organization\",\"@id\":\"https:\/\/www.noubarris.net\/web40\/#organization\",\"name\":\"NouBarris.Net\",\"url\":\"https:\/\/www.noubarris.net\/web40\/\",\"logo\":{\"@type\":\"ImageObject\",\"inLanguage\":\"ca\",\"@id\":\"https:\/\/www.noubarris.net\/web40\/#\/schema\/logo\/image\/\",\"url\":\"https:\/\/www.noubarris.net\/web40\/wp-content\/uploads\/2024\/11\/cropped-cropped-LOGO_9BTV-2024_Insta-1.jpg\",\"contentUrl\":\"https:\/\/www.noubarris.net\/web40\/wp-content\/uploads\/2024\/11\/cropped-cropped-LOGO_9BTV-2024_Insta-1.jpg\",\"width\":512,\"height\":512,\"caption\":\"NouBarris.Net\"},\"image\":{\"@id\":\"https:\/\/www.noubarris.net\/web40\/#\/schema\/logo\/image\/\"},\"sameAs\":[\"https:\/\/www.facebook.com\/NouBarris.net\/?locale=es_ES\",\"https:\/\/x.com\/9BTV\"]},{\"@type\":\"Person\",\"@id\":\"https:\/\/www.noubarris.net\/web40\/#\/schema\/person\/1827f92aaa316c54abbf4dac0de76069\",\"name\":\"Informatius\",\"image\":{\"@type\":\"ImageObject\",\"inLanguage\":\"ca\",\"@id\":\"https:\/\/www.noubarris.net\/web40\/#\/schema\/person\/image\/\",\"url\":\"https:\/\/secure.gravatar.com\/avatar\/87a3b47928835fc72c6ee5b0e1a7263ef0c2d05003a98189bc14926c5f11bcdb?s=96&d=mm&r=g\",\"contentUrl\":\"https:\/\/secure.gravatar.com\/avatar\/87a3b47928835fc72c6ee5b0e1a7263ef0c2d05003a98189bc14926c5f11bcdb?s=96&d=mm&r=g\",\"caption\":\"Informatius\"},\"url\":\"https:\/\/www.noubarris.net\/web40\/author\/tele\/\"}]}<\/script>\n<!-- \/ Yoast SEO plugin. -->","yoast_head_json":{"title":"Nou Barris viu una revoluci\u00f3 urbana amb el Pla de Manteniment Integral 2025 - NouBarris.Net","robots":{"index":"index","follow":"follow","max-snippet":"max-snippet:-1","max-image-preview":"max-image-preview:large","max-video-preview":"max-video-preview:-1"},"canonical":"https:\/\/www.noubarris.net\/web40\/nou-barris-viu-una-revolucio-urbana-amb-el-pla-de-manteniment-integral-2025\/","og_locale":"ca_ES","og_type":"article","og_title":"Nou Barris viu una revoluci\u00f3 urbana amb el Pla de Manteniment Integral 2025 - NouBarris.Net","og_description":"El 2025, Nou Barris ser\u00e0 protagonista d&#8217;importants millores urban\u00edstiques amb el Pla de Manteniment Integral, que invertir\u00e0 100 milions d&#8217;euros","og_url":"https:\/\/www.noubarris.net\/web40\/nou-barris-viu-una-revolucio-urbana-amb-el-pla-de-manteniment-integral-2025\/","og_site_name":"NouBarris.Net","article_publisher":"https:\/\/www.facebook.com\/NouBarris.net\/?locale=es_ES","article_published_time":"2025-02-06T13:00:28+00:00","og_image":[{"width":816,"height":457,"url":"https:\/\/www.noubarris.net\/web40\/wp-content\/uploads\/2025\/02\/Captura-de-pantalla-2025-02-06-104844.jpg","type":"image\/jpeg"}],"author":"Informatius","twitter_card":"summary_large_image","twitter_creator":"@9BTV","twitter_site":"@9BTV","twitter_misc":{"Escrit per":"Informatius","Temps estimat de lectura":"2 minuts"},"schema":{"@context":"https:\/\/schema.org","@graph":[{"@type":"Article","@id":"https:\/\/www.noubarris.net\/web40\/nou-barris-viu-una-revolucio-urbana-amb-el-pla-de-manteniment-integral-2025\/#article","isPartOf":{"@id":"https:\/\/www.noubarris.net\/web40\/nou-barris-viu-una-revolucio-urbana-amb-el-pla-de-manteniment-integral-2025\/"},"author":{"name":"Informatius","@id":"https:\/\/www.noubarris.net\/web40\/#\/schema\/person\/1827f92aaa316c54abbf4dac0de76069"},"headline":"Nou Barris viu una revoluci\u00f3 urbana amb el Pla de Manteniment Integral 2025","datePublished":"2025-02-06T13:00:28+00:00","mainEntityOfPage":{"@id":"https:\/\/www.noubarris.net\/web40\/nou-barris-viu-una-revolucio-urbana-amb-el-pla-de-manteniment-integral-2025\/"},"wordCount":257,"publisher":{"@id":"https:\/\/www.noubarris.net\/web40\/#organization"},"image":{"@id":"https:\/\/www.noubarris.net\/web40\/nou-barris-viu-una-revolucio-urbana-amb-el-pla-de-manteniment-integral-2025\/#primaryimage"},"thumbnailUrl":"https:\/\/www.noubarris.net\/web40\/wp-content\/uploads\/2025\/02\/Captura-de-pantalla-2025-02-06-104844.jpg","articleSection":["Nou Barris"],"inLanguage":"ca"},{"@type":"WebPage","@id":"https:\/\/www.noubarris.net\/web40\/nou-barris-viu-una-revolucio-urbana-amb-el-pla-de-manteniment-integral-2025\/","url":"https:\/\/www.noubarris.net\/web40\/nou-barris-viu-una-revolucio-urbana-amb-el-pla-de-manteniment-integral-2025\/","name":"Nou Barris viu una revoluci\u00f3 urbana amb el Pla de Manteniment Integral 2025 - NouBarris.Net","isPartOf":{"@id":"https:\/\/www.noubarris.net\/web40\/#website"},"primaryImageOfPage":{"@id":"https:\/\/www.noubarris.net\/web40\/nou-barris-viu-una-revolucio-urbana-amb-el-pla-de-manteniment-integral-2025\/#primaryimage"},"image":{"@id":"https:\/\/www.noubarris.net\/web40\/nou-barris-viu-una-revolucio-urbana-amb-el-pla-de-manteniment-integral-2025\/#primaryimage"},"thumbnailUrl":"https:\/\/www.noubarris.net\/web40\/wp-content\/uploads\/2025\/02\/Captura-de-pantalla-2025-02-06-104844.jpg","datePublished":"2025-02-06T13:00:28+00:00","breadcrumb":{"@id":"https:\/\/www.noubarris.net\/web40\/nou-barris-viu-una-revolucio-urbana-amb-el-pla-de-manteniment-integral-2025\/#breadcrumb"},"inLanguage":"ca","potentialAction":[{"@type":"ReadAction","target":["https:\/\/www.noubarris.net\/web40\/nou-barris-viu-una-revolucio-urbana-amb-el-pla-de-manteniment-integral-2025\/"]}]},{"@type":"ImageObject","inLanguage":"ca","@id":"https:\/\/www.noubarris.net\/web40\/nou-barris-viu-una-revolucio-urbana-amb-el-pla-de-manteniment-integral-2025\/#primaryimage","url":"https:\/\/www.noubarris.net\/web40\/wp-content\/uploads\/2025\/02\/Captura-de-pantalla-2025-02-06-104844.jpg","contentUrl":"https:\/\/www.noubarris.net\/web40\/wp-content\/uploads\/2025\/02\/Captura-de-pantalla-2025-02-06-104844.jpg","width":816,"height":457},{"@type":"BreadcrumbList","@id":"https:\/\/www.noubarris.net\/web40\/nou-barris-viu-una-revolucio-urbana-amb-el-pla-de-manteniment-integral-2025\/#breadcrumb","itemListElement":[{"@type":"ListItem","position":1,"name":"Inici","item":"https:\/\/www.noubarris.net\/web40\/"},{"@type":"ListItem","position":2,"name":"Nou Barris viu una revoluci\u00f3 urbana amb el Pla de Manteniment Integral 2025"}]},{"@type":"WebSite","@id":"https:\/\/www.noubarris.net\/web40\/#website","url":"https:\/\/www.noubarris.net\/web40\/","name":"NouBarris.Net","description":"Seguint la vida de Nou Barris des de 1985","publisher":{"@id":"https:\/\/www.noubarris.net\/web40\/#organization"},"potentialAction":[{"@type":"SearchAction","target":{"@type":"EntryPoint","urlTemplate":"https:\/\/www.noubarris.net\/web40\/?s={search_term_string}"},"query-input":{"@type":"PropertyValueSpecification","valueRequired":true,"valueName":"search_term_string"}}],"inLanguage":"ca"},{"@type":"Organization","@id":"https:\/\/www.noubarris.net\/web40\/#organization","name":"NouBarris.Net","url":"https:\/\/www.noubarris.net\/web40\/","logo":{"@type":"ImageObject","inLanguage":"ca","@id":"https:\/\/www.noubarris.net\/web40\/#\/schema\/logo\/image\/","url":"https:\/\/www.noubarris.net\/web40\/wp-content\/uploads\/2024\/11\/cropped-cropped-LOGO_9BTV-2024_Insta-1.jpg","contentUrl":"https:\/\/www.noubarris.net\/web40\/wp-content\/uploads\/2024\/11\/cropped-cropped-LOGO_9BTV-2024_Insta-1.jpg","width":512,"height":512,"caption":"NouBarris.Net"},"image":{"@id":"https:\/\/www.noubarris.net\/web40\/#\/schema\/logo\/image\/"},"sameAs":["https:\/\/www.facebook.com\/NouBarris.net\/?locale=es_ES","https:\/\/x.com\/9BTV"]},{"@type":"Person","@id":"https:\/\/www.noubarris.net\/web40\/#\/schema\/person\/1827f92aaa316c54abbf4dac0de76069","name":"Informatius","image":{"@type":"ImageObject","inLanguage":"ca","@id":"https:\/\/www.noubarris.net\/web40\/#\/schema\/person\/image\/","url":"https:\/\/secure.gravatar.com\/avatar\/87a3b47928835fc72c6ee5b0e1a7263ef0c2d05003a98189bc14926c5f11bcdb?s=96&d=mm&r=g","contentUrl":"https:\/\/secure.gravatar.com\/avatar\/87a3b47928835fc72c6ee5b0e1a7263ef0c2d05003a98189bc14926c5f11bcdb?s=96&d=mm&r=g","caption":"Informatius"},"url":"https:\/\/www.noubarris.net\/web40\/author\/tele\/"}]}},"_links":{"self":[{"href":"https:\/\/www.noubarris.net\/web40\/wp-json\/wp\/v2\/posts\/83775","targetHints":{"allow":["GET"]}}],"collection":[{"href":"https:\/\/www.noubarris.net\/web40\/wp-json\/wp\/v2\/posts"}],"about":[{"href":"https:\/\/www.noubarris.net\/web40\/wp-json\/wp\/v2\/types\/post"}],"author":[{"embeddable":true,"href":"https:\/\/www.noubarris.net\/web40\/wp-json\/wp\/v2\/users\/2"}],"replies":[{"embeddable":true,"href":"https:\/\/www.noubarris.net\/web40\/wp-json\/wp\/v2\/comments?post=83775"}],"version-history":[{"count":4,"href":"https:\/\/www.noubarris.net\/web40\/wp-json\/wp\/v2\/posts\/83775\/revisions"}],"predecessor-version":[{"id":83789,"href":"https:\/\/www.noubarris.net\/web40\/wp-json\/wp\/v2\/posts\/83775\/revisions\/83789"}],"wp:featuredmedia":[{"embeddable":true,"href":"https:\/\/www.noubarris.net\/web40\/wp-json\/wp\/v2\/media\/83776"}],"wp:attachment":[{"href":"https:\/\/www.noubarris.net\/web40\/wp-json\/wp\/v2\/media?parent=83775"}],"wp:term":[{"taxonomy":"category","embeddable":true,"href":"https:\/\/www.noubarris.net\/web40\/wp-json\/wp\/v2\/categories?post=83775"},{"taxonomy":"post_tag","embeddable":true,"href":"https:\/\/www.noubarris.net\/web40\/wp-json\/wp\/v2\/tags?post=83775"}],"curies":[{"name":"wp","href":"https:\/\/api.w.org\/{rel}","templated":true}]}}