{"id":83786,"date":"2025-02-07T10:34:04","date_gmt":"2025-02-07T08:34:04","guid":{"rendered":"https:\/\/www.noubarris.net\/web40\/?p=83786"},"modified":"2025-02-07T10:40:28","modified_gmt":"2025-02-07T08:40:28","slug":"la-didaltruck-arriba-a-can-baste-per-fomentar-la-reutilitzacio-textil","status":"publish","type":"post","link":"https:\/\/www.noubarris.net\/web40\/la-didaltruck-arriba-a-can-baste-per-fomentar-la-reutilitzacio-textil\/","title":{"rendered":"La DidalTruck arriba a Can Bast\u00e9 per fomentar la reutilitzaci\u00f3 t\u00e8xtil"},"content":{"rendered":"<p data-pm-slice=\"1 1 []\"><strong>Un servei m\u00f2bil d\u2019arranjament t\u00e8xtil per reduir residus i promoure l\u2019economia circular<\/strong><\/p>\n<p>La DidalTruck, un servei m\u00f2bil gratu\u00eft dedicat a l\u2019arranjament t\u00e8xtil, s\u2019instal\u00b7lar\u00e0 el primer dijous de cada mes de 16 a 19 h a la Pla\u00e7a de Can Bast\u00e9. Aquest projecte busca prevenir la generaci\u00f3 de residus t\u00e8xtils i fomentar l\u2019economia circular oferint als ciutadans eines i assessorament per transformar i reparar peces de roba.<\/p>\n<p>Els participants podran comptar amb l\u2019ajuda d\u2019un especialista en costura i aprendre t\u00e8cniques d\u2019&#8217;upcycling&#8217;, un m\u00e8tode creatiu per donar una segona vida a la roba i reduir el consum de noves peces. Aquesta iniciativa, que s\u2019emmarca dins les accions per a un consum m\u00e9s sostenible, permet als usuaris allargar la durabilitat dels seus teixits mitjan\u00e7ant petits arranjaments i transformacions personalitzades.<\/p>\n<p>L\u2019acc\u00e9s a la DidalTruck \u00e9s totalment gratu\u00eft, i els interessats nom\u00e9s han de portar les seves peces de roba per reparar o transformar. Amb aquesta proposta, es busca conscienciar sobre la import\u00e0ncia de la reutilitzaci\u00f3 i la reducci\u00f3 de residus en el sector t\u00e8xtil.<\/p>\n<p><span style=\"font-size: 10pt;\">Redacci\u00f3: Andrea Yuste<\/span><\/p>\n","protected":false},"excerpt":{"rendered":"<p>Un servei m\u00f2bil d\u2019arranjament t\u00e8xtil per reduir residus i promoure l\u2019economia circular La DidalTruck, un servei m\u00f2bil gratu\u00eft dedicat a<\/p>\n","protected":false},"author":2,"featured_media":83787,"comment_status":"closed","ping_status":"closed","sticky":false,"template":"","format":"standard","meta":{"colormag_page_layout":"default_layout","_monsterinsights_skip_tracking":false,"_monsterinsights_sitenote_active":false,"_monsterinsights_sitenote_note":"","_monsterinsights_sitenote_category":0,"footnotes":""},"categories":[1],"tags":[],"class_list":["post-83786","post","type-post","status-publish","format-standard","has-post-thumbnail","hentry","category-nou-barris"],"yoast_head":"<!-- This site is optimized with the Yoast SEO plugin v25.3 - https:\/\/yoast.com\/wordpress\/plugins\/seo\/ -->\n<title>La DidalTruck arriba a Can Bast\u00e9 per fomentar la reutilitzaci\u00f3 t\u00e8xtil - NouBarris.Net<\/title>\n<meta name=\"robots\" content=\"index, follow, max-snippet:-1, max-image-preview:large, max-video-preview:-1\" \/>\n<link rel=\"canonical\" href=\"https:\/\/www.noubarris.net\/web40\/la-didaltruck-arriba-a-can-baste-per-fomentar-la-reutilitzacio-textil\/\" \/>\n<meta property=\"og:locale\" content=\"ca_ES\" \/>\n<meta property=\"og:type\" content=\"article\" \/>\n<meta property=\"og:title\" content=\"La DidalTruck arriba a Can Bast\u00e9 per fomentar la reutilitzaci\u00f3 t\u00e8xtil - NouBarris.Net\" \/>\n<meta property=\"og:description\" content=\"Un servei m\u00f2bil d\u2019arranjament t\u00e8xtil per reduir residus i promoure l\u2019economia circular La DidalTruck, un servei m\u00f2bil gratu\u00eft dedicat a\" \/>\n<meta property=\"og:url\" content=\"https:\/\/www.noubarris.net\/web40\/la-didaltruck-arriba-a-can-baste-per-fomentar-la-reutilitzacio-textil\/\" \/>\n<meta property=\"og:site_name\" content=\"NouBarris.Net\" \/>\n<meta property=\"article:publisher\" content=\"https:\/\/www.facebook.com\/NouBarris.net\/?locale=es_ES\" \/>\n<meta property=\"article:published_time\" content=\"2025-02-07T08:34:04+00:00\" \/>\n<meta property=\"article:modified_time\" content=\"2025-02-07T08:40:28+00:00\" \/>\n<meta property=\"og:image\" content=\"https:\/\/www.noubarris.net\/web40\/wp-content\/uploads\/2025\/02\/Captura-de-pantalla-2025-02-06-105702.jpg\" \/>\n\t<meta property=\"og:image:width\" content=\"795\" \/>\n\t<meta property=\"og:image:height\" content=\"442\" \/>\n\t<meta property=\"og:image:type\" content=\"image\/jpeg\" \/>\n<meta name=\"author\" content=\"Informatius\" \/>\n<meta name=\"twitter:card\" content=\"summary_large_image\" \/>\n<meta name=\"twitter:creator\" content=\"@9BTV\" \/>\n<meta name=\"twitter:site\" content=\"@9BTV\" \/>\n<meta name=\"twitter:label1\" content=\"Escrit per\" \/>\n\t<meta name=\"twitter:data1\" content=\"Informatius\" \/>\n\t<meta name=\"twitter:label2\" content=\"Temps estimat de lectura\" \/>\n\t<meta name=\"twitter:data2\" content=\"2 minuts\" \/>\n<script type=\"application\/ld+json\" class=\"yoast-schema-graph\">{\"@context\":\"https:\/\/schema.org\",\"@graph\":[{\"@type\":\"Article\",\"@id\":\"https:\/\/www.noubarris.net\/web40\/la-didaltruck-arriba-a-can-baste-per-fomentar-la-reutilitzacio-textil\/#article\",\"isPartOf\":{\"@id\":\"https:\/\/www.noubarris.net\/web40\/la-didaltruck-arriba-a-can-baste-per-fomentar-la-reutilitzacio-textil\/\"},\"author\":{\"name\":\"Informatius\",\"@id\":\"https:\/\/www.noubarris.net\/web40\/#\/schema\/person\/1827f92aaa316c54abbf4dac0de76069\"},\"headline\":\"La DidalTruck arriba a Can Bast\u00e9 per fomentar la reutilitzaci\u00f3 t\u00e8xtil\",\"datePublished\":\"2025-02-07T08:34:04+00:00\",\"dateModified\":\"2025-02-07T08:40:28+00:00\",\"mainEntityOfPage\":{\"@id\":\"https:\/\/www.noubarris.net\/web40\/la-didaltruck-arriba-a-can-baste-per-fomentar-la-reutilitzacio-textil\/\"},\"wordCount\":210,\"publisher\":{\"@id\":\"https:\/\/www.noubarris.net\/web40\/#organization\"},\"image\":{\"@id\":\"https:\/\/www.noubarris.net\/web40\/la-didaltruck-arriba-a-can-baste-per-fomentar-la-reutilitzacio-textil\/#primaryimage\"},\"thumbnailUrl\":\"https:\/\/www.noubarris.net\/web40\/wp-content\/uploads\/2025\/02\/Captura-de-pantalla-2025-02-06-105702.jpg\",\"articleSection\":[\"Nou Barris\"],\"inLanguage\":\"ca\"},{\"@type\":\"WebPage\",\"@id\":\"https:\/\/www.noubarris.net\/web40\/la-didaltruck-arriba-a-can-baste-per-fomentar-la-reutilitzacio-textil\/\",\"url\":\"https:\/\/www.noubarris.net\/web40\/la-didaltruck-arriba-a-can-baste-per-fomentar-la-reutilitzacio-textil\/\",\"name\":\"La DidalTruck arriba a Can Bast\u00e9 per fomentar la reutilitzaci\u00f3 t\u00e8xtil - NouBarris.Net\",\"isPartOf\":{\"@id\":\"https:\/\/www.noubarris.net\/web40\/#website\"},\"primaryImageOfPage\":{\"@id\":\"https:\/\/www.noubarris.net\/web40\/la-didaltruck-arriba-a-can-baste-per-fomentar-la-reutilitzacio-textil\/#primaryimage\"},\"image\":{\"@id\":\"https:\/\/www.noubarris.net\/web40\/la-didaltruck-arriba-a-can-baste-per-fomentar-la-reutilitzacio-textil\/#primaryimage\"},\"thumbnailUrl\":\"https:\/\/www.noubarris.net\/web40\/wp-content\/uploads\/2025\/02\/Captura-de-pantalla-2025-02-06-105702.jpg\",\"datePublished\":\"2025-02-07T08:34:04+00:00\",\"dateModified\":\"2025-02-07T08:40:28+00:00\",\"breadcrumb\":{\"@id\":\"https:\/\/www.noubarris.net\/web40\/la-didaltruck-arriba-a-can-baste-per-fomentar-la-reutilitzacio-textil\/#breadcrumb\"},\"inLanguage\":\"ca\",\"potentialAction\":[{\"@type\":\"ReadAction\",\"target\":[\"https:\/\/www.noubarris.net\/web40\/la-didaltruck-arriba-a-can-baste-per-fomentar-la-reutilitzacio-textil\/\"]}]},{\"@type\":\"ImageObject\",\"inLanguage\":\"ca\",\"@id\":\"https:\/\/www.noubarris.net\/web40\/la-didaltruck-arriba-a-can-baste-per-fomentar-la-reutilitzacio-textil\/#primaryimage\",\"url\":\"https:\/\/www.noubarris.net\/web40\/wp-content\/uploads\/2025\/02\/Captura-de-pantalla-2025-02-06-105702.jpg\",\"contentUrl\":\"https:\/\/www.noubarris.net\/web40\/wp-content\/uploads\/2025\/02\/Captura-de-pantalla-2025-02-06-105702.jpg\",\"width\":795,\"height\":442},{\"@type\":\"BreadcrumbList\",\"@id\":\"https:\/\/www.noubarris.net\/web40\/la-didaltruck-arriba-a-can-baste-per-fomentar-la-reutilitzacio-textil\/#breadcrumb\",\"itemListElement\":[{\"@type\":\"ListItem\",\"position\":1,\"name\":\"Inici\",\"item\":\"https:\/\/www.noubarris.net\/web40\/\"},{\"@type\":\"ListItem\",\"position\":2,\"name\":\"La DidalTruck arriba a Can Bast\u00e9 per fomentar la reutilitzaci\u00f3 t\u00e8xtil\"}]},{\"@type\":\"WebSite\",\"@id\":\"https:\/\/www.noubarris.net\/web40\/#website\",\"url\":\"https:\/\/www.noubarris.net\/web40\/\",\"name\":\"NouBarris.Net\",\"description\":\"Seguint la vida de Nou Barris des de 1985\",\"publisher\":{\"@id\":\"https:\/\/www.noubarris.net\/web40\/#organization\"},\"potentialAction\":[{\"@type\":\"SearchAction\",\"target\":{\"@type\":\"EntryPoint\",\"urlTemplate\":\"https:\/\/www.noubarris.net\/web40\/?s={search_term_string}\"},\"query-input\":{\"@type\":\"PropertyValueSpecification\",\"valueRequired\":true,\"valueName\":\"search_term_string\"}}],\"inLanguage\":\"ca\"},{\"@type\":\"Organization\",\"@id\":\"https:\/\/www.noubarris.net\/web40\/#organization\",\"name\":\"NouBarris.Net\",\"url\":\"https:\/\/www.noubarris.net\/web40\/\",\"logo\":{\"@type\":\"ImageObject\",\"inLanguage\":\"ca\",\"@id\":\"https:\/\/www.noubarris.net\/web40\/#\/schema\/logo\/image\/\",\"url\":\"https:\/\/www.noubarris.net\/web40\/wp-content\/uploads\/2024\/11\/cropped-cropped-LOGO_9BTV-2024_Insta-1.jpg\",\"contentUrl\":\"https:\/\/www.noubarris.net\/web40\/wp-content\/uploads\/2024\/11\/cropped-cropped-LOGO_9BTV-2024_Insta-1.jpg\",\"width\":512,\"height\":512,\"caption\":\"NouBarris.Net\"},\"image\":{\"@id\":\"https:\/\/www.noubarris.net\/web40\/#\/schema\/logo\/image\/\"},\"sameAs\":[\"https:\/\/www.facebook.com\/NouBarris.net\/?locale=es_ES\",\"https:\/\/x.com\/9BTV\"]},{\"@type\":\"Person\",\"@id\":\"https:\/\/www.noubarris.net\/web40\/#\/schema\/person\/1827f92aaa316c54abbf4dac0de76069\",\"name\":\"Informatius\",\"image\":{\"@type\":\"ImageObject\",\"inLanguage\":\"ca\",\"@id\":\"https:\/\/www.noubarris.net\/web40\/#\/schema\/person\/image\/\",\"url\":\"https:\/\/secure.gravatar.com\/avatar\/87a3b47928835fc72c6ee5b0e1a7263ef0c2d05003a98189bc14926c5f11bcdb?s=96&d=mm&r=g\",\"contentUrl\":\"https:\/\/secure.gravatar.com\/avatar\/87a3b47928835fc72c6ee5b0e1a7263ef0c2d05003a98189bc14926c5f11bcdb?s=96&d=mm&r=g\",\"caption\":\"Informatius\"},\"url\":\"https:\/\/www.noubarris.net\/web40\/author\/tele\/\"}]}<\/script>\n<!-- \/ Yoast SEO plugin. -->","yoast_head_json":{"title":"La DidalTruck arriba a Can Bast\u00e9 per fomentar la reutilitzaci\u00f3 t\u00e8xtil - NouBarris.Net","robots":{"index":"index","follow":"follow","max-snippet":"max-snippet:-1","max-image-preview":"max-image-preview:large","max-video-preview":"max-video-preview:-1"},"canonical":"https:\/\/www.noubarris.net\/web40\/la-didaltruck-arriba-a-can-baste-per-fomentar-la-reutilitzacio-textil\/","og_locale":"ca_ES","og_type":"article","og_title":"La DidalTruck arriba a Can Bast\u00e9 per fomentar la reutilitzaci\u00f3 t\u00e8xtil - NouBarris.Net","og_description":"Un servei m\u00f2bil d\u2019arranjament t\u00e8xtil per reduir residus i promoure l\u2019economia circular La DidalTruck, un servei m\u00f2bil gratu\u00eft dedicat a","og_url":"https:\/\/www.noubarris.net\/web40\/la-didaltruck-arriba-a-can-baste-per-fomentar-la-reutilitzacio-textil\/","og_site_name":"NouBarris.Net","article_publisher":"https:\/\/www.facebook.com\/NouBarris.net\/?locale=es_ES","article_published_time":"2025-02-07T08:34:04+00:00","article_modified_time":"2025-02-07T08:40:28+00:00","og_image":[{"width":795,"height":442,"url":"https:\/\/www.noubarris.net\/web40\/wp-content\/uploads\/2025\/02\/Captura-de-pantalla-2025-02-06-105702.jpg","type":"image\/jpeg"}],"author":"Informatius","twitter_card":"summary_large_image","twitter_creator":"@9BTV","twitter_site":"@9BTV","twitter_misc":{"Escrit per":"Informatius","Temps estimat de lectura":"2 minuts"},"schema":{"@context":"https:\/\/schema.org","@graph":[{"@type":"Article","@id":"https:\/\/www.noubarris.net\/web40\/la-didaltruck-arriba-a-can-baste-per-fomentar-la-reutilitzacio-textil\/#article","isPartOf":{"@id":"https:\/\/www.noubarris.net\/web40\/la-didaltruck-arriba-a-can-baste-per-fomentar-la-reutilitzacio-textil\/"},"author":{"name":"Informatius","@id":"https:\/\/www.noubarris.net\/web40\/#\/schema\/person\/1827f92aaa316c54abbf4dac0de76069"},"headline":"La DidalTruck arriba a Can Bast\u00e9 per fomentar la reutilitzaci\u00f3 t\u00e8xtil","datePublished":"2025-02-07T08:34:04+00:00","dateModified":"2025-02-07T08:40:28+00:00","mainEntityOfPage":{"@id":"https:\/\/www.noubarris.net\/web40\/la-didaltruck-arriba-a-can-baste-per-fomentar-la-reutilitzacio-textil\/"},"wordCount":210,"publisher":{"@id":"https:\/\/www.noubarris.net\/web40\/#organization"},"image":{"@id":"https:\/\/www.noubarris.net\/web40\/la-didaltruck-arriba-a-can-baste-per-fomentar-la-reutilitzacio-textil\/#primaryimage"},"thumbnailUrl":"https:\/\/www.noubarris.net\/web40\/wp-content\/uploads\/2025\/02\/Captura-de-pantalla-2025-02-06-105702.jpg","articleSection":["Nou Barris"],"inLanguage":"ca"},{"@type":"WebPage","@id":"https:\/\/www.noubarris.net\/web40\/la-didaltruck-arriba-a-can-baste-per-fomentar-la-reutilitzacio-textil\/","url":"https:\/\/www.noubarris.net\/web40\/la-didaltruck-arriba-a-can-baste-per-fomentar-la-reutilitzacio-textil\/","name":"La DidalTruck arriba a Can Bast\u00e9 per fomentar la reutilitzaci\u00f3 t\u00e8xtil - NouBarris.Net","isPartOf":{"@id":"https:\/\/www.noubarris.net\/web40\/#website"},"primaryImageOfPage":{"@id":"https:\/\/www.noubarris.net\/web40\/la-didaltruck-arriba-a-can-baste-per-fomentar-la-reutilitzacio-textil\/#primaryimage"},"image":{"@id":"https:\/\/www.noubarris.net\/web40\/la-didaltruck-arriba-a-can-baste-per-fomentar-la-reutilitzacio-textil\/#primaryimage"},"thumbnailUrl":"https:\/\/www.noubarris.net\/web40\/wp-content\/uploads\/2025\/02\/Captura-de-pantalla-2025-02-06-105702.jpg","datePublished":"2025-02-07T08:34:04+00:00","dateModified":"2025-02-07T08:40:28+00:00","breadcrumb":{"@id":"https:\/\/www.noubarris.net\/web40\/la-didaltruck-arriba-a-can-baste-per-fomentar-la-reutilitzacio-textil\/#breadcrumb"},"inLanguage":"ca","potentialAction":[{"@type":"ReadAction","target":["https:\/\/www.noubarris.net\/web40\/la-didaltruck-arriba-a-can-baste-per-fomentar-la-reutilitzacio-textil\/"]}]},{"@type":"ImageObject","inLanguage":"ca","@id":"https:\/\/www.noubarris.net\/web40\/la-didaltruck-arriba-a-can-baste-per-fomentar-la-reutilitzacio-textil\/#primaryimage","url":"https:\/\/www.noubarris.net\/web40\/wp-content\/uploads\/2025\/02\/Captura-de-pantalla-2025-02-06-105702.jpg","contentUrl":"https:\/\/www.noubarris.net\/web40\/wp-content\/uploads\/2025\/02\/Captura-de-pantalla-2025-02-06-105702.jpg","width":795,"height":442},{"@type":"BreadcrumbList","@id":"https:\/\/www.noubarris.net\/web40\/la-didaltruck-arriba-a-can-baste-per-fomentar-la-reutilitzacio-textil\/#breadcrumb","itemListElement":[{"@type":"ListItem","position":1,"name":"Inici","item":"https:\/\/www.noubarris.net\/web40\/"},{"@type":"ListItem","position":2,"name":"La DidalTruck arriba a Can Bast\u00e9 per fomentar la reutilitzaci\u00f3 t\u00e8xtil"}]},{"@type":"WebSite","@id":"https:\/\/www.noubarris.net\/web40\/#website","url":"https:\/\/www.noubarris.net\/web40\/","name":"NouBarris.Net","description":"Seguint la vida de Nou Barris des de 1985","publisher":{"@id":"https:\/\/www.noubarris.net\/web40\/#organization"},"potentialAction":[{"@type":"SearchAction","target":{"@type":"EntryPoint","urlTemplate":"https:\/\/www.noubarris.net\/web40\/?s={search_term_string}"},"query-input":{"@type":"PropertyValueSpecification","valueRequired":true,"valueName":"search_term_string"}}],"inLanguage":"ca"},{"@type":"Organization","@id":"https:\/\/www.noubarris.net\/web40\/#organization","name":"NouBarris.Net","url":"https:\/\/www.noubarris.net\/web40\/","logo":{"@type":"ImageObject","inLanguage":"ca","@id":"https:\/\/www.noubarris.net\/web40\/#\/schema\/logo\/image\/","url":"https:\/\/www.noubarris.net\/web40\/wp-content\/uploads\/2024\/11\/cropped-cropped-LOGO_9BTV-2024_Insta-1.jpg","contentUrl":"https:\/\/www.noubarris.net\/web40\/wp-content\/uploads\/2024\/11\/cropped-cropped-LOGO_9BTV-2024_Insta-1.jpg","width":512,"height":512,"caption":"NouBarris.Net"},"image":{"@id":"https:\/\/www.noubarris.net\/web40\/#\/schema\/logo\/image\/"},"sameAs":["https:\/\/www.facebook.com\/NouBarris.net\/?locale=es_ES","https:\/\/x.com\/9BTV"]},{"@type":"Person","@id":"https:\/\/www.noubarris.net\/web40\/#\/schema\/person\/1827f92aaa316c54abbf4dac0de76069","name":"Informatius","image":{"@type":"ImageObject","inLanguage":"ca","@id":"https:\/\/www.noubarris.net\/web40\/#\/schema\/person\/image\/","url":"https:\/\/secure.gravatar.com\/avatar\/87a3b47928835fc72c6ee5b0e1a7263ef0c2d05003a98189bc14926c5f11bcdb?s=96&d=mm&r=g","contentUrl":"https:\/\/secure.gravatar.com\/avatar\/87a3b47928835fc72c6ee5b0e1a7263ef0c2d05003a98189bc14926c5f11bcdb?s=96&d=mm&r=g","caption":"Informatius"},"url":"https:\/\/www.noubarris.net\/web40\/author\/tele\/"}]}},"_links":{"self":[{"href":"https:\/\/www.noubarris.net\/web40\/wp-json\/wp\/v2\/posts\/83786","targetHints":{"allow":["GET"]}}],"collection":[{"href":"https:\/\/www.noubarris.net\/web40\/wp-json\/wp\/v2\/posts"}],"about":[{"href":"https:\/\/www.noubarris.net\/web40\/wp-json\/wp\/v2\/types\/post"}],"author":[{"embeddable":true,"href":"https:\/\/www.noubarris.net\/web40\/wp-json\/wp\/v2\/users\/2"}],"replies":[{"embeddable":true,"href":"https:\/\/www.noubarris.net\/web40\/wp-json\/wp\/v2\/comments?post=83786"}],"version-history":[{"count":3,"href":"https:\/\/www.noubarris.net\/web40\/wp-json\/wp\/v2\/posts\/83786\/revisions"}],"predecessor-version":[{"id":83795,"href":"https:\/\/www.noubarris.net\/web40\/wp-json\/wp\/v2\/posts\/83786\/revisions\/83795"}],"wp:featuredmedia":[{"embeddable":true,"href":"https:\/\/www.noubarris.net\/web40\/wp-json\/wp\/v2\/media\/83787"}],"wp:attachment":[{"href":"https:\/\/www.noubarris.net\/web40\/wp-json\/wp\/v2\/media?parent=83786"}],"wp:term":[{"taxonomy":"category","embeddable":true,"href":"https:\/\/www.noubarris.net\/web40\/wp-json\/wp\/v2\/categories?post=83786"},{"taxonomy":"post_tag","embeddable":true,"href":"https:\/\/www.noubarris.net\/web40\/wp-json\/wp\/v2\/tags?post=83786"}],"curies":[{"name":"wp","href":"https:\/\/api.w.org\/{rel}","templated":true}]}}