{"id":83802,"date":"2025-02-26T18:20:51","date_gmt":"2025-02-26T17:20:51","guid":{"rendered":"https:\/\/www.noubarris.net\/web40\/?p=83802"},"modified":"2025-02-26T18:20:55","modified_gmt":"2025-02-26T17:20:55","slug":"les-roquetes-prepara-carnaval-missatge-reivindicatiu","status":"publish","type":"post","link":"https:\/\/www.noubarris.net\/web40\/les-roquetes-prepara-carnaval-missatge-reivindicatiu\/","title":{"rendered":"Les Roquetes es prepara per al Carnaval amb un missatge reivindicatiu"},"content":{"rendered":"\n<p><strong>El ve\u00efnat de Roquetes es disfressar\u00e0 de turistes com a protesta contra la gentrificaci\u00f3 de Barcelona<\/strong><\/p>\n\n\n\n<p>El barri de Les Roquetes ja ha decidit la tem\u00e0tica per a la seva comparsa comunit\u00e0ria en el Carnaval d&#8217;enguany: es disfressaran de turistes com a protesta contra la massificaci\u00f3 i la gentrificaci\u00f3 de Barcelona. La comunitat vol deixar clar que l&#8217;impacte del turisme massiu ha alterat l\u2019ess\u00e8ncia dels barris perif\u00e8rics, com Nou Barris, fent que l&#8217;habitatge digne sigui cada vegada m\u00e9s inaccessible i transformant la ciutat en un aparador per a turistes.<\/p>\n\n\n\n\n\n<figure class=\"wp-block-image size-large\"><img loading=\"lazy\" decoding=\"async\" width=\"1024\" height=\"768\" src=\"https:\/\/www.noubarris.net\/web40\/wp-content\/uploads\/2025\/02\/WhatsApp-Image-2025-02-26-at-10.23.16-1024x768.jpeg\" alt=\"l'Associaci\u00f3 de Ve\u00efns de Roquetes\" class=\"wp-image-84040\" srcset=\"https:\/\/www.noubarris.net\/web40\/wp-content\/uploads\/2025\/02\/WhatsApp-Image-2025-02-26-at-10.23.16-1024x768.jpeg 1024w, https:\/\/www.noubarris.net\/web40\/wp-content\/uploads\/2025\/02\/WhatsApp-Image-2025-02-26-at-10.23.16-300x225.jpeg 300w, https:\/\/www.noubarris.net\/web40\/wp-content\/uploads\/2025\/02\/WhatsApp-Image-2025-02-26-at-10.23.16-768x576.jpeg 768w, https:\/\/www.noubarris.net\/web40\/wp-content\/uploads\/2025\/02\/WhatsApp-Image-2025-02-26-at-10.23.16-600x450.jpeg 600w, https:\/\/www.noubarris.net\/web40\/wp-content\/uploads\/2025\/02\/WhatsApp-Image-2025-02-26-at-10.23.16-1536x1152.jpeg 1536w, https:\/\/www.noubarris.net\/web40\/wp-content\/uploads\/2025\/02\/WhatsApp-Image-2025-02-26-at-10.23.16-2048x1536.jpeg 2048w\" sizes=\"auto, (max-width: 1024px) 100vw, 1024px\" \/><\/figure>\n\n\n\n<p>Aquesta acci\u00f3 no \u00e9s nova: cada any, quan arriba el carnaval, els ve\u00efns de Roquetes aprofiten l&#8217;oportunitat per fer una crida a la reivindicaci\u00f3 social. Com assenyala Amparo, presidenta de l&#8217;Associaci\u00f3 de Ve\u00efns de Roquetes, &#8220;nosaltres cada any que sortim \u00e9s un carnaval reivindicatiu, sempre reivindiquem alguna cosa&#8221;. Aquest any, la comunitat vol recordar que la situaci\u00f3 de l&#8217;habitatge a Barcelona afecta de manera greu els barris m\u00e9s vulnerables, com el de Roquetes, on els lloguers s&#8217;han disparat fins a nivells desorbitats. &#8220;En un barri com aquest, un lloguer de 1500 euros \u00e9s una barbaritat, quan la gent no cobra aix\u00f2&#8221;, afegeix Amparo.<\/p>\n\n\n\n<p>En paral\u00b7lel, la comparsa sempre ve lligada a una reivindicaci\u00f3. Per exemple, el <a href=\"https:\/\/www.noubarris.net\/web40\/?p=71662\" target=\"_blank\" rel=\"noopener\">2018 es van disfressar de marcians<\/a> perqu\u00e8 renegaven d&#8217;aquest planeta i volien emigrar a Mart per crear una societat millor. I al <a href=\"https:\/\/www.noubarris.net\/web40\/?p=75341\" target=\"_blank\" rel=\"noopener\">2020 es van convertir en un gran banc de peixos multicolor<\/a> com un crit contra el canvi clim\u00e0tic i la brut\u00edcia als oceans. A m\u00e9s, el carnaval de l&#8217;any passat va tenir com a lema &#8220;Nos est\u00e1n dejando con el culo al aire&#8221;, i els ve\u00efns van sortir disfressats de tonells com a protesta contra les condicions de vida que molts pateixen al barri. El Carnaval de Roquetes sempre ha estat un espai de cr\u00edtica social i reivindicaci\u00f3, una tradici\u00f3 que els ve\u00efns mantenen amb orgull.<\/p>\n\n\n\n<p>Una tradici\u00f3 que forma part de la identitat del barri \u00e9s la creaci\u00f3 conjunta de la comparsa entre ve\u00efns, equipaments i associacions. A l&#8217;AV Roquetes, ve\u00efns de totes les edats es reuneixen per dissenyar, tallar i cosir les disfresses amb l&#8217;ajuda de les m\u00e0quines de cosir i els tallers de costura disponibles. El m\u00e9s important \u00e9s garantir que ning\u00fa es quedi sense participar per motius econ\u00f2mics, per aix\u00f2 els preus es mantenen assequibles per a tots.<\/p>\n\n\n\n<p>El Carnaval de Roquetes no \u00e9s nom\u00e9s una festa, sin\u00f3 una oportunitat per visibilitzar les problem\u00e0tiques que afecten la comunitat i que amenacen la seva identitat cultural i social.<\/p>\n\n\n\n<blockquote class=\"wp-block-quote is-layout-flow wp-block-quote-is-layout-flow\">\n<p><a href=\"https:\/\/www.noubarris.net\/web40\/mes-de-300-veins-de-les-roquetes-es-disfressen-per-viatjar-a-mart\/\" target=\"_blank\" rel=\"noreferrer noopener\">M\u00e9s de 300 ve\u00efns de les Roquetes es disfressen per viatjar a Mart<\/a><\/p>\n<\/blockquote>\n\n\n\n<blockquote class=\"wp-block-quote is-layout-flow wp-block-quote-is-layout-flow\">\n<p><a href=\"https:\/\/www.noubarris.net\/web40\/les-roquetes-somple-de-peixos-multicolor-pel-carnaval\/\" target=\"_blank\" rel=\"noreferrer noopener\">Les Roquetes s\u2019omple de peixos multicolor pel Carnaval<\/a><\/p>\n<\/blockquote>\n\n\n\n\n\n<p><iframe loading=\"lazy\" title=\"L&#039;Associaci\u00f3 de Ve\u00efns de Roquetes prepara les disfresses de carnestoltes\" width=\"800\" height=\"450\" src=\"https:\/\/www.youtube.com\/embed\/uZ5RDmvCvPs?feature=oembed\" frameborder=\"0\" allow=\"accelerometer; autoplay; clipboard-write; encrypted-media; gyroscope; picture-in-picture; web-share\" referrerpolicy=\"strict-origin-when-cross-origin\" allowfullscreen><\/iframe><\/p>\n\n\n\n<p><span style=\"font-size: 10pt;\">Redacci\u00f3: Andrea Yuste<\/span><\/p>\n\n\n\n<p><\/p>\n\n\n\n<p>&nbsp;<\/p>\n\n\n\n\n","protected":false},"excerpt":{"rendered":"<p>El ve\u00efnat de Roquetes es disfressar\u00e0 de turistes com a protesta contra la gentrificaci\u00f3 de Barcelona El barri de Les<\/p>\n","protected":false},"author":2,"featured_media":84042,"comment_status":"closed","ping_status":"closed","sticky":false,"template":"","format":"standard","meta":{"colormag_page_layout":"default_layout","_monsterinsights_skip_tracking":false,"_monsterinsights_sitenote_active":false,"_monsterinsights_sitenote_note":"","_monsterinsights_sitenote_category":0,"footnotes":""},"categories":[129,136,484,124],"tags":[],"class_list":["post-83802","post","type-post","status-publish","format-standard","has-post-thumbnail","hentry","category-cultura","category-les-roquetes","category-participacio","category-societat"],"yoast_head":"<!-- This site is optimized with the Yoast SEO plugin v25.3 - https:\/\/yoast.com\/wordpress\/plugins\/seo\/ -->\n<title>Les Roquetes es prepara per al Carnaval amb un missatge reivindicatiu - NouBarris.Net<\/title>\n<meta name=\"robots\" content=\"index, follow, max-snippet:-1, max-image-preview:large, max-video-preview:-1\" \/>\n<link rel=\"canonical\" href=\"https:\/\/www.noubarris.net\/web40\/les-roquetes-prepara-carnaval-missatge-reivindicatiu\/\" \/>\n<meta property=\"og:locale\" content=\"ca_ES\" \/>\n<meta property=\"og:type\" content=\"article\" \/>\n<meta property=\"og:title\" content=\"Les Roquetes es prepara per al Carnaval amb un missatge reivindicatiu - NouBarris.Net\" \/>\n<meta property=\"og:description\" content=\"El ve\u00efnat de Roquetes es disfressar\u00e0 de turistes com a protesta contra la gentrificaci\u00f3 de Barcelona El barri de Les\" \/>\n<meta property=\"og:url\" content=\"https:\/\/www.noubarris.net\/web40\/les-roquetes-prepara-carnaval-missatge-reivindicatiu\/\" \/>\n<meta property=\"og:site_name\" content=\"NouBarris.Net\" \/>\n<meta property=\"article:publisher\" content=\"https:\/\/www.facebook.com\/NouBarris.net\/?locale=es_ES\" \/>\n<meta property=\"article:published_time\" content=\"2025-02-26T17:20:51+00:00\" \/>\n<meta property=\"article:modified_time\" content=\"2025-02-26T17:20:55+00:00\" \/>\n<meta property=\"og:image\" content=\"https:\/\/www.noubarris.net\/web40\/wp-content\/uploads\/2025\/02\/WhatsApp-Image-2025-02-26-at-10.49.20-scaled.jpeg\" \/>\n\t<meta property=\"og:image:width\" content=\"2560\" \/>\n\t<meta property=\"og:image:height\" content=\"1920\" \/>\n\t<meta property=\"og:image:type\" content=\"image\/jpeg\" \/>\n<meta name=\"author\" content=\"Informatius\" \/>\n<meta name=\"twitter:card\" content=\"summary_large_image\" \/>\n<meta name=\"twitter:creator\" content=\"@9BTV\" \/>\n<meta name=\"twitter:site\" content=\"@9BTV\" \/>\n<meta name=\"twitter:label1\" content=\"Escrit per\" \/>\n\t<meta name=\"twitter:data1\" content=\"Informatius\" \/>\n\t<meta name=\"twitter:label2\" content=\"Temps estimat de lectura\" \/>\n\t<meta name=\"twitter:data2\" content=\"3 minuts\" \/>\n<script type=\"application\/ld+json\" class=\"yoast-schema-graph\">{\"@context\":\"https:\/\/schema.org\",\"@graph\":[{\"@type\":\"Article\",\"@id\":\"https:\/\/www.noubarris.net\/web40\/les-roquetes-prepara-carnaval-missatge-reivindicatiu\/#article\",\"isPartOf\":{\"@id\":\"https:\/\/www.noubarris.net\/web40\/les-roquetes-prepara-carnaval-missatge-reivindicatiu\/\"},\"author\":{\"name\":\"Informatius\",\"@id\":\"https:\/\/www.noubarris.net\/web40\/#\/schema\/person\/1827f92aaa316c54abbf4dac0de76069\"},\"headline\":\"Les Roquetes es prepara per al Carnaval amb un missatge reivindicatiu\",\"datePublished\":\"2025-02-26T17:20:51+00:00\",\"dateModified\":\"2025-02-26T17:20:55+00:00\",\"mainEntityOfPage\":{\"@id\":\"https:\/\/www.noubarris.net\/web40\/les-roquetes-prepara-carnaval-missatge-reivindicatiu\/\"},\"wordCount\":496,\"publisher\":{\"@id\":\"https:\/\/www.noubarris.net\/web40\/#organization\"},\"image\":{\"@id\":\"https:\/\/www.noubarris.net\/web40\/les-roquetes-prepara-carnaval-missatge-reivindicatiu\/#primaryimage\"},\"thumbnailUrl\":\"https:\/\/www.noubarris.net\/web40\/wp-content\/uploads\/2025\/02\/WhatsApp-Image-2025-02-26-at-10.49.20-scaled.jpeg\",\"articleSection\":[\"Cultura\",\"Les Roquetes\",\"Participaci\u00f3\",\"Societat\"],\"inLanguage\":\"ca\"},{\"@type\":\"WebPage\",\"@id\":\"https:\/\/www.noubarris.net\/web40\/les-roquetes-prepara-carnaval-missatge-reivindicatiu\/\",\"url\":\"https:\/\/www.noubarris.net\/web40\/les-roquetes-prepara-carnaval-missatge-reivindicatiu\/\",\"name\":\"Les Roquetes es prepara per al Carnaval amb un missatge reivindicatiu - NouBarris.Net\",\"isPartOf\":{\"@id\":\"https:\/\/www.noubarris.net\/web40\/#website\"},\"primaryImageOfPage\":{\"@id\":\"https:\/\/www.noubarris.net\/web40\/les-roquetes-prepara-carnaval-missatge-reivindicatiu\/#primaryimage\"},\"image\":{\"@id\":\"https:\/\/www.noubarris.net\/web40\/les-roquetes-prepara-carnaval-missatge-reivindicatiu\/#primaryimage\"},\"thumbnailUrl\":\"https:\/\/www.noubarris.net\/web40\/wp-content\/uploads\/2025\/02\/WhatsApp-Image-2025-02-26-at-10.49.20-scaled.jpeg\",\"datePublished\":\"2025-02-26T17:20:51+00:00\",\"dateModified\":\"2025-02-26T17:20:55+00:00\",\"breadcrumb\":{\"@id\":\"https:\/\/www.noubarris.net\/web40\/les-roquetes-prepara-carnaval-missatge-reivindicatiu\/#breadcrumb\"},\"inLanguage\":\"ca\",\"potentialAction\":[{\"@type\":\"ReadAction\",\"target\":[\"https:\/\/www.noubarris.net\/web40\/les-roquetes-prepara-carnaval-missatge-reivindicatiu\/\"]}]},{\"@type\":\"ImageObject\",\"inLanguage\":\"ca\",\"@id\":\"https:\/\/www.noubarris.net\/web40\/les-roquetes-prepara-carnaval-missatge-reivindicatiu\/#primaryimage\",\"url\":\"https:\/\/www.noubarris.net\/web40\/wp-content\/uploads\/2025\/02\/WhatsApp-Image-2025-02-26-at-10.49.20-scaled.jpeg\",\"contentUrl\":\"https:\/\/www.noubarris.net\/web40\/wp-content\/uploads\/2025\/02\/WhatsApp-Image-2025-02-26-at-10.49.20-scaled.jpeg\",\"width\":2560,\"height\":1920,\"caption\":\"l'Associaci\u00f3 de Ve\u00efns de Roquetes\"},{\"@type\":\"BreadcrumbList\",\"@id\":\"https:\/\/www.noubarris.net\/web40\/les-roquetes-prepara-carnaval-missatge-reivindicatiu\/#breadcrumb\",\"itemListElement\":[{\"@type\":\"ListItem\",\"position\":1,\"name\":\"Inici\",\"item\":\"https:\/\/www.noubarris.net\/web40\/\"},{\"@type\":\"ListItem\",\"position\":2,\"name\":\"Les Roquetes es prepara per al Carnaval amb un missatge reivindicatiu\"}]},{\"@type\":\"WebSite\",\"@id\":\"https:\/\/www.noubarris.net\/web40\/#website\",\"url\":\"https:\/\/www.noubarris.net\/web40\/\",\"name\":\"NouBarris.Net\",\"description\":\"Seguint la vida de Nou Barris des de 1985\",\"publisher\":{\"@id\":\"https:\/\/www.noubarris.net\/web40\/#organization\"},\"potentialAction\":[{\"@type\":\"SearchAction\",\"target\":{\"@type\":\"EntryPoint\",\"urlTemplate\":\"https:\/\/www.noubarris.net\/web40\/?s={search_term_string}\"},\"query-input\":{\"@type\":\"PropertyValueSpecification\",\"valueRequired\":true,\"valueName\":\"search_term_string\"}}],\"inLanguage\":\"ca\"},{\"@type\":\"Organization\",\"@id\":\"https:\/\/www.noubarris.net\/web40\/#organization\",\"name\":\"NouBarris.Net\",\"url\":\"https:\/\/www.noubarris.net\/web40\/\",\"logo\":{\"@type\":\"ImageObject\",\"inLanguage\":\"ca\",\"@id\":\"https:\/\/www.noubarris.net\/web40\/#\/schema\/logo\/image\/\",\"url\":\"https:\/\/www.noubarris.net\/web40\/wp-content\/uploads\/2024\/11\/cropped-cropped-LOGO_9BTV-2024_Insta-1.jpg\",\"contentUrl\":\"https:\/\/www.noubarris.net\/web40\/wp-content\/uploads\/2024\/11\/cropped-cropped-LOGO_9BTV-2024_Insta-1.jpg\",\"width\":512,\"height\":512,\"caption\":\"NouBarris.Net\"},\"image\":{\"@id\":\"https:\/\/www.noubarris.net\/web40\/#\/schema\/logo\/image\/\"},\"sameAs\":[\"https:\/\/www.facebook.com\/NouBarris.net\/?locale=es_ES\",\"https:\/\/x.com\/9BTV\"]},{\"@type\":\"Person\",\"@id\":\"https:\/\/www.noubarris.net\/web40\/#\/schema\/person\/1827f92aaa316c54abbf4dac0de76069\",\"name\":\"Informatius\",\"image\":{\"@type\":\"ImageObject\",\"inLanguage\":\"ca\",\"@id\":\"https:\/\/www.noubarris.net\/web40\/#\/schema\/person\/image\/\",\"url\":\"https:\/\/secure.gravatar.com\/avatar\/87a3b47928835fc72c6ee5b0e1a7263ef0c2d05003a98189bc14926c5f11bcdb?s=96&d=mm&r=g\",\"contentUrl\":\"https:\/\/secure.gravatar.com\/avatar\/87a3b47928835fc72c6ee5b0e1a7263ef0c2d05003a98189bc14926c5f11bcdb?s=96&d=mm&r=g\",\"caption\":\"Informatius\"},\"url\":\"https:\/\/www.noubarris.net\/web40\/author\/tele\/\"}]}<\/script>\n<!-- \/ Yoast SEO plugin. -->","yoast_head_json":{"title":"Les Roquetes es prepara per al Carnaval amb un missatge reivindicatiu - NouBarris.Net","robots":{"index":"index","follow":"follow","max-snippet":"max-snippet:-1","max-image-preview":"max-image-preview:large","max-video-preview":"max-video-preview:-1"},"canonical":"https:\/\/www.noubarris.net\/web40\/les-roquetes-prepara-carnaval-missatge-reivindicatiu\/","og_locale":"ca_ES","og_type":"article","og_title":"Les Roquetes es prepara per al Carnaval amb un missatge reivindicatiu - NouBarris.Net","og_description":"El ve\u00efnat de Roquetes es disfressar\u00e0 de turistes com a protesta contra la gentrificaci\u00f3 de Barcelona El barri de Les","og_url":"https:\/\/www.noubarris.net\/web40\/les-roquetes-prepara-carnaval-missatge-reivindicatiu\/","og_site_name":"NouBarris.Net","article_publisher":"https:\/\/www.facebook.com\/NouBarris.net\/?locale=es_ES","article_published_time":"2025-02-26T17:20:51+00:00","article_modified_time":"2025-02-26T17:20:55+00:00","og_image":[{"width":2560,"height":1920,"url":"https:\/\/www.noubarris.net\/web40\/wp-content\/uploads\/2025\/02\/WhatsApp-Image-2025-02-26-at-10.49.20-scaled.jpeg","type":"image\/jpeg"}],"author":"Informatius","twitter_card":"summary_large_image","twitter_creator":"@9BTV","twitter_site":"@9BTV","twitter_misc":{"Escrit per":"Informatius","Temps estimat de lectura":"3 minuts"},"schema":{"@context":"https:\/\/schema.org","@graph":[{"@type":"Article","@id":"https:\/\/www.noubarris.net\/web40\/les-roquetes-prepara-carnaval-missatge-reivindicatiu\/#article","isPartOf":{"@id":"https:\/\/www.noubarris.net\/web40\/les-roquetes-prepara-carnaval-missatge-reivindicatiu\/"},"author":{"name":"Informatius","@id":"https:\/\/www.noubarris.net\/web40\/#\/schema\/person\/1827f92aaa316c54abbf4dac0de76069"},"headline":"Les Roquetes es prepara per al Carnaval amb un missatge reivindicatiu","datePublished":"2025-02-26T17:20:51+00:00","dateModified":"2025-02-26T17:20:55+00:00","mainEntityOfPage":{"@id":"https:\/\/www.noubarris.net\/web40\/les-roquetes-prepara-carnaval-missatge-reivindicatiu\/"},"wordCount":496,"publisher":{"@id":"https:\/\/www.noubarris.net\/web40\/#organization"},"image":{"@id":"https:\/\/www.noubarris.net\/web40\/les-roquetes-prepara-carnaval-missatge-reivindicatiu\/#primaryimage"},"thumbnailUrl":"https:\/\/www.noubarris.net\/web40\/wp-content\/uploads\/2025\/02\/WhatsApp-Image-2025-02-26-at-10.49.20-scaled.jpeg","articleSection":["Cultura","Les Roquetes","Participaci\u00f3","Societat"],"inLanguage":"ca"},{"@type":"WebPage","@id":"https:\/\/www.noubarris.net\/web40\/les-roquetes-prepara-carnaval-missatge-reivindicatiu\/","url":"https:\/\/www.noubarris.net\/web40\/les-roquetes-prepara-carnaval-missatge-reivindicatiu\/","name":"Les Roquetes es prepara per al Carnaval amb un missatge reivindicatiu - NouBarris.Net","isPartOf":{"@id":"https:\/\/www.noubarris.net\/web40\/#website"},"primaryImageOfPage":{"@id":"https:\/\/www.noubarris.net\/web40\/les-roquetes-prepara-carnaval-missatge-reivindicatiu\/#primaryimage"},"image":{"@id":"https:\/\/www.noubarris.net\/web40\/les-roquetes-prepara-carnaval-missatge-reivindicatiu\/#primaryimage"},"thumbnailUrl":"https:\/\/www.noubarris.net\/web40\/wp-content\/uploads\/2025\/02\/WhatsApp-Image-2025-02-26-at-10.49.20-scaled.jpeg","datePublished":"2025-02-26T17:20:51+00:00","dateModified":"2025-02-26T17:20:55+00:00","breadcrumb":{"@id":"https:\/\/www.noubarris.net\/web40\/les-roquetes-prepara-carnaval-missatge-reivindicatiu\/#breadcrumb"},"inLanguage":"ca","potentialAction":[{"@type":"ReadAction","target":["https:\/\/www.noubarris.net\/web40\/les-roquetes-prepara-carnaval-missatge-reivindicatiu\/"]}]},{"@type":"ImageObject","inLanguage":"ca","@id":"https:\/\/www.noubarris.net\/web40\/les-roquetes-prepara-carnaval-missatge-reivindicatiu\/#primaryimage","url":"https:\/\/www.noubarris.net\/web40\/wp-content\/uploads\/2025\/02\/WhatsApp-Image-2025-02-26-at-10.49.20-scaled.jpeg","contentUrl":"https:\/\/www.noubarris.net\/web40\/wp-content\/uploads\/2025\/02\/WhatsApp-Image-2025-02-26-at-10.49.20-scaled.jpeg","width":2560,"height":1920,"caption":"l'Associaci\u00f3 de Ve\u00efns de Roquetes"},{"@type":"BreadcrumbList","@id":"https:\/\/www.noubarris.net\/web40\/les-roquetes-prepara-carnaval-missatge-reivindicatiu\/#breadcrumb","itemListElement":[{"@type":"ListItem","position":1,"name":"Inici","item":"https:\/\/www.noubarris.net\/web40\/"},{"@type":"ListItem","position":2,"name":"Les Roquetes es prepara per al Carnaval amb un missatge reivindicatiu"}]},{"@type":"WebSite","@id":"https:\/\/www.noubarris.net\/web40\/#website","url":"https:\/\/www.noubarris.net\/web40\/","name":"NouBarris.Net","description":"Seguint la vida de Nou Barris des de 1985","publisher":{"@id":"https:\/\/www.noubarris.net\/web40\/#organization"},"potentialAction":[{"@type":"SearchAction","target":{"@type":"EntryPoint","urlTemplate":"https:\/\/www.noubarris.net\/web40\/?s={search_term_string}"},"query-input":{"@type":"PropertyValueSpecification","valueRequired":true,"valueName":"search_term_string"}}],"inLanguage":"ca"},{"@type":"Organization","@id":"https:\/\/www.noubarris.net\/web40\/#organization","name":"NouBarris.Net","url":"https:\/\/www.noubarris.net\/web40\/","logo":{"@type":"ImageObject","inLanguage":"ca","@id":"https:\/\/www.noubarris.net\/web40\/#\/schema\/logo\/image\/","url":"https:\/\/www.noubarris.net\/web40\/wp-content\/uploads\/2024\/11\/cropped-cropped-LOGO_9BTV-2024_Insta-1.jpg","contentUrl":"https:\/\/www.noubarris.net\/web40\/wp-content\/uploads\/2024\/11\/cropped-cropped-LOGO_9BTV-2024_Insta-1.jpg","width":512,"height":512,"caption":"NouBarris.Net"},"image":{"@id":"https:\/\/www.noubarris.net\/web40\/#\/schema\/logo\/image\/"},"sameAs":["https:\/\/www.facebook.com\/NouBarris.net\/?locale=es_ES","https:\/\/x.com\/9BTV"]},{"@type":"Person","@id":"https:\/\/www.noubarris.net\/web40\/#\/schema\/person\/1827f92aaa316c54abbf4dac0de76069","name":"Informatius","image":{"@type":"ImageObject","inLanguage":"ca","@id":"https:\/\/www.noubarris.net\/web40\/#\/schema\/person\/image\/","url":"https:\/\/secure.gravatar.com\/avatar\/87a3b47928835fc72c6ee5b0e1a7263ef0c2d05003a98189bc14926c5f11bcdb?s=96&d=mm&r=g","contentUrl":"https:\/\/secure.gravatar.com\/avatar\/87a3b47928835fc72c6ee5b0e1a7263ef0c2d05003a98189bc14926c5f11bcdb?s=96&d=mm&r=g","caption":"Informatius"},"url":"https:\/\/www.noubarris.net\/web40\/author\/tele\/"}]}},"_links":{"self":[{"href":"https:\/\/www.noubarris.net\/web40\/wp-json\/wp\/v2\/posts\/83802","targetHints":{"allow":["GET"]}}],"collection":[{"href":"https:\/\/www.noubarris.net\/web40\/wp-json\/wp\/v2\/posts"}],"about":[{"href":"https:\/\/www.noubarris.net\/web40\/wp-json\/wp\/v2\/types\/post"}],"author":[{"embeddable":true,"href":"https:\/\/www.noubarris.net\/web40\/wp-json\/wp\/v2\/users\/2"}],"replies":[{"embeddable":true,"href":"https:\/\/www.noubarris.net\/web40\/wp-json\/wp\/v2\/comments?post=83802"}],"version-history":[{"count":10,"href":"https:\/\/www.noubarris.net\/web40\/wp-json\/wp\/v2\/posts\/83802\/revisions"}],"predecessor-version":[{"id":84063,"href":"https:\/\/www.noubarris.net\/web40\/wp-json\/wp\/v2\/posts\/83802\/revisions\/84063"}],"wp:featuredmedia":[{"embeddable":true,"href":"https:\/\/www.noubarris.net\/web40\/wp-json\/wp\/v2\/media\/84042"}],"wp:attachment":[{"href":"https:\/\/www.noubarris.net\/web40\/wp-json\/wp\/v2\/media?parent=83802"}],"wp:term":[{"taxonomy":"category","embeddable":true,"href":"https:\/\/www.noubarris.net\/web40\/wp-json\/wp\/v2\/categories?post=83802"},{"taxonomy":"post_tag","embeddable":true,"href":"https:\/\/www.noubarris.net\/web40\/wp-json\/wp\/v2\/tags?post=83802"}],"curies":[{"name":"wp","href":"https:\/\/api.w.org\/{rel}","templated":true}]}}