{"id":83919,"date":"2025-02-19T07:01:00","date_gmt":"2025-02-19T06:01:00","guid":{"rendered":"https:\/\/www.noubarris.net\/web40\/?p=83919"},"modified":"2025-02-19T21:08:47","modified_gmt":"2025-02-19T20:08:47","slug":"turo-peira-noves-zones-jocs-espais-verds","status":"publish","type":"post","link":"https:\/\/www.noubarris.net\/web40\/turo-peira-noves-zones-jocs-espais-verds\/","title":{"rendered":"El Tur\u00f3 de la Peira es transforma: noves zones de jocs i espais verds"},"content":{"rendered":"\r\n<p><strong>L\u2019Ajuntament impulsa dues obres per pacificar carrers, millorar la connexi\u00f3 urbana i crear zones l\u00fadiques per a infants<\/strong><\/p>\r\n\r\n\r\n\r\n<p>El <a href=\"https:\/\/www.barcelona.cat\/pladebarris\/ca\" target=\"_blank\" rel=\"noreferrer noopener\">Pla de Barris de Barcelona<\/a> est\u00e0 transformant el Tur\u00f3 de la Peira amb dues importants obres que suposaran una millora de l\u2019espai p\u00fablic del barri. Aquestes actuacions, que es desenvolupen simult\u00e0niament, busquen pacificar els carrers, millorar l\u2019accessibilitat i crear espais verds i de lleure per als ve\u00efns, especialment per a les fam\u00edlies amb infants.<\/p>\r\n\r\n\r\n\r\n<p>Una de les obres \u00e9s la pacificaci\u00f3 de l\u2019entorn de l\u2019Escola Amor de Dios i la cantonada dels carrers de Travau i Canfranc. Aqu\u00ed es crea una nova placeta amb mobiliari urb\u00e0 i zones d&#8217;ombra. Tamb\u00e9 s&#8217;amplien les voreres i es genera una nova plataforma d\u2019acc\u00e9s a l\u2019escola. Aquesta actuaci\u00f3 tamb\u00e9 inclou la creaci\u00f3 d\u2019una zona de jocs infantils de 181 m\u00b2 per a nens i nenes de totes les edats. Es preveu la plantaci\u00f3 d&#8217;arbres per generar m\u00e9s ombra i millorar la qualitat ambiental del lloc.<\/p>\r\n\r\n\r\n\r\n<figure class=\"wp-block-image aligncenter size-full is-resized\"><img loading=\"lazy\" decoding=\"async\" width=\"548\" height=\"306\" class=\"wp-image-83943\" style=\"width: 945px; height: auto;\" src=\"https:\/\/www.noubarris.net\/web40\/wp-content\/uploads\/2025\/02\/Captura-de-pantalla-2025-02-18-a-las-18.03.56.png\" alt=\"\" srcset=\"https:\/\/www.noubarris.net\/web40\/wp-content\/uploads\/2025\/02\/Captura-de-pantalla-2025-02-18-a-las-18.03.56.png 548w, https:\/\/www.noubarris.net\/web40\/wp-content\/uploads\/2025\/02\/Captura-de-pantalla-2025-02-18-a-las-18.03.56-300x168.png 300w\" sizes=\"auto, (max-width: 548px) 100vw, 548px\" \/><\/figure>\r\n\r\n\r\n\r\n<p>&nbsp;<\/p>\r\n\r\n\r\n\r\n<p>Per altra banda, l\u2019actuaci\u00f3 al carrer de Rosario Pi t\u00e9 com a objectiu millorar la connexi\u00f3 urbana del barri amb el parc proper. S\u2019ampliar\u00e0 la vorera en dos punts per millorar l\u2019acc\u00e9s als jocs infantils, que ocuparan una superf\u00edcie de 252 m\u00b2 dividida en dos nivells connectats. Aquest espai estar\u00e0 dissenyat per a tots els grups d\u2019edat i ser\u00e0 accessible per a tothom. La creaci\u00f3 d\u2019aquests espais de lleure ha estat dissenyada amb la participaci\u00f3 activa de les comunitats escolars i el ve\u00efnat.<\/p>\r\n\r\n\r\n\r\n<p>Amb una inversi\u00f3 total de 1,6 milions d&#8217;euros, aquestes dues obres tamb\u00e9 contribuiran a la renaturalitzaci\u00f3 del barri, amb m\u00e9s vegetaci\u00f3 i una millora de la qualitat de l\u2019espai p\u00fablic, amb l\u2019objectiu d\u2019oferir noves oportunitats d\u2019oci i descans per a tots els ve\u00efns. Els treballs es preveuen acabats el proper setembre.<\/p>\r\n\r\n\r\n\r\n\r\n\r\n<blockquote class=\"wp-block-quote is-layout-flow wp-block-quote-is-layout-flow\">\r\n<p><a href=\"https:\/\/www.noubarris.net\/web40\/nou-barris-renova-i-amplia-4-arees-de-joc-infantil-amb-noves-installacions-accessibles\/\" target=\"_blank\" rel=\"noreferrer noopener\">Nou Barris renova i amplia 4 \u00e0rees de joc infantil amb noves instal\u00b7lacions accessibles<\/a><\/p>\r\n<\/blockquote>\r\n\r\n\r\n\r\n<p><span style=\"font-size: 10pt;\">Redacci\u00f3: Andrea Yuste<\/span><\/p>\r\n\r\n\r\n","protected":false},"excerpt":{"rendered":"<p>L\u2019Ajuntament impulsa dues obres per pacificar carrers, millorar la connexi\u00f3 urbana i crear zones l\u00fadiques per a infants El Pla<\/p>\n","protected":false},"author":2,"featured_media":83921,"comment_status":"closed","ping_status":"closed","sticky":false,"template":"","format":"standard","meta":{"colormag_page_layout":"default_layout","_monsterinsights_skip_tracking":false,"_monsterinsights_sitenote_active":false,"_monsterinsights_sitenote_note":"","_monsterinsights_sitenote_category":0,"footnotes":""},"categories":[139,302],"tags":[],"class_list":["post-83919","post","type-post","status-publish","format-standard","has-post-thumbnail","hentry","category-el-turo-de-la-peira","category-urbanisme"],"yoast_head":"<!-- This site is optimized with the Yoast SEO plugin v25.3 - https:\/\/yoast.com\/wordpress\/plugins\/seo\/ -->\n<title>El Tur\u00f3 de la Peira es transforma: noves zones de jocs i espais verds - NouBarris.Net<\/title>\n<meta name=\"robots\" content=\"index, follow, max-snippet:-1, max-image-preview:large, max-video-preview:-1\" \/>\n<link rel=\"canonical\" href=\"https:\/\/www.noubarris.net\/web40\/turo-peira-noves-zones-jocs-espais-verds\/\" \/>\n<meta property=\"og:locale\" content=\"ca_ES\" \/>\n<meta property=\"og:type\" content=\"article\" \/>\n<meta property=\"og:title\" content=\"El Tur\u00f3 de la Peira es transforma: noves zones de jocs i espais verds - NouBarris.Net\" \/>\n<meta property=\"og:description\" content=\"L\u2019Ajuntament impulsa dues obres per pacificar carrers, millorar la connexi\u00f3 urbana i crear zones l\u00fadiques per a infants El Pla\" \/>\n<meta property=\"og:url\" content=\"https:\/\/www.noubarris.net\/web40\/turo-peira-noves-zones-jocs-espais-verds\/\" \/>\n<meta property=\"og:site_name\" content=\"NouBarris.Net\" \/>\n<meta property=\"article:publisher\" content=\"https:\/\/www.facebook.com\/NouBarris.net\/?locale=es_ES\" \/>\n<meta property=\"article:published_time\" content=\"2025-02-19T06:01:00+00:00\" \/>\n<meta property=\"article:modified_time\" content=\"2025-02-19T20:08:47+00:00\" \/>\n<meta property=\"og:image\" content=\"https:\/\/www.noubarris.net\/web40\/wp-content\/uploads\/2025\/02\/Captura-de-pantalla-2025-02-18-114450.jpg\" \/>\n\t<meta property=\"og:image:width\" content=\"946\" \/>\n\t<meta property=\"og:image:height\" content=\"511\" \/>\n\t<meta property=\"og:image:type\" content=\"image\/jpeg\" \/>\n<meta name=\"author\" content=\"Informatius\" \/>\n<meta name=\"twitter:card\" content=\"summary_large_image\" \/>\n<meta name=\"twitter:creator\" content=\"@9BTV\" \/>\n<meta name=\"twitter:site\" content=\"@9BTV\" \/>\n<meta name=\"twitter:label1\" content=\"Escrit per\" \/>\n\t<meta name=\"twitter:data1\" content=\"Informatius\" \/>\n\t<meta name=\"twitter:label2\" content=\"Temps estimat de lectura\" \/>\n\t<meta name=\"twitter:data2\" content=\"3 minuts\" \/>\n<script type=\"application\/ld+json\" class=\"yoast-schema-graph\">{\"@context\":\"https:\/\/schema.org\",\"@graph\":[{\"@type\":\"Article\",\"@id\":\"https:\/\/www.noubarris.net\/web40\/turo-peira-noves-zones-jocs-espais-verds\/#article\",\"isPartOf\":{\"@id\":\"https:\/\/www.noubarris.net\/web40\/turo-peira-noves-zones-jocs-espais-verds\/\"},\"author\":{\"name\":\"Informatius\",\"@id\":\"https:\/\/www.noubarris.net\/web40\/#\/schema\/person\/1827f92aaa316c54abbf4dac0de76069\"},\"headline\":\"El Tur\u00f3 de la Peira es transforma: noves zones de jocs i espais verds\",\"datePublished\":\"2025-02-19T06:01:00+00:00\",\"dateModified\":\"2025-02-19T20:08:47+00:00\",\"mainEntityOfPage\":{\"@id\":\"https:\/\/www.noubarris.net\/web40\/turo-peira-noves-zones-jocs-espais-verds\/\"},\"wordCount\":357,\"publisher\":{\"@id\":\"https:\/\/www.noubarris.net\/web40\/#organization\"},\"image\":{\"@id\":\"https:\/\/www.noubarris.net\/web40\/turo-peira-noves-zones-jocs-espais-verds\/#primaryimage\"},\"thumbnailUrl\":\"https:\/\/www.noubarris.net\/web40\/wp-content\/uploads\/2025\/02\/Captura-de-pantalla-2025-02-18-114450.jpg\",\"articleSection\":[\"El Tur\u00f3 de la Peira\",\"Urbanisme\"],\"inLanguage\":\"ca\"},{\"@type\":\"WebPage\",\"@id\":\"https:\/\/www.noubarris.net\/web40\/turo-peira-noves-zones-jocs-espais-verds\/\",\"url\":\"https:\/\/www.noubarris.net\/web40\/turo-peira-noves-zones-jocs-espais-verds\/\",\"name\":\"El Tur\u00f3 de la Peira es transforma: noves zones de jocs i espais verds - NouBarris.Net\",\"isPartOf\":{\"@id\":\"https:\/\/www.noubarris.net\/web40\/#website\"},\"primaryImageOfPage\":{\"@id\":\"https:\/\/www.noubarris.net\/web40\/turo-peira-noves-zones-jocs-espais-verds\/#primaryimage\"},\"image\":{\"@id\":\"https:\/\/www.noubarris.net\/web40\/turo-peira-noves-zones-jocs-espais-verds\/#primaryimage\"},\"thumbnailUrl\":\"https:\/\/www.noubarris.net\/web40\/wp-content\/uploads\/2025\/02\/Captura-de-pantalla-2025-02-18-114450.jpg\",\"datePublished\":\"2025-02-19T06:01:00+00:00\",\"dateModified\":\"2025-02-19T20:08:47+00:00\",\"breadcrumb\":{\"@id\":\"https:\/\/www.noubarris.net\/web40\/turo-peira-noves-zones-jocs-espais-verds\/#breadcrumb\"},\"inLanguage\":\"ca\",\"potentialAction\":[{\"@type\":\"ReadAction\",\"target\":[\"https:\/\/www.noubarris.net\/web40\/turo-peira-noves-zones-jocs-espais-verds\/\"]}]},{\"@type\":\"ImageObject\",\"inLanguage\":\"ca\",\"@id\":\"https:\/\/www.noubarris.net\/web40\/turo-peira-noves-zones-jocs-espais-verds\/#primaryimage\",\"url\":\"https:\/\/www.noubarris.net\/web40\/wp-content\/uploads\/2025\/02\/Captura-de-pantalla-2025-02-18-114450.jpg\",\"contentUrl\":\"https:\/\/www.noubarris.net\/web40\/wp-content\/uploads\/2025\/02\/Captura-de-pantalla-2025-02-18-114450.jpg\",\"width\":946,\"height\":511},{\"@type\":\"BreadcrumbList\",\"@id\":\"https:\/\/www.noubarris.net\/web40\/turo-peira-noves-zones-jocs-espais-verds\/#breadcrumb\",\"itemListElement\":[{\"@type\":\"ListItem\",\"position\":1,\"name\":\"Inici\",\"item\":\"https:\/\/www.noubarris.net\/web40\/\"},{\"@type\":\"ListItem\",\"position\":2,\"name\":\"El Tur\u00f3 de la Peira es transforma: noves zones de jocs i espais verds\"}]},{\"@type\":\"WebSite\",\"@id\":\"https:\/\/www.noubarris.net\/web40\/#website\",\"url\":\"https:\/\/www.noubarris.net\/web40\/\",\"name\":\"NouBarris.Net\",\"description\":\"Seguint la vida de Nou Barris des de 1985\",\"publisher\":{\"@id\":\"https:\/\/www.noubarris.net\/web40\/#organization\"},\"potentialAction\":[{\"@type\":\"SearchAction\",\"target\":{\"@type\":\"EntryPoint\",\"urlTemplate\":\"https:\/\/www.noubarris.net\/web40\/?s={search_term_string}\"},\"query-input\":{\"@type\":\"PropertyValueSpecification\",\"valueRequired\":true,\"valueName\":\"search_term_string\"}}],\"inLanguage\":\"ca\"},{\"@type\":\"Organization\",\"@id\":\"https:\/\/www.noubarris.net\/web40\/#organization\",\"name\":\"NouBarris.Net\",\"url\":\"https:\/\/www.noubarris.net\/web40\/\",\"logo\":{\"@type\":\"ImageObject\",\"inLanguage\":\"ca\",\"@id\":\"https:\/\/www.noubarris.net\/web40\/#\/schema\/logo\/image\/\",\"url\":\"https:\/\/www.noubarris.net\/web40\/wp-content\/uploads\/2024\/11\/cropped-cropped-LOGO_9BTV-2024_Insta-1.jpg\",\"contentUrl\":\"https:\/\/www.noubarris.net\/web40\/wp-content\/uploads\/2024\/11\/cropped-cropped-LOGO_9BTV-2024_Insta-1.jpg\",\"width\":512,\"height\":512,\"caption\":\"NouBarris.Net\"},\"image\":{\"@id\":\"https:\/\/www.noubarris.net\/web40\/#\/schema\/logo\/image\/\"},\"sameAs\":[\"https:\/\/www.facebook.com\/NouBarris.net\/?locale=es_ES\",\"https:\/\/x.com\/9BTV\"]},{\"@type\":\"Person\",\"@id\":\"https:\/\/www.noubarris.net\/web40\/#\/schema\/person\/1827f92aaa316c54abbf4dac0de76069\",\"name\":\"Informatius\",\"image\":{\"@type\":\"ImageObject\",\"inLanguage\":\"ca\",\"@id\":\"https:\/\/www.noubarris.net\/web40\/#\/schema\/person\/image\/\",\"url\":\"https:\/\/secure.gravatar.com\/avatar\/87a3b47928835fc72c6ee5b0e1a7263ef0c2d05003a98189bc14926c5f11bcdb?s=96&d=mm&r=g\",\"contentUrl\":\"https:\/\/secure.gravatar.com\/avatar\/87a3b47928835fc72c6ee5b0e1a7263ef0c2d05003a98189bc14926c5f11bcdb?s=96&d=mm&r=g\",\"caption\":\"Informatius\"},\"url\":\"https:\/\/www.noubarris.net\/web40\/author\/tele\/\"}]}<\/script>\n<!-- \/ Yoast SEO plugin. -->","yoast_head_json":{"title":"El Tur\u00f3 de la Peira es transforma: noves zones de jocs i espais verds - NouBarris.Net","robots":{"index":"index","follow":"follow","max-snippet":"max-snippet:-1","max-image-preview":"max-image-preview:large","max-video-preview":"max-video-preview:-1"},"canonical":"https:\/\/www.noubarris.net\/web40\/turo-peira-noves-zones-jocs-espais-verds\/","og_locale":"ca_ES","og_type":"article","og_title":"El Tur\u00f3 de la Peira es transforma: noves zones de jocs i espais verds - NouBarris.Net","og_description":"L\u2019Ajuntament impulsa dues obres per pacificar carrers, millorar la connexi\u00f3 urbana i crear zones l\u00fadiques per a infants El Pla","og_url":"https:\/\/www.noubarris.net\/web40\/turo-peira-noves-zones-jocs-espais-verds\/","og_site_name":"NouBarris.Net","article_publisher":"https:\/\/www.facebook.com\/NouBarris.net\/?locale=es_ES","article_published_time":"2025-02-19T06:01:00+00:00","article_modified_time":"2025-02-19T20:08:47+00:00","og_image":[{"width":946,"height":511,"url":"https:\/\/www.noubarris.net\/web40\/wp-content\/uploads\/2025\/02\/Captura-de-pantalla-2025-02-18-114450.jpg","type":"image\/jpeg"}],"author":"Informatius","twitter_card":"summary_large_image","twitter_creator":"@9BTV","twitter_site":"@9BTV","twitter_misc":{"Escrit per":"Informatius","Temps estimat de lectura":"3 minuts"},"schema":{"@context":"https:\/\/schema.org","@graph":[{"@type":"Article","@id":"https:\/\/www.noubarris.net\/web40\/turo-peira-noves-zones-jocs-espais-verds\/#article","isPartOf":{"@id":"https:\/\/www.noubarris.net\/web40\/turo-peira-noves-zones-jocs-espais-verds\/"},"author":{"name":"Informatius","@id":"https:\/\/www.noubarris.net\/web40\/#\/schema\/person\/1827f92aaa316c54abbf4dac0de76069"},"headline":"El Tur\u00f3 de la Peira es transforma: noves zones de jocs i espais verds","datePublished":"2025-02-19T06:01:00+00:00","dateModified":"2025-02-19T20:08:47+00:00","mainEntityOfPage":{"@id":"https:\/\/www.noubarris.net\/web40\/turo-peira-noves-zones-jocs-espais-verds\/"},"wordCount":357,"publisher":{"@id":"https:\/\/www.noubarris.net\/web40\/#organization"},"image":{"@id":"https:\/\/www.noubarris.net\/web40\/turo-peira-noves-zones-jocs-espais-verds\/#primaryimage"},"thumbnailUrl":"https:\/\/www.noubarris.net\/web40\/wp-content\/uploads\/2025\/02\/Captura-de-pantalla-2025-02-18-114450.jpg","articleSection":["El Tur\u00f3 de la Peira","Urbanisme"],"inLanguage":"ca"},{"@type":"WebPage","@id":"https:\/\/www.noubarris.net\/web40\/turo-peira-noves-zones-jocs-espais-verds\/","url":"https:\/\/www.noubarris.net\/web40\/turo-peira-noves-zones-jocs-espais-verds\/","name":"El Tur\u00f3 de la Peira es transforma: noves zones de jocs i espais verds - NouBarris.Net","isPartOf":{"@id":"https:\/\/www.noubarris.net\/web40\/#website"},"primaryImageOfPage":{"@id":"https:\/\/www.noubarris.net\/web40\/turo-peira-noves-zones-jocs-espais-verds\/#primaryimage"},"image":{"@id":"https:\/\/www.noubarris.net\/web40\/turo-peira-noves-zones-jocs-espais-verds\/#primaryimage"},"thumbnailUrl":"https:\/\/www.noubarris.net\/web40\/wp-content\/uploads\/2025\/02\/Captura-de-pantalla-2025-02-18-114450.jpg","datePublished":"2025-02-19T06:01:00+00:00","dateModified":"2025-02-19T20:08:47+00:00","breadcrumb":{"@id":"https:\/\/www.noubarris.net\/web40\/turo-peira-noves-zones-jocs-espais-verds\/#breadcrumb"},"inLanguage":"ca","potentialAction":[{"@type":"ReadAction","target":["https:\/\/www.noubarris.net\/web40\/turo-peira-noves-zones-jocs-espais-verds\/"]}]},{"@type":"ImageObject","inLanguage":"ca","@id":"https:\/\/www.noubarris.net\/web40\/turo-peira-noves-zones-jocs-espais-verds\/#primaryimage","url":"https:\/\/www.noubarris.net\/web40\/wp-content\/uploads\/2025\/02\/Captura-de-pantalla-2025-02-18-114450.jpg","contentUrl":"https:\/\/www.noubarris.net\/web40\/wp-content\/uploads\/2025\/02\/Captura-de-pantalla-2025-02-18-114450.jpg","width":946,"height":511},{"@type":"BreadcrumbList","@id":"https:\/\/www.noubarris.net\/web40\/turo-peira-noves-zones-jocs-espais-verds\/#breadcrumb","itemListElement":[{"@type":"ListItem","position":1,"name":"Inici","item":"https:\/\/www.noubarris.net\/web40\/"},{"@type":"ListItem","position":2,"name":"El Tur\u00f3 de la Peira es transforma: noves zones de jocs i espais verds"}]},{"@type":"WebSite","@id":"https:\/\/www.noubarris.net\/web40\/#website","url":"https:\/\/www.noubarris.net\/web40\/","name":"NouBarris.Net","description":"Seguint la vida de Nou Barris des de 1985","publisher":{"@id":"https:\/\/www.noubarris.net\/web40\/#organization"},"potentialAction":[{"@type":"SearchAction","target":{"@type":"EntryPoint","urlTemplate":"https:\/\/www.noubarris.net\/web40\/?s={search_term_string}"},"query-input":{"@type":"PropertyValueSpecification","valueRequired":true,"valueName":"search_term_string"}}],"inLanguage":"ca"},{"@type":"Organization","@id":"https:\/\/www.noubarris.net\/web40\/#organization","name":"NouBarris.Net","url":"https:\/\/www.noubarris.net\/web40\/","logo":{"@type":"ImageObject","inLanguage":"ca","@id":"https:\/\/www.noubarris.net\/web40\/#\/schema\/logo\/image\/","url":"https:\/\/www.noubarris.net\/web40\/wp-content\/uploads\/2024\/11\/cropped-cropped-LOGO_9BTV-2024_Insta-1.jpg","contentUrl":"https:\/\/www.noubarris.net\/web40\/wp-content\/uploads\/2024\/11\/cropped-cropped-LOGO_9BTV-2024_Insta-1.jpg","width":512,"height":512,"caption":"NouBarris.Net"},"image":{"@id":"https:\/\/www.noubarris.net\/web40\/#\/schema\/logo\/image\/"},"sameAs":["https:\/\/www.facebook.com\/NouBarris.net\/?locale=es_ES","https:\/\/x.com\/9BTV"]},{"@type":"Person","@id":"https:\/\/www.noubarris.net\/web40\/#\/schema\/person\/1827f92aaa316c54abbf4dac0de76069","name":"Informatius","image":{"@type":"ImageObject","inLanguage":"ca","@id":"https:\/\/www.noubarris.net\/web40\/#\/schema\/person\/image\/","url":"https:\/\/secure.gravatar.com\/avatar\/87a3b47928835fc72c6ee5b0e1a7263ef0c2d05003a98189bc14926c5f11bcdb?s=96&d=mm&r=g","contentUrl":"https:\/\/secure.gravatar.com\/avatar\/87a3b47928835fc72c6ee5b0e1a7263ef0c2d05003a98189bc14926c5f11bcdb?s=96&d=mm&r=g","caption":"Informatius"},"url":"https:\/\/www.noubarris.net\/web40\/author\/tele\/"}]}},"_links":{"self":[{"href":"https:\/\/www.noubarris.net\/web40\/wp-json\/wp\/v2\/posts\/83919","targetHints":{"allow":["GET"]}}],"collection":[{"href":"https:\/\/www.noubarris.net\/web40\/wp-json\/wp\/v2\/posts"}],"about":[{"href":"https:\/\/www.noubarris.net\/web40\/wp-json\/wp\/v2\/types\/post"}],"author":[{"embeddable":true,"href":"https:\/\/www.noubarris.net\/web40\/wp-json\/wp\/v2\/users\/2"}],"replies":[{"embeddable":true,"href":"https:\/\/www.noubarris.net\/web40\/wp-json\/wp\/v2\/comments?post=83919"}],"version-history":[{"count":9,"href":"https:\/\/www.noubarris.net\/web40\/wp-json\/wp\/v2\/posts\/83919\/revisions"}],"predecessor-version":[{"id":83961,"href":"https:\/\/www.noubarris.net\/web40\/wp-json\/wp\/v2\/posts\/83919\/revisions\/83961"}],"wp:featuredmedia":[{"embeddable":true,"href":"https:\/\/www.noubarris.net\/web40\/wp-json\/wp\/v2\/media\/83921"}],"wp:attachment":[{"href":"https:\/\/www.noubarris.net\/web40\/wp-json\/wp\/v2\/media?parent=83919"}],"wp:term":[{"taxonomy":"category","embeddable":true,"href":"https:\/\/www.noubarris.net\/web40\/wp-json\/wp\/v2\/categories?post=83919"},{"taxonomy":"post_tag","embeddable":true,"href":"https:\/\/www.noubarris.net\/web40\/wp-json\/wp\/v2\/tags?post=83919"}],"curies":[{"name":"wp","href":"https:\/\/api.w.org\/{rel}","templated":true}]}}