{"id":83985,"date":"2025-02-22T08:05:38","date_gmt":"2025-02-22T07:05:38","guid":{"rendered":"https:\/\/www.noubarris.net\/web40\/?p=83985"},"modified":"2025-02-21T17:09:47","modified_gmt":"2025-02-21T16:09:47","slug":"xalet-trinitat-avanca-rehabilitacio","status":"publish","type":"post","link":"https:\/\/www.noubarris.net\/web40\/xalet-trinitat-avanca-rehabilitacio\/","title":{"rendered":"El Xalet de la Trinitat avan\u00e7a cap a la seva rehabilitaci\u00f3"},"content":{"rendered":"\r\n<p><strong>El projecte supera la primera fase dels pressupostos participatius de Nou Barris<\/strong><\/p>\r\n\r\n\r\n\r\n<p>El Xalet de la Trinitat, la casa pilot de la primera urbanitzaci\u00f3 d&#8217;una ciutat jard\u00ed a nivell europeu constru\u00efda el 1915, ha superat la primera fase dels pressupostos participatius de Nou Barris. Aquest projecte, que busca la seva rehabilitaci\u00f3 i la millora del carrer Aiguablava, es troba entre els 91 que opten a ser seleccionats pels ve\u00efns i ve\u00efnes en la seg\u00fcent etapa de votaci\u00f3.<\/p>\r\n\r\n\r\n\r\n<figure class=\"wp-block-image aligncenter is-resized\"><img loading=\"lazy\" decoding=\"async\" width=\"300\" height=\"230\" class=\"wp-image-83987\" style=\"width: 945px; height: auto;\" src=\"https:\/\/www.noubarris.net\/web40\/wp-content\/uploads\/2025\/02\/Captura-de-pantalla-2025-02-21-110157-300x230.jpg\" alt=\"\" srcset=\"https:\/\/www.noubarris.net\/web40\/wp-content\/uploads\/2025\/02\/Captura-de-pantalla-2025-02-21-110157-300x230.jpg 300w, https:\/\/www.noubarris.net\/web40\/wp-content\/uploads\/2025\/02\/Captura-de-pantalla-2025-02-21-110157-600x460.jpg 600w, https:\/\/www.noubarris.net\/web40\/wp-content\/uploads\/2025\/02\/Captura-de-pantalla-2025-02-21-110157.jpg 736w\" sizes=\"auto, (max-width: 300px) 100vw, 300px\" \/><\/figure>\r\n\r\n\r\n\r\n<p>&nbsp;<\/p>\r\n\r\n\r\n\r\n<p>L\u2019edifici es troba en un estat de deteriorament avan\u00e7at, amb el sostre col\u00b7lapsat i la necessitat de recuperar la seva estructura original. La proposta contempla la restauraci\u00f3 de l\u2019interior de l\u2019immoble, l\u2019eliminaci\u00f3 del tal\u00fas de terra que oculta la primera planta i la incorporaci\u00f3 de voreres al carrer per millorar l\u2019accessibilitat.<\/p>\r\n\r\n\r\n\r\n<p>El cost estimat del projecte \u00e9s de 475.000 \u20ac per rehabilitar l\u2019edifici i 385.000 \u20ac per a la remodelaci\u00f3 del carrer. Aquest pla ja compta amb estudis previs i l\u2019expropiaci\u00f3 realitzada en legislatures anteriors, fet que facilitaria la seva execuci\u00f3 un cop aprovat.<\/p>\r\n\r\n\r\n\r\n<p>Aquesta iniciativa, que ha estat detectada com a duplicada per coincidir amb una altra proposta similar, haur\u00e0 de passar ara per la fase de votaci\u00f3 al mar\u00e7, on es decidiran els 25 projectes que finalment rebran finan\u00e7ament. A m\u00e9s, els infants d\u2019entre 8 i 13 anys podran seleccionar dues propostes que passaran directament a la fase final.<\/p>\r\n\r\n\r\n\r\n<p><span style=\"font-size: 10pt;\">Redacci\u00f3: Andrea Yuste<\/span><\/p>\r\n","protected":false},"excerpt":{"rendered":"<p>El projecte supera la primera fase dels pressupostos participatius de Nou Barris El Xalet de la Trinitat, la casa pilot<\/p>\n","protected":false},"author":2,"featured_media":83986,"comment_status":"closed","ping_status":"closed","sticky":false,"template":"","format":"standard","meta":{"colormag_page_layout":"default_layout","_monsterinsights_skip_tracking":false,"_monsterinsights_sitenote_active":false,"_monsterinsights_sitenote_note":"","_monsterinsights_sitenote_category":0,"footnotes":""},"categories":[138,302],"tags":[762,315,323],"class_list":["post-83985","post","type-post","status-publish","format-standard","has-post-thumbnail","hentry","category-la-trinitat-nova","category-urbanisme","tag-pressupostos-participatius","tag-rehabilitacio","tag-xalet"],"yoast_head":"<!-- This site is optimized with the Yoast SEO plugin v25.3 - https:\/\/yoast.com\/wordpress\/plugins\/seo\/ -->\n<title>El Xalet de la Trinitat avan\u00e7a cap a la seva rehabilitaci\u00f3 - NouBarris.Net<\/title>\n<meta name=\"robots\" content=\"index, follow, max-snippet:-1, max-image-preview:large, max-video-preview:-1\" \/>\n<link rel=\"canonical\" href=\"https:\/\/www.noubarris.net\/web40\/xalet-trinitat-avanca-rehabilitacio\/\" \/>\n<meta property=\"og:locale\" content=\"ca_ES\" \/>\n<meta property=\"og:type\" content=\"article\" \/>\n<meta property=\"og:title\" content=\"El Xalet de la Trinitat avan\u00e7a cap a la seva rehabilitaci\u00f3 - NouBarris.Net\" \/>\n<meta property=\"og:description\" content=\"El projecte supera la primera fase dels pressupostos participatius de Nou Barris El Xalet de la Trinitat, la casa pilot\" \/>\n<meta property=\"og:url\" content=\"https:\/\/www.noubarris.net\/web40\/xalet-trinitat-avanca-rehabilitacio\/\" \/>\n<meta property=\"og:site_name\" content=\"NouBarris.Net\" \/>\n<meta property=\"article:publisher\" content=\"https:\/\/www.facebook.com\/NouBarris.net\/?locale=es_ES\" \/>\n<meta property=\"article:published_time\" content=\"2025-02-22T07:05:38+00:00\" \/>\n<meta property=\"og:image\" content=\"https:\/\/www.noubarris.net\/web40\/wp-content\/uploads\/2025\/02\/Captura-de-pantalla-2025-02-21-104940.jpg\" \/>\n\t<meta property=\"og:image:width\" content=\"1162\" \/>\n\t<meta property=\"og:image:height\" content=\"739\" \/>\n\t<meta property=\"og:image:type\" content=\"image\/jpeg\" \/>\n<meta name=\"author\" content=\"Informatius\" \/>\n<meta name=\"twitter:card\" content=\"summary_large_image\" \/>\n<meta name=\"twitter:creator\" content=\"@9BTV\" \/>\n<meta name=\"twitter:site\" content=\"@9BTV\" \/>\n<meta name=\"twitter:label1\" content=\"Escrit per\" \/>\n\t<meta name=\"twitter:data1\" content=\"Informatius\" \/>\n\t<meta name=\"twitter:label2\" content=\"Temps estimat de lectura\" \/>\n\t<meta name=\"twitter:data2\" content=\"2 minuts\" \/>\n<script type=\"application\/ld+json\" class=\"yoast-schema-graph\">{\"@context\":\"https:\/\/schema.org\",\"@graph\":[{\"@type\":\"Article\",\"@id\":\"https:\/\/www.noubarris.net\/web40\/xalet-trinitat-avanca-rehabilitacio\/#article\",\"isPartOf\":{\"@id\":\"https:\/\/www.noubarris.net\/web40\/xalet-trinitat-avanca-rehabilitacio\/\"},\"author\":{\"name\":\"Informatius\",\"@id\":\"https:\/\/www.noubarris.net\/web40\/#\/schema\/person\/1827f92aaa316c54abbf4dac0de76069\"},\"headline\":\"El Xalet de la Trinitat avan\u00e7a cap a la seva rehabilitaci\u00f3\",\"datePublished\":\"2025-02-22T07:05:38+00:00\",\"mainEntityOfPage\":{\"@id\":\"https:\/\/www.noubarris.net\/web40\/xalet-trinitat-avanca-rehabilitacio\/\"},\"wordCount\":253,\"publisher\":{\"@id\":\"https:\/\/www.noubarris.net\/web40\/#organization\"},\"image\":{\"@id\":\"https:\/\/www.noubarris.net\/web40\/xalet-trinitat-avanca-rehabilitacio\/#primaryimage\"},\"thumbnailUrl\":\"https:\/\/www.noubarris.net\/web40\/wp-content\/uploads\/2025\/02\/Captura-de-pantalla-2025-02-21-104940.jpg\",\"keywords\":[\"pressupostos participatius\",\"Rehabilitaci\u00f3\",\"Xalet\"],\"articleSection\":[\"La Trinitat Nova\",\"Urbanisme\"],\"inLanguage\":\"ca\"},{\"@type\":\"WebPage\",\"@id\":\"https:\/\/www.noubarris.net\/web40\/xalet-trinitat-avanca-rehabilitacio\/\",\"url\":\"https:\/\/www.noubarris.net\/web40\/xalet-trinitat-avanca-rehabilitacio\/\",\"name\":\"El Xalet de la Trinitat avan\u00e7a cap a la seva rehabilitaci\u00f3 - NouBarris.Net\",\"isPartOf\":{\"@id\":\"https:\/\/www.noubarris.net\/web40\/#website\"},\"primaryImageOfPage\":{\"@id\":\"https:\/\/www.noubarris.net\/web40\/xalet-trinitat-avanca-rehabilitacio\/#primaryimage\"},\"image\":{\"@id\":\"https:\/\/www.noubarris.net\/web40\/xalet-trinitat-avanca-rehabilitacio\/#primaryimage\"},\"thumbnailUrl\":\"https:\/\/www.noubarris.net\/web40\/wp-content\/uploads\/2025\/02\/Captura-de-pantalla-2025-02-21-104940.jpg\",\"datePublished\":\"2025-02-22T07:05:38+00:00\",\"breadcrumb\":{\"@id\":\"https:\/\/www.noubarris.net\/web40\/xalet-trinitat-avanca-rehabilitacio\/#breadcrumb\"},\"inLanguage\":\"ca\",\"potentialAction\":[{\"@type\":\"ReadAction\",\"target\":[\"https:\/\/www.noubarris.net\/web40\/xalet-trinitat-avanca-rehabilitacio\/\"]}]},{\"@type\":\"ImageObject\",\"inLanguage\":\"ca\",\"@id\":\"https:\/\/www.noubarris.net\/web40\/xalet-trinitat-avanca-rehabilitacio\/#primaryimage\",\"url\":\"https:\/\/www.noubarris.net\/web40\/wp-content\/uploads\/2025\/02\/Captura-de-pantalla-2025-02-21-104940.jpg\",\"contentUrl\":\"https:\/\/www.noubarris.net\/web40\/wp-content\/uploads\/2025\/02\/Captura-de-pantalla-2025-02-21-104940.jpg\",\"width\":1162,\"height\":739},{\"@type\":\"BreadcrumbList\",\"@id\":\"https:\/\/www.noubarris.net\/web40\/xalet-trinitat-avanca-rehabilitacio\/#breadcrumb\",\"itemListElement\":[{\"@type\":\"ListItem\",\"position\":1,\"name\":\"Inici\",\"item\":\"https:\/\/www.noubarris.net\/web40\/\"},{\"@type\":\"ListItem\",\"position\":2,\"name\":\"El Xalet de la Trinitat avan\u00e7a cap a la seva rehabilitaci\u00f3\"}]},{\"@type\":\"WebSite\",\"@id\":\"https:\/\/www.noubarris.net\/web40\/#website\",\"url\":\"https:\/\/www.noubarris.net\/web40\/\",\"name\":\"NouBarris.Net\",\"description\":\"Seguint la vida de Nou Barris des de 1985\",\"publisher\":{\"@id\":\"https:\/\/www.noubarris.net\/web40\/#organization\"},\"potentialAction\":[{\"@type\":\"SearchAction\",\"target\":{\"@type\":\"EntryPoint\",\"urlTemplate\":\"https:\/\/www.noubarris.net\/web40\/?s={search_term_string}\"},\"query-input\":{\"@type\":\"PropertyValueSpecification\",\"valueRequired\":true,\"valueName\":\"search_term_string\"}}],\"inLanguage\":\"ca\"},{\"@type\":\"Organization\",\"@id\":\"https:\/\/www.noubarris.net\/web40\/#organization\",\"name\":\"NouBarris.Net\",\"url\":\"https:\/\/www.noubarris.net\/web40\/\",\"logo\":{\"@type\":\"ImageObject\",\"inLanguage\":\"ca\",\"@id\":\"https:\/\/www.noubarris.net\/web40\/#\/schema\/logo\/image\/\",\"url\":\"https:\/\/www.noubarris.net\/web40\/wp-content\/uploads\/2024\/11\/cropped-cropped-LOGO_9BTV-2024_Insta-1.jpg\",\"contentUrl\":\"https:\/\/www.noubarris.net\/web40\/wp-content\/uploads\/2024\/11\/cropped-cropped-LOGO_9BTV-2024_Insta-1.jpg\",\"width\":512,\"height\":512,\"caption\":\"NouBarris.Net\"},\"image\":{\"@id\":\"https:\/\/www.noubarris.net\/web40\/#\/schema\/logo\/image\/\"},\"sameAs\":[\"https:\/\/www.facebook.com\/NouBarris.net\/?locale=es_ES\",\"https:\/\/x.com\/9BTV\"]},{\"@type\":\"Person\",\"@id\":\"https:\/\/www.noubarris.net\/web40\/#\/schema\/person\/1827f92aaa316c54abbf4dac0de76069\",\"name\":\"Informatius\",\"image\":{\"@type\":\"ImageObject\",\"inLanguage\":\"ca\",\"@id\":\"https:\/\/www.noubarris.net\/web40\/#\/schema\/person\/image\/\",\"url\":\"https:\/\/secure.gravatar.com\/avatar\/87a3b47928835fc72c6ee5b0e1a7263ef0c2d05003a98189bc14926c5f11bcdb?s=96&d=mm&r=g\",\"contentUrl\":\"https:\/\/secure.gravatar.com\/avatar\/87a3b47928835fc72c6ee5b0e1a7263ef0c2d05003a98189bc14926c5f11bcdb?s=96&d=mm&r=g\",\"caption\":\"Informatius\"},\"url\":\"https:\/\/www.noubarris.net\/web40\/author\/tele\/\"}]}<\/script>\n<!-- \/ Yoast SEO plugin. -->","yoast_head_json":{"title":"El Xalet de la Trinitat avan\u00e7a cap a la seva rehabilitaci\u00f3 - NouBarris.Net","robots":{"index":"index","follow":"follow","max-snippet":"max-snippet:-1","max-image-preview":"max-image-preview:large","max-video-preview":"max-video-preview:-1"},"canonical":"https:\/\/www.noubarris.net\/web40\/xalet-trinitat-avanca-rehabilitacio\/","og_locale":"ca_ES","og_type":"article","og_title":"El Xalet de la Trinitat avan\u00e7a cap a la seva rehabilitaci\u00f3 - NouBarris.Net","og_description":"El projecte supera la primera fase dels pressupostos participatius de Nou Barris El Xalet de la Trinitat, la casa pilot","og_url":"https:\/\/www.noubarris.net\/web40\/xalet-trinitat-avanca-rehabilitacio\/","og_site_name":"NouBarris.Net","article_publisher":"https:\/\/www.facebook.com\/NouBarris.net\/?locale=es_ES","article_published_time":"2025-02-22T07:05:38+00:00","og_image":[{"width":1162,"height":739,"url":"https:\/\/www.noubarris.net\/web40\/wp-content\/uploads\/2025\/02\/Captura-de-pantalla-2025-02-21-104940.jpg","type":"image\/jpeg"}],"author":"Informatius","twitter_card":"summary_large_image","twitter_creator":"@9BTV","twitter_site":"@9BTV","twitter_misc":{"Escrit per":"Informatius","Temps estimat de lectura":"2 minuts"},"schema":{"@context":"https:\/\/schema.org","@graph":[{"@type":"Article","@id":"https:\/\/www.noubarris.net\/web40\/xalet-trinitat-avanca-rehabilitacio\/#article","isPartOf":{"@id":"https:\/\/www.noubarris.net\/web40\/xalet-trinitat-avanca-rehabilitacio\/"},"author":{"name":"Informatius","@id":"https:\/\/www.noubarris.net\/web40\/#\/schema\/person\/1827f92aaa316c54abbf4dac0de76069"},"headline":"El Xalet de la Trinitat avan\u00e7a cap a la seva rehabilitaci\u00f3","datePublished":"2025-02-22T07:05:38+00:00","mainEntityOfPage":{"@id":"https:\/\/www.noubarris.net\/web40\/xalet-trinitat-avanca-rehabilitacio\/"},"wordCount":253,"publisher":{"@id":"https:\/\/www.noubarris.net\/web40\/#organization"},"image":{"@id":"https:\/\/www.noubarris.net\/web40\/xalet-trinitat-avanca-rehabilitacio\/#primaryimage"},"thumbnailUrl":"https:\/\/www.noubarris.net\/web40\/wp-content\/uploads\/2025\/02\/Captura-de-pantalla-2025-02-21-104940.jpg","keywords":["pressupostos participatius","Rehabilitaci\u00f3","Xalet"],"articleSection":["La Trinitat Nova","Urbanisme"],"inLanguage":"ca"},{"@type":"WebPage","@id":"https:\/\/www.noubarris.net\/web40\/xalet-trinitat-avanca-rehabilitacio\/","url":"https:\/\/www.noubarris.net\/web40\/xalet-trinitat-avanca-rehabilitacio\/","name":"El Xalet de la Trinitat avan\u00e7a cap a la seva rehabilitaci\u00f3 - NouBarris.Net","isPartOf":{"@id":"https:\/\/www.noubarris.net\/web40\/#website"},"primaryImageOfPage":{"@id":"https:\/\/www.noubarris.net\/web40\/xalet-trinitat-avanca-rehabilitacio\/#primaryimage"},"image":{"@id":"https:\/\/www.noubarris.net\/web40\/xalet-trinitat-avanca-rehabilitacio\/#primaryimage"},"thumbnailUrl":"https:\/\/www.noubarris.net\/web40\/wp-content\/uploads\/2025\/02\/Captura-de-pantalla-2025-02-21-104940.jpg","datePublished":"2025-02-22T07:05:38+00:00","breadcrumb":{"@id":"https:\/\/www.noubarris.net\/web40\/xalet-trinitat-avanca-rehabilitacio\/#breadcrumb"},"inLanguage":"ca","potentialAction":[{"@type":"ReadAction","target":["https:\/\/www.noubarris.net\/web40\/xalet-trinitat-avanca-rehabilitacio\/"]}]},{"@type":"ImageObject","inLanguage":"ca","@id":"https:\/\/www.noubarris.net\/web40\/xalet-trinitat-avanca-rehabilitacio\/#primaryimage","url":"https:\/\/www.noubarris.net\/web40\/wp-content\/uploads\/2025\/02\/Captura-de-pantalla-2025-02-21-104940.jpg","contentUrl":"https:\/\/www.noubarris.net\/web40\/wp-content\/uploads\/2025\/02\/Captura-de-pantalla-2025-02-21-104940.jpg","width":1162,"height":739},{"@type":"BreadcrumbList","@id":"https:\/\/www.noubarris.net\/web40\/xalet-trinitat-avanca-rehabilitacio\/#breadcrumb","itemListElement":[{"@type":"ListItem","position":1,"name":"Inici","item":"https:\/\/www.noubarris.net\/web40\/"},{"@type":"ListItem","position":2,"name":"El Xalet de la Trinitat avan\u00e7a cap a la seva rehabilitaci\u00f3"}]},{"@type":"WebSite","@id":"https:\/\/www.noubarris.net\/web40\/#website","url":"https:\/\/www.noubarris.net\/web40\/","name":"NouBarris.Net","description":"Seguint la vida de Nou Barris des de 1985","publisher":{"@id":"https:\/\/www.noubarris.net\/web40\/#organization"},"potentialAction":[{"@type":"SearchAction","target":{"@type":"EntryPoint","urlTemplate":"https:\/\/www.noubarris.net\/web40\/?s={search_term_string}"},"query-input":{"@type":"PropertyValueSpecification","valueRequired":true,"valueName":"search_term_string"}}],"inLanguage":"ca"},{"@type":"Organization","@id":"https:\/\/www.noubarris.net\/web40\/#organization","name":"NouBarris.Net","url":"https:\/\/www.noubarris.net\/web40\/","logo":{"@type":"ImageObject","inLanguage":"ca","@id":"https:\/\/www.noubarris.net\/web40\/#\/schema\/logo\/image\/","url":"https:\/\/www.noubarris.net\/web40\/wp-content\/uploads\/2024\/11\/cropped-cropped-LOGO_9BTV-2024_Insta-1.jpg","contentUrl":"https:\/\/www.noubarris.net\/web40\/wp-content\/uploads\/2024\/11\/cropped-cropped-LOGO_9BTV-2024_Insta-1.jpg","width":512,"height":512,"caption":"NouBarris.Net"},"image":{"@id":"https:\/\/www.noubarris.net\/web40\/#\/schema\/logo\/image\/"},"sameAs":["https:\/\/www.facebook.com\/NouBarris.net\/?locale=es_ES","https:\/\/x.com\/9BTV"]},{"@type":"Person","@id":"https:\/\/www.noubarris.net\/web40\/#\/schema\/person\/1827f92aaa316c54abbf4dac0de76069","name":"Informatius","image":{"@type":"ImageObject","inLanguage":"ca","@id":"https:\/\/www.noubarris.net\/web40\/#\/schema\/person\/image\/","url":"https:\/\/secure.gravatar.com\/avatar\/87a3b47928835fc72c6ee5b0e1a7263ef0c2d05003a98189bc14926c5f11bcdb?s=96&d=mm&r=g","contentUrl":"https:\/\/secure.gravatar.com\/avatar\/87a3b47928835fc72c6ee5b0e1a7263ef0c2d05003a98189bc14926c5f11bcdb?s=96&d=mm&r=g","caption":"Informatius"},"url":"https:\/\/www.noubarris.net\/web40\/author\/tele\/"}]}},"_links":{"self":[{"href":"https:\/\/www.noubarris.net\/web40\/wp-json\/wp\/v2\/posts\/83985","targetHints":{"allow":["GET"]}}],"collection":[{"href":"https:\/\/www.noubarris.net\/web40\/wp-json\/wp\/v2\/posts"}],"about":[{"href":"https:\/\/www.noubarris.net\/web40\/wp-json\/wp\/v2\/types\/post"}],"author":[{"embeddable":true,"href":"https:\/\/www.noubarris.net\/web40\/wp-json\/wp\/v2\/users\/2"}],"replies":[{"embeddable":true,"href":"https:\/\/www.noubarris.net\/web40\/wp-json\/wp\/v2\/comments?post=83985"}],"version-history":[{"count":3,"href":"https:\/\/www.noubarris.net\/web40\/wp-json\/wp\/v2\/posts\/83985\/revisions"}],"predecessor-version":[{"id":84000,"href":"https:\/\/www.noubarris.net\/web40\/wp-json\/wp\/v2\/posts\/83985\/revisions\/84000"}],"wp:featuredmedia":[{"embeddable":true,"href":"https:\/\/www.noubarris.net\/web40\/wp-json\/wp\/v2\/media\/83986"}],"wp:attachment":[{"href":"https:\/\/www.noubarris.net\/web40\/wp-json\/wp\/v2\/media?parent=83985"}],"wp:term":[{"taxonomy":"category","embeddable":true,"href":"https:\/\/www.noubarris.net\/web40\/wp-json\/wp\/v2\/categories?post=83985"},{"taxonomy":"post_tag","embeddable":true,"href":"https:\/\/www.noubarris.net\/web40\/wp-json\/wp\/v2\/tags?post=83985"}],"curies":[{"name":"wp","href":"https:\/\/api.w.org\/{rel}","templated":true}]}}