{"id":83990,"date":"2025-02-26T07:27:00","date_gmt":"2025-02-26T06:27:00","guid":{"rendered":"https:\/\/www.noubarris.net\/web40\/?p=83990"},"modified":"2025-02-22T09:22:34","modified_gmt":"2025-02-22T08:22:34","slug":"transformacio-parc-harry-walker-espai-mes-segur-inclusiu","status":"publish","type":"post","link":"https:\/\/www.noubarris.net\/web40\/transformacio-parc-harry-walker-espai-mes-segur-inclusiu\/","title":{"rendered":"Demanen la transformaci\u00f3 del parc infantil de la Harry Walker per un espai m\u00e9s segur i inclusiu"},"content":{"rendered":"\n<p><strong>La proposta busca millorar la seguretat, accessibilitat i diversitat de joc per als infants del barri<\/strong><\/p>\n\n\n\n<p>Ja es coneixen <a href=\"https:\/\/www.decidim.barcelona\/processes\/pressupostos2024\/f\/6464\/proposals?utf8=%E2%9C%93&amp;filter%5Bsearch_text_cont%5D=&amp;filter%5Bwith_any_state%5D%5B%5D=&amp;filter%5Bwith_any_state%5D%5B%5D=acceptada&amp;filter%5Bwith_any_state%5D%5B%5D=en_avaluacio&amp;filter%5Bwith_any_scope%5D%5B%5D=&amp;filter%5Bwith_any_scope%5D%5B%5D=8&amp;filter%5Bwith_any_category%5D%5B%5D=&amp;filter%5Bwith_any_origin%5D%5B%5D=&amp;filter%5Brelated_to%5D=&amp;filter%5Brelated_to%5D=&amp;order=random\"><strong>les 91 propostes ciutadanes que han passat a la segona fase dels pressupostos participatius<\/strong><\/a>. Una d&#8217;elles \u00e9s la que reclama la reforma  del parc de jocs infantils de la pla\u00e7a dels Treballadors i Treballadores de la Harry Walker, situat al barri de la Prosperitat. La intenci\u00f3 \u00e9s que es renovi per convertir-se en un espai m\u00e9s segur, inclusiu i atractiu per a infants de diferents edats. Actualment, l&#8217;estat del parc genera preocupaci\u00f3 entre les fam\u00edlies de la zona, perqu\u00e8 diuen que el terra es troba en mal estat, i es produeixen caigudes i accidents. A m\u00e9s, consideren que els jocs existents s\u00f3n obsolets i ofereixen poques opcions creatives per als m\u00e9s petits. Tamb\u00e9 volen que s&#8217;aprofiti per resoldre la manca d\u2019accessibilitat, ja que hi ha petits esglaons que dificulten l\u2019entrada i la mobilitat dins del recinte per a infants amb problemes de mobilitat. Les persones impulsores de la iniciativa recorden que es troba envoltat d&#8217;equipaments educatius, a m\u00e9s del CAP Rio de Janeiro i el pavell\u00f3 esportiu Valldaura. <\/p>\n\n\n\n<figure class=\"wp-block-image aligncenter is-resized\"><img loading=\"lazy\" decoding=\"async\" width=\"300\" height=\"200\" src=\"https:\/\/www.noubarris.net\/web40\/wp-content\/uploads\/2025\/02\/pexels-egorkomarov-11986168-300x200.jpg\" alt=\"\" class=\"wp-image-83992\" style=\"width:945px;height:auto\" srcset=\"https:\/\/www.noubarris.net\/web40\/wp-content\/uploads\/2025\/02\/pexels-egorkomarov-11986168-300x200.jpg 300w, https:\/\/www.noubarris.net\/web40\/wp-content\/uploads\/2025\/02\/pexels-egorkomarov-11986168-1024x683.jpg 1024w, https:\/\/www.noubarris.net\/web40\/wp-content\/uploads\/2025\/02\/pexels-egorkomarov-11986168-768x512.jpg 768w, https:\/\/www.noubarris.net\/web40\/wp-content\/uploads\/2025\/02\/pexels-egorkomarov-11986168-600x400.jpg 600w, https:\/\/www.noubarris.net\/web40\/wp-content\/uploads\/2025\/02\/pexels-egorkomarov-11986168-1536x1024.jpg 1536w, https:\/\/www.noubarris.net\/web40\/wp-content\/uploads\/2025\/02\/pexels-egorkomarov-11986168-2048x1365.jpg 2048w, https:\/\/www.noubarris.net\/web40\/wp-content\/uploads\/2025\/02\/pexels-egorkomarov-11986168-272x182.jpg 272w\" sizes=\"auto, (max-width: 300px) 100vw, 300px\" \/><\/figure>\n\n\n\n<p><\/p>\n\n\n\n<p>Per donar resposta a aquestes necessitats, el projecte proposa una reforma integral que inclou la substituci\u00f3 del terra per un material m\u00e9s segur i saludable, adaptat a la normativa actual. Tamb\u00e9 es preveu la supressi\u00f3 de barreres arquitect\u00f2niques per garantir l\u2019accessibilitat universal i la incorporaci\u00f3 de nous elements de joc m\u00e9s moderns i variats, pensats per a infants de diferents edats i necessitats. A m\u00e9s, es vol naturalitzar l\u2019entorn amb m\u00e9s espais verds, fomentant aix\u00ed un espai de conviv\u00e8ncia m\u00e9s agradable per a tota la comunitat. En principi, el projecte calcula un pressupost estimat de 1.300.000 \u20ac, tot i que aquest import es concretar\u00e0 en les seg\u00fcents fases del proc\u00e9s.<\/p>\n\n\n\n<p>Com d\u00e8iem al principi, aquesta \u00e9s una de els propostes que han passat a la segona fase. En aquest nivell, ara cada districte podr\u00e0 triar 25 projectes. 23 d\u2019ells a trav\u00e9s de la plataforma <a href=\"https:\/\/www.decidim.barcelona\/?locale=ca\">Decidim Barcelona<\/a>, entre els dies 10 i 17 de mar\u00e7. Els 23 m\u00e9s votats s\u00f3n els que passaran a la seg\u00fcent fase, la de concreci\u00f3 de les propostes.<\/p>\n\n\n\n<blockquote class=\"wp-block-quote is-layout-flow wp-block-quote-is-layout-flow\">\n<p><a href=\"https:\/\/www.noubarris.net\/web40\/turo-peira-noves-zones-jocs-espais-verds\/\" target=\"_blank\" rel=\"noreferrer noopener\">El Tur\u00f3 de la Peira es transforma: noves zones de jocs i espais verds<\/a><\/p>\n<\/blockquote>\n\n\n\n<p>Redacci\u00f3: Andrea Yuste<\/p>\n\n\n\n\n","protected":false},"excerpt":{"rendered":"<p>La proposta busca millorar la seguretat, accessibilitat i diversitat de joc per als infants del barri Ja es coneixen les<\/p>\n","protected":false},"author":2,"featured_media":83991,"comment_status":"closed","ping_status":"closed","sticky":false,"template":"","format":"standard","meta":{"colormag_page_layout":"default_layout","_monsterinsights_skip_tracking":false,"_monsterinsights_sitenote_active":false,"_monsterinsights_sitenote_note":"","_monsterinsights_sitenote_category":0,"footnotes":""},"categories":[135,302],"tags":[682,390,762],"class_list":["post-83990","post","type-post","status-publish","format-standard","has-post-thumbnail","hentry","category-la-prosperitat","category-urbanisme","tag-harry-walker","tag-infants","tag-pressupostos-participatius"],"yoast_head":"<!-- This site is optimized with the Yoast SEO plugin v25.3 - https:\/\/yoast.com\/wordpress\/plugins\/seo\/ -->\n<title>Demanen la transformaci\u00f3 del parc infantil de la Harry Walker per un espai m\u00e9s segur i inclusiu - NouBarris.Net<\/title>\n<meta name=\"robots\" content=\"index, follow, max-snippet:-1, max-image-preview:large, max-video-preview:-1\" \/>\n<link rel=\"canonical\" href=\"https:\/\/www.noubarris.net\/web40\/transformacio-parc-harry-walker-espai-mes-segur-inclusiu\/\" \/>\n<meta property=\"og:locale\" content=\"ca_ES\" \/>\n<meta property=\"og:type\" content=\"article\" \/>\n<meta property=\"og:title\" content=\"Demanen la transformaci\u00f3 del parc infantil de la Harry Walker per un espai m\u00e9s segur i inclusiu - NouBarris.Net\" \/>\n<meta property=\"og:description\" content=\"La proposta busca millorar la seguretat, accessibilitat i diversitat de joc per als infants del barri Ja es coneixen les\" \/>\n<meta property=\"og:url\" content=\"https:\/\/www.noubarris.net\/web40\/transformacio-parc-harry-walker-espai-mes-segur-inclusiu\/\" \/>\n<meta property=\"og:site_name\" content=\"NouBarris.Net\" \/>\n<meta property=\"article:publisher\" content=\"https:\/\/www.facebook.com\/NouBarris.net\/?locale=es_ES\" \/>\n<meta property=\"article:published_time\" content=\"2025-02-26T06:27:00+00:00\" \/>\n<meta property=\"og:image\" content=\"https:\/\/www.noubarris.net\/web40\/wp-content\/uploads\/2025\/02\/pexels-padrinan-317262-scaled.jpg\" \/>\n\t<meta property=\"og:image:width\" content=\"2560\" \/>\n\t<meta property=\"og:image:height\" content=\"1589\" \/>\n\t<meta property=\"og:image:type\" content=\"image\/jpeg\" \/>\n<meta name=\"author\" content=\"Informatius\" \/>\n<meta name=\"twitter:card\" content=\"summary_large_image\" \/>\n<meta name=\"twitter:creator\" content=\"@9BTV\" \/>\n<meta name=\"twitter:site\" content=\"@9BTV\" \/>\n<meta name=\"twitter:label1\" content=\"Escrit per\" \/>\n\t<meta name=\"twitter:data1\" content=\"Informatius\" \/>\n\t<meta name=\"twitter:label2\" content=\"Temps estimat de lectura\" \/>\n\t<meta name=\"twitter:data2\" content=\"3 minuts\" \/>\n<script type=\"application\/ld+json\" class=\"yoast-schema-graph\">{\"@context\":\"https:\/\/schema.org\",\"@graph\":[{\"@type\":\"Article\",\"@id\":\"https:\/\/www.noubarris.net\/web40\/transformacio-parc-harry-walker-espai-mes-segur-inclusiu\/#article\",\"isPartOf\":{\"@id\":\"https:\/\/www.noubarris.net\/web40\/transformacio-parc-harry-walker-espai-mes-segur-inclusiu\/\"},\"author\":{\"name\":\"Informatius\",\"@id\":\"https:\/\/www.noubarris.net\/web40\/#\/schema\/person\/1827f92aaa316c54abbf4dac0de76069\"},\"headline\":\"Demanen la transformaci\u00f3 del parc infantil de la Harry Walker per un espai m\u00e9s segur i inclusiu\",\"datePublished\":\"2025-02-26T06:27:00+00:00\",\"mainEntityOfPage\":{\"@id\":\"https:\/\/www.noubarris.net\/web40\/transformacio-parc-harry-walker-espai-mes-segur-inclusiu\/\"},\"wordCount\":416,\"publisher\":{\"@id\":\"https:\/\/www.noubarris.net\/web40\/#organization\"},\"image\":{\"@id\":\"https:\/\/www.noubarris.net\/web40\/transformacio-parc-harry-walker-espai-mes-segur-inclusiu\/#primaryimage\"},\"thumbnailUrl\":\"https:\/\/www.noubarris.net\/web40\/wp-content\/uploads\/2025\/02\/pexels-padrinan-317262-scaled.jpg\",\"keywords\":[\"Harry Walker\",\"Infants\",\"pressupostos participatius\"],\"articleSection\":[\"La Prosperitat\",\"Urbanisme\"],\"inLanguage\":\"ca\"},{\"@type\":\"WebPage\",\"@id\":\"https:\/\/www.noubarris.net\/web40\/transformacio-parc-harry-walker-espai-mes-segur-inclusiu\/\",\"url\":\"https:\/\/www.noubarris.net\/web40\/transformacio-parc-harry-walker-espai-mes-segur-inclusiu\/\",\"name\":\"Demanen la transformaci\u00f3 del parc infantil de la Harry Walker per un espai m\u00e9s segur i inclusiu - NouBarris.Net\",\"isPartOf\":{\"@id\":\"https:\/\/www.noubarris.net\/web40\/#website\"},\"primaryImageOfPage\":{\"@id\":\"https:\/\/www.noubarris.net\/web40\/transformacio-parc-harry-walker-espai-mes-segur-inclusiu\/#primaryimage\"},\"image\":{\"@id\":\"https:\/\/www.noubarris.net\/web40\/transformacio-parc-harry-walker-espai-mes-segur-inclusiu\/#primaryimage\"},\"thumbnailUrl\":\"https:\/\/www.noubarris.net\/web40\/wp-content\/uploads\/2025\/02\/pexels-padrinan-317262-scaled.jpg\",\"datePublished\":\"2025-02-26T06:27:00+00:00\",\"breadcrumb\":{\"@id\":\"https:\/\/www.noubarris.net\/web40\/transformacio-parc-harry-walker-espai-mes-segur-inclusiu\/#breadcrumb\"},\"inLanguage\":\"ca\",\"potentialAction\":[{\"@type\":\"ReadAction\",\"target\":[\"https:\/\/www.noubarris.net\/web40\/transformacio-parc-harry-walker-espai-mes-segur-inclusiu\/\"]}]},{\"@type\":\"ImageObject\",\"inLanguage\":\"ca\",\"@id\":\"https:\/\/www.noubarris.net\/web40\/transformacio-parc-harry-walker-espai-mes-segur-inclusiu\/#primaryimage\",\"url\":\"https:\/\/www.noubarris.net\/web40\/wp-content\/uploads\/2025\/02\/pexels-padrinan-317262-scaled.jpg\",\"contentUrl\":\"https:\/\/www.noubarris.net\/web40\/wp-content\/uploads\/2025\/02\/pexels-padrinan-317262-scaled.jpg\",\"width\":2560,\"height\":1589},{\"@type\":\"BreadcrumbList\",\"@id\":\"https:\/\/www.noubarris.net\/web40\/transformacio-parc-harry-walker-espai-mes-segur-inclusiu\/#breadcrumb\",\"itemListElement\":[{\"@type\":\"ListItem\",\"position\":1,\"name\":\"Inici\",\"item\":\"https:\/\/www.noubarris.net\/web40\/\"},{\"@type\":\"ListItem\",\"position\":2,\"name\":\"Demanen la transformaci\u00f3 del parc infantil de la Harry Walker per un espai m\u00e9s segur i inclusiu\"}]},{\"@type\":\"WebSite\",\"@id\":\"https:\/\/www.noubarris.net\/web40\/#website\",\"url\":\"https:\/\/www.noubarris.net\/web40\/\",\"name\":\"NouBarris.Net\",\"description\":\"Seguint la vida de Nou Barris des de 1985\",\"publisher\":{\"@id\":\"https:\/\/www.noubarris.net\/web40\/#organization\"},\"potentialAction\":[{\"@type\":\"SearchAction\",\"target\":{\"@type\":\"EntryPoint\",\"urlTemplate\":\"https:\/\/www.noubarris.net\/web40\/?s={search_term_string}\"},\"query-input\":{\"@type\":\"PropertyValueSpecification\",\"valueRequired\":true,\"valueName\":\"search_term_string\"}}],\"inLanguage\":\"ca\"},{\"@type\":\"Organization\",\"@id\":\"https:\/\/www.noubarris.net\/web40\/#organization\",\"name\":\"NouBarris.Net\",\"url\":\"https:\/\/www.noubarris.net\/web40\/\",\"logo\":{\"@type\":\"ImageObject\",\"inLanguage\":\"ca\",\"@id\":\"https:\/\/www.noubarris.net\/web40\/#\/schema\/logo\/image\/\",\"url\":\"https:\/\/www.noubarris.net\/web40\/wp-content\/uploads\/2024\/11\/cropped-cropped-LOGO_9BTV-2024_Insta-1.jpg\",\"contentUrl\":\"https:\/\/www.noubarris.net\/web40\/wp-content\/uploads\/2024\/11\/cropped-cropped-LOGO_9BTV-2024_Insta-1.jpg\",\"width\":512,\"height\":512,\"caption\":\"NouBarris.Net\"},\"image\":{\"@id\":\"https:\/\/www.noubarris.net\/web40\/#\/schema\/logo\/image\/\"},\"sameAs\":[\"https:\/\/www.facebook.com\/NouBarris.net\/?locale=es_ES\",\"https:\/\/x.com\/9BTV\"]},{\"@type\":\"Person\",\"@id\":\"https:\/\/www.noubarris.net\/web40\/#\/schema\/person\/1827f92aaa316c54abbf4dac0de76069\",\"name\":\"Informatius\",\"image\":{\"@type\":\"ImageObject\",\"inLanguage\":\"ca\",\"@id\":\"https:\/\/www.noubarris.net\/web40\/#\/schema\/person\/image\/\",\"url\":\"https:\/\/secure.gravatar.com\/avatar\/87a3b47928835fc72c6ee5b0e1a7263ef0c2d05003a98189bc14926c5f11bcdb?s=96&d=mm&r=g\",\"contentUrl\":\"https:\/\/secure.gravatar.com\/avatar\/87a3b47928835fc72c6ee5b0e1a7263ef0c2d05003a98189bc14926c5f11bcdb?s=96&d=mm&r=g\",\"caption\":\"Informatius\"},\"url\":\"https:\/\/www.noubarris.net\/web40\/author\/tele\/\"}]}<\/script>\n<!-- \/ Yoast SEO plugin. -->","yoast_head_json":{"title":"Demanen la transformaci\u00f3 del parc infantil de la Harry Walker per un espai m\u00e9s segur i inclusiu - NouBarris.Net","robots":{"index":"index","follow":"follow","max-snippet":"max-snippet:-1","max-image-preview":"max-image-preview:large","max-video-preview":"max-video-preview:-1"},"canonical":"https:\/\/www.noubarris.net\/web40\/transformacio-parc-harry-walker-espai-mes-segur-inclusiu\/","og_locale":"ca_ES","og_type":"article","og_title":"Demanen la transformaci\u00f3 del parc infantil de la Harry Walker per un espai m\u00e9s segur i inclusiu - NouBarris.Net","og_description":"La proposta busca millorar la seguretat, accessibilitat i diversitat de joc per als infants del barri Ja es coneixen les","og_url":"https:\/\/www.noubarris.net\/web40\/transformacio-parc-harry-walker-espai-mes-segur-inclusiu\/","og_site_name":"NouBarris.Net","article_publisher":"https:\/\/www.facebook.com\/NouBarris.net\/?locale=es_ES","article_published_time":"2025-02-26T06:27:00+00:00","og_image":[{"width":2560,"height":1589,"url":"https:\/\/www.noubarris.net\/web40\/wp-content\/uploads\/2025\/02\/pexels-padrinan-317262-scaled.jpg","type":"image\/jpeg"}],"author":"Informatius","twitter_card":"summary_large_image","twitter_creator":"@9BTV","twitter_site":"@9BTV","twitter_misc":{"Escrit per":"Informatius","Temps estimat de lectura":"3 minuts"},"schema":{"@context":"https:\/\/schema.org","@graph":[{"@type":"Article","@id":"https:\/\/www.noubarris.net\/web40\/transformacio-parc-harry-walker-espai-mes-segur-inclusiu\/#article","isPartOf":{"@id":"https:\/\/www.noubarris.net\/web40\/transformacio-parc-harry-walker-espai-mes-segur-inclusiu\/"},"author":{"name":"Informatius","@id":"https:\/\/www.noubarris.net\/web40\/#\/schema\/person\/1827f92aaa316c54abbf4dac0de76069"},"headline":"Demanen la transformaci\u00f3 del parc infantil de la Harry Walker per un espai m\u00e9s segur i inclusiu","datePublished":"2025-02-26T06:27:00+00:00","mainEntityOfPage":{"@id":"https:\/\/www.noubarris.net\/web40\/transformacio-parc-harry-walker-espai-mes-segur-inclusiu\/"},"wordCount":416,"publisher":{"@id":"https:\/\/www.noubarris.net\/web40\/#organization"},"image":{"@id":"https:\/\/www.noubarris.net\/web40\/transformacio-parc-harry-walker-espai-mes-segur-inclusiu\/#primaryimage"},"thumbnailUrl":"https:\/\/www.noubarris.net\/web40\/wp-content\/uploads\/2025\/02\/pexels-padrinan-317262-scaled.jpg","keywords":["Harry Walker","Infants","pressupostos participatius"],"articleSection":["La Prosperitat","Urbanisme"],"inLanguage":"ca"},{"@type":"WebPage","@id":"https:\/\/www.noubarris.net\/web40\/transformacio-parc-harry-walker-espai-mes-segur-inclusiu\/","url":"https:\/\/www.noubarris.net\/web40\/transformacio-parc-harry-walker-espai-mes-segur-inclusiu\/","name":"Demanen la transformaci\u00f3 del parc infantil de la Harry Walker per un espai m\u00e9s segur i inclusiu - NouBarris.Net","isPartOf":{"@id":"https:\/\/www.noubarris.net\/web40\/#website"},"primaryImageOfPage":{"@id":"https:\/\/www.noubarris.net\/web40\/transformacio-parc-harry-walker-espai-mes-segur-inclusiu\/#primaryimage"},"image":{"@id":"https:\/\/www.noubarris.net\/web40\/transformacio-parc-harry-walker-espai-mes-segur-inclusiu\/#primaryimage"},"thumbnailUrl":"https:\/\/www.noubarris.net\/web40\/wp-content\/uploads\/2025\/02\/pexels-padrinan-317262-scaled.jpg","datePublished":"2025-02-26T06:27:00+00:00","breadcrumb":{"@id":"https:\/\/www.noubarris.net\/web40\/transformacio-parc-harry-walker-espai-mes-segur-inclusiu\/#breadcrumb"},"inLanguage":"ca","potentialAction":[{"@type":"ReadAction","target":["https:\/\/www.noubarris.net\/web40\/transformacio-parc-harry-walker-espai-mes-segur-inclusiu\/"]}]},{"@type":"ImageObject","inLanguage":"ca","@id":"https:\/\/www.noubarris.net\/web40\/transformacio-parc-harry-walker-espai-mes-segur-inclusiu\/#primaryimage","url":"https:\/\/www.noubarris.net\/web40\/wp-content\/uploads\/2025\/02\/pexels-padrinan-317262-scaled.jpg","contentUrl":"https:\/\/www.noubarris.net\/web40\/wp-content\/uploads\/2025\/02\/pexels-padrinan-317262-scaled.jpg","width":2560,"height":1589},{"@type":"BreadcrumbList","@id":"https:\/\/www.noubarris.net\/web40\/transformacio-parc-harry-walker-espai-mes-segur-inclusiu\/#breadcrumb","itemListElement":[{"@type":"ListItem","position":1,"name":"Inici","item":"https:\/\/www.noubarris.net\/web40\/"},{"@type":"ListItem","position":2,"name":"Demanen la transformaci\u00f3 del parc infantil de la Harry Walker per un espai m\u00e9s segur i inclusiu"}]},{"@type":"WebSite","@id":"https:\/\/www.noubarris.net\/web40\/#website","url":"https:\/\/www.noubarris.net\/web40\/","name":"NouBarris.Net","description":"Seguint la vida de Nou Barris des de 1985","publisher":{"@id":"https:\/\/www.noubarris.net\/web40\/#organization"},"potentialAction":[{"@type":"SearchAction","target":{"@type":"EntryPoint","urlTemplate":"https:\/\/www.noubarris.net\/web40\/?s={search_term_string}"},"query-input":{"@type":"PropertyValueSpecification","valueRequired":true,"valueName":"search_term_string"}}],"inLanguage":"ca"},{"@type":"Organization","@id":"https:\/\/www.noubarris.net\/web40\/#organization","name":"NouBarris.Net","url":"https:\/\/www.noubarris.net\/web40\/","logo":{"@type":"ImageObject","inLanguage":"ca","@id":"https:\/\/www.noubarris.net\/web40\/#\/schema\/logo\/image\/","url":"https:\/\/www.noubarris.net\/web40\/wp-content\/uploads\/2024\/11\/cropped-cropped-LOGO_9BTV-2024_Insta-1.jpg","contentUrl":"https:\/\/www.noubarris.net\/web40\/wp-content\/uploads\/2024\/11\/cropped-cropped-LOGO_9BTV-2024_Insta-1.jpg","width":512,"height":512,"caption":"NouBarris.Net"},"image":{"@id":"https:\/\/www.noubarris.net\/web40\/#\/schema\/logo\/image\/"},"sameAs":["https:\/\/www.facebook.com\/NouBarris.net\/?locale=es_ES","https:\/\/x.com\/9BTV"]},{"@type":"Person","@id":"https:\/\/www.noubarris.net\/web40\/#\/schema\/person\/1827f92aaa316c54abbf4dac0de76069","name":"Informatius","image":{"@type":"ImageObject","inLanguage":"ca","@id":"https:\/\/www.noubarris.net\/web40\/#\/schema\/person\/image\/","url":"https:\/\/secure.gravatar.com\/avatar\/87a3b47928835fc72c6ee5b0e1a7263ef0c2d05003a98189bc14926c5f11bcdb?s=96&d=mm&r=g","contentUrl":"https:\/\/secure.gravatar.com\/avatar\/87a3b47928835fc72c6ee5b0e1a7263ef0c2d05003a98189bc14926c5f11bcdb?s=96&d=mm&r=g","caption":"Informatius"},"url":"https:\/\/www.noubarris.net\/web40\/author\/tele\/"}]}},"_links":{"self":[{"href":"https:\/\/www.noubarris.net\/web40\/wp-json\/wp\/v2\/posts\/83990","targetHints":{"allow":["GET"]}}],"collection":[{"href":"https:\/\/www.noubarris.net\/web40\/wp-json\/wp\/v2\/posts"}],"about":[{"href":"https:\/\/www.noubarris.net\/web40\/wp-json\/wp\/v2\/types\/post"}],"author":[{"embeddable":true,"href":"https:\/\/www.noubarris.net\/web40\/wp-json\/wp\/v2\/users\/2"}],"replies":[{"embeddable":true,"href":"https:\/\/www.noubarris.net\/web40\/wp-json\/wp\/v2\/comments?post=83990"}],"version-history":[{"count":3,"href":"https:\/\/www.noubarris.net\/web40\/wp-json\/wp\/v2\/posts\/83990\/revisions"}],"predecessor-version":[{"id":84006,"href":"https:\/\/www.noubarris.net\/web40\/wp-json\/wp\/v2\/posts\/83990\/revisions\/84006"}],"wp:featuredmedia":[{"embeddable":true,"href":"https:\/\/www.noubarris.net\/web40\/wp-json\/wp\/v2\/media\/83991"}],"wp:attachment":[{"href":"https:\/\/www.noubarris.net\/web40\/wp-json\/wp\/v2\/media?parent=83990"}],"wp:term":[{"taxonomy":"category","embeddable":true,"href":"https:\/\/www.noubarris.net\/web40\/wp-json\/wp\/v2\/categories?post=83990"},{"taxonomy":"post_tag","embeddable":true,"href":"https:\/\/www.noubarris.net\/web40\/wp-json\/wp\/v2\/tags?post=83990"}],"curies":[{"name":"wp","href":"https:\/\/api.w.org\/{rel}","templated":true}]}}