{"id":84050,"date":"2025-02-27T07:00:00","date_gmt":"2025-02-27T06:00:00","guid":{"rendered":"https:\/\/www.noubarris.net\/web40\/?p=84050"},"modified":"2025-02-26T13:27:45","modified_gmt":"2025-02-26T12:27:45","slug":"presentacio-revista-el-ciervo-cultura-no-morir-lintent","status":"publish","type":"post","link":"https:\/\/www.noubarris.net\/web40\/presentacio-revista-el-ciervo-cultura-no-morir-lintent\/","title":{"rendered":"Presentaci\u00f3 de la revista El Ciervo: &#8220;com fer una revista de cultura i no morir en l\u2019intent&#8221;"},"content":{"rendered":"\n<p><strong>El Ciervo celebra els seus 75 anys amb una taula rodona sobre el repte d\u2019editar una revista de pensament en paper al segle XXI<\/strong><\/p>\n\n\n\n<figure class=\"wp-block-image alignleft size-large is-resized\"><img loading=\"lazy\" decoding=\"async\" width=\"818\" height=\"1024\" src=\"https:\/\/www.noubarris.net\/web40\/wp-content\/uploads\/2025\/02\/WhatsApp-Image-2025-02-26-at-12.41.24-818x1024.jpeg\" alt=\"La revista El Ciervo\" class=\"wp-image-84055\" style=\"width:389px;height:auto\" srcset=\"https:\/\/www.noubarris.net\/web40\/wp-content\/uploads\/2025\/02\/WhatsApp-Image-2025-02-26-at-12.41.24-818x1024.jpeg 818w, https:\/\/www.noubarris.net\/web40\/wp-content\/uploads\/2025\/02\/WhatsApp-Image-2025-02-26-at-12.41.24-240x300.jpeg 240w, https:\/\/www.noubarris.net\/web40\/wp-content\/uploads\/2025\/02\/WhatsApp-Image-2025-02-26-at-12.41.24-768x961.jpeg 768w, https:\/\/www.noubarris.net\/web40\/wp-content\/uploads\/2025\/02\/WhatsApp-Image-2025-02-26-at-12.41.24-600x751.jpeg 600w, https:\/\/www.noubarris.net\/web40\/wp-content\/uploads\/2025\/02\/WhatsApp-Image-2025-02-26-at-12.41.24.jpeg 1170w\" sizes=\"auto, (max-width: 818px) 100vw, 818px\" \/><\/figure>\n\n\n\n<p>La revista <a href=\"https:\/\/elciervo.es\/\" target=\"_blank\" rel=\"noopener\">El Ciervo<\/a> s&#8217;ha presentat en un acte celebrat al <a href=\"https:\/\/www.barcelona.cat\/casalsdebarri\/trinitat-nova\/es\/\" target=\"_blank\" rel=\"noopener\">Casal de Barri de Trinitat Nova-SomLaPera<\/a>, on els seus representants, Jaume Boix (director), Eugenia de Andr\u00e9s (cap de redacci\u00f3), Carles Padr\u00f3 (cap de comunicaci\u00f3) i Norbert Bilbeny (fil\u00f2sof), han compartit amb el p\u00fablic el proc\u00e9s de pensament, disseny i edici\u00f3 d\u2019una revista en paper en el context actual. Aquesta revista, que acaba de complir 75 anys de publicaci\u00f3 ininterrompuda, continua sent una de les m\u00e9s destacades en l\u2019\u00e0mbit de la cultura i el pensament, amb una forta influ\u00e8ncia en l\u2019\u00e0mbit acad\u00e8mic i cultural.<\/p>\n\n\n\n<p>Durant l\u2019acte, El Ciervo ha presentat els seus plans de futur, incloent un ampli programa d\u2019activitats que tindr\u00e0 lloc a la segona meitat de 2025. La revista, que es publica a Barcelona sis vegades l\u2019any, tamb\u00e9 ha compartit la seva experi\u00e8ncia amb el premi d\u2019articles period\u00edstics El Ciervo-Enric Ferran, dedicat enguany a la pregunta \u201cEst\u00e0 l\u2019amor rom\u00e0ntic en crisi?\u201d. Un total de 200 articles de 17 pa\u00efsos han participat en aquesta edici\u00f3, i els organitzadors han exposat les conclusions que s\u2019han extret.<\/p>\n\n\n\n<p>Amb aquests 75 anys d&#8217;hist\u00f2ria, <strong>El Ciervo<\/strong> ha estat guardonada amb diversos premis, com la <strong>Medalla d\u2019Or al M\u00e8rit en les Belles Arts (1991)<\/strong> i el <strong>Premi Nacional al Fomento de la Lectura (2020)<\/strong>, un reconeixement al seu paper essencial en la cultura i la difusi\u00f3 del pensament cr\u00edtic.<\/p>\n\n\n\n<p>Redacci\u00f3: Andrea Yuste<\/p>\n\n\n\n<p>&nbsp;<\/p>\n\n\n","protected":false},"excerpt":{"rendered":"<p>El Ciervo celebra els seus 75 anys amb una taula rodona sobre el repte d\u2019editar una revista de pensament en<\/p>\n","protected":false},"author":2,"featured_media":84056,"comment_status":"closed","ping_status":"closed","sticky":false,"template":"","format":"standard","meta":{"colormag_page_layout":"default_layout","_monsterinsights_skip_tracking":false,"_monsterinsights_sitenote_active":false,"_monsterinsights_sitenote_note":"","_monsterinsights_sitenote_category":0,"footnotes":""},"categories":[129,138],"tags":[52],"class_list":["post-84050","post","type-post","status-publish","format-standard","has-post-thumbnail","hentry","category-cultura","category-la-trinitat-nova","tag-la-trinitat-nova"],"yoast_head":"<!-- This site is optimized with the Yoast SEO plugin v25.3 - https:\/\/yoast.com\/wordpress\/plugins\/seo\/ -->\n<title>Presentaci\u00f3 de la revista El Ciervo: &quot;com fer una revista de cultura i no morir en l\u2019intent&quot; - NouBarris.Net<\/title>\n<meta name=\"robots\" content=\"index, follow, max-snippet:-1, max-image-preview:large, max-video-preview:-1\" \/>\n<link rel=\"canonical\" href=\"https:\/\/www.noubarris.net\/web40\/presentacio-revista-el-ciervo-cultura-no-morir-lintent\/\" \/>\n<meta property=\"og:locale\" content=\"ca_ES\" \/>\n<meta property=\"og:type\" content=\"article\" \/>\n<meta property=\"og:title\" content=\"Presentaci\u00f3 de la revista El Ciervo: &quot;com fer una revista de cultura i no morir en l\u2019intent&quot; - NouBarris.Net\" \/>\n<meta property=\"og:description\" content=\"El Ciervo celebra els seus 75 anys amb una taula rodona sobre el repte d\u2019editar una revista de pensament en\" \/>\n<meta property=\"og:url\" content=\"https:\/\/www.noubarris.net\/web40\/presentacio-revista-el-ciervo-cultura-no-morir-lintent\/\" \/>\n<meta property=\"og:site_name\" content=\"NouBarris.Net\" \/>\n<meta property=\"article:publisher\" content=\"https:\/\/www.facebook.com\/NouBarris.net\/?locale=es_ES\" \/>\n<meta property=\"article:published_time\" content=\"2025-02-27T06:00:00+00:00\" \/>\n<meta property=\"og:image\" content=\"https:\/\/www.noubarris.net\/web40\/wp-content\/uploads\/2025\/02\/WhatsApp-Image-2025-02-26-at-12.41.13.jpeg\" \/>\n\t<meta property=\"og:image:width\" content=\"836\" \/>\n\t<meta property=\"og:image:height\" content=\"1161\" \/>\n\t<meta property=\"og:image:type\" content=\"image\/jpeg\" \/>\n<meta name=\"author\" content=\"Informatius\" \/>\n<meta name=\"twitter:card\" content=\"summary_large_image\" \/>\n<meta name=\"twitter:creator\" content=\"@9BTV\" \/>\n<meta name=\"twitter:site\" content=\"@9BTV\" \/>\n<meta name=\"twitter:label1\" content=\"Escrit per\" \/>\n\t<meta name=\"twitter:data1\" content=\"Informatius\" \/>\n\t<meta name=\"twitter:label2\" content=\"Temps estimat de lectura\" \/>\n\t<meta name=\"twitter:data2\" content=\"2 minuts\" \/>\n<script type=\"application\/ld+json\" class=\"yoast-schema-graph\">{\"@context\":\"https:\/\/schema.org\",\"@graph\":[{\"@type\":\"Article\",\"@id\":\"https:\/\/www.noubarris.net\/web40\/presentacio-revista-el-ciervo-cultura-no-morir-lintent\/#article\",\"isPartOf\":{\"@id\":\"https:\/\/www.noubarris.net\/web40\/presentacio-revista-el-ciervo-cultura-no-morir-lintent\/\"},\"author\":{\"name\":\"Informatius\",\"@id\":\"https:\/\/www.noubarris.net\/web40\/#\/schema\/person\/1827f92aaa316c54abbf4dac0de76069\"},\"headline\":\"Presentaci\u00f3 de la revista El Ciervo: &#8220;com fer una revista de cultura i no morir en l\u2019intent&#8221;\",\"datePublished\":\"2025-02-27T06:00:00+00:00\",\"mainEntityOfPage\":{\"@id\":\"https:\/\/www.noubarris.net\/web40\/presentacio-revista-el-ciervo-cultura-no-morir-lintent\/\"},\"wordCount\":290,\"publisher\":{\"@id\":\"https:\/\/www.noubarris.net\/web40\/#organization\"},\"image\":{\"@id\":\"https:\/\/www.noubarris.net\/web40\/presentacio-revista-el-ciervo-cultura-no-morir-lintent\/#primaryimage\"},\"thumbnailUrl\":\"https:\/\/www.noubarris.net\/web40\/wp-content\/uploads\/2025\/02\/WhatsApp-Image-2025-02-26-at-12.41.13.jpeg\",\"keywords\":[\"La Trinitat Nova\"],\"articleSection\":[\"Cultura\",\"La Trinitat Nova\"],\"inLanguage\":\"ca\"},{\"@type\":\"WebPage\",\"@id\":\"https:\/\/www.noubarris.net\/web40\/presentacio-revista-el-ciervo-cultura-no-morir-lintent\/\",\"url\":\"https:\/\/www.noubarris.net\/web40\/presentacio-revista-el-ciervo-cultura-no-morir-lintent\/\",\"name\":\"Presentaci\u00f3 de la revista El Ciervo: \\\"com fer una revista de cultura i no morir en l\u2019intent\\\" - NouBarris.Net\",\"isPartOf\":{\"@id\":\"https:\/\/www.noubarris.net\/web40\/#website\"},\"primaryImageOfPage\":{\"@id\":\"https:\/\/www.noubarris.net\/web40\/presentacio-revista-el-ciervo-cultura-no-morir-lintent\/#primaryimage\"},\"image\":{\"@id\":\"https:\/\/www.noubarris.net\/web40\/presentacio-revista-el-ciervo-cultura-no-morir-lintent\/#primaryimage\"},\"thumbnailUrl\":\"https:\/\/www.noubarris.net\/web40\/wp-content\/uploads\/2025\/02\/WhatsApp-Image-2025-02-26-at-12.41.13.jpeg\",\"datePublished\":\"2025-02-27T06:00:00+00:00\",\"breadcrumb\":{\"@id\":\"https:\/\/www.noubarris.net\/web40\/presentacio-revista-el-ciervo-cultura-no-morir-lintent\/#breadcrumb\"},\"inLanguage\":\"ca\",\"potentialAction\":[{\"@type\":\"ReadAction\",\"target\":[\"https:\/\/www.noubarris.net\/web40\/presentacio-revista-el-ciervo-cultura-no-morir-lintent\/\"]}]},{\"@type\":\"ImageObject\",\"inLanguage\":\"ca\",\"@id\":\"https:\/\/www.noubarris.net\/web40\/presentacio-revista-el-ciervo-cultura-no-morir-lintent\/#primaryimage\",\"url\":\"https:\/\/www.noubarris.net\/web40\/wp-content\/uploads\/2025\/02\/WhatsApp-Image-2025-02-26-at-12.41.13.jpeg\",\"contentUrl\":\"https:\/\/www.noubarris.net\/web40\/wp-content\/uploads\/2025\/02\/WhatsApp-Image-2025-02-26-at-12.41.13.jpeg\",\"width\":836,\"height\":1161,\"caption\":\"@elciervo_revista\"},{\"@type\":\"BreadcrumbList\",\"@id\":\"https:\/\/www.noubarris.net\/web40\/presentacio-revista-el-ciervo-cultura-no-morir-lintent\/#breadcrumb\",\"itemListElement\":[{\"@type\":\"ListItem\",\"position\":1,\"name\":\"Inici\",\"item\":\"https:\/\/www.noubarris.net\/web40\/\"},{\"@type\":\"ListItem\",\"position\":2,\"name\":\"Presentaci\u00f3 de la revista El Ciervo: &#8220;com fer una revista de cultura i no morir en l\u2019intent&#8221;\"}]},{\"@type\":\"WebSite\",\"@id\":\"https:\/\/www.noubarris.net\/web40\/#website\",\"url\":\"https:\/\/www.noubarris.net\/web40\/\",\"name\":\"NouBarris.Net\",\"description\":\"Seguint la vida de Nou Barris des de 1985\",\"publisher\":{\"@id\":\"https:\/\/www.noubarris.net\/web40\/#organization\"},\"potentialAction\":[{\"@type\":\"SearchAction\",\"target\":{\"@type\":\"EntryPoint\",\"urlTemplate\":\"https:\/\/www.noubarris.net\/web40\/?s={search_term_string}\"},\"query-input\":{\"@type\":\"PropertyValueSpecification\",\"valueRequired\":true,\"valueName\":\"search_term_string\"}}],\"inLanguage\":\"ca\"},{\"@type\":\"Organization\",\"@id\":\"https:\/\/www.noubarris.net\/web40\/#organization\",\"name\":\"NouBarris.Net\",\"url\":\"https:\/\/www.noubarris.net\/web40\/\",\"logo\":{\"@type\":\"ImageObject\",\"inLanguage\":\"ca\",\"@id\":\"https:\/\/www.noubarris.net\/web40\/#\/schema\/logo\/image\/\",\"url\":\"https:\/\/www.noubarris.net\/web40\/wp-content\/uploads\/2024\/11\/cropped-cropped-LOGO_9BTV-2024_Insta-1.jpg\",\"contentUrl\":\"https:\/\/www.noubarris.net\/web40\/wp-content\/uploads\/2024\/11\/cropped-cropped-LOGO_9BTV-2024_Insta-1.jpg\",\"width\":512,\"height\":512,\"caption\":\"NouBarris.Net\"},\"image\":{\"@id\":\"https:\/\/www.noubarris.net\/web40\/#\/schema\/logo\/image\/\"},\"sameAs\":[\"https:\/\/www.facebook.com\/NouBarris.net\/?locale=es_ES\",\"https:\/\/x.com\/9BTV\"]},{\"@type\":\"Person\",\"@id\":\"https:\/\/www.noubarris.net\/web40\/#\/schema\/person\/1827f92aaa316c54abbf4dac0de76069\",\"name\":\"Informatius\",\"image\":{\"@type\":\"ImageObject\",\"inLanguage\":\"ca\",\"@id\":\"https:\/\/www.noubarris.net\/web40\/#\/schema\/person\/image\/\",\"url\":\"https:\/\/secure.gravatar.com\/avatar\/87a3b47928835fc72c6ee5b0e1a7263ef0c2d05003a98189bc14926c5f11bcdb?s=96&d=mm&r=g\",\"contentUrl\":\"https:\/\/secure.gravatar.com\/avatar\/87a3b47928835fc72c6ee5b0e1a7263ef0c2d05003a98189bc14926c5f11bcdb?s=96&d=mm&r=g\",\"caption\":\"Informatius\"},\"url\":\"https:\/\/www.noubarris.net\/web40\/author\/tele\/\"}]}<\/script>\n<!-- \/ Yoast SEO plugin. -->","yoast_head_json":{"title":"Presentaci\u00f3 de la revista El Ciervo: \"com fer una revista de cultura i no morir en l\u2019intent\" - NouBarris.Net","robots":{"index":"index","follow":"follow","max-snippet":"max-snippet:-1","max-image-preview":"max-image-preview:large","max-video-preview":"max-video-preview:-1"},"canonical":"https:\/\/www.noubarris.net\/web40\/presentacio-revista-el-ciervo-cultura-no-morir-lintent\/","og_locale":"ca_ES","og_type":"article","og_title":"Presentaci\u00f3 de la revista El Ciervo: \"com fer una revista de cultura i no morir en l\u2019intent\" - NouBarris.Net","og_description":"El Ciervo celebra els seus 75 anys amb una taula rodona sobre el repte d\u2019editar una revista de pensament en","og_url":"https:\/\/www.noubarris.net\/web40\/presentacio-revista-el-ciervo-cultura-no-morir-lintent\/","og_site_name":"NouBarris.Net","article_publisher":"https:\/\/www.facebook.com\/NouBarris.net\/?locale=es_ES","article_published_time":"2025-02-27T06:00:00+00:00","og_image":[{"width":836,"height":1161,"url":"https:\/\/www.noubarris.net\/web40\/wp-content\/uploads\/2025\/02\/WhatsApp-Image-2025-02-26-at-12.41.13.jpeg","type":"image\/jpeg"}],"author":"Informatius","twitter_card":"summary_large_image","twitter_creator":"@9BTV","twitter_site":"@9BTV","twitter_misc":{"Escrit per":"Informatius","Temps estimat de lectura":"2 minuts"},"schema":{"@context":"https:\/\/schema.org","@graph":[{"@type":"Article","@id":"https:\/\/www.noubarris.net\/web40\/presentacio-revista-el-ciervo-cultura-no-morir-lintent\/#article","isPartOf":{"@id":"https:\/\/www.noubarris.net\/web40\/presentacio-revista-el-ciervo-cultura-no-morir-lintent\/"},"author":{"name":"Informatius","@id":"https:\/\/www.noubarris.net\/web40\/#\/schema\/person\/1827f92aaa316c54abbf4dac0de76069"},"headline":"Presentaci\u00f3 de la revista El Ciervo: &#8220;com fer una revista de cultura i no morir en l\u2019intent&#8221;","datePublished":"2025-02-27T06:00:00+00:00","mainEntityOfPage":{"@id":"https:\/\/www.noubarris.net\/web40\/presentacio-revista-el-ciervo-cultura-no-morir-lintent\/"},"wordCount":290,"publisher":{"@id":"https:\/\/www.noubarris.net\/web40\/#organization"},"image":{"@id":"https:\/\/www.noubarris.net\/web40\/presentacio-revista-el-ciervo-cultura-no-morir-lintent\/#primaryimage"},"thumbnailUrl":"https:\/\/www.noubarris.net\/web40\/wp-content\/uploads\/2025\/02\/WhatsApp-Image-2025-02-26-at-12.41.13.jpeg","keywords":["La Trinitat Nova"],"articleSection":["Cultura","La Trinitat Nova"],"inLanguage":"ca"},{"@type":"WebPage","@id":"https:\/\/www.noubarris.net\/web40\/presentacio-revista-el-ciervo-cultura-no-morir-lintent\/","url":"https:\/\/www.noubarris.net\/web40\/presentacio-revista-el-ciervo-cultura-no-morir-lintent\/","name":"Presentaci\u00f3 de la revista El Ciervo: \"com fer una revista de cultura i no morir en l\u2019intent\" - NouBarris.Net","isPartOf":{"@id":"https:\/\/www.noubarris.net\/web40\/#website"},"primaryImageOfPage":{"@id":"https:\/\/www.noubarris.net\/web40\/presentacio-revista-el-ciervo-cultura-no-morir-lintent\/#primaryimage"},"image":{"@id":"https:\/\/www.noubarris.net\/web40\/presentacio-revista-el-ciervo-cultura-no-morir-lintent\/#primaryimage"},"thumbnailUrl":"https:\/\/www.noubarris.net\/web40\/wp-content\/uploads\/2025\/02\/WhatsApp-Image-2025-02-26-at-12.41.13.jpeg","datePublished":"2025-02-27T06:00:00+00:00","breadcrumb":{"@id":"https:\/\/www.noubarris.net\/web40\/presentacio-revista-el-ciervo-cultura-no-morir-lintent\/#breadcrumb"},"inLanguage":"ca","potentialAction":[{"@type":"ReadAction","target":["https:\/\/www.noubarris.net\/web40\/presentacio-revista-el-ciervo-cultura-no-morir-lintent\/"]}]},{"@type":"ImageObject","inLanguage":"ca","@id":"https:\/\/www.noubarris.net\/web40\/presentacio-revista-el-ciervo-cultura-no-morir-lintent\/#primaryimage","url":"https:\/\/www.noubarris.net\/web40\/wp-content\/uploads\/2025\/02\/WhatsApp-Image-2025-02-26-at-12.41.13.jpeg","contentUrl":"https:\/\/www.noubarris.net\/web40\/wp-content\/uploads\/2025\/02\/WhatsApp-Image-2025-02-26-at-12.41.13.jpeg","width":836,"height":1161,"caption":"@elciervo_revista"},{"@type":"BreadcrumbList","@id":"https:\/\/www.noubarris.net\/web40\/presentacio-revista-el-ciervo-cultura-no-morir-lintent\/#breadcrumb","itemListElement":[{"@type":"ListItem","position":1,"name":"Inici","item":"https:\/\/www.noubarris.net\/web40\/"},{"@type":"ListItem","position":2,"name":"Presentaci\u00f3 de la revista El Ciervo: &#8220;com fer una revista de cultura i no morir en l\u2019intent&#8221;"}]},{"@type":"WebSite","@id":"https:\/\/www.noubarris.net\/web40\/#website","url":"https:\/\/www.noubarris.net\/web40\/","name":"NouBarris.Net","description":"Seguint la vida de Nou Barris des de 1985","publisher":{"@id":"https:\/\/www.noubarris.net\/web40\/#organization"},"potentialAction":[{"@type":"SearchAction","target":{"@type":"EntryPoint","urlTemplate":"https:\/\/www.noubarris.net\/web40\/?s={search_term_string}"},"query-input":{"@type":"PropertyValueSpecification","valueRequired":true,"valueName":"search_term_string"}}],"inLanguage":"ca"},{"@type":"Organization","@id":"https:\/\/www.noubarris.net\/web40\/#organization","name":"NouBarris.Net","url":"https:\/\/www.noubarris.net\/web40\/","logo":{"@type":"ImageObject","inLanguage":"ca","@id":"https:\/\/www.noubarris.net\/web40\/#\/schema\/logo\/image\/","url":"https:\/\/www.noubarris.net\/web40\/wp-content\/uploads\/2024\/11\/cropped-cropped-LOGO_9BTV-2024_Insta-1.jpg","contentUrl":"https:\/\/www.noubarris.net\/web40\/wp-content\/uploads\/2024\/11\/cropped-cropped-LOGO_9BTV-2024_Insta-1.jpg","width":512,"height":512,"caption":"NouBarris.Net"},"image":{"@id":"https:\/\/www.noubarris.net\/web40\/#\/schema\/logo\/image\/"},"sameAs":["https:\/\/www.facebook.com\/NouBarris.net\/?locale=es_ES","https:\/\/x.com\/9BTV"]},{"@type":"Person","@id":"https:\/\/www.noubarris.net\/web40\/#\/schema\/person\/1827f92aaa316c54abbf4dac0de76069","name":"Informatius","image":{"@type":"ImageObject","inLanguage":"ca","@id":"https:\/\/www.noubarris.net\/web40\/#\/schema\/person\/image\/","url":"https:\/\/secure.gravatar.com\/avatar\/87a3b47928835fc72c6ee5b0e1a7263ef0c2d05003a98189bc14926c5f11bcdb?s=96&d=mm&r=g","contentUrl":"https:\/\/secure.gravatar.com\/avatar\/87a3b47928835fc72c6ee5b0e1a7263ef0c2d05003a98189bc14926c5f11bcdb?s=96&d=mm&r=g","caption":"Informatius"},"url":"https:\/\/www.noubarris.net\/web40\/author\/tele\/"}]}},"_links":{"self":[{"href":"https:\/\/www.noubarris.net\/web40\/wp-json\/wp\/v2\/posts\/84050","targetHints":{"allow":["GET"]}}],"collection":[{"href":"https:\/\/www.noubarris.net\/web40\/wp-json\/wp\/v2\/posts"}],"about":[{"href":"https:\/\/www.noubarris.net\/web40\/wp-json\/wp\/v2\/types\/post"}],"author":[{"embeddable":true,"href":"https:\/\/www.noubarris.net\/web40\/wp-json\/wp\/v2\/users\/2"}],"replies":[{"embeddable":true,"href":"https:\/\/www.noubarris.net\/web40\/wp-json\/wp\/v2\/comments?post=84050"}],"version-history":[{"count":6,"href":"https:\/\/www.noubarris.net\/web40\/wp-json\/wp\/v2\/posts\/84050\/revisions"}],"predecessor-version":[{"id":84059,"href":"https:\/\/www.noubarris.net\/web40\/wp-json\/wp\/v2\/posts\/84050\/revisions\/84059"}],"wp:featuredmedia":[{"embeddable":true,"href":"https:\/\/www.noubarris.net\/web40\/wp-json\/wp\/v2\/media\/84056"}],"wp:attachment":[{"href":"https:\/\/www.noubarris.net\/web40\/wp-json\/wp\/v2\/media?parent=84050"}],"wp:term":[{"taxonomy":"category","embeddable":true,"href":"https:\/\/www.noubarris.net\/web40\/wp-json\/wp\/v2\/categories?post=84050"},{"taxonomy":"post_tag","embeddable":true,"href":"https:\/\/www.noubarris.net\/web40\/wp-json\/wp\/v2\/tags?post=84050"}],"curies":[{"name":"wp","href":"https:\/\/api.w.org\/{rel}","templated":true}]}}