{"id":84193,"date":"2025-03-14T07:03:00","date_gmt":"2025-03-14T06:03:00","guid":{"rendered":"https:\/\/www.noubarris.net\/web40\/?p=84193"},"modified":"2025-03-13T13:12:14","modified_gmt":"2025-03-13T12:12:14","slug":"nou-barris-celebra-37a-edicio-concurs-literari","status":"publish","type":"post","link":"https:\/\/www.noubarris.net\/web40\/nou-barris-celebra-37a-edicio-concurs-literari\/","title":{"rendered":"Nou Barris celebra la 37a edici\u00f3 del Concurs Literari"},"content":{"rendered":"\n<p><strong>Obertura de la convocat\u00f2ria per a participar en diverses modalitats liter\u00e0ries, incl\u00f2s el relat hist\u00f2ric<\/strong><\/p>\n\n\n\n<p>El CC Torre Llobeta, les Biblioteques del Districte de Nou Barris i el Consorci per a la Normalitzaci\u00f3 Ling\u00fc\u00edstica organitzen la 37a edici\u00f3 del Concurs Literari de Nou Barris, un esdeveniment cultural consolidat al districte. Aquesta convocat\u00f2ria est\u00e0 oberta a totes les persones majors de 14 anys i permet participar en diverses modalitats liter\u00e0ries com la poesia, la narrativa, l\u2019humor i el relat fant\u00e0stic, tant en llengua catalana com en llengua castellana.<\/p>\n\n\n\n<figure class=\"wp-block-image aligncenter\"><img loading=\"lazy\" decoding=\"async\" width=\"300\" height=\"200\" src=\"https:\/\/www.noubarris.net\/web40\/wp-content\/uploads\/2025\/03\/pexels-pixabay-159751-300x200.jpg\" alt=\"LITERATURA\" class=\"wp-image-84195\" srcset=\"https:\/\/www.noubarris.net\/web40\/wp-content\/uploads\/2025\/03\/pexels-pixabay-159751-300x200.jpg 300w, https:\/\/www.noubarris.net\/web40\/wp-content\/uploads\/2025\/03\/pexels-pixabay-159751-1024x683.jpg 1024w, https:\/\/www.noubarris.net\/web40\/wp-content\/uploads\/2025\/03\/pexels-pixabay-159751-768x512.jpg 768w, https:\/\/www.noubarris.net\/web40\/wp-content\/uploads\/2025\/03\/pexels-pixabay-159751-600x400.jpg 600w, https:\/\/www.noubarris.net\/web40\/wp-content\/uploads\/2025\/03\/pexels-pixabay-159751-1536x1024.jpg 1536w, https:\/\/www.noubarris.net\/web40\/wp-content\/uploads\/2025\/03\/pexels-pixabay-159751-2048x1365.jpg 2048w, https:\/\/www.noubarris.net\/web40\/wp-content\/uploads\/2025\/03\/pexels-pixabay-159751-272x182.jpg 272w\" sizes=\"auto, (max-width: 300px) 100vw, 300px\" \/><\/figure>\n\n\n\n<p><\/p>\n\n\n\n<p>En aquesta edici\u00f3, amb motiu del 40\u00e8 aniversari de la constituci\u00f3 del Districte de Nou Barris, es convida especialment a participar en la modalitat de relat hist\u00f2ric, tot i que no \u00e9s exclusiva. Cada participant pot presentar una sola obra per modalitat i llengua, que ha de ser in\u00e8dita. Els textos no es retornaran un cop lliurats. El jurat, format per representants de les organitzacions organitzadores i altres col\u00b7lectius implicats, seleccionar\u00e0 els guanyadors. El primer premi ser\u00e0 de 300 \u20ac en llibres, el segon premi de 175\u20ac en vals de compra a la llibreria La Font de Mimir, i el millor relat hist\u00f2ric rebr\u00e0 un lot de llibres valorat en 100 \u20ac.<\/p>\n\n\n\n<p>Les obres poden lliurar-se al CC Torre Llobeta, a les biblioteques de Vilapicina, la Torre Llobeta, Nou Barris, Canyelles, Les Roquetes, Zona Nord i a la delegaci\u00f3 de Nou Barris del Centre de Normalitzaci\u00f3 Ling\u00fc\u00edstica de Barcelona fins al 5 d&#8217;abril de 2025. El veredicte i l\u2019entrega de premis es realitzaran el dissabte 10 de maig a les 19 h al CC Torre Llobeta.<\/p>\n","protected":false},"excerpt":{"rendered":"<p>Obertura de la convocat\u00f2ria per a participar en diverses modalitats liter\u00e0ries, incl\u00f2s el relat hist\u00f2ric El CC Torre Llobeta, les<\/p>\n","protected":false},"author":2,"featured_media":84194,"comment_status":"closed","ping_status":"closed","sticky":false,"template":"","format":"standard","meta":{"colormag_page_layout":"default_layout","_monsterinsights_skip_tracking":false,"_monsterinsights_sitenote_active":false,"_monsterinsights_sitenote_note":"","_monsterinsights_sitenote_category":0,"footnotes":""},"categories":[129,1],"tags":[],"class_list":["post-84193","post","type-post","status-publish","format-standard","has-post-thumbnail","hentry","category-cultura","category-nou-barris"],"yoast_head":"<!-- This site is optimized with the Yoast SEO plugin v25.3 - https:\/\/yoast.com\/wordpress\/plugins\/seo\/ -->\n<title>Nou Barris celebra la 37a edici\u00f3 del Concurs Literari - NouBarris.Net<\/title>\n<meta name=\"robots\" content=\"index, follow, max-snippet:-1, max-image-preview:large, max-video-preview:-1\" \/>\n<link rel=\"canonical\" href=\"https:\/\/www.noubarris.net\/web40\/nou-barris-celebra-37a-edicio-concurs-literari\/\" \/>\n<meta property=\"og:locale\" content=\"ca_ES\" \/>\n<meta property=\"og:type\" content=\"article\" \/>\n<meta property=\"og:title\" content=\"Nou Barris celebra la 37a edici\u00f3 del Concurs Literari - NouBarris.Net\" \/>\n<meta property=\"og:description\" content=\"Obertura de la convocat\u00f2ria per a participar en diverses modalitats liter\u00e0ries, incl\u00f2s el relat hist\u00f2ric El CC Torre Llobeta, les\" \/>\n<meta property=\"og:url\" content=\"https:\/\/www.noubarris.net\/web40\/nou-barris-celebra-37a-edicio-concurs-literari\/\" \/>\n<meta property=\"og:site_name\" content=\"NouBarris.Net\" \/>\n<meta property=\"article:publisher\" content=\"https:\/\/www.facebook.com\/NouBarris.net\/?locale=es_ES\" \/>\n<meta property=\"article:published_time\" content=\"2025-03-14T06:03:00+00:00\" \/>\n<meta property=\"og:image\" content=\"https:\/\/www.noubarris.net\/web40\/wp-content\/uploads\/2025\/03\/k7p1z9mi.png\" \/>\n\t<meta property=\"og:image:width\" content=\"950\" \/>\n\t<meta property=\"og:image:height\" content=\"362\" \/>\n\t<meta property=\"og:image:type\" content=\"image\/png\" \/>\n<meta name=\"author\" content=\"Informatius\" \/>\n<meta name=\"twitter:card\" content=\"summary_large_image\" \/>\n<meta name=\"twitter:creator\" content=\"@9BTV\" \/>\n<meta name=\"twitter:site\" content=\"@9BTV\" \/>\n<meta name=\"twitter:label1\" content=\"Escrit per\" \/>\n\t<meta name=\"twitter:data1\" content=\"Informatius\" \/>\n\t<meta name=\"twitter:label2\" content=\"Temps estimat de lectura\" \/>\n\t<meta name=\"twitter:data2\" content=\"2 minuts\" \/>\n<script type=\"application\/ld+json\" class=\"yoast-schema-graph\">{\"@context\":\"https:\/\/schema.org\",\"@graph\":[{\"@type\":\"Article\",\"@id\":\"https:\/\/www.noubarris.net\/web40\/nou-barris-celebra-37a-edicio-concurs-literari\/#article\",\"isPartOf\":{\"@id\":\"https:\/\/www.noubarris.net\/web40\/nou-barris-celebra-37a-edicio-concurs-literari\/\"},\"author\":{\"name\":\"Informatius\",\"@id\":\"https:\/\/www.noubarris.net\/web40\/#\/schema\/person\/1827f92aaa316c54abbf4dac0de76069\"},\"headline\":\"Nou Barris celebra la 37a edici\u00f3 del Concurs Literari\",\"datePublished\":\"2025-03-14T06:03:00+00:00\",\"mainEntityOfPage\":{\"@id\":\"https:\/\/www.noubarris.net\/web40\/nou-barris-celebra-37a-edicio-concurs-literari\/\"},\"wordCount\":277,\"publisher\":{\"@id\":\"https:\/\/www.noubarris.net\/web40\/#organization\"},\"image\":{\"@id\":\"https:\/\/www.noubarris.net\/web40\/nou-barris-celebra-37a-edicio-concurs-literari\/#primaryimage\"},\"thumbnailUrl\":\"https:\/\/www.noubarris.net\/web40\/wp-content\/uploads\/2025\/03\/k7p1z9mi.png\",\"articleSection\":[\"Cultura\",\"Nou Barris\"],\"inLanguage\":\"ca\"},{\"@type\":\"WebPage\",\"@id\":\"https:\/\/www.noubarris.net\/web40\/nou-barris-celebra-37a-edicio-concurs-literari\/\",\"url\":\"https:\/\/www.noubarris.net\/web40\/nou-barris-celebra-37a-edicio-concurs-literari\/\",\"name\":\"Nou Barris celebra la 37a edici\u00f3 del Concurs Literari - NouBarris.Net\",\"isPartOf\":{\"@id\":\"https:\/\/www.noubarris.net\/web40\/#website\"},\"primaryImageOfPage\":{\"@id\":\"https:\/\/www.noubarris.net\/web40\/nou-barris-celebra-37a-edicio-concurs-literari\/#primaryimage\"},\"image\":{\"@id\":\"https:\/\/www.noubarris.net\/web40\/nou-barris-celebra-37a-edicio-concurs-literari\/#primaryimage\"},\"thumbnailUrl\":\"https:\/\/www.noubarris.net\/web40\/wp-content\/uploads\/2025\/03\/k7p1z9mi.png\",\"datePublished\":\"2025-03-14T06:03:00+00:00\",\"breadcrumb\":{\"@id\":\"https:\/\/www.noubarris.net\/web40\/nou-barris-celebra-37a-edicio-concurs-literari\/#breadcrumb\"},\"inLanguage\":\"ca\",\"potentialAction\":[{\"@type\":\"ReadAction\",\"target\":[\"https:\/\/www.noubarris.net\/web40\/nou-barris-celebra-37a-edicio-concurs-literari\/\"]}]},{\"@type\":\"ImageObject\",\"inLanguage\":\"ca\",\"@id\":\"https:\/\/www.noubarris.net\/web40\/nou-barris-celebra-37a-edicio-concurs-literari\/#primaryimage\",\"url\":\"https:\/\/www.noubarris.net\/web40\/wp-content\/uploads\/2025\/03\/k7p1z9mi.png\",\"contentUrl\":\"https:\/\/www.noubarris.net\/web40\/wp-content\/uploads\/2025\/03\/k7p1z9mi.png\",\"width\":950,\"height\":362,\"caption\":\"CONCURS LITERARI\"},{\"@type\":\"BreadcrumbList\",\"@id\":\"https:\/\/www.noubarris.net\/web40\/nou-barris-celebra-37a-edicio-concurs-literari\/#breadcrumb\",\"itemListElement\":[{\"@type\":\"ListItem\",\"position\":1,\"name\":\"Inici\",\"item\":\"https:\/\/www.noubarris.net\/web40\/\"},{\"@type\":\"ListItem\",\"position\":2,\"name\":\"Nou Barris celebra la 37a edici\u00f3 del Concurs Literari\"}]},{\"@type\":\"WebSite\",\"@id\":\"https:\/\/www.noubarris.net\/web40\/#website\",\"url\":\"https:\/\/www.noubarris.net\/web40\/\",\"name\":\"NouBarris.Net\",\"description\":\"Seguint la vida de Nou Barris des de 1985\",\"publisher\":{\"@id\":\"https:\/\/www.noubarris.net\/web40\/#organization\"},\"potentialAction\":[{\"@type\":\"SearchAction\",\"target\":{\"@type\":\"EntryPoint\",\"urlTemplate\":\"https:\/\/www.noubarris.net\/web40\/?s={search_term_string}\"},\"query-input\":{\"@type\":\"PropertyValueSpecification\",\"valueRequired\":true,\"valueName\":\"search_term_string\"}}],\"inLanguage\":\"ca\"},{\"@type\":\"Organization\",\"@id\":\"https:\/\/www.noubarris.net\/web40\/#organization\",\"name\":\"NouBarris.Net\",\"url\":\"https:\/\/www.noubarris.net\/web40\/\",\"logo\":{\"@type\":\"ImageObject\",\"inLanguage\":\"ca\",\"@id\":\"https:\/\/www.noubarris.net\/web40\/#\/schema\/logo\/image\/\",\"url\":\"https:\/\/www.noubarris.net\/web40\/wp-content\/uploads\/2024\/11\/cropped-cropped-LOGO_9BTV-2024_Insta-1.jpg\",\"contentUrl\":\"https:\/\/www.noubarris.net\/web40\/wp-content\/uploads\/2024\/11\/cropped-cropped-LOGO_9BTV-2024_Insta-1.jpg\",\"width\":512,\"height\":512,\"caption\":\"NouBarris.Net\"},\"image\":{\"@id\":\"https:\/\/www.noubarris.net\/web40\/#\/schema\/logo\/image\/\"},\"sameAs\":[\"https:\/\/www.facebook.com\/NouBarris.net\/?locale=es_ES\",\"https:\/\/x.com\/9BTV\"]},{\"@type\":\"Person\",\"@id\":\"https:\/\/www.noubarris.net\/web40\/#\/schema\/person\/1827f92aaa316c54abbf4dac0de76069\",\"name\":\"Informatius\",\"image\":{\"@type\":\"ImageObject\",\"inLanguage\":\"ca\",\"@id\":\"https:\/\/www.noubarris.net\/web40\/#\/schema\/person\/image\/\",\"url\":\"https:\/\/secure.gravatar.com\/avatar\/87a3b47928835fc72c6ee5b0e1a7263ef0c2d05003a98189bc14926c5f11bcdb?s=96&d=mm&r=g\",\"contentUrl\":\"https:\/\/secure.gravatar.com\/avatar\/87a3b47928835fc72c6ee5b0e1a7263ef0c2d05003a98189bc14926c5f11bcdb?s=96&d=mm&r=g\",\"caption\":\"Informatius\"},\"url\":\"https:\/\/www.noubarris.net\/web40\/author\/tele\/\"}]}<\/script>\n<!-- \/ Yoast SEO plugin. -->","yoast_head_json":{"title":"Nou Barris celebra la 37a edici\u00f3 del Concurs Literari - NouBarris.Net","robots":{"index":"index","follow":"follow","max-snippet":"max-snippet:-1","max-image-preview":"max-image-preview:large","max-video-preview":"max-video-preview:-1"},"canonical":"https:\/\/www.noubarris.net\/web40\/nou-barris-celebra-37a-edicio-concurs-literari\/","og_locale":"ca_ES","og_type":"article","og_title":"Nou Barris celebra la 37a edici\u00f3 del Concurs Literari - NouBarris.Net","og_description":"Obertura de la convocat\u00f2ria per a participar en diverses modalitats liter\u00e0ries, incl\u00f2s el relat hist\u00f2ric El CC Torre Llobeta, les","og_url":"https:\/\/www.noubarris.net\/web40\/nou-barris-celebra-37a-edicio-concurs-literari\/","og_site_name":"NouBarris.Net","article_publisher":"https:\/\/www.facebook.com\/NouBarris.net\/?locale=es_ES","article_published_time":"2025-03-14T06:03:00+00:00","og_image":[{"width":950,"height":362,"url":"https:\/\/www.noubarris.net\/web40\/wp-content\/uploads\/2025\/03\/k7p1z9mi.png","type":"image\/png"}],"author":"Informatius","twitter_card":"summary_large_image","twitter_creator":"@9BTV","twitter_site":"@9BTV","twitter_misc":{"Escrit per":"Informatius","Temps estimat de lectura":"2 minuts"},"schema":{"@context":"https:\/\/schema.org","@graph":[{"@type":"Article","@id":"https:\/\/www.noubarris.net\/web40\/nou-barris-celebra-37a-edicio-concurs-literari\/#article","isPartOf":{"@id":"https:\/\/www.noubarris.net\/web40\/nou-barris-celebra-37a-edicio-concurs-literari\/"},"author":{"name":"Informatius","@id":"https:\/\/www.noubarris.net\/web40\/#\/schema\/person\/1827f92aaa316c54abbf4dac0de76069"},"headline":"Nou Barris celebra la 37a edici\u00f3 del Concurs Literari","datePublished":"2025-03-14T06:03:00+00:00","mainEntityOfPage":{"@id":"https:\/\/www.noubarris.net\/web40\/nou-barris-celebra-37a-edicio-concurs-literari\/"},"wordCount":277,"publisher":{"@id":"https:\/\/www.noubarris.net\/web40\/#organization"},"image":{"@id":"https:\/\/www.noubarris.net\/web40\/nou-barris-celebra-37a-edicio-concurs-literari\/#primaryimage"},"thumbnailUrl":"https:\/\/www.noubarris.net\/web40\/wp-content\/uploads\/2025\/03\/k7p1z9mi.png","articleSection":["Cultura","Nou Barris"],"inLanguage":"ca"},{"@type":"WebPage","@id":"https:\/\/www.noubarris.net\/web40\/nou-barris-celebra-37a-edicio-concurs-literari\/","url":"https:\/\/www.noubarris.net\/web40\/nou-barris-celebra-37a-edicio-concurs-literari\/","name":"Nou Barris celebra la 37a edici\u00f3 del Concurs Literari - NouBarris.Net","isPartOf":{"@id":"https:\/\/www.noubarris.net\/web40\/#website"},"primaryImageOfPage":{"@id":"https:\/\/www.noubarris.net\/web40\/nou-barris-celebra-37a-edicio-concurs-literari\/#primaryimage"},"image":{"@id":"https:\/\/www.noubarris.net\/web40\/nou-barris-celebra-37a-edicio-concurs-literari\/#primaryimage"},"thumbnailUrl":"https:\/\/www.noubarris.net\/web40\/wp-content\/uploads\/2025\/03\/k7p1z9mi.png","datePublished":"2025-03-14T06:03:00+00:00","breadcrumb":{"@id":"https:\/\/www.noubarris.net\/web40\/nou-barris-celebra-37a-edicio-concurs-literari\/#breadcrumb"},"inLanguage":"ca","potentialAction":[{"@type":"ReadAction","target":["https:\/\/www.noubarris.net\/web40\/nou-barris-celebra-37a-edicio-concurs-literari\/"]}]},{"@type":"ImageObject","inLanguage":"ca","@id":"https:\/\/www.noubarris.net\/web40\/nou-barris-celebra-37a-edicio-concurs-literari\/#primaryimage","url":"https:\/\/www.noubarris.net\/web40\/wp-content\/uploads\/2025\/03\/k7p1z9mi.png","contentUrl":"https:\/\/www.noubarris.net\/web40\/wp-content\/uploads\/2025\/03\/k7p1z9mi.png","width":950,"height":362,"caption":"CONCURS LITERARI"},{"@type":"BreadcrumbList","@id":"https:\/\/www.noubarris.net\/web40\/nou-barris-celebra-37a-edicio-concurs-literari\/#breadcrumb","itemListElement":[{"@type":"ListItem","position":1,"name":"Inici","item":"https:\/\/www.noubarris.net\/web40\/"},{"@type":"ListItem","position":2,"name":"Nou Barris celebra la 37a edici\u00f3 del Concurs Literari"}]},{"@type":"WebSite","@id":"https:\/\/www.noubarris.net\/web40\/#website","url":"https:\/\/www.noubarris.net\/web40\/","name":"NouBarris.Net","description":"Seguint la vida de Nou Barris des de 1985","publisher":{"@id":"https:\/\/www.noubarris.net\/web40\/#organization"},"potentialAction":[{"@type":"SearchAction","target":{"@type":"EntryPoint","urlTemplate":"https:\/\/www.noubarris.net\/web40\/?s={search_term_string}"},"query-input":{"@type":"PropertyValueSpecification","valueRequired":true,"valueName":"search_term_string"}}],"inLanguage":"ca"},{"@type":"Organization","@id":"https:\/\/www.noubarris.net\/web40\/#organization","name":"NouBarris.Net","url":"https:\/\/www.noubarris.net\/web40\/","logo":{"@type":"ImageObject","inLanguage":"ca","@id":"https:\/\/www.noubarris.net\/web40\/#\/schema\/logo\/image\/","url":"https:\/\/www.noubarris.net\/web40\/wp-content\/uploads\/2024\/11\/cropped-cropped-LOGO_9BTV-2024_Insta-1.jpg","contentUrl":"https:\/\/www.noubarris.net\/web40\/wp-content\/uploads\/2024\/11\/cropped-cropped-LOGO_9BTV-2024_Insta-1.jpg","width":512,"height":512,"caption":"NouBarris.Net"},"image":{"@id":"https:\/\/www.noubarris.net\/web40\/#\/schema\/logo\/image\/"},"sameAs":["https:\/\/www.facebook.com\/NouBarris.net\/?locale=es_ES","https:\/\/x.com\/9BTV"]},{"@type":"Person","@id":"https:\/\/www.noubarris.net\/web40\/#\/schema\/person\/1827f92aaa316c54abbf4dac0de76069","name":"Informatius","image":{"@type":"ImageObject","inLanguage":"ca","@id":"https:\/\/www.noubarris.net\/web40\/#\/schema\/person\/image\/","url":"https:\/\/secure.gravatar.com\/avatar\/87a3b47928835fc72c6ee5b0e1a7263ef0c2d05003a98189bc14926c5f11bcdb?s=96&d=mm&r=g","contentUrl":"https:\/\/secure.gravatar.com\/avatar\/87a3b47928835fc72c6ee5b0e1a7263ef0c2d05003a98189bc14926c5f11bcdb?s=96&d=mm&r=g","caption":"Informatius"},"url":"https:\/\/www.noubarris.net\/web40\/author\/tele\/"}]}},"_links":{"self":[{"href":"https:\/\/www.noubarris.net\/web40\/wp-json\/wp\/v2\/posts\/84193","targetHints":{"allow":["GET"]}}],"collection":[{"href":"https:\/\/www.noubarris.net\/web40\/wp-json\/wp\/v2\/posts"}],"about":[{"href":"https:\/\/www.noubarris.net\/web40\/wp-json\/wp\/v2\/types\/post"}],"author":[{"embeddable":true,"href":"https:\/\/www.noubarris.net\/web40\/wp-json\/wp\/v2\/users\/2"}],"replies":[{"embeddable":true,"href":"https:\/\/www.noubarris.net\/web40\/wp-json\/wp\/v2\/comments?post=84193"}],"version-history":[{"count":2,"href":"https:\/\/www.noubarris.net\/web40\/wp-json\/wp\/v2\/posts\/84193\/revisions"}],"predecessor-version":[{"id":84197,"href":"https:\/\/www.noubarris.net\/web40\/wp-json\/wp\/v2\/posts\/84193\/revisions\/84197"}],"wp:featuredmedia":[{"embeddable":true,"href":"https:\/\/www.noubarris.net\/web40\/wp-json\/wp\/v2\/media\/84194"}],"wp:attachment":[{"href":"https:\/\/www.noubarris.net\/web40\/wp-json\/wp\/v2\/media?parent=84193"}],"wp:term":[{"taxonomy":"category","embeddable":true,"href":"https:\/\/www.noubarris.net\/web40\/wp-json\/wp\/v2\/categories?post=84193"},{"taxonomy":"post_tag","embeddable":true,"href":"https:\/\/www.noubarris.net\/web40\/wp-json\/wp\/v2\/tags?post=84193"}],"curies":[{"name":"wp","href":"https:\/\/api.w.org\/{rel}","templated":true}]}}