{"id":84274,"date":"2025-03-18T07:00:00","date_gmt":"2025-03-18T06:00:00","guid":{"rendered":"https:\/\/www.noubarris.net\/web40\/?p=84274"},"modified":"2025-03-17T19:05:24","modified_gmt":"2025-03-17T18:05:24","slug":"nou-servei-nitbus-connectar-nou-barris-barceloneta","status":"publish","type":"post","link":"https:\/\/www.noubarris.net\/web40\/nou-servei-nitbus-connectar-nou-barris-barceloneta\/","title":{"rendered":"Nou servei de NitBus per connectar Nou Barris i la Barceloneta"},"content":{"rendered":"\n<p><strong>La nova l\u00ednia N24 entrar\u00e0 en funcionament el 30 d\u2019abril i millorar\u00e0 la mobilitat nocturna entre diversos barris de Barcelona<\/strong><\/p>\n\n\n\n<p>Com ha informat Betev\u00e9, el servei de NitBus de Barcelona creixer\u00e0 amb una nova l\u00ednia que connectar\u00e0 Nou Barris amb la Barceloneta. A partir del 30 d\u2019abril, el nou N24 unir\u00e0 les Roquetes amb el moll Oriental, prop de l\u2019Hotel W, amb una freq\u00fc\u00e8ncia de pas de 20 minuts. Aquest nou servei permetr\u00e0 millorar la mobilitat nocturna entre aquests barris i oferir\u00e0 una opci\u00f3 m\u00e9s als usuaris.<\/p>\n\n\n\n<figure class=\"wp-block-image aligncenter is-resized\"><img loading=\"lazy\" decoding=\"async\" width=\"300\" height=\"200\" src=\"https:\/\/www.noubarris.net\/web40\/wp-content\/uploads\/2025\/03\/pexels-hankenstock-14557778-300x200.jpg\" alt=\"Nitbus N24\" class=\"wp-image-84277\" style=\"width:360px;height:auto\" srcset=\"https:\/\/www.noubarris.net\/web40\/wp-content\/uploads\/2025\/03\/pexels-hankenstock-14557778-300x200.jpg 300w, https:\/\/www.noubarris.net\/web40\/wp-content\/uploads\/2025\/03\/pexels-hankenstock-14557778-1024x684.jpg 1024w, https:\/\/www.noubarris.net\/web40\/wp-content\/uploads\/2025\/03\/pexels-hankenstock-14557778-768x513.jpg 768w, https:\/\/www.noubarris.net\/web40\/wp-content\/uploads\/2025\/03\/pexels-hankenstock-14557778-1536x1026.jpg 1536w, https:\/\/www.noubarris.net\/web40\/wp-content\/uploads\/2025\/03\/pexels-hankenstock-14557778-2048x1368.jpg 2048w, https:\/\/www.noubarris.net\/web40\/wp-content\/uploads\/2025\/03\/pexels-hankenstock-14557778-1320x882.jpg 1320w, https:\/\/www.noubarris.net\/web40\/wp-content\/uploads\/2025\/03\/pexels-hankenstock-14557778-272x182.jpg 272w\" sizes=\"auto, (max-width: 300px) 100vw, 300px\" \/><\/figure>\n\n\n\n<p>La mesura s\u2019ha anunciat durant el consell de barri de la Barceloneta, on responsables de TMB i l\u2019AMB han destacat l\u2019augment de la demanda del transport nocturn el 2024. Jos\u00e9 Luis Quesada, responsable de projectes de TMB, ha explicat que l\u2019objectiu \u00e9s ampliar la xarxa i refor\u00e7ar les zones amb m\u00e9s necessitat de transport.<\/p>\n\n\n\n<p>Amb aquesta incorporaci\u00f3, la Barceloneta passar\u00e0 a tenir set l\u00ednies de NitBus, sumant-se l\u2019N24 a les ja existents N0, N6, N8, N12, N15 i N28. Fins ara, les l\u00ednies N12 i N28 eren les que m\u00e9s s\u2019endinsaven al barri mariner, per\u00f2 la nova ruta anir\u00e0 un quil\u00f2metre m\u00e9s enll\u00e0, arribant fins a l\u2019Hotel W.<\/p>\n\n\n\n<p>A m\u00e9s, el servei nocturn tamb\u00e9 es refor\u00e7ar\u00e0 amb el desdoblament de la l\u00ednia N4, que fins ara connectava el Carmel i Horta amb la pla\u00e7a de Catalunya. A partir del 30 d\u2019abril, el seu recorregut s\u2019ampliar\u00e0 fins a l\u2019Estaci\u00f3 Mar\u00edtima (WTC), passant per Sant Antoni i l\u2019avinguda del Paral\u00b7lel, una zona clau d\u2019oci nocturn a la ciutat.<\/p>\n\n\n\n<p><\/p>\n","protected":false},"excerpt":{"rendered":"<p>La nova l\u00ednia N24 entrar\u00e0 en funcionament el 30 d\u2019abril i millorar\u00e0 la mobilitat nocturna entre diversos barris de Barcelona<\/p>\n","protected":false},"author":2,"featured_media":84276,"comment_status":"closed","ping_status":"closed","sticky":false,"template":"","format":"standard","meta":{"colormag_page_layout":"default_layout","_monsterinsights_skip_tracking":false,"_monsterinsights_sitenote_active":false,"_monsterinsights_sitenote_note":"","_monsterinsights_sitenote_category":0,"footnotes":""},"categories":[136,125,1],"tags":[],"class_list":["post-84274","post","type-post","status-publish","format-standard","has-post-thumbnail","hentry","category-les-roquetes","category-mobilitat","category-nou-barris"],"yoast_head":"<!-- This site is optimized with the Yoast SEO plugin v25.3 - https:\/\/yoast.com\/wordpress\/plugins\/seo\/ -->\n<title>Nou servei de NitBus per connectar Nou Barris i la Barceloneta - NouBarris.Net<\/title>\n<meta name=\"robots\" content=\"index, follow, max-snippet:-1, max-image-preview:large, max-video-preview:-1\" \/>\n<link rel=\"canonical\" href=\"https:\/\/www.noubarris.net\/web40\/nou-servei-nitbus-connectar-nou-barris-barceloneta\/\" \/>\n<meta property=\"og:locale\" content=\"ca_ES\" \/>\n<meta property=\"og:type\" content=\"article\" \/>\n<meta property=\"og:title\" content=\"Nou servei de NitBus per connectar Nou Barris i la Barceloneta - NouBarris.Net\" \/>\n<meta property=\"og:description\" content=\"La nova l\u00ednia N24 entrar\u00e0 en funcionament el 30 d\u2019abril i millorar\u00e0 la mobilitat nocturna entre diversos barris de Barcelona\" \/>\n<meta property=\"og:url\" content=\"https:\/\/www.noubarris.net\/web40\/nou-servei-nitbus-connectar-nou-barris-barceloneta\/\" \/>\n<meta property=\"og:site_name\" content=\"NouBarris.Net\" \/>\n<meta property=\"article:publisher\" content=\"https:\/\/www.facebook.com\/NouBarris.net\/?locale=es_ES\" \/>\n<meta property=\"article:published_time\" content=\"2025-03-18T06:00:00+00:00\" \/>\n<meta property=\"og:image\" content=\"https:\/\/www.noubarris.net\/web40\/wp-content\/uploads\/2025\/03\/Captura-de-pantalla-2025-03-17-103000.jpg\" \/>\n\t<meta property=\"og:image:width\" content=\"792\" \/>\n\t<meta property=\"og:image:height\" content=\"435\" \/>\n\t<meta property=\"og:image:type\" content=\"image\/jpeg\" \/>\n<meta name=\"author\" content=\"Informatius\" \/>\n<meta name=\"twitter:card\" content=\"summary_large_image\" \/>\n<meta name=\"twitter:creator\" content=\"@9BTV\" \/>\n<meta name=\"twitter:site\" content=\"@9BTV\" \/>\n<meta name=\"twitter:label1\" content=\"Escrit per\" \/>\n\t<meta name=\"twitter:data1\" content=\"Informatius\" \/>\n\t<meta name=\"twitter:label2\" content=\"Temps estimat de lectura\" \/>\n\t<meta name=\"twitter:data2\" content=\"2 minuts\" \/>\n<script type=\"application\/ld+json\" class=\"yoast-schema-graph\">{\"@context\":\"https:\/\/schema.org\",\"@graph\":[{\"@type\":\"Article\",\"@id\":\"https:\/\/www.noubarris.net\/web40\/nou-servei-nitbus-connectar-nou-barris-barceloneta\/#article\",\"isPartOf\":{\"@id\":\"https:\/\/www.noubarris.net\/web40\/nou-servei-nitbus-connectar-nou-barris-barceloneta\/\"},\"author\":{\"name\":\"Informatius\",\"@id\":\"https:\/\/www.noubarris.net\/web40\/#\/schema\/person\/1827f92aaa316c54abbf4dac0de76069\"},\"headline\":\"Nou servei de NitBus per connectar Nou Barris i la Barceloneta\",\"datePublished\":\"2025-03-18T06:00:00+00:00\",\"mainEntityOfPage\":{\"@id\":\"https:\/\/www.noubarris.net\/web40\/nou-servei-nitbus-connectar-nou-barris-barceloneta\/\"},\"wordCount\":291,\"publisher\":{\"@id\":\"https:\/\/www.noubarris.net\/web40\/#organization\"},\"image\":{\"@id\":\"https:\/\/www.noubarris.net\/web40\/nou-servei-nitbus-connectar-nou-barris-barceloneta\/#primaryimage\"},\"thumbnailUrl\":\"https:\/\/www.noubarris.net\/web40\/wp-content\/uploads\/2025\/03\/Captura-de-pantalla-2025-03-17-103000.jpg\",\"articleSection\":[\"Les Roquetes\",\"Mobilitat\",\"Nou Barris\"],\"inLanguage\":\"ca\"},{\"@type\":\"WebPage\",\"@id\":\"https:\/\/www.noubarris.net\/web40\/nou-servei-nitbus-connectar-nou-barris-barceloneta\/\",\"url\":\"https:\/\/www.noubarris.net\/web40\/nou-servei-nitbus-connectar-nou-barris-barceloneta\/\",\"name\":\"Nou servei de NitBus per connectar Nou Barris i la Barceloneta - NouBarris.Net\",\"isPartOf\":{\"@id\":\"https:\/\/www.noubarris.net\/web40\/#website\"},\"primaryImageOfPage\":{\"@id\":\"https:\/\/www.noubarris.net\/web40\/nou-servei-nitbus-connectar-nou-barris-barceloneta\/#primaryimage\"},\"image\":{\"@id\":\"https:\/\/www.noubarris.net\/web40\/nou-servei-nitbus-connectar-nou-barris-barceloneta\/#primaryimage\"},\"thumbnailUrl\":\"https:\/\/www.noubarris.net\/web40\/wp-content\/uploads\/2025\/03\/Captura-de-pantalla-2025-03-17-103000.jpg\",\"datePublished\":\"2025-03-18T06:00:00+00:00\",\"breadcrumb\":{\"@id\":\"https:\/\/www.noubarris.net\/web40\/nou-servei-nitbus-connectar-nou-barris-barceloneta\/#breadcrumb\"},\"inLanguage\":\"ca\",\"potentialAction\":[{\"@type\":\"ReadAction\",\"target\":[\"https:\/\/www.noubarris.net\/web40\/nou-servei-nitbus-connectar-nou-barris-barceloneta\/\"]}]},{\"@type\":\"ImageObject\",\"inLanguage\":\"ca\",\"@id\":\"https:\/\/www.noubarris.net\/web40\/nou-servei-nitbus-connectar-nou-barris-barceloneta\/#primaryimage\",\"url\":\"https:\/\/www.noubarris.net\/web40\/wp-content\/uploads\/2025\/03\/Captura-de-pantalla-2025-03-17-103000.jpg\",\"contentUrl\":\"https:\/\/www.noubarris.net\/web40\/wp-content\/uploads\/2025\/03\/Captura-de-pantalla-2025-03-17-103000.jpg\",\"width\":792,\"height\":435,\"caption\":\"Nitbus\"},{\"@type\":\"BreadcrumbList\",\"@id\":\"https:\/\/www.noubarris.net\/web40\/nou-servei-nitbus-connectar-nou-barris-barceloneta\/#breadcrumb\",\"itemListElement\":[{\"@type\":\"ListItem\",\"position\":1,\"name\":\"Inici\",\"item\":\"https:\/\/www.noubarris.net\/web40\/\"},{\"@type\":\"ListItem\",\"position\":2,\"name\":\"Nou servei de NitBus per connectar Nou Barris i la Barceloneta\"}]},{\"@type\":\"WebSite\",\"@id\":\"https:\/\/www.noubarris.net\/web40\/#website\",\"url\":\"https:\/\/www.noubarris.net\/web40\/\",\"name\":\"NouBarris.Net\",\"description\":\"Seguint la vida de Nou Barris des de 1985\",\"publisher\":{\"@id\":\"https:\/\/www.noubarris.net\/web40\/#organization\"},\"potentialAction\":[{\"@type\":\"SearchAction\",\"target\":{\"@type\":\"EntryPoint\",\"urlTemplate\":\"https:\/\/www.noubarris.net\/web40\/?s={search_term_string}\"},\"query-input\":{\"@type\":\"PropertyValueSpecification\",\"valueRequired\":true,\"valueName\":\"search_term_string\"}}],\"inLanguage\":\"ca\"},{\"@type\":\"Organization\",\"@id\":\"https:\/\/www.noubarris.net\/web40\/#organization\",\"name\":\"NouBarris.Net\",\"url\":\"https:\/\/www.noubarris.net\/web40\/\",\"logo\":{\"@type\":\"ImageObject\",\"inLanguage\":\"ca\",\"@id\":\"https:\/\/www.noubarris.net\/web40\/#\/schema\/logo\/image\/\",\"url\":\"https:\/\/www.noubarris.net\/web40\/wp-content\/uploads\/2024\/11\/cropped-cropped-LOGO_9BTV-2024_Insta-1.jpg\",\"contentUrl\":\"https:\/\/www.noubarris.net\/web40\/wp-content\/uploads\/2024\/11\/cropped-cropped-LOGO_9BTV-2024_Insta-1.jpg\",\"width\":512,\"height\":512,\"caption\":\"NouBarris.Net\"},\"image\":{\"@id\":\"https:\/\/www.noubarris.net\/web40\/#\/schema\/logo\/image\/\"},\"sameAs\":[\"https:\/\/www.facebook.com\/NouBarris.net\/?locale=es_ES\",\"https:\/\/x.com\/9BTV\"]},{\"@type\":\"Person\",\"@id\":\"https:\/\/www.noubarris.net\/web40\/#\/schema\/person\/1827f92aaa316c54abbf4dac0de76069\",\"name\":\"Informatius\",\"image\":{\"@type\":\"ImageObject\",\"inLanguage\":\"ca\",\"@id\":\"https:\/\/www.noubarris.net\/web40\/#\/schema\/person\/image\/\",\"url\":\"https:\/\/secure.gravatar.com\/avatar\/87a3b47928835fc72c6ee5b0e1a7263ef0c2d05003a98189bc14926c5f11bcdb?s=96&d=mm&r=g\",\"contentUrl\":\"https:\/\/secure.gravatar.com\/avatar\/87a3b47928835fc72c6ee5b0e1a7263ef0c2d05003a98189bc14926c5f11bcdb?s=96&d=mm&r=g\",\"caption\":\"Informatius\"},\"url\":\"https:\/\/www.noubarris.net\/web40\/author\/tele\/\"}]}<\/script>\n<!-- \/ Yoast SEO plugin. -->","yoast_head_json":{"title":"Nou servei de NitBus per connectar Nou Barris i la Barceloneta - NouBarris.Net","robots":{"index":"index","follow":"follow","max-snippet":"max-snippet:-1","max-image-preview":"max-image-preview:large","max-video-preview":"max-video-preview:-1"},"canonical":"https:\/\/www.noubarris.net\/web40\/nou-servei-nitbus-connectar-nou-barris-barceloneta\/","og_locale":"ca_ES","og_type":"article","og_title":"Nou servei de NitBus per connectar Nou Barris i la Barceloneta - NouBarris.Net","og_description":"La nova l\u00ednia N24 entrar\u00e0 en funcionament el 30 d\u2019abril i millorar\u00e0 la mobilitat nocturna entre diversos barris de Barcelona","og_url":"https:\/\/www.noubarris.net\/web40\/nou-servei-nitbus-connectar-nou-barris-barceloneta\/","og_site_name":"NouBarris.Net","article_publisher":"https:\/\/www.facebook.com\/NouBarris.net\/?locale=es_ES","article_published_time":"2025-03-18T06:00:00+00:00","og_image":[{"width":792,"height":435,"url":"https:\/\/www.noubarris.net\/web40\/wp-content\/uploads\/2025\/03\/Captura-de-pantalla-2025-03-17-103000.jpg","type":"image\/jpeg"}],"author":"Informatius","twitter_card":"summary_large_image","twitter_creator":"@9BTV","twitter_site":"@9BTV","twitter_misc":{"Escrit per":"Informatius","Temps estimat de lectura":"2 minuts"},"schema":{"@context":"https:\/\/schema.org","@graph":[{"@type":"Article","@id":"https:\/\/www.noubarris.net\/web40\/nou-servei-nitbus-connectar-nou-barris-barceloneta\/#article","isPartOf":{"@id":"https:\/\/www.noubarris.net\/web40\/nou-servei-nitbus-connectar-nou-barris-barceloneta\/"},"author":{"name":"Informatius","@id":"https:\/\/www.noubarris.net\/web40\/#\/schema\/person\/1827f92aaa316c54abbf4dac0de76069"},"headline":"Nou servei de NitBus per connectar Nou Barris i la Barceloneta","datePublished":"2025-03-18T06:00:00+00:00","mainEntityOfPage":{"@id":"https:\/\/www.noubarris.net\/web40\/nou-servei-nitbus-connectar-nou-barris-barceloneta\/"},"wordCount":291,"publisher":{"@id":"https:\/\/www.noubarris.net\/web40\/#organization"},"image":{"@id":"https:\/\/www.noubarris.net\/web40\/nou-servei-nitbus-connectar-nou-barris-barceloneta\/#primaryimage"},"thumbnailUrl":"https:\/\/www.noubarris.net\/web40\/wp-content\/uploads\/2025\/03\/Captura-de-pantalla-2025-03-17-103000.jpg","articleSection":["Les Roquetes","Mobilitat","Nou Barris"],"inLanguage":"ca"},{"@type":"WebPage","@id":"https:\/\/www.noubarris.net\/web40\/nou-servei-nitbus-connectar-nou-barris-barceloneta\/","url":"https:\/\/www.noubarris.net\/web40\/nou-servei-nitbus-connectar-nou-barris-barceloneta\/","name":"Nou servei de NitBus per connectar Nou Barris i la Barceloneta - NouBarris.Net","isPartOf":{"@id":"https:\/\/www.noubarris.net\/web40\/#website"},"primaryImageOfPage":{"@id":"https:\/\/www.noubarris.net\/web40\/nou-servei-nitbus-connectar-nou-barris-barceloneta\/#primaryimage"},"image":{"@id":"https:\/\/www.noubarris.net\/web40\/nou-servei-nitbus-connectar-nou-barris-barceloneta\/#primaryimage"},"thumbnailUrl":"https:\/\/www.noubarris.net\/web40\/wp-content\/uploads\/2025\/03\/Captura-de-pantalla-2025-03-17-103000.jpg","datePublished":"2025-03-18T06:00:00+00:00","breadcrumb":{"@id":"https:\/\/www.noubarris.net\/web40\/nou-servei-nitbus-connectar-nou-barris-barceloneta\/#breadcrumb"},"inLanguage":"ca","potentialAction":[{"@type":"ReadAction","target":["https:\/\/www.noubarris.net\/web40\/nou-servei-nitbus-connectar-nou-barris-barceloneta\/"]}]},{"@type":"ImageObject","inLanguage":"ca","@id":"https:\/\/www.noubarris.net\/web40\/nou-servei-nitbus-connectar-nou-barris-barceloneta\/#primaryimage","url":"https:\/\/www.noubarris.net\/web40\/wp-content\/uploads\/2025\/03\/Captura-de-pantalla-2025-03-17-103000.jpg","contentUrl":"https:\/\/www.noubarris.net\/web40\/wp-content\/uploads\/2025\/03\/Captura-de-pantalla-2025-03-17-103000.jpg","width":792,"height":435,"caption":"Nitbus"},{"@type":"BreadcrumbList","@id":"https:\/\/www.noubarris.net\/web40\/nou-servei-nitbus-connectar-nou-barris-barceloneta\/#breadcrumb","itemListElement":[{"@type":"ListItem","position":1,"name":"Inici","item":"https:\/\/www.noubarris.net\/web40\/"},{"@type":"ListItem","position":2,"name":"Nou servei de NitBus per connectar Nou Barris i la Barceloneta"}]},{"@type":"WebSite","@id":"https:\/\/www.noubarris.net\/web40\/#website","url":"https:\/\/www.noubarris.net\/web40\/","name":"NouBarris.Net","description":"Seguint la vida de Nou Barris des de 1985","publisher":{"@id":"https:\/\/www.noubarris.net\/web40\/#organization"},"potentialAction":[{"@type":"SearchAction","target":{"@type":"EntryPoint","urlTemplate":"https:\/\/www.noubarris.net\/web40\/?s={search_term_string}"},"query-input":{"@type":"PropertyValueSpecification","valueRequired":true,"valueName":"search_term_string"}}],"inLanguage":"ca"},{"@type":"Organization","@id":"https:\/\/www.noubarris.net\/web40\/#organization","name":"NouBarris.Net","url":"https:\/\/www.noubarris.net\/web40\/","logo":{"@type":"ImageObject","inLanguage":"ca","@id":"https:\/\/www.noubarris.net\/web40\/#\/schema\/logo\/image\/","url":"https:\/\/www.noubarris.net\/web40\/wp-content\/uploads\/2024\/11\/cropped-cropped-LOGO_9BTV-2024_Insta-1.jpg","contentUrl":"https:\/\/www.noubarris.net\/web40\/wp-content\/uploads\/2024\/11\/cropped-cropped-LOGO_9BTV-2024_Insta-1.jpg","width":512,"height":512,"caption":"NouBarris.Net"},"image":{"@id":"https:\/\/www.noubarris.net\/web40\/#\/schema\/logo\/image\/"},"sameAs":["https:\/\/www.facebook.com\/NouBarris.net\/?locale=es_ES","https:\/\/x.com\/9BTV"]},{"@type":"Person","@id":"https:\/\/www.noubarris.net\/web40\/#\/schema\/person\/1827f92aaa316c54abbf4dac0de76069","name":"Informatius","image":{"@type":"ImageObject","inLanguage":"ca","@id":"https:\/\/www.noubarris.net\/web40\/#\/schema\/person\/image\/","url":"https:\/\/secure.gravatar.com\/avatar\/87a3b47928835fc72c6ee5b0e1a7263ef0c2d05003a98189bc14926c5f11bcdb?s=96&d=mm&r=g","contentUrl":"https:\/\/secure.gravatar.com\/avatar\/87a3b47928835fc72c6ee5b0e1a7263ef0c2d05003a98189bc14926c5f11bcdb?s=96&d=mm&r=g","caption":"Informatius"},"url":"https:\/\/www.noubarris.net\/web40\/author\/tele\/"}]}},"_links":{"self":[{"href":"https:\/\/www.noubarris.net\/web40\/wp-json\/wp\/v2\/posts\/84274","targetHints":{"allow":["GET"]}}],"collection":[{"href":"https:\/\/www.noubarris.net\/web40\/wp-json\/wp\/v2\/posts"}],"about":[{"href":"https:\/\/www.noubarris.net\/web40\/wp-json\/wp\/v2\/types\/post"}],"author":[{"embeddable":true,"href":"https:\/\/www.noubarris.net\/web40\/wp-json\/wp\/v2\/users\/2"}],"replies":[{"embeddable":true,"href":"https:\/\/www.noubarris.net\/web40\/wp-json\/wp\/v2\/comments?post=84274"}],"version-history":[{"count":3,"href":"https:\/\/www.noubarris.net\/web40\/wp-json\/wp\/v2\/posts\/84274\/revisions"}],"predecessor-version":[{"id":84280,"href":"https:\/\/www.noubarris.net\/web40\/wp-json\/wp\/v2\/posts\/84274\/revisions\/84280"}],"wp:featuredmedia":[{"embeddable":true,"href":"https:\/\/www.noubarris.net\/web40\/wp-json\/wp\/v2\/media\/84276"}],"wp:attachment":[{"href":"https:\/\/www.noubarris.net\/web40\/wp-json\/wp\/v2\/media?parent=84274"}],"wp:term":[{"taxonomy":"category","embeddable":true,"href":"https:\/\/www.noubarris.net\/web40\/wp-json\/wp\/v2\/categories?post=84274"},{"taxonomy":"post_tag","embeddable":true,"href":"https:\/\/www.noubarris.net\/web40\/wp-json\/wp\/v2\/tags?post=84274"}],"curies":[{"name":"wp","href":"https:\/\/api.w.org\/{rel}","templated":true}]}}