{"id":84442,"date":"2025-03-28T14:12:59","date_gmt":"2025-03-28T13:12:59","guid":{"rendered":"https:\/\/www.noubarris.net\/web40\/?p=84442"},"modified":"2025-03-28T19:27:20","modified_gmt":"2025-03-28T18:27:20","slug":"mobilitzacio-chafarinas-garantir-sanitat-publica-qualitat","status":"publish","type":"post","link":"https:\/\/www.noubarris.net\/web40\/mobilitzacio-chafarinas-garantir-sanitat-publica-qualitat\/","title":{"rendered":"Mobilitzaci\u00f3 al CAP Chafarinas per garantir una sanitat p\u00fablica de qualitat"},"content":{"rendered":"\n<p><strong>Ve\u00efns exigeixen respostes sobre la cobertura de places al CAP davant les jubilacions properes<\/strong><\/p>\n\n\n\n<p>Les associacions ve\u00efnals de Trinitat Nova i Prosperitat han protagonitzat una mobilitzaci\u00f3 per exigir una sanitat 100% p\u00fablica i de qualitat. Amb pancartes, consignes i testimonis de ve\u00efns i ve\u00efnes, han reclamat respostes sobre el futur del CAP Chafarinas, especialment davant les pr\u00f2ximes jubilacions de personal sanitari.<\/p>\n\n\n\n<figure class=\"wp-block-image aligncenter size-large is-resized\"><img loading=\"lazy\" decoding=\"async\" width=\"1024\" height=\"683\" src=\"https:\/\/www.noubarris.net\/web40\/wp-content\/uploads\/2025\/03\/IMG_5665-1024x683.jpg\" alt=\"\" class=\"wp-image-84449\" style=\"width:600px\" srcset=\"https:\/\/www.noubarris.net\/web40\/wp-content\/uploads\/2025\/03\/IMG_5665-1024x683.jpg 1024w, https:\/\/www.noubarris.net\/web40\/wp-content\/uploads\/2025\/03\/IMG_5665-300x200.jpg 300w, https:\/\/www.noubarris.net\/web40\/wp-content\/uploads\/2025\/03\/IMG_5665-768x512.jpg 768w, https:\/\/www.noubarris.net\/web40\/wp-content\/uploads\/2025\/03\/IMG_5665-1536x1024.jpg 1536w, https:\/\/www.noubarris.net\/web40\/wp-content\/uploads\/2025\/03\/IMG_5665-2048x1365.jpg 2048w, https:\/\/www.noubarris.net\/web40\/wp-content\/uploads\/2025\/03\/IMG_5665-1320x880.jpg 1320w, https:\/\/www.noubarris.net\/web40\/wp-content\/uploads\/2025\/03\/IMG_5665-272x182.jpg 272w\" sizes=\"auto, (max-width: 1024px) 100vw, 1024px\" \/><figcaption class=\"wp-element-caption\">Fotografies per D\u00eddac Quesada<\/figcaption><\/figure>\n\n\n\n<p><\/p>\n\n\n\n<p>Les entitats asseguren que porten mesos esperant una reuni\u00f3 amb la direcci\u00f3 del centre per con\u00e8ixer quines mesures es prendran per cobrir les vacants, especialment de metges de fam\u00edlia. La preocupaci\u00f3 creix perqu\u00e8 en altres barris s&#8217;han deixat places sense cobrir, afectant l&#8217;atenci\u00f3 prim\u00e0ria. Tot i aix\u00f2, el moviment ve\u00efnal ha deixat clar que en cap cas responsabilitza el personal m\u00e8dic, sin\u00f3 la manca de planificaci\u00f3 i recursos. Els ve\u00efns i ve\u00efnes han assegurat que no es rendiran fins a obtenir respostes i garantir un servei sanitari digne per al barri.<\/p>\n\n\n\n<p>El problema de la manca de personal sanitari als CAP del districte no es dona nom\u00e9s al CAP Chafarinas. Tamb\u00e9 el ve\u00efnat de la Zona Nord i les Roquetes lamenten fa temps que no es cobreixen les baixes o la marxa de metges o infermeres. En el cas del Tur\u00f3 de la Peira, la principal reivindicaci\u00f3 del ve\u00efnat \u00e9s la recuperaci\u00f3 del servei de pediatria, ja que ara per ara no compten amb cap metge especialitzat i hand e despla\u00e7ar-se fins al CAP Rio de Janeiro.<\/p>\n\n\n\n\n\n<p>Redacci\u00f3: Andrea Yuste<\/p>\n\n\n","protected":false},"excerpt":{"rendered":"<p>Ve\u00efns exigeixen respostes sobre la cobertura de places al CAP davant les jubilacions properes Les associacions ve\u00efnals de Trinitat Nova<\/p>\n","protected":false},"author":2,"featured_media":84444,"comment_status":"closed","ping_status":"closed","sticky":false,"template":"","format":"standard","meta":{"colormag_page_layout":"default_layout","_monsterinsights_skip_tracking":false,"_monsterinsights_sitenote_active":false,"_monsterinsights_sitenote_note":"","_monsterinsights_sitenote_category":0,"footnotes":""},"categories":[135,138],"tags":[],"class_list":["post-84442","post","type-post","status-publish","format-standard","has-post-thumbnail","hentry","category-la-prosperitat","category-la-trinitat-nova"],"yoast_head":"<!-- This site is optimized with the Yoast SEO plugin v25.3 - https:\/\/yoast.com\/wordpress\/plugins\/seo\/ -->\n<title>Mobilitzaci\u00f3 al CAP Chafarinas per garantir una sanitat p\u00fablica de qualitat - NouBarris.Net<\/title>\n<meta name=\"robots\" content=\"index, follow, max-snippet:-1, max-image-preview:large, max-video-preview:-1\" \/>\n<link rel=\"canonical\" href=\"https:\/\/www.noubarris.net\/web40\/mobilitzacio-chafarinas-garantir-sanitat-publica-qualitat\/\" \/>\n<meta property=\"og:locale\" content=\"ca_ES\" \/>\n<meta property=\"og:type\" content=\"article\" \/>\n<meta property=\"og:title\" content=\"Mobilitzaci\u00f3 al CAP Chafarinas per garantir una sanitat p\u00fablica de qualitat - NouBarris.Net\" \/>\n<meta property=\"og:description\" content=\"Ve\u00efns exigeixen respostes sobre la cobertura de places al CAP davant les jubilacions properes Les associacions ve\u00efnals de Trinitat Nova\" \/>\n<meta property=\"og:url\" content=\"https:\/\/www.noubarris.net\/web40\/mobilitzacio-chafarinas-garantir-sanitat-publica-qualitat\/\" \/>\n<meta property=\"og:site_name\" content=\"NouBarris.Net\" \/>\n<meta property=\"article:publisher\" content=\"https:\/\/www.facebook.com\/NouBarris.net\/?locale=es_ES\" \/>\n<meta property=\"article:published_time\" content=\"2025-03-28T13:12:59+00:00\" \/>\n<meta property=\"article:modified_time\" content=\"2025-03-28T18:27:20+00:00\" \/>\n<meta property=\"og:image\" content=\"https:\/\/www.noubarris.net\/web40\/wp-content\/uploads\/2025\/03\/Captura-de-pantalla-2025-03-28-135343.jpg\" \/>\n\t<meta property=\"og:image:width\" content=\"1189\" \/>\n\t<meta property=\"og:image:height\" content=\"778\" \/>\n\t<meta property=\"og:image:type\" content=\"image\/jpeg\" \/>\n<meta name=\"author\" content=\"Informatius\" \/>\n<meta name=\"twitter:card\" content=\"summary_large_image\" \/>\n<meta name=\"twitter:creator\" content=\"@9BTV\" \/>\n<meta name=\"twitter:site\" content=\"@9BTV\" \/>\n<meta name=\"twitter:label1\" content=\"Escrit per\" \/>\n\t<meta name=\"twitter:data1\" content=\"Informatius\" \/>\n\t<meta name=\"twitter:label2\" content=\"Temps estimat de lectura\" \/>\n\t<meta name=\"twitter:data2\" content=\"2 minuts\" \/>\n<script type=\"application\/ld+json\" class=\"yoast-schema-graph\">{\"@context\":\"https:\/\/schema.org\",\"@graph\":[{\"@type\":\"Article\",\"@id\":\"https:\/\/www.noubarris.net\/web40\/mobilitzacio-chafarinas-garantir-sanitat-publica-qualitat\/#article\",\"isPartOf\":{\"@id\":\"https:\/\/www.noubarris.net\/web40\/mobilitzacio-chafarinas-garantir-sanitat-publica-qualitat\/\"},\"author\":{\"name\":\"Informatius\",\"@id\":\"https:\/\/www.noubarris.net\/web40\/#\/schema\/person\/1827f92aaa316c54abbf4dac0de76069\"},\"headline\":\"Mobilitzaci\u00f3 al CAP Chafarinas per garantir una sanitat p\u00fablica de qualitat\",\"datePublished\":\"2025-03-28T13:12:59+00:00\",\"dateModified\":\"2025-03-28T18:27:20+00:00\",\"mainEntityOfPage\":{\"@id\":\"https:\/\/www.noubarris.net\/web40\/mobilitzacio-chafarinas-garantir-sanitat-publica-qualitat\/\"},\"wordCount\":276,\"publisher\":{\"@id\":\"https:\/\/www.noubarris.net\/web40\/#organization\"},\"image\":{\"@id\":\"https:\/\/www.noubarris.net\/web40\/mobilitzacio-chafarinas-garantir-sanitat-publica-qualitat\/#primaryimage\"},\"thumbnailUrl\":\"https:\/\/www.noubarris.net\/web40\/wp-content\/uploads\/2025\/03\/Captura-de-pantalla-2025-03-28-135343.jpg\",\"articleSection\":[\"La Prosperitat\",\"La Trinitat Nova\"],\"inLanguage\":\"ca\"},{\"@type\":\"WebPage\",\"@id\":\"https:\/\/www.noubarris.net\/web40\/mobilitzacio-chafarinas-garantir-sanitat-publica-qualitat\/\",\"url\":\"https:\/\/www.noubarris.net\/web40\/mobilitzacio-chafarinas-garantir-sanitat-publica-qualitat\/\",\"name\":\"Mobilitzaci\u00f3 al CAP Chafarinas per garantir una sanitat p\u00fablica de qualitat - NouBarris.Net\",\"isPartOf\":{\"@id\":\"https:\/\/www.noubarris.net\/web40\/#website\"},\"primaryImageOfPage\":{\"@id\":\"https:\/\/www.noubarris.net\/web40\/mobilitzacio-chafarinas-garantir-sanitat-publica-qualitat\/#primaryimage\"},\"image\":{\"@id\":\"https:\/\/www.noubarris.net\/web40\/mobilitzacio-chafarinas-garantir-sanitat-publica-qualitat\/#primaryimage\"},\"thumbnailUrl\":\"https:\/\/www.noubarris.net\/web40\/wp-content\/uploads\/2025\/03\/Captura-de-pantalla-2025-03-28-135343.jpg\",\"datePublished\":\"2025-03-28T13:12:59+00:00\",\"dateModified\":\"2025-03-28T18:27:20+00:00\",\"breadcrumb\":{\"@id\":\"https:\/\/www.noubarris.net\/web40\/mobilitzacio-chafarinas-garantir-sanitat-publica-qualitat\/#breadcrumb\"},\"inLanguage\":\"ca\",\"potentialAction\":[{\"@type\":\"ReadAction\",\"target\":[\"https:\/\/www.noubarris.net\/web40\/mobilitzacio-chafarinas-garantir-sanitat-publica-qualitat\/\"]}]},{\"@type\":\"ImageObject\",\"inLanguage\":\"ca\",\"@id\":\"https:\/\/www.noubarris.net\/web40\/mobilitzacio-chafarinas-garantir-sanitat-publica-qualitat\/#primaryimage\",\"url\":\"https:\/\/www.noubarris.net\/web40\/wp-content\/uploads\/2025\/03\/Captura-de-pantalla-2025-03-28-135343.jpg\",\"contentUrl\":\"https:\/\/www.noubarris.net\/web40\/wp-content\/uploads\/2025\/03\/Captura-de-pantalla-2025-03-28-135343.jpg\",\"width\":1189,\"height\":778},{\"@type\":\"BreadcrumbList\",\"@id\":\"https:\/\/www.noubarris.net\/web40\/mobilitzacio-chafarinas-garantir-sanitat-publica-qualitat\/#breadcrumb\",\"itemListElement\":[{\"@type\":\"ListItem\",\"position\":1,\"name\":\"Inici\",\"item\":\"https:\/\/www.noubarris.net\/web40\/\"},{\"@type\":\"ListItem\",\"position\":2,\"name\":\"Mobilitzaci\u00f3 al CAP Chafarinas per garantir una sanitat p\u00fablica de qualitat\"}]},{\"@type\":\"WebSite\",\"@id\":\"https:\/\/www.noubarris.net\/web40\/#website\",\"url\":\"https:\/\/www.noubarris.net\/web40\/\",\"name\":\"NouBarris.Net\",\"description\":\"Seguint la vida de Nou Barris des de 1985\",\"publisher\":{\"@id\":\"https:\/\/www.noubarris.net\/web40\/#organization\"},\"potentialAction\":[{\"@type\":\"SearchAction\",\"target\":{\"@type\":\"EntryPoint\",\"urlTemplate\":\"https:\/\/www.noubarris.net\/web40\/?s={search_term_string}\"},\"query-input\":{\"@type\":\"PropertyValueSpecification\",\"valueRequired\":true,\"valueName\":\"search_term_string\"}}],\"inLanguage\":\"ca\"},{\"@type\":\"Organization\",\"@id\":\"https:\/\/www.noubarris.net\/web40\/#organization\",\"name\":\"NouBarris.Net\",\"url\":\"https:\/\/www.noubarris.net\/web40\/\",\"logo\":{\"@type\":\"ImageObject\",\"inLanguage\":\"ca\",\"@id\":\"https:\/\/www.noubarris.net\/web40\/#\/schema\/logo\/image\/\",\"url\":\"https:\/\/www.noubarris.net\/web40\/wp-content\/uploads\/2024\/11\/cropped-cropped-LOGO_9BTV-2024_Insta-1.jpg\",\"contentUrl\":\"https:\/\/www.noubarris.net\/web40\/wp-content\/uploads\/2024\/11\/cropped-cropped-LOGO_9BTV-2024_Insta-1.jpg\",\"width\":512,\"height\":512,\"caption\":\"NouBarris.Net\"},\"image\":{\"@id\":\"https:\/\/www.noubarris.net\/web40\/#\/schema\/logo\/image\/\"},\"sameAs\":[\"https:\/\/www.facebook.com\/NouBarris.net\/?locale=es_ES\",\"https:\/\/x.com\/9BTV\"]},{\"@type\":\"Person\",\"@id\":\"https:\/\/www.noubarris.net\/web40\/#\/schema\/person\/1827f92aaa316c54abbf4dac0de76069\",\"name\":\"Informatius\",\"image\":{\"@type\":\"ImageObject\",\"inLanguage\":\"ca\",\"@id\":\"https:\/\/www.noubarris.net\/web40\/#\/schema\/person\/image\/\",\"url\":\"https:\/\/secure.gravatar.com\/avatar\/87a3b47928835fc72c6ee5b0e1a7263ef0c2d05003a98189bc14926c5f11bcdb?s=96&d=mm&r=g\",\"contentUrl\":\"https:\/\/secure.gravatar.com\/avatar\/87a3b47928835fc72c6ee5b0e1a7263ef0c2d05003a98189bc14926c5f11bcdb?s=96&d=mm&r=g\",\"caption\":\"Informatius\"},\"url\":\"https:\/\/www.noubarris.net\/web40\/author\/tele\/\"}]}<\/script>\n<!-- \/ Yoast SEO plugin. -->","yoast_head_json":{"title":"Mobilitzaci\u00f3 al CAP Chafarinas per garantir una sanitat p\u00fablica de qualitat - NouBarris.Net","robots":{"index":"index","follow":"follow","max-snippet":"max-snippet:-1","max-image-preview":"max-image-preview:large","max-video-preview":"max-video-preview:-1"},"canonical":"https:\/\/www.noubarris.net\/web40\/mobilitzacio-chafarinas-garantir-sanitat-publica-qualitat\/","og_locale":"ca_ES","og_type":"article","og_title":"Mobilitzaci\u00f3 al CAP Chafarinas per garantir una sanitat p\u00fablica de qualitat - NouBarris.Net","og_description":"Ve\u00efns exigeixen respostes sobre la cobertura de places al CAP davant les jubilacions properes Les associacions ve\u00efnals de Trinitat Nova","og_url":"https:\/\/www.noubarris.net\/web40\/mobilitzacio-chafarinas-garantir-sanitat-publica-qualitat\/","og_site_name":"NouBarris.Net","article_publisher":"https:\/\/www.facebook.com\/NouBarris.net\/?locale=es_ES","article_published_time":"2025-03-28T13:12:59+00:00","article_modified_time":"2025-03-28T18:27:20+00:00","og_image":[{"width":1189,"height":778,"url":"https:\/\/www.noubarris.net\/web40\/wp-content\/uploads\/2025\/03\/Captura-de-pantalla-2025-03-28-135343.jpg","type":"image\/jpeg"}],"author":"Informatius","twitter_card":"summary_large_image","twitter_creator":"@9BTV","twitter_site":"@9BTV","twitter_misc":{"Escrit per":"Informatius","Temps estimat de lectura":"2 minuts"},"schema":{"@context":"https:\/\/schema.org","@graph":[{"@type":"Article","@id":"https:\/\/www.noubarris.net\/web40\/mobilitzacio-chafarinas-garantir-sanitat-publica-qualitat\/#article","isPartOf":{"@id":"https:\/\/www.noubarris.net\/web40\/mobilitzacio-chafarinas-garantir-sanitat-publica-qualitat\/"},"author":{"name":"Informatius","@id":"https:\/\/www.noubarris.net\/web40\/#\/schema\/person\/1827f92aaa316c54abbf4dac0de76069"},"headline":"Mobilitzaci\u00f3 al CAP Chafarinas per garantir una sanitat p\u00fablica de qualitat","datePublished":"2025-03-28T13:12:59+00:00","dateModified":"2025-03-28T18:27:20+00:00","mainEntityOfPage":{"@id":"https:\/\/www.noubarris.net\/web40\/mobilitzacio-chafarinas-garantir-sanitat-publica-qualitat\/"},"wordCount":276,"publisher":{"@id":"https:\/\/www.noubarris.net\/web40\/#organization"},"image":{"@id":"https:\/\/www.noubarris.net\/web40\/mobilitzacio-chafarinas-garantir-sanitat-publica-qualitat\/#primaryimage"},"thumbnailUrl":"https:\/\/www.noubarris.net\/web40\/wp-content\/uploads\/2025\/03\/Captura-de-pantalla-2025-03-28-135343.jpg","articleSection":["La Prosperitat","La Trinitat Nova"],"inLanguage":"ca"},{"@type":"WebPage","@id":"https:\/\/www.noubarris.net\/web40\/mobilitzacio-chafarinas-garantir-sanitat-publica-qualitat\/","url":"https:\/\/www.noubarris.net\/web40\/mobilitzacio-chafarinas-garantir-sanitat-publica-qualitat\/","name":"Mobilitzaci\u00f3 al CAP Chafarinas per garantir una sanitat p\u00fablica de qualitat - NouBarris.Net","isPartOf":{"@id":"https:\/\/www.noubarris.net\/web40\/#website"},"primaryImageOfPage":{"@id":"https:\/\/www.noubarris.net\/web40\/mobilitzacio-chafarinas-garantir-sanitat-publica-qualitat\/#primaryimage"},"image":{"@id":"https:\/\/www.noubarris.net\/web40\/mobilitzacio-chafarinas-garantir-sanitat-publica-qualitat\/#primaryimage"},"thumbnailUrl":"https:\/\/www.noubarris.net\/web40\/wp-content\/uploads\/2025\/03\/Captura-de-pantalla-2025-03-28-135343.jpg","datePublished":"2025-03-28T13:12:59+00:00","dateModified":"2025-03-28T18:27:20+00:00","breadcrumb":{"@id":"https:\/\/www.noubarris.net\/web40\/mobilitzacio-chafarinas-garantir-sanitat-publica-qualitat\/#breadcrumb"},"inLanguage":"ca","potentialAction":[{"@type":"ReadAction","target":["https:\/\/www.noubarris.net\/web40\/mobilitzacio-chafarinas-garantir-sanitat-publica-qualitat\/"]}]},{"@type":"ImageObject","inLanguage":"ca","@id":"https:\/\/www.noubarris.net\/web40\/mobilitzacio-chafarinas-garantir-sanitat-publica-qualitat\/#primaryimage","url":"https:\/\/www.noubarris.net\/web40\/wp-content\/uploads\/2025\/03\/Captura-de-pantalla-2025-03-28-135343.jpg","contentUrl":"https:\/\/www.noubarris.net\/web40\/wp-content\/uploads\/2025\/03\/Captura-de-pantalla-2025-03-28-135343.jpg","width":1189,"height":778},{"@type":"BreadcrumbList","@id":"https:\/\/www.noubarris.net\/web40\/mobilitzacio-chafarinas-garantir-sanitat-publica-qualitat\/#breadcrumb","itemListElement":[{"@type":"ListItem","position":1,"name":"Inici","item":"https:\/\/www.noubarris.net\/web40\/"},{"@type":"ListItem","position":2,"name":"Mobilitzaci\u00f3 al CAP Chafarinas per garantir una sanitat p\u00fablica de qualitat"}]},{"@type":"WebSite","@id":"https:\/\/www.noubarris.net\/web40\/#website","url":"https:\/\/www.noubarris.net\/web40\/","name":"NouBarris.Net","description":"Seguint la vida de Nou Barris des de 1985","publisher":{"@id":"https:\/\/www.noubarris.net\/web40\/#organization"},"potentialAction":[{"@type":"SearchAction","target":{"@type":"EntryPoint","urlTemplate":"https:\/\/www.noubarris.net\/web40\/?s={search_term_string}"},"query-input":{"@type":"PropertyValueSpecification","valueRequired":true,"valueName":"search_term_string"}}],"inLanguage":"ca"},{"@type":"Organization","@id":"https:\/\/www.noubarris.net\/web40\/#organization","name":"NouBarris.Net","url":"https:\/\/www.noubarris.net\/web40\/","logo":{"@type":"ImageObject","inLanguage":"ca","@id":"https:\/\/www.noubarris.net\/web40\/#\/schema\/logo\/image\/","url":"https:\/\/www.noubarris.net\/web40\/wp-content\/uploads\/2024\/11\/cropped-cropped-LOGO_9BTV-2024_Insta-1.jpg","contentUrl":"https:\/\/www.noubarris.net\/web40\/wp-content\/uploads\/2024\/11\/cropped-cropped-LOGO_9BTV-2024_Insta-1.jpg","width":512,"height":512,"caption":"NouBarris.Net"},"image":{"@id":"https:\/\/www.noubarris.net\/web40\/#\/schema\/logo\/image\/"},"sameAs":["https:\/\/www.facebook.com\/NouBarris.net\/?locale=es_ES","https:\/\/x.com\/9BTV"]},{"@type":"Person","@id":"https:\/\/www.noubarris.net\/web40\/#\/schema\/person\/1827f92aaa316c54abbf4dac0de76069","name":"Informatius","image":{"@type":"ImageObject","inLanguage":"ca","@id":"https:\/\/www.noubarris.net\/web40\/#\/schema\/person\/image\/","url":"https:\/\/secure.gravatar.com\/avatar\/87a3b47928835fc72c6ee5b0e1a7263ef0c2d05003a98189bc14926c5f11bcdb?s=96&d=mm&r=g","contentUrl":"https:\/\/secure.gravatar.com\/avatar\/87a3b47928835fc72c6ee5b0e1a7263ef0c2d05003a98189bc14926c5f11bcdb?s=96&d=mm&r=g","caption":"Informatius"},"url":"https:\/\/www.noubarris.net\/web40\/author\/tele\/"}]}},"_links":{"self":[{"href":"https:\/\/www.noubarris.net\/web40\/wp-json\/wp\/v2\/posts\/84442","targetHints":{"allow":["GET"]}}],"collection":[{"href":"https:\/\/www.noubarris.net\/web40\/wp-json\/wp\/v2\/posts"}],"about":[{"href":"https:\/\/www.noubarris.net\/web40\/wp-json\/wp\/v2\/types\/post"}],"author":[{"embeddable":true,"href":"https:\/\/www.noubarris.net\/web40\/wp-json\/wp\/v2\/users\/2"}],"replies":[{"embeddable":true,"href":"https:\/\/www.noubarris.net\/web40\/wp-json\/wp\/v2\/comments?post=84442"}],"version-history":[{"count":4,"href":"https:\/\/www.noubarris.net\/web40\/wp-json\/wp\/v2\/posts\/84442\/revisions"}],"predecessor-version":[{"id":84461,"href":"https:\/\/www.noubarris.net\/web40\/wp-json\/wp\/v2\/posts\/84442\/revisions\/84461"}],"wp:featuredmedia":[{"embeddable":true,"href":"https:\/\/www.noubarris.net\/web40\/wp-json\/wp\/v2\/media\/84444"}],"wp:attachment":[{"href":"https:\/\/www.noubarris.net\/web40\/wp-json\/wp\/v2\/media?parent=84442"}],"wp:term":[{"taxonomy":"category","embeddable":true,"href":"https:\/\/www.noubarris.net\/web40\/wp-json\/wp\/v2\/categories?post=84442"},{"taxonomy":"post_tag","embeddable":true,"href":"https:\/\/www.noubarris.net\/web40\/wp-json\/wp\/v2\/tags?post=84442"}],"curies":[{"name":"wp","href":"https:\/\/api.w.org\/{rel}","templated":true}]}}