{"id":84465,"date":"2025-03-31T00:00:21","date_gmt":"2025-03-30T22:00:21","guid":{"rendered":"https:\/\/www.noubarris.net\/web40\/?p=84465"},"modified":"2025-03-31T10:18:55","modified_gmt":"2025-03-31T08:18:55","slug":"porta-debat-reurbanitzar-aparcament-provisional-pintor-alsamora","status":"publish","type":"post","link":"https:\/\/www.noubarris.net\/web40\/porta-debat-reurbanitzar-aparcament-provisional-pintor-alsamora\/","title":{"rendered":"Porta debat com s&#8217;ha de reurbanitzar l&#8217;aparcament provisional del carrer del Pintor Alsamora"},"content":{"rendered":"<p><strong>La sessi\u00f3 t\u00e9 lloc avui dilluns, a partir de les 18 hores a l\u2019Ateneu la B\u00f2bila de Porta<\/strong><\/p>\n<p>El govern del districte porta a debat aquesta tarda com ha de ser la transformaci\u00f3 del solar del carrer del Pintor Alsamora, que actualment \u00e9s un aparcament provisional que llinda amb el Cementiri de Sant Andreu.\u00a0\u00a0En el marc del Programa d\u2019Espais de Proximitat i Interiors (PEPI), la intenci\u00f3 municipal \u00e9s fer-hi emergir el verd i afavorir l\u2019\u00fas ve\u00efnal d\u2019aquest nou espai p\u00fablic. Per motius d\u2019organitzaci\u00f3 i aforament de l\u2019espai, cal inscripci\u00f3 pr\u00e8via\u00a0a\u00a0barcelona.cat\/obres\/participacio.<\/p>\n<p>Aquestes actuacions vindrien a complementar la primera fase de remodelaci\u00f3 del gran aparcament provisional, creant un gran corredor verd en paral\u00b7lel al mur. Es tracta de la reivindicaci\u00f3 ve\u00efnal i dels usuaris dels horts de Can Valent. De fet, un punt essencial \u00e9s el trasllat dels horts de Can Valent al costat del mur. A m\u00e9s tamb\u00e9 es plantar\u00e0 verd i arbres fruiters. Tot plegat eliminar\u00e0 part de les places d&#8217;aparcament, de manera que quedaran 184 places, de les 346 actuals.<\/p>\n","protected":false},"excerpt":{"rendered":"<p>La sessi\u00f3 t\u00e9 lloc avui dilluns, a partir de les 18 hores a l\u2019Ateneu la B\u00f2bila de Porta El govern<\/p>\n","protected":false},"author":2,"featured_media":84466,"comment_status":"closed","ping_status":"closed","sticky":false,"template":"","format":"standard","meta":{"colormag_page_layout":"default_layout","_monsterinsights_skip_tracking":false,"_monsterinsights_sitenote_active":false,"_monsterinsights_sitenote_note":"","_monsterinsights_sitenote_category":0,"footnotes":""},"categories":[134,302],"tags":[],"class_list":["post-84465","post","type-post","status-publish","format-standard","has-post-thumbnail","hentry","category-porta","category-urbanisme"],"yoast_head":"<!-- This site is optimized with the Yoast SEO plugin v25.3 - https:\/\/yoast.com\/wordpress\/plugins\/seo\/ -->\n<title>Porta debat com s&#039;ha de reurbanitzar l&#039;aparcament provisional del carrer del Pintor Alsamora - NouBarris.Net<\/title>\n<meta name=\"robots\" content=\"index, follow, max-snippet:-1, max-image-preview:large, max-video-preview:-1\" \/>\n<link rel=\"canonical\" href=\"https:\/\/www.noubarris.net\/web40\/porta-debat-reurbanitzar-aparcament-provisional-pintor-alsamora\/\" \/>\n<meta property=\"og:locale\" content=\"ca_ES\" \/>\n<meta property=\"og:type\" content=\"article\" \/>\n<meta property=\"og:title\" content=\"Porta debat com s&#039;ha de reurbanitzar l&#039;aparcament provisional del carrer del Pintor Alsamora - NouBarris.Net\" \/>\n<meta property=\"og:description\" content=\"La sessi\u00f3 t\u00e9 lloc avui dilluns, a partir de les 18 hores a l\u2019Ateneu la B\u00f2bila de Porta El govern\" \/>\n<meta property=\"og:url\" content=\"https:\/\/www.noubarris.net\/web40\/porta-debat-reurbanitzar-aparcament-provisional-pintor-alsamora\/\" \/>\n<meta property=\"og:site_name\" content=\"NouBarris.Net\" \/>\n<meta property=\"article:publisher\" content=\"https:\/\/www.facebook.com\/NouBarris.net\/?locale=es_ES\" \/>\n<meta property=\"article:published_time\" content=\"2025-03-30T22:00:21+00:00\" \/>\n<meta property=\"article:modified_time\" content=\"2025-03-31T08:18:55+00:00\" \/>\n<meta property=\"og:image\" content=\"https:\/\/www.noubarris.net\/web40\/wp-content\/uploads\/2025\/03\/041224-1.jpg\" \/>\n\t<meta property=\"og:image:width\" content=\"768\" \/>\n\t<meta property=\"og:image:height\" content=\"432\" \/>\n\t<meta property=\"og:image:type\" content=\"image\/jpeg\" \/>\n<meta name=\"author\" content=\"Informatius\" \/>\n<meta name=\"twitter:card\" content=\"summary_large_image\" \/>\n<meta name=\"twitter:creator\" content=\"@9BTV\" \/>\n<meta name=\"twitter:site\" content=\"@9BTV\" \/>\n<meta name=\"twitter:label1\" content=\"Escrit per\" \/>\n\t<meta name=\"twitter:data1\" content=\"Informatius\" \/>\n\t<meta name=\"twitter:label2\" content=\"Temps estimat de lectura\" \/>\n\t<meta name=\"twitter:data2\" content=\"2 minuts\" \/>\n<script type=\"application\/ld+json\" class=\"yoast-schema-graph\">{\"@context\":\"https:\/\/schema.org\",\"@graph\":[{\"@type\":\"Article\",\"@id\":\"https:\/\/www.noubarris.net\/web40\/porta-debat-reurbanitzar-aparcament-provisional-pintor-alsamora\/#article\",\"isPartOf\":{\"@id\":\"https:\/\/www.noubarris.net\/web40\/porta-debat-reurbanitzar-aparcament-provisional-pintor-alsamora\/\"},\"author\":{\"name\":\"Informatius\",\"@id\":\"https:\/\/www.noubarris.net\/web40\/#\/schema\/person\/1827f92aaa316c54abbf4dac0de76069\"},\"headline\":\"Porta debat com s&#8217;ha de reurbanitzar l&#8217;aparcament provisional del carrer del Pintor Alsamora\",\"datePublished\":\"2025-03-30T22:00:21+00:00\",\"dateModified\":\"2025-03-31T08:18:55+00:00\",\"mainEntityOfPage\":{\"@id\":\"https:\/\/www.noubarris.net\/web40\/porta-debat-reurbanitzar-aparcament-provisional-pintor-alsamora\/\"},\"wordCount\":203,\"publisher\":{\"@id\":\"https:\/\/www.noubarris.net\/web40\/#organization\"},\"image\":{\"@id\":\"https:\/\/www.noubarris.net\/web40\/porta-debat-reurbanitzar-aparcament-provisional-pintor-alsamora\/#primaryimage\"},\"thumbnailUrl\":\"https:\/\/www.noubarris.net\/web40\/wp-content\/uploads\/2025\/03\/041224-1.jpg\",\"articleSection\":[\"Porta\",\"Urbanisme\"],\"inLanguage\":\"ca\"},{\"@type\":\"WebPage\",\"@id\":\"https:\/\/www.noubarris.net\/web40\/porta-debat-reurbanitzar-aparcament-provisional-pintor-alsamora\/\",\"url\":\"https:\/\/www.noubarris.net\/web40\/porta-debat-reurbanitzar-aparcament-provisional-pintor-alsamora\/\",\"name\":\"Porta debat com s'ha de reurbanitzar l'aparcament provisional del carrer del Pintor Alsamora - NouBarris.Net\",\"isPartOf\":{\"@id\":\"https:\/\/www.noubarris.net\/web40\/#website\"},\"primaryImageOfPage\":{\"@id\":\"https:\/\/www.noubarris.net\/web40\/porta-debat-reurbanitzar-aparcament-provisional-pintor-alsamora\/#primaryimage\"},\"image\":{\"@id\":\"https:\/\/www.noubarris.net\/web40\/porta-debat-reurbanitzar-aparcament-provisional-pintor-alsamora\/#primaryimage\"},\"thumbnailUrl\":\"https:\/\/www.noubarris.net\/web40\/wp-content\/uploads\/2025\/03\/041224-1.jpg\",\"datePublished\":\"2025-03-30T22:00:21+00:00\",\"dateModified\":\"2025-03-31T08:18:55+00:00\",\"breadcrumb\":{\"@id\":\"https:\/\/www.noubarris.net\/web40\/porta-debat-reurbanitzar-aparcament-provisional-pintor-alsamora\/#breadcrumb\"},\"inLanguage\":\"ca\",\"potentialAction\":[{\"@type\":\"ReadAction\",\"target\":[\"https:\/\/www.noubarris.net\/web40\/porta-debat-reurbanitzar-aparcament-provisional-pintor-alsamora\/\"]}]},{\"@type\":\"ImageObject\",\"inLanguage\":\"ca\",\"@id\":\"https:\/\/www.noubarris.net\/web40\/porta-debat-reurbanitzar-aparcament-provisional-pintor-alsamora\/#primaryimage\",\"url\":\"https:\/\/www.noubarris.net\/web40\/wp-content\/uploads\/2025\/03\/041224-1.jpg\",\"contentUrl\":\"https:\/\/www.noubarris.net\/web40\/wp-content\/uploads\/2025\/03\/041224-1.jpg\",\"width\":768,\"height\":432},{\"@type\":\"BreadcrumbList\",\"@id\":\"https:\/\/www.noubarris.net\/web40\/porta-debat-reurbanitzar-aparcament-provisional-pintor-alsamora\/#breadcrumb\",\"itemListElement\":[{\"@type\":\"ListItem\",\"position\":1,\"name\":\"Inici\",\"item\":\"https:\/\/www.noubarris.net\/web40\/\"},{\"@type\":\"ListItem\",\"position\":2,\"name\":\"Porta debat com s&#8217;ha de reurbanitzar l&#8217;aparcament provisional del carrer del Pintor Alsamora\"}]},{\"@type\":\"WebSite\",\"@id\":\"https:\/\/www.noubarris.net\/web40\/#website\",\"url\":\"https:\/\/www.noubarris.net\/web40\/\",\"name\":\"NouBarris.Net\",\"description\":\"Seguint la vida de Nou Barris des de 1985\",\"publisher\":{\"@id\":\"https:\/\/www.noubarris.net\/web40\/#organization\"},\"potentialAction\":[{\"@type\":\"SearchAction\",\"target\":{\"@type\":\"EntryPoint\",\"urlTemplate\":\"https:\/\/www.noubarris.net\/web40\/?s={search_term_string}\"},\"query-input\":{\"@type\":\"PropertyValueSpecification\",\"valueRequired\":true,\"valueName\":\"search_term_string\"}}],\"inLanguage\":\"ca\"},{\"@type\":\"Organization\",\"@id\":\"https:\/\/www.noubarris.net\/web40\/#organization\",\"name\":\"NouBarris.Net\",\"url\":\"https:\/\/www.noubarris.net\/web40\/\",\"logo\":{\"@type\":\"ImageObject\",\"inLanguage\":\"ca\",\"@id\":\"https:\/\/www.noubarris.net\/web40\/#\/schema\/logo\/image\/\",\"url\":\"https:\/\/www.noubarris.net\/web40\/wp-content\/uploads\/2024\/11\/cropped-cropped-LOGO_9BTV-2024_Insta-1.jpg\",\"contentUrl\":\"https:\/\/www.noubarris.net\/web40\/wp-content\/uploads\/2024\/11\/cropped-cropped-LOGO_9BTV-2024_Insta-1.jpg\",\"width\":512,\"height\":512,\"caption\":\"NouBarris.Net\"},\"image\":{\"@id\":\"https:\/\/www.noubarris.net\/web40\/#\/schema\/logo\/image\/\"},\"sameAs\":[\"https:\/\/www.facebook.com\/NouBarris.net\/?locale=es_ES\",\"https:\/\/x.com\/9BTV\"]},{\"@type\":\"Person\",\"@id\":\"https:\/\/www.noubarris.net\/web40\/#\/schema\/person\/1827f92aaa316c54abbf4dac0de76069\",\"name\":\"Informatius\",\"image\":{\"@type\":\"ImageObject\",\"inLanguage\":\"ca\",\"@id\":\"https:\/\/www.noubarris.net\/web40\/#\/schema\/person\/image\/\",\"url\":\"https:\/\/secure.gravatar.com\/avatar\/87a3b47928835fc72c6ee5b0e1a7263ef0c2d05003a98189bc14926c5f11bcdb?s=96&d=mm&r=g\",\"contentUrl\":\"https:\/\/secure.gravatar.com\/avatar\/87a3b47928835fc72c6ee5b0e1a7263ef0c2d05003a98189bc14926c5f11bcdb?s=96&d=mm&r=g\",\"caption\":\"Informatius\"},\"url\":\"https:\/\/www.noubarris.net\/web40\/author\/tele\/\"}]}<\/script>\n<!-- \/ Yoast SEO plugin. -->","yoast_head_json":{"title":"Porta debat com s'ha de reurbanitzar l'aparcament provisional del carrer del Pintor Alsamora - NouBarris.Net","robots":{"index":"index","follow":"follow","max-snippet":"max-snippet:-1","max-image-preview":"max-image-preview:large","max-video-preview":"max-video-preview:-1"},"canonical":"https:\/\/www.noubarris.net\/web40\/porta-debat-reurbanitzar-aparcament-provisional-pintor-alsamora\/","og_locale":"ca_ES","og_type":"article","og_title":"Porta debat com s'ha de reurbanitzar l'aparcament provisional del carrer del Pintor Alsamora - NouBarris.Net","og_description":"La sessi\u00f3 t\u00e9 lloc avui dilluns, a partir de les 18 hores a l\u2019Ateneu la B\u00f2bila de Porta El govern","og_url":"https:\/\/www.noubarris.net\/web40\/porta-debat-reurbanitzar-aparcament-provisional-pintor-alsamora\/","og_site_name":"NouBarris.Net","article_publisher":"https:\/\/www.facebook.com\/NouBarris.net\/?locale=es_ES","article_published_time":"2025-03-30T22:00:21+00:00","article_modified_time":"2025-03-31T08:18:55+00:00","og_image":[{"width":768,"height":432,"url":"https:\/\/www.noubarris.net\/web40\/wp-content\/uploads\/2025\/03\/041224-1.jpg","type":"image\/jpeg"}],"author":"Informatius","twitter_card":"summary_large_image","twitter_creator":"@9BTV","twitter_site":"@9BTV","twitter_misc":{"Escrit per":"Informatius","Temps estimat de lectura":"2 minuts"},"schema":{"@context":"https:\/\/schema.org","@graph":[{"@type":"Article","@id":"https:\/\/www.noubarris.net\/web40\/porta-debat-reurbanitzar-aparcament-provisional-pintor-alsamora\/#article","isPartOf":{"@id":"https:\/\/www.noubarris.net\/web40\/porta-debat-reurbanitzar-aparcament-provisional-pintor-alsamora\/"},"author":{"name":"Informatius","@id":"https:\/\/www.noubarris.net\/web40\/#\/schema\/person\/1827f92aaa316c54abbf4dac0de76069"},"headline":"Porta debat com s&#8217;ha de reurbanitzar l&#8217;aparcament provisional del carrer del Pintor Alsamora","datePublished":"2025-03-30T22:00:21+00:00","dateModified":"2025-03-31T08:18:55+00:00","mainEntityOfPage":{"@id":"https:\/\/www.noubarris.net\/web40\/porta-debat-reurbanitzar-aparcament-provisional-pintor-alsamora\/"},"wordCount":203,"publisher":{"@id":"https:\/\/www.noubarris.net\/web40\/#organization"},"image":{"@id":"https:\/\/www.noubarris.net\/web40\/porta-debat-reurbanitzar-aparcament-provisional-pintor-alsamora\/#primaryimage"},"thumbnailUrl":"https:\/\/www.noubarris.net\/web40\/wp-content\/uploads\/2025\/03\/041224-1.jpg","articleSection":["Porta","Urbanisme"],"inLanguage":"ca"},{"@type":"WebPage","@id":"https:\/\/www.noubarris.net\/web40\/porta-debat-reurbanitzar-aparcament-provisional-pintor-alsamora\/","url":"https:\/\/www.noubarris.net\/web40\/porta-debat-reurbanitzar-aparcament-provisional-pintor-alsamora\/","name":"Porta debat com s'ha de reurbanitzar l'aparcament provisional del carrer del Pintor Alsamora - NouBarris.Net","isPartOf":{"@id":"https:\/\/www.noubarris.net\/web40\/#website"},"primaryImageOfPage":{"@id":"https:\/\/www.noubarris.net\/web40\/porta-debat-reurbanitzar-aparcament-provisional-pintor-alsamora\/#primaryimage"},"image":{"@id":"https:\/\/www.noubarris.net\/web40\/porta-debat-reurbanitzar-aparcament-provisional-pintor-alsamora\/#primaryimage"},"thumbnailUrl":"https:\/\/www.noubarris.net\/web40\/wp-content\/uploads\/2025\/03\/041224-1.jpg","datePublished":"2025-03-30T22:00:21+00:00","dateModified":"2025-03-31T08:18:55+00:00","breadcrumb":{"@id":"https:\/\/www.noubarris.net\/web40\/porta-debat-reurbanitzar-aparcament-provisional-pintor-alsamora\/#breadcrumb"},"inLanguage":"ca","potentialAction":[{"@type":"ReadAction","target":["https:\/\/www.noubarris.net\/web40\/porta-debat-reurbanitzar-aparcament-provisional-pintor-alsamora\/"]}]},{"@type":"ImageObject","inLanguage":"ca","@id":"https:\/\/www.noubarris.net\/web40\/porta-debat-reurbanitzar-aparcament-provisional-pintor-alsamora\/#primaryimage","url":"https:\/\/www.noubarris.net\/web40\/wp-content\/uploads\/2025\/03\/041224-1.jpg","contentUrl":"https:\/\/www.noubarris.net\/web40\/wp-content\/uploads\/2025\/03\/041224-1.jpg","width":768,"height":432},{"@type":"BreadcrumbList","@id":"https:\/\/www.noubarris.net\/web40\/porta-debat-reurbanitzar-aparcament-provisional-pintor-alsamora\/#breadcrumb","itemListElement":[{"@type":"ListItem","position":1,"name":"Inici","item":"https:\/\/www.noubarris.net\/web40\/"},{"@type":"ListItem","position":2,"name":"Porta debat com s&#8217;ha de reurbanitzar l&#8217;aparcament provisional del carrer del Pintor Alsamora"}]},{"@type":"WebSite","@id":"https:\/\/www.noubarris.net\/web40\/#website","url":"https:\/\/www.noubarris.net\/web40\/","name":"NouBarris.Net","description":"Seguint la vida de Nou Barris des de 1985","publisher":{"@id":"https:\/\/www.noubarris.net\/web40\/#organization"},"potentialAction":[{"@type":"SearchAction","target":{"@type":"EntryPoint","urlTemplate":"https:\/\/www.noubarris.net\/web40\/?s={search_term_string}"},"query-input":{"@type":"PropertyValueSpecification","valueRequired":true,"valueName":"search_term_string"}}],"inLanguage":"ca"},{"@type":"Organization","@id":"https:\/\/www.noubarris.net\/web40\/#organization","name":"NouBarris.Net","url":"https:\/\/www.noubarris.net\/web40\/","logo":{"@type":"ImageObject","inLanguage":"ca","@id":"https:\/\/www.noubarris.net\/web40\/#\/schema\/logo\/image\/","url":"https:\/\/www.noubarris.net\/web40\/wp-content\/uploads\/2024\/11\/cropped-cropped-LOGO_9BTV-2024_Insta-1.jpg","contentUrl":"https:\/\/www.noubarris.net\/web40\/wp-content\/uploads\/2024\/11\/cropped-cropped-LOGO_9BTV-2024_Insta-1.jpg","width":512,"height":512,"caption":"NouBarris.Net"},"image":{"@id":"https:\/\/www.noubarris.net\/web40\/#\/schema\/logo\/image\/"},"sameAs":["https:\/\/www.facebook.com\/NouBarris.net\/?locale=es_ES","https:\/\/x.com\/9BTV"]},{"@type":"Person","@id":"https:\/\/www.noubarris.net\/web40\/#\/schema\/person\/1827f92aaa316c54abbf4dac0de76069","name":"Informatius","image":{"@type":"ImageObject","inLanguage":"ca","@id":"https:\/\/www.noubarris.net\/web40\/#\/schema\/person\/image\/","url":"https:\/\/secure.gravatar.com\/avatar\/87a3b47928835fc72c6ee5b0e1a7263ef0c2d05003a98189bc14926c5f11bcdb?s=96&d=mm&r=g","contentUrl":"https:\/\/secure.gravatar.com\/avatar\/87a3b47928835fc72c6ee5b0e1a7263ef0c2d05003a98189bc14926c5f11bcdb?s=96&d=mm&r=g","caption":"Informatius"},"url":"https:\/\/www.noubarris.net\/web40\/author\/tele\/"}]}},"_links":{"self":[{"href":"https:\/\/www.noubarris.net\/web40\/wp-json\/wp\/v2\/posts\/84465","targetHints":{"allow":["GET"]}}],"collection":[{"href":"https:\/\/www.noubarris.net\/web40\/wp-json\/wp\/v2\/posts"}],"about":[{"href":"https:\/\/www.noubarris.net\/web40\/wp-json\/wp\/v2\/types\/post"}],"author":[{"embeddable":true,"href":"https:\/\/www.noubarris.net\/web40\/wp-json\/wp\/v2\/users\/2"}],"replies":[{"embeddable":true,"href":"https:\/\/www.noubarris.net\/web40\/wp-json\/wp\/v2\/comments?post=84465"}],"version-history":[{"count":2,"href":"https:\/\/www.noubarris.net\/web40\/wp-json\/wp\/v2\/posts\/84465\/revisions"}],"predecessor-version":[{"id":84472,"href":"https:\/\/www.noubarris.net\/web40\/wp-json\/wp\/v2\/posts\/84465\/revisions\/84472"}],"wp:featuredmedia":[{"embeddable":true,"href":"https:\/\/www.noubarris.net\/web40\/wp-json\/wp\/v2\/media\/84466"}],"wp:attachment":[{"href":"https:\/\/www.noubarris.net\/web40\/wp-json\/wp\/v2\/media?parent=84465"}],"wp:term":[{"taxonomy":"category","embeddable":true,"href":"https:\/\/www.noubarris.net\/web40\/wp-json\/wp\/v2\/categories?post=84465"},{"taxonomy":"post_tag","embeddable":true,"href":"https:\/\/www.noubarris.net\/web40\/wp-json\/wp\/v2\/tags?post=84465"}],"curies":[{"name":"wp","href":"https:\/\/api.w.org\/{rel}","templated":true}]}}