{"id":84477,"date":"2025-04-01T13:20:15","date_gmt":"2025-04-01T11:20:15","guid":{"rendered":"https:\/\/www.noubarris.net\/web40\/?p=84477"},"modified":"2025-04-01T13:20:20","modified_gmt":"2025-04-01T11:20:20","slug":"onix-brilla-copa-catalana-competicio-escolar","status":"publish","type":"post","link":"https:\/\/www.noubarris.net\/web40\/onix-brilla-copa-catalana-competicio-escolar\/","title":{"rendered":"L\u2019AE Onix brilla en la Copa Catalana i en la competici\u00f3 escolar"},"content":{"rendered":"\n<p><strong>El club es prepara per a l\u2019inici de la temporada de conjunts aquest abril<\/strong><\/p>\n\n\n\n<p><\/p><p style=\"text-align: justify;\">L\u2019<a href=\"https:\/\/www.ritmicaonix.com\/\" target=\"_blank\" rel=\"noopener\">Associaci\u00f3 Esportiva Onix<\/a> ha tornat a destacar en el panorama esportiu catal\u00e0, sumant nous t\u00edtols per al districte de Nou Barris. En la modalitat individual de la segona fase de la Copa Catalana NV, celebrada a Santa Coloma de Farners (Girona), el club ha aconseguit una primera posici\u00f3 en la categoria Benjam\u00ed. Tamb\u00e9 ha tingut participaci\u00f3 en la categoria S\u00e8nior NV, amb una actuaci\u00f3 que, tot i no situar-se entre les primeres posicions, va reflectir el bon treball realitzat per la gimnasta. Ara, les esportistes es preparen per afrontar el Campionat de Catalunya, on esperen continuar demostrant el seu treball.<\/p>\n\n\n\n<figure class=\"wp-block-image size-large\"><img loading=\"lazy\" decoding=\"async\" width=\"1024\" height=\"576\" src=\"https:\/\/www.noubarris.net\/web40\/wp-content\/uploads\/2025\/03\/WhatsApp-Image-2025-03-31-at-10.38.06-2-1024x576.jpeg\" alt=\"Edurne Andujar\" class=\"wp-image-84481\" srcset=\"https:\/\/www.noubarris.net\/web40\/wp-content\/uploads\/2025\/03\/WhatsApp-Image-2025-03-31-at-10.38.06-2-1024x576.jpeg 1024w, https:\/\/www.noubarris.net\/web40\/wp-content\/uploads\/2025\/03\/WhatsApp-Image-2025-03-31-at-10.38.06-2-300x169.jpeg 300w, https:\/\/www.noubarris.net\/web40\/wp-content\/uploads\/2025\/03\/WhatsApp-Image-2025-03-31-at-10.38.06-2-768x432.jpeg 768w, https:\/\/www.noubarris.net\/web40\/wp-content\/uploads\/2025\/03\/WhatsApp-Image-2025-03-31-at-10.38.06-2-1536x864.jpeg 1536w, https:\/\/www.noubarris.net\/web40\/wp-content\/uploads\/2025\/03\/WhatsApp-Image-2025-03-31-at-10.38.06-2-1320x743.jpeg 1320w, https:\/\/www.noubarris.net\/web40\/wp-content\/uploads\/2025\/03\/WhatsApp-Image-2025-03-31-at-10.38.06-2.jpeg 1600w\" sizes=\"auto, (max-width: 1024px) 100vw, 1024px\" \/><\/figure>\n\n\n\n<p><\/p><p style=\"text-align: justify;\">A m\u00e9s, l\u2019AE Onix ha tancat la temporada escolar organitzada pel Consell de l&#8217;Esport Escolar de Barcelona (CEEB) amb grans resultats: primer lloc per a Benjam\u00ed Open i Prebenjam\u00ed B, segona posici\u00f3 per a Cadet C i tercera per a Infantil B en la tercera fase.<\/p>\n\n\n\n<p><\/p><p style=\"text-align: justify;\">Aquest mes d\u2019abril, el club comen\u00e7ar\u00e0 la temporada de conjunts, competint tant en el circuit escolar com en la Federaci\u00f3 Catalana, amb l\u2019objectiu de continuar portant \u00e8xits esportius a Nou Barris. Amb la seva filosofia de treball i esfor\u00e7, l\u2019AE Onix segueix fidel al seu lema: <strong>\u201cSempre amb passi\u00f3, sempre endavant\u201d<\/strong>.<\/p>\n\n\n\n\n\n<figure class=\"wp-block-embed is-type-rich is-provider-instagram wp-block-embed-instagram\"><div class=\"wp-block-embed__wrapper\">\n<blockquote class=\"instagram-media\" data-instgrm-captioned data-instgrm-permalink=\"https:\/\/www.instagram.com\/p\/DHVsxM7sxLc\/?utm_source=ig_embed&amp;utm_campaign=loading\" data-instgrm-version=\"14\" style=\" background:#FFF; border:0; border-radius:3px; box-shadow:0 0 1px 0 rgba(0,0,0,0.5),0 1px 10px 0 rgba(0,0,0,0.15); margin: 1px; max-width:658px; min-width:326px; padding:0; width:99.375%; width:-webkit-calc(100% - 2px); width:calc(100% - 2px);\"><div style=\"padding:16px;\"> <a href=\"https:\/\/www.instagram.com\/p\/DHVsxM7sxLc\/?utm_source=ig_embed&amp;utm_campaign=loading\" style=\" background:#FFFFFF; line-height:0; padding:0 0; text-align:center; text-decoration:none; width:100%;\" target=\"_blank\"> <div style=\" display: flex; flex-direction: row; align-items: center;\"> <div style=\"background-color: #F4F4F4; border-radius: 50%; flex-grow: 0; height: 40px; margin-right: 14px; width: 40px;\"><\/div> <div style=\"display: flex; flex-direction: column; flex-grow: 1; justify-content: center;\"> <div style=\" background-color: #F4F4F4; border-radius: 4px; flex-grow: 0; height: 14px; margin-bottom: 6px; width: 100px;\"><\/div> <div style=\" background-color: #F4F4F4; border-radius: 4px; flex-grow: 0; height: 14px; width: 60px;\"><\/div><\/div><\/div><div style=\"padding: 19% 0;\"><\/div> <div style=\"display:block; height:50px; margin:0 auto 12px; width:50px;\"><svg width=\"50px\" height=\"50px\" viewBox=\"0 0 60 60\" version=\"1.1\" xmlns=\"https:\/\/www.w3.org\/2000\/svg\" xmlns:xlink=\"https:\/\/www.w3.org\/1999\/xlink\"><g stroke=\"none\" stroke-width=\"1\" fill=\"none\" fill-rule=\"evenodd\"><g transform=\"translate(-511.000000, -20.000000)\" fill=\"#000000\"><g><path d=\"M556.869,30.41 C554.814,30.41 553.148,32.076 553.148,34.131 C553.148,36.186 554.814,37.852 556.869,37.852 C558.924,37.852 560.59,36.186 560.59,34.131 C560.59,32.076 558.924,30.41 556.869,30.41 M541,60.657 C535.114,60.657 530.342,55.887 530.342,50 C530.342,44.114 535.114,39.342 541,39.342 C546.887,39.342 551.658,44.114 551.658,50 C551.658,55.887 546.887,60.657 541,60.657 M541,33.886 C532.1,33.886 524.886,41.1 524.886,50 C524.886,58.899 532.1,66.113 541,66.113 C549.9,66.113 557.115,58.899 557.115,50 C557.115,41.1 549.9,33.886 541,33.886 M565.378,62.101 C565.244,65.022 564.756,66.606 564.346,67.663 C563.803,69.06 563.154,70.057 562.106,71.106 C561.058,72.155 560.06,72.803 558.662,73.347 C557.607,73.757 556.021,74.244 553.102,74.378 C549.944,74.521 548.997,74.552 541,74.552 C533.003,74.552 532.056,74.521 528.898,74.378 C525.979,74.244 524.393,73.757 523.338,73.347 C521.94,72.803 520.942,72.155 519.894,71.106 C518.846,70.057 518.197,69.06 517.654,67.663 C517.244,66.606 516.755,65.022 516.623,62.101 C516.479,58.943 516.448,57.996 516.448,50 C516.448,42.003 516.479,41.056 516.623,37.899 C516.755,34.978 517.244,33.391 517.654,32.338 C518.197,30.938 518.846,29.942 519.894,28.894 C520.942,27.846 521.94,27.196 523.338,26.654 C524.393,26.244 525.979,25.756 528.898,25.623 C532.057,25.479 533.004,25.448 541,25.448 C548.997,25.448 549.943,25.479 553.102,25.623 C556.021,25.756 557.607,26.244 558.662,26.654 C560.06,27.196 561.058,27.846 562.106,28.894 C563.154,29.942 563.803,30.938 564.346,32.338 C564.756,33.391 565.244,34.978 565.378,37.899 C565.522,41.056 565.552,42.003 565.552,50 C565.552,57.996 565.522,58.943 565.378,62.101 M570.82,37.631 C570.674,34.438 570.167,32.258 569.425,30.349 C568.659,28.377 567.633,26.702 565.965,25.035 C564.297,23.368 562.623,22.342 560.652,21.575 C558.743,20.834 556.562,20.326 553.369,20.18 C550.169,20.033 549.148,20 541,20 C532.853,20 531.831,20.033 528.631,20.18 C525.438,20.326 523.257,20.834 521.349,21.575 C519.376,22.342 517.703,23.368 516.035,25.035 C514.368,26.702 513.342,28.377 512.574,30.349 C511.834,32.258 511.326,34.438 511.181,37.631 C511.035,40.831 511,41.851 511,50 C511,58.147 511.035,59.17 511.181,62.369 C511.326,65.562 511.834,67.743 512.574,69.651 C513.342,71.625 514.368,73.296 516.035,74.965 C517.703,76.634 519.376,77.658 521.349,78.425 C523.257,79.167 525.438,79.673 528.631,79.82 C531.831,79.965 532.853,80.001 541,80.001 C549.148,80.001 550.169,79.965 553.369,79.82 C556.562,79.673 558.743,79.167 560.652,78.425 C562.623,77.658 564.297,76.634 565.965,74.965 C567.633,73.296 568.659,71.625 569.425,69.651 C570.167,67.743 570.674,65.562 570.82,62.369 C570.966,59.17 571,58.147 571,50 C571,41.851 570.966,40.831 570.82,37.631\"><\/path><\/g><\/g><\/g><\/svg><\/div><div style=\"padding-top: 8px;\"> <div style=\" color:#3897f0; font-family:Arial,sans-serif; font-size:14px; font-style:normal; font-weight:550; line-height:18px;\">View this post on Instagram<\/div><\/div><div style=\"padding: 12.5% 0;\"><\/div> <div style=\"display: flex; flex-direction: row; margin-bottom: 14px; align-items: center;\"><div> <div style=\"background-color: #F4F4F4; border-radius: 50%; height: 12.5px; width: 12.5px; transform: translateX(0px) translateY(7px);\"><\/div> <div style=\"background-color: #F4F4F4; height: 12.5px; transform: rotate(-45deg) translateX(3px) translateY(1px); width: 12.5px; flex-grow: 0; margin-right: 14px; margin-left: 2px;\"><\/div> <div style=\"background-color: #F4F4F4; border-radius: 50%; height: 12.5px; width: 12.5px; transform: translateX(9px) translateY(-18px);\"><\/div><\/div><div style=\"margin-left: 8px;\"> <div style=\" background-color: #F4F4F4; border-radius: 50%; flex-grow: 0; height: 20px; width: 20px;\"><\/div> <div style=\" width: 0; height: 0; border-top: 2px solid transparent; border-left: 6px solid #f4f4f4; border-bottom: 2px solid transparent; transform: translateX(16px) translateY(-4px) rotate(30deg)\"><\/div><\/div><div style=\"margin-left: auto;\"> <div style=\" width: 0px; border-top: 8px solid #F4F4F4; border-right: 8px solid transparent; transform: translateY(16px);\"><\/div> <div style=\" background-color: #F4F4F4; flex-grow: 0; height: 12px; width: 16px; transform: translateY(-4px);\"><\/div> <div style=\" width: 0; height: 0; border-top: 8px solid #F4F4F4; border-left: 8px solid transparent; transform: translateY(-4px) translateX(8px);\"><\/div><\/div><\/div> <div style=\"display: flex; flex-direction: column; flex-grow: 1; justify-content: center; margin-bottom: 24px;\"> <div style=\" background-color: #F4F4F4; border-radius: 4px; flex-grow: 0; height: 14px; margin-bottom: 6px; width: 224px;\"><\/div> <div style=\" background-color: #F4F4F4; border-radius: 4px; flex-grow: 0; height: 14px; width: 144px;\"><\/div><\/div><\/a><p style=\" color:#c9c8cd; font-family:Arial,sans-serif; font-size:14px; line-height:17px; margin-bottom:0; margin-top:8px; overflow:hidden; padding:8px 0 7px; text-align:center; text-overflow:ellipsis; white-space:nowrap;\"><a href=\"https:\/\/www.instagram.com\/p\/DHVsxM7sxLc\/?utm_source=ig_embed&amp;utm_campaign=loading\" style=\" color:#c9c8cd; font-family:Arial,sans-serif; font-size:14px; font-style:normal; font-weight:normal; line-height:17px; text-decoration:none;\" target=\"_blank\">A post shared by GR ONIX (@ritmicaonix)<\/a><\/p><\/div><\/blockquote><script async src=\"\/\/platform.instagram.com\/en_US\/embeds.js\"><\/script>\n<\/div><\/figure>\n\n\n\n\n\n\n\n\n\n\n\n\n\n\n\n\n\n\n\n\n\n\n\n\n\n\n\n\n\n\n\n<ul>\n<li>&nbsp;<\/li>\n<\/ul>\n\n\n\n\n\n\n\n\n\n\n\n<p>&nbsp;<\/p>\n\n\n","protected":false},"excerpt":{"rendered":"<p>El club es prepara per a l\u2019inici de la temporada de conjunts aquest abril L\u2019Associaci\u00f3 Esportiva Onix ha tornat a<\/p>\n","protected":false},"author":2,"featured_media":84486,"comment_status":"closed","ping_status":"closed","sticky":false,"template":"","format":"standard","meta":{"colormag_page_layout":"default_layout","_monsterinsights_skip_tracking":false,"_monsterinsights_sitenote_active":false,"_monsterinsights_sitenote_note":"","_monsterinsights_sitenote_category":0,"footnotes":""},"categories":[128,1],"tags":[],"class_list":["post-84477","post","type-post","status-publish","format-standard","has-post-thumbnail","hentry","category-esports","category-nou-barris"],"yoast_head":"<!-- This site is optimized with the Yoast SEO plugin v25.3 - https:\/\/yoast.com\/wordpress\/plugins\/seo\/ -->\n<title>L\u2019AE Onix brilla en la Copa Catalana i en la competici\u00f3 escolar - NouBarris.Net<\/title>\n<meta name=\"robots\" content=\"index, follow, max-snippet:-1, max-image-preview:large, max-video-preview:-1\" \/>\n<link rel=\"canonical\" href=\"https:\/\/www.noubarris.net\/web40\/onix-brilla-copa-catalana-competicio-escolar\/\" \/>\n<meta property=\"og:locale\" content=\"ca_ES\" \/>\n<meta property=\"og:type\" content=\"article\" \/>\n<meta property=\"og:title\" content=\"L\u2019AE Onix brilla en la Copa Catalana i en la competici\u00f3 escolar - NouBarris.Net\" \/>\n<meta property=\"og:description\" content=\"El club es prepara per a l\u2019inici de la temporada de conjunts aquest abril L\u2019Associaci\u00f3 Esportiva Onix ha tornat a\" \/>\n<meta property=\"og:url\" content=\"https:\/\/www.noubarris.net\/web40\/onix-brilla-copa-catalana-competicio-escolar\/\" \/>\n<meta property=\"og:site_name\" content=\"NouBarris.Net\" \/>\n<meta property=\"article:publisher\" content=\"https:\/\/www.facebook.com\/NouBarris.net\/?locale=es_ES\" \/>\n<meta property=\"article:published_time\" content=\"2025-04-01T11:20:15+00:00\" \/>\n<meta property=\"article:modified_time\" content=\"2025-04-01T11:20:20+00:00\" \/>\n<meta property=\"og:image\" content=\"https:\/\/www.noubarris.net\/web40\/wp-content\/uploads\/2025\/03\/WhatsApp-Image-2025-03-31-at-10.57.19.jpeg\" \/>\n\t<meta property=\"og:image:width\" content=\"450\" \/>\n\t<meta property=\"og:image:height\" content=\"539\" \/>\n\t<meta property=\"og:image:type\" content=\"image\/jpeg\" \/>\n<meta name=\"author\" content=\"Informatius\" \/>\n<meta name=\"twitter:card\" content=\"summary_large_image\" \/>\n<meta name=\"twitter:creator\" content=\"@9BTV\" \/>\n<meta name=\"twitter:site\" content=\"@9BTV\" \/>\n<meta name=\"twitter:label1\" content=\"Escrit per\" \/>\n\t<meta name=\"twitter:data1\" content=\"Informatius\" \/>\n\t<meta name=\"twitter:label2\" content=\"Temps estimat de lectura\" \/>\n\t<meta name=\"twitter:data2\" content=\"2 minuts\" \/>\n<script type=\"application\/ld+json\" class=\"yoast-schema-graph\">{\"@context\":\"https:\/\/schema.org\",\"@graph\":[{\"@type\":\"Article\",\"@id\":\"https:\/\/www.noubarris.net\/web40\/onix-brilla-copa-catalana-competicio-escolar\/#article\",\"isPartOf\":{\"@id\":\"https:\/\/www.noubarris.net\/web40\/onix-brilla-copa-catalana-competicio-escolar\/\"},\"author\":{\"name\":\"Informatius\",\"@id\":\"https:\/\/www.noubarris.net\/web40\/#\/schema\/person\/1827f92aaa316c54abbf4dac0de76069\"},\"headline\":\"L\u2019AE Onix brilla en la Copa Catalana i en la competici\u00f3 escolar\",\"datePublished\":\"2025-04-01T11:20:15+00:00\",\"dateModified\":\"2025-04-01T11:20:20+00:00\",\"mainEntityOfPage\":{\"@id\":\"https:\/\/www.noubarris.net\/web40\/onix-brilla-copa-catalana-competicio-escolar\/\"},\"wordCount\":246,\"publisher\":{\"@id\":\"https:\/\/www.noubarris.net\/web40\/#organization\"},\"image\":{\"@id\":\"https:\/\/www.noubarris.net\/web40\/onix-brilla-copa-catalana-competicio-escolar\/#primaryimage\"},\"thumbnailUrl\":\"https:\/\/www.noubarris.net\/web40\/wp-content\/uploads\/2025\/03\/WhatsApp-Image-2025-03-31-at-10.57.19.jpeg\",\"articleSection\":[\"Esports\",\"Nou Barris\"],\"inLanguage\":\"ca\"},{\"@type\":\"WebPage\",\"@id\":\"https:\/\/www.noubarris.net\/web40\/onix-brilla-copa-catalana-competicio-escolar\/\",\"url\":\"https:\/\/www.noubarris.net\/web40\/onix-brilla-copa-catalana-competicio-escolar\/\",\"name\":\"L\u2019AE Onix brilla en la Copa Catalana i en la competici\u00f3 escolar - NouBarris.Net\",\"isPartOf\":{\"@id\":\"https:\/\/www.noubarris.net\/web40\/#website\"},\"primaryImageOfPage\":{\"@id\":\"https:\/\/www.noubarris.net\/web40\/onix-brilla-copa-catalana-competicio-escolar\/#primaryimage\"},\"image\":{\"@id\":\"https:\/\/www.noubarris.net\/web40\/onix-brilla-copa-catalana-competicio-escolar\/#primaryimage\"},\"thumbnailUrl\":\"https:\/\/www.noubarris.net\/web40\/wp-content\/uploads\/2025\/03\/WhatsApp-Image-2025-03-31-at-10.57.19.jpeg\",\"datePublished\":\"2025-04-01T11:20:15+00:00\",\"dateModified\":\"2025-04-01T11:20:20+00:00\",\"breadcrumb\":{\"@id\":\"https:\/\/www.noubarris.net\/web40\/onix-brilla-copa-catalana-competicio-escolar\/#breadcrumb\"},\"inLanguage\":\"ca\",\"potentialAction\":[{\"@type\":\"ReadAction\",\"target\":[\"https:\/\/www.noubarris.net\/web40\/onix-brilla-copa-catalana-competicio-escolar\/\"]}]},{\"@type\":\"ImageObject\",\"inLanguage\":\"ca\",\"@id\":\"https:\/\/www.noubarris.net\/web40\/onix-brilla-copa-catalana-competicio-escolar\/#primaryimage\",\"url\":\"https:\/\/www.noubarris.net\/web40\/wp-content\/uploads\/2025\/03\/WhatsApp-Image-2025-03-31-at-10.57.19.jpeg\",\"contentUrl\":\"https:\/\/www.noubarris.net\/web40\/wp-content\/uploads\/2025\/03\/WhatsApp-Image-2025-03-31-at-10.57.19.jpeg\",\"width\":450,\"height\":539,\"caption\":\"Ana Pozo\"},{\"@type\":\"BreadcrumbList\",\"@id\":\"https:\/\/www.noubarris.net\/web40\/onix-brilla-copa-catalana-competicio-escolar\/#breadcrumb\",\"itemListElement\":[{\"@type\":\"ListItem\",\"position\":1,\"name\":\"Inici\",\"item\":\"https:\/\/www.noubarris.net\/web40\/\"},{\"@type\":\"ListItem\",\"position\":2,\"name\":\"L\u2019AE Onix brilla en la Copa Catalana i en la competici\u00f3 escolar\"}]},{\"@type\":\"WebSite\",\"@id\":\"https:\/\/www.noubarris.net\/web40\/#website\",\"url\":\"https:\/\/www.noubarris.net\/web40\/\",\"name\":\"NouBarris.Net\",\"description\":\"Seguint la vida de Nou Barris des de 1985\",\"publisher\":{\"@id\":\"https:\/\/www.noubarris.net\/web40\/#organization\"},\"potentialAction\":[{\"@type\":\"SearchAction\",\"target\":{\"@type\":\"EntryPoint\",\"urlTemplate\":\"https:\/\/www.noubarris.net\/web40\/?s={search_term_string}\"},\"query-input\":{\"@type\":\"PropertyValueSpecification\",\"valueRequired\":true,\"valueName\":\"search_term_string\"}}],\"inLanguage\":\"ca\"},{\"@type\":\"Organization\",\"@id\":\"https:\/\/www.noubarris.net\/web40\/#organization\",\"name\":\"NouBarris.Net\",\"url\":\"https:\/\/www.noubarris.net\/web40\/\",\"logo\":{\"@type\":\"ImageObject\",\"inLanguage\":\"ca\",\"@id\":\"https:\/\/www.noubarris.net\/web40\/#\/schema\/logo\/image\/\",\"url\":\"https:\/\/www.noubarris.net\/web40\/wp-content\/uploads\/2024\/11\/cropped-cropped-LOGO_9BTV-2024_Insta-1.jpg\",\"contentUrl\":\"https:\/\/www.noubarris.net\/web40\/wp-content\/uploads\/2024\/11\/cropped-cropped-LOGO_9BTV-2024_Insta-1.jpg\",\"width\":512,\"height\":512,\"caption\":\"NouBarris.Net\"},\"image\":{\"@id\":\"https:\/\/www.noubarris.net\/web40\/#\/schema\/logo\/image\/\"},\"sameAs\":[\"https:\/\/www.facebook.com\/NouBarris.net\/?locale=es_ES\",\"https:\/\/x.com\/9BTV\"]},{\"@type\":\"Person\",\"@id\":\"https:\/\/www.noubarris.net\/web40\/#\/schema\/person\/1827f92aaa316c54abbf4dac0de76069\",\"name\":\"Informatius\",\"image\":{\"@type\":\"ImageObject\",\"inLanguage\":\"ca\",\"@id\":\"https:\/\/www.noubarris.net\/web40\/#\/schema\/person\/image\/\",\"url\":\"https:\/\/secure.gravatar.com\/avatar\/87a3b47928835fc72c6ee5b0e1a7263ef0c2d05003a98189bc14926c5f11bcdb?s=96&d=mm&r=g\",\"contentUrl\":\"https:\/\/secure.gravatar.com\/avatar\/87a3b47928835fc72c6ee5b0e1a7263ef0c2d05003a98189bc14926c5f11bcdb?s=96&d=mm&r=g\",\"caption\":\"Informatius\"},\"url\":\"https:\/\/www.noubarris.net\/web40\/author\/tele\/\"}]}<\/script>\n<!-- \/ Yoast SEO plugin. -->","yoast_head_json":{"title":"L\u2019AE Onix brilla en la Copa Catalana i en la competici\u00f3 escolar - NouBarris.Net","robots":{"index":"index","follow":"follow","max-snippet":"max-snippet:-1","max-image-preview":"max-image-preview:large","max-video-preview":"max-video-preview:-1"},"canonical":"https:\/\/www.noubarris.net\/web40\/onix-brilla-copa-catalana-competicio-escolar\/","og_locale":"ca_ES","og_type":"article","og_title":"L\u2019AE Onix brilla en la Copa Catalana i en la competici\u00f3 escolar - NouBarris.Net","og_description":"El club es prepara per a l\u2019inici de la temporada de conjunts aquest abril L\u2019Associaci\u00f3 Esportiva Onix ha tornat a","og_url":"https:\/\/www.noubarris.net\/web40\/onix-brilla-copa-catalana-competicio-escolar\/","og_site_name":"NouBarris.Net","article_publisher":"https:\/\/www.facebook.com\/NouBarris.net\/?locale=es_ES","article_published_time":"2025-04-01T11:20:15+00:00","article_modified_time":"2025-04-01T11:20:20+00:00","og_image":[{"width":450,"height":539,"url":"https:\/\/www.noubarris.net\/web40\/wp-content\/uploads\/2025\/03\/WhatsApp-Image-2025-03-31-at-10.57.19.jpeg","type":"image\/jpeg"}],"author":"Informatius","twitter_card":"summary_large_image","twitter_creator":"@9BTV","twitter_site":"@9BTV","twitter_misc":{"Escrit per":"Informatius","Temps estimat de lectura":"2 minuts"},"schema":{"@context":"https:\/\/schema.org","@graph":[{"@type":"Article","@id":"https:\/\/www.noubarris.net\/web40\/onix-brilla-copa-catalana-competicio-escolar\/#article","isPartOf":{"@id":"https:\/\/www.noubarris.net\/web40\/onix-brilla-copa-catalana-competicio-escolar\/"},"author":{"name":"Informatius","@id":"https:\/\/www.noubarris.net\/web40\/#\/schema\/person\/1827f92aaa316c54abbf4dac0de76069"},"headline":"L\u2019AE Onix brilla en la Copa Catalana i en la competici\u00f3 escolar","datePublished":"2025-04-01T11:20:15+00:00","dateModified":"2025-04-01T11:20:20+00:00","mainEntityOfPage":{"@id":"https:\/\/www.noubarris.net\/web40\/onix-brilla-copa-catalana-competicio-escolar\/"},"wordCount":246,"publisher":{"@id":"https:\/\/www.noubarris.net\/web40\/#organization"},"image":{"@id":"https:\/\/www.noubarris.net\/web40\/onix-brilla-copa-catalana-competicio-escolar\/#primaryimage"},"thumbnailUrl":"https:\/\/www.noubarris.net\/web40\/wp-content\/uploads\/2025\/03\/WhatsApp-Image-2025-03-31-at-10.57.19.jpeg","articleSection":["Esports","Nou Barris"],"inLanguage":"ca"},{"@type":"WebPage","@id":"https:\/\/www.noubarris.net\/web40\/onix-brilla-copa-catalana-competicio-escolar\/","url":"https:\/\/www.noubarris.net\/web40\/onix-brilla-copa-catalana-competicio-escolar\/","name":"L\u2019AE Onix brilla en la Copa Catalana i en la competici\u00f3 escolar - NouBarris.Net","isPartOf":{"@id":"https:\/\/www.noubarris.net\/web40\/#website"},"primaryImageOfPage":{"@id":"https:\/\/www.noubarris.net\/web40\/onix-brilla-copa-catalana-competicio-escolar\/#primaryimage"},"image":{"@id":"https:\/\/www.noubarris.net\/web40\/onix-brilla-copa-catalana-competicio-escolar\/#primaryimage"},"thumbnailUrl":"https:\/\/www.noubarris.net\/web40\/wp-content\/uploads\/2025\/03\/WhatsApp-Image-2025-03-31-at-10.57.19.jpeg","datePublished":"2025-04-01T11:20:15+00:00","dateModified":"2025-04-01T11:20:20+00:00","breadcrumb":{"@id":"https:\/\/www.noubarris.net\/web40\/onix-brilla-copa-catalana-competicio-escolar\/#breadcrumb"},"inLanguage":"ca","potentialAction":[{"@type":"ReadAction","target":["https:\/\/www.noubarris.net\/web40\/onix-brilla-copa-catalana-competicio-escolar\/"]}]},{"@type":"ImageObject","inLanguage":"ca","@id":"https:\/\/www.noubarris.net\/web40\/onix-brilla-copa-catalana-competicio-escolar\/#primaryimage","url":"https:\/\/www.noubarris.net\/web40\/wp-content\/uploads\/2025\/03\/WhatsApp-Image-2025-03-31-at-10.57.19.jpeg","contentUrl":"https:\/\/www.noubarris.net\/web40\/wp-content\/uploads\/2025\/03\/WhatsApp-Image-2025-03-31-at-10.57.19.jpeg","width":450,"height":539,"caption":"Ana Pozo"},{"@type":"BreadcrumbList","@id":"https:\/\/www.noubarris.net\/web40\/onix-brilla-copa-catalana-competicio-escolar\/#breadcrumb","itemListElement":[{"@type":"ListItem","position":1,"name":"Inici","item":"https:\/\/www.noubarris.net\/web40\/"},{"@type":"ListItem","position":2,"name":"L\u2019AE Onix brilla en la Copa Catalana i en la competici\u00f3 escolar"}]},{"@type":"WebSite","@id":"https:\/\/www.noubarris.net\/web40\/#website","url":"https:\/\/www.noubarris.net\/web40\/","name":"NouBarris.Net","description":"Seguint la vida de Nou Barris des de 1985","publisher":{"@id":"https:\/\/www.noubarris.net\/web40\/#organization"},"potentialAction":[{"@type":"SearchAction","target":{"@type":"EntryPoint","urlTemplate":"https:\/\/www.noubarris.net\/web40\/?s={search_term_string}"},"query-input":{"@type":"PropertyValueSpecification","valueRequired":true,"valueName":"search_term_string"}}],"inLanguage":"ca"},{"@type":"Organization","@id":"https:\/\/www.noubarris.net\/web40\/#organization","name":"NouBarris.Net","url":"https:\/\/www.noubarris.net\/web40\/","logo":{"@type":"ImageObject","inLanguage":"ca","@id":"https:\/\/www.noubarris.net\/web40\/#\/schema\/logo\/image\/","url":"https:\/\/www.noubarris.net\/web40\/wp-content\/uploads\/2024\/11\/cropped-cropped-LOGO_9BTV-2024_Insta-1.jpg","contentUrl":"https:\/\/www.noubarris.net\/web40\/wp-content\/uploads\/2024\/11\/cropped-cropped-LOGO_9BTV-2024_Insta-1.jpg","width":512,"height":512,"caption":"NouBarris.Net"},"image":{"@id":"https:\/\/www.noubarris.net\/web40\/#\/schema\/logo\/image\/"},"sameAs":["https:\/\/www.facebook.com\/NouBarris.net\/?locale=es_ES","https:\/\/x.com\/9BTV"]},{"@type":"Person","@id":"https:\/\/www.noubarris.net\/web40\/#\/schema\/person\/1827f92aaa316c54abbf4dac0de76069","name":"Informatius","image":{"@type":"ImageObject","inLanguage":"ca","@id":"https:\/\/www.noubarris.net\/web40\/#\/schema\/person\/image\/","url":"https:\/\/secure.gravatar.com\/avatar\/87a3b47928835fc72c6ee5b0e1a7263ef0c2d05003a98189bc14926c5f11bcdb?s=96&d=mm&r=g","contentUrl":"https:\/\/secure.gravatar.com\/avatar\/87a3b47928835fc72c6ee5b0e1a7263ef0c2d05003a98189bc14926c5f11bcdb?s=96&d=mm&r=g","caption":"Informatius"},"url":"https:\/\/www.noubarris.net\/web40\/author\/tele\/"}]}},"_links":{"self":[{"href":"https:\/\/www.noubarris.net\/web40\/wp-json\/wp\/v2\/posts\/84477","targetHints":{"allow":["GET"]}}],"collection":[{"href":"https:\/\/www.noubarris.net\/web40\/wp-json\/wp\/v2\/posts"}],"about":[{"href":"https:\/\/www.noubarris.net\/web40\/wp-json\/wp\/v2\/types\/post"}],"author":[{"embeddable":true,"href":"https:\/\/www.noubarris.net\/web40\/wp-json\/wp\/v2\/users\/2"}],"replies":[{"embeddable":true,"href":"https:\/\/www.noubarris.net\/web40\/wp-json\/wp\/v2\/comments?post=84477"}],"version-history":[{"count":9,"href":"https:\/\/www.noubarris.net\/web40\/wp-json\/wp\/v2\/posts\/84477\/revisions"}],"predecessor-version":[{"id":84505,"href":"https:\/\/www.noubarris.net\/web40\/wp-json\/wp\/v2\/posts\/84477\/revisions\/84505"}],"wp:featuredmedia":[{"embeddable":true,"href":"https:\/\/www.noubarris.net\/web40\/wp-json\/wp\/v2\/media\/84486"}],"wp:attachment":[{"href":"https:\/\/www.noubarris.net\/web40\/wp-json\/wp\/v2\/media?parent=84477"}],"wp:term":[{"taxonomy":"category","embeddable":true,"href":"https:\/\/www.noubarris.net\/web40\/wp-json\/wp\/v2\/categories?post=84477"},{"taxonomy":"post_tag","embeddable":true,"href":"https:\/\/www.noubarris.net\/web40\/wp-json\/wp\/v2\/tags?post=84477"}],"curies":[{"name":"wp","href":"https:\/\/api.w.org\/{rel}","templated":true}]}}