{"id":84585,"date":"2025-04-11T07:02:00","date_gmt":"2025-04-11T05:02:00","guid":{"rendered":"https:\/\/www.noubarris.net\/web40\/?p=84585"},"modified":"2025-04-10T21:28:53","modified_gmt":"2025-04-10T19:28:53","slug":"desnonament-families-gitanes-roquetes","status":"publish","type":"post","link":"https:\/\/www.noubarris.net\/web40\/desnonament-families-gitanes-roquetes\/","title":{"rendered":"Desnonament de dues fam\u00edlies a Roquetes"},"content":{"rendered":"\n<p><strong>Executat un desnonament sense alternativa per a dues fam\u00edlies gitanes que vivien en una barraca des de feia dos anys<\/strong><\/p>\n\n\n\n<p>L&#8217;AV Roquetes ha denunciat en un comunicat el desnonament de dues fam\u00edlies gitanes el passat 8 d&#8217;abril, coincidint amb el Dia Internacional del Poble Gitano. Aquestes fam\u00edlies vivien des de feia dos anys en una barraca en un solar del barri. Denuncien, a m\u00e9s, que el desallotjament es va produir sense oferir cap soluci\u00f3 d&#8217;habitatge alternativa a les fam\u00edlies afectades.<\/p>\n\n\n\n<figure class=\"wp-block-image aligncenter size-full\"><img loading=\"lazy\" decoding=\"async\" width=\"648\" height=\"645\" src=\"https:\/\/www.noubarris.net\/web40\/wp-content\/uploads\/2025\/04\/Captura-de-pantalla-2025-04-10-103143.jpg\" alt=\"Desnonament Poble Gitano\" class=\"wp-image-84592\" srcset=\"https:\/\/www.noubarris.net\/web40\/wp-content\/uploads\/2025\/04\/Captura-de-pantalla-2025-04-10-103143.jpg 648w, https:\/\/www.noubarris.net\/web40\/wp-content\/uploads\/2025\/04\/Captura-de-pantalla-2025-04-10-103143-300x300.jpg 300w, https:\/\/www.noubarris.net\/web40\/wp-content\/uploads\/2025\/04\/Captura-de-pantalla-2025-04-10-103143-150x150.jpg 150w\" sizes=\"auto, (max-width: 648px) 100vw, 648px\" \/><\/figure>\n\n\n\n<p>Les entitats ve\u00efnals del barri assegruen que ja havien informat pr\u00e8viament el Districte i Serveis Socials de la seva vinculaci\u00f3 amb les fam\u00edlies i de la seva disposici\u00f3 a col\u00b7laborar en la recerca de solucions dignes. No obstant aix\u00f2, denuncien que no van rebre cap comunicaci\u00f3 pr\u00e8via sobre el desnonament, fet que consideren &#8220;una falta greu de di\u00e0leg i sensibilitat institucional&#8221;.<\/p>\n\n\n\n<p>Per a la comunitat de Roquetes, l&#8217;episodi t\u00e9 una c\u00e0rrega simb\u00f2lica especial: han recordat que moltes de les fam\u00edlies fundadores del barri tamb\u00e9 van haver de viure en barraques en el passat. Per aix\u00f2, des de les associacions ve\u00efnals es recorda que el barraquisme a Barcelona no \u00e9s nom\u00e9s hist\u00f2ria, sin\u00f3 una realitat que persisteix i que afecta especialment els col\u00b7lectius m\u00e9s vulnerables. En aquesta l\u00ednia, insten a participar a solidaritzar-se tamb\u00e9 amb les fam\u00edlies barraquistes de Vallcarca, que esperen un desnonament imminent, i a participar en una manifestaci\u00f3 convocada el 26 d&#8217;abril. <\/p>\n\n\n\n<p>&nbsp;<\/p>\n","protected":false},"excerpt":{"rendered":"<p>Executat un desnonament sense alternativa per a dues fam\u00edlies gitanes que vivien en una barraca des de feia dos anys<\/p>\n","protected":false},"author":2,"featured_media":84591,"comment_status":"closed","ping_status":"closed","sticky":false,"template":"","format":"standard","meta":{"colormag_page_layout":"default_layout","_monsterinsights_skip_tracking":false,"_monsterinsights_sitenote_active":false,"_monsterinsights_sitenote_note":"","_monsterinsights_sitenote_category":0,"footnotes":""},"categories":[136,124],"tags":[],"class_list":["post-84585","post","type-post","status-publish","format-standard","has-post-thumbnail","hentry","category-les-roquetes","category-societat"],"yoast_head":"<!-- This site is optimized with the Yoast SEO plugin v25.3 - https:\/\/yoast.com\/wordpress\/plugins\/seo\/ -->\n<title>Desnonament de dues fam\u00edlies a Roquetes - NouBarris.Net<\/title>\n<meta name=\"robots\" content=\"index, follow, max-snippet:-1, max-image-preview:large, max-video-preview:-1\" \/>\n<link rel=\"canonical\" href=\"https:\/\/www.noubarris.net\/web40\/desnonament-families-gitanes-roquetes\/\" \/>\n<meta property=\"og:locale\" content=\"ca_ES\" \/>\n<meta property=\"og:type\" content=\"article\" \/>\n<meta property=\"og:title\" content=\"Desnonament de dues fam\u00edlies a Roquetes - NouBarris.Net\" \/>\n<meta property=\"og:description\" content=\"Executat un desnonament sense alternativa per a dues fam\u00edlies gitanes que vivien en una barraca des de feia dos anys\" \/>\n<meta property=\"og:url\" content=\"https:\/\/www.noubarris.net\/web40\/desnonament-families-gitanes-roquetes\/\" \/>\n<meta property=\"og:site_name\" content=\"NouBarris.Net\" \/>\n<meta property=\"article:publisher\" content=\"https:\/\/www.facebook.com\/NouBarris.net\/?locale=es_ES\" \/>\n<meta property=\"article:published_time\" content=\"2025-04-11T05:02:00+00:00\" \/>\n<meta property=\"og:image\" content=\"https:\/\/www.noubarris.net\/web40\/wp-content\/uploads\/2025\/04\/Captura-de-pantalla-2025-04-10-103113.jpg\" \/>\n\t<meta property=\"og:image:width\" content=\"664\" \/>\n\t<meta property=\"og:image:height\" content=\"701\" \/>\n\t<meta property=\"og:image:type\" content=\"image\/jpeg\" \/>\n<meta name=\"author\" content=\"Informatius\" \/>\n<meta name=\"twitter:card\" content=\"summary_large_image\" \/>\n<meta name=\"twitter:creator\" content=\"@9BTV\" \/>\n<meta name=\"twitter:site\" content=\"@9BTV\" \/>\n<meta name=\"twitter:label1\" content=\"Escrit per\" \/>\n\t<meta name=\"twitter:data1\" content=\"Informatius\" \/>\n\t<meta name=\"twitter:label2\" content=\"Temps estimat de lectura\" \/>\n\t<meta name=\"twitter:data2\" content=\"2 minuts\" \/>\n<script type=\"application\/ld+json\" class=\"yoast-schema-graph\">{\"@context\":\"https:\/\/schema.org\",\"@graph\":[{\"@type\":\"Article\",\"@id\":\"https:\/\/www.noubarris.net\/web40\/desnonament-families-gitanes-roquetes\/#article\",\"isPartOf\":{\"@id\":\"https:\/\/www.noubarris.net\/web40\/desnonament-families-gitanes-roquetes\/\"},\"author\":{\"name\":\"Informatius\",\"@id\":\"https:\/\/www.noubarris.net\/web40\/#\/schema\/person\/1827f92aaa316c54abbf4dac0de76069\"},\"headline\":\"Desnonament de dues fam\u00edlies a Roquetes\",\"datePublished\":\"2025-04-11T05:02:00+00:00\",\"mainEntityOfPage\":{\"@id\":\"https:\/\/www.noubarris.net\/web40\/desnonament-families-gitanes-roquetes\/\"},\"wordCount\":266,\"publisher\":{\"@id\":\"https:\/\/www.noubarris.net\/web40\/#organization\"},\"image\":{\"@id\":\"https:\/\/www.noubarris.net\/web40\/desnonament-families-gitanes-roquetes\/#primaryimage\"},\"thumbnailUrl\":\"https:\/\/www.noubarris.net\/web40\/wp-content\/uploads\/2025\/04\/Captura-de-pantalla-2025-04-10-103113.jpg\",\"articleSection\":[\"Les Roquetes\",\"Societat\"],\"inLanguage\":\"ca\"},{\"@type\":\"WebPage\",\"@id\":\"https:\/\/www.noubarris.net\/web40\/desnonament-families-gitanes-roquetes\/\",\"url\":\"https:\/\/www.noubarris.net\/web40\/desnonament-families-gitanes-roquetes\/\",\"name\":\"Desnonament de dues fam\u00edlies a Roquetes - NouBarris.Net\",\"isPartOf\":{\"@id\":\"https:\/\/www.noubarris.net\/web40\/#website\"},\"primaryImageOfPage\":{\"@id\":\"https:\/\/www.noubarris.net\/web40\/desnonament-families-gitanes-roquetes\/#primaryimage\"},\"image\":{\"@id\":\"https:\/\/www.noubarris.net\/web40\/desnonament-families-gitanes-roquetes\/#primaryimage\"},\"thumbnailUrl\":\"https:\/\/www.noubarris.net\/web40\/wp-content\/uploads\/2025\/04\/Captura-de-pantalla-2025-04-10-103113.jpg\",\"datePublished\":\"2025-04-11T05:02:00+00:00\",\"breadcrumb\":{\"@id\":\"https:\/\/www.noubarris.net\/web40\/desnonament-families-gitanes-roquetes\/#breadcrumb\"},\"inLanguage\":\"ca\",\"potentialAction\":[{\"@type\":\"ReadAction\",\"target\":[\"https:\/\/www.noubarris.net\/web40\/desnonament-families-gitanes-roquetes\/\"]}]},{\"@type\":\"ImageObject\",\"inLanguage\":\"ca\",\"@id\":\"https:\/\/www.noubarris.net\/web40\/desnonament-families-gitanes-roquetes\/#primaryimage\",\"url\":\"https:\/\/www.noubarris.net\/web40\/wp-content\/uploads\/2025\/04\/Captura-de-pantalla-2025-04-10-103113.jpg\",\"contentUrl\":\"https:\/\/www.noubarris.net\/web40\/wp-content\/uploads\/2025\/04\/Captura-de-pantalla-2025-04-10-103113.jpg\",\"width\":664,\"height\":701,\"caption\":\"Desnonament Roquetes\"},{\"@type\":\"BreadcrumbList\",\"@id\":\"https:\/\/www.noubarris.net\/web40\/desnonament-families-gitanes-roquetes\/#breadcrumb\",\"itemListElement\":[{\"@type\":\"ListItem\",\"position\":1,\"name\":\"Inici\",\"item\":\"https:\/\/www.noubarris.net\/web40\/\"},{\"@type\":\"ListItem\",\"position\":2,\"name\":\"Desnonament de dues fam\u00edlies a Roquetes\"}]},{\"@type\":\"WebSite\",\"@id\":\"https:\/\/www.noubarris.net\/web40\/#website\",\"url\":\"https:\/\/www.noubarris.net\/web40\/\",\"name\":\"NouBarris.Net\",\"description\":\"Seguint la vida de Nou Barris des de 1985\",\"publisher\":{\"@id\":\"https:\/\/www.noubarris.net\/web40\/#organization\"},\"potentialAction\":[{\"@type\":\"SearchAction\",\"target\":{\"@type\":\"EntryPoint\",\"urlTemplate\":\"https:\/\/www.noubarris.net\/web40\/?s={search_term_string}\"},\"query-input\":{\"@type\":\"PropertyValueSpecification\",\"valueRequired\":true,\"valueName\":\"search_term_string\"}}],\"inLanguage\":\"ca\"},{\"@type\":\"Organization\",\"@id\":\"https:\/\/www.noubarris.net\/web40\/#organization\",\"name\":\"NouBarris.Net\",\"url\":\"https:\/\/www.noubarris.net\/web40\/\",\"logo\":{\"@type\":\"ImageObject\",\"inLanguage\":\"ca\",\"@id\":\"https:\/\/www.noubarris.net\/web40\/#\/schema\/logo\/image\/\",\"url\":\"https:\/\/www.noubarris.net\/web40\/wp-content\/uploads\/2024\/11\/cropped-cropped-LOGO_9BTV-2024_Insta-1.jpg\",\"contentUrl\":\"https:\/\/www.noubarris.net\/web40\/wp-content\/uploads\/2024\/11\/cropped-cropped-LOGO_9BTV-2024_Insta-1.jpg\",\"width\":512,\"height\":512,\"caption\":\"NouBarris.Net\"},\"image\":{\"@id\":\"https:\/\/www.noubarris.net\/web40\/#\/schema\/logo\/image\/\"},\"sameAs\":[\"https:\/\/www.facebook.com\/NouBarris.net\/?locale=es_ES\",\"https:\/\/x.com\/9BTV\"]},{\"@type\":\"Person\",\"@id\":\"https:\/\/www.noubarris.net\/web40\/#\/schema\/person\/1827f92aaa316c54abbf4dac0de76069\",\"name\":\"Informatius\",\"image\":{\"@type\":\"ImageObject\",\"inLanguage\":\"ca\",\"@id\":\"https:\/\/www.noubarris.net\/web40\/#\/schema\/person\/image\/\",\"url\":\"https:\/\/secure.gravatar.com\/avatar\/87a3b47928835fc72c6ee5b0e1a7263ef0c2d05003a98189bc14926c5f11bcdb?s=96&d=mm&r=g\",\"contentUrl\":\"https:\/\/secure.gravatar.com\/avatar\/87a3b47928835fc72c6ee5b0e1a7263ef0c2d05003a98189bc14926c5f11bcdb?s=96&d=mm&r=g\",\"caption\":\"Informatius\"},\"url\":\"https:\/\/www.noubarris.net\/web40\/author\/tele\/\"}]}<\/script>\n<!-- \/ Yoast SEO plugin. -->","yoast_head_json":{"title":"Desnonament de dues fam\u00edlies a Roquetes - NouBarris.Net","robots":{"index":"index","follow":"follow","max-snippet":"max-snippet:-1","max-image-preview":"max-image-preview:large","max-video-preview":"max-video-preview:-1"},"canonical":"https:\/\/www.noubarris.net\/web40\/desnonament-families-gitanes-roquetes\/","og_locale":"ca_ES","og_type":"article","og_title":"Desnonament de dues fam\u00edlies a Roquetes - NouBarris.Net","og_description":"Executat un desnonament sense alternativa per a dues fam\u00edlies gitanes que vivien en una barraca des de feia dos anys","og_url":"https:\/\/www.noubarris.net\/web40\/desnonament-families-gitanes-roquetes\/","og_site_name":"NouBarris.Net","article_publisher":"https:\/\/www.facebook.com\/NouBarris.net\/?locale=es_ES","article_published_time":"2025-04-11T05:02:00+00:00","og_image":[{"width":664,"height":701,"url":"https:\/\/www.noubarris.net\/web40\/wp-content\/uploads\/2025\/04\/Captura-de-pantalla-2025-04-10-103113.jpg","type":"image\/jpeg"}],"author":"Informatius","twitter_card":"summary_large_image","twitter_creator":"@9BTV","twitter_site":"@9BTV","twitter_misc":{"Escrit per":"Informatius","Temps estimat de lectura":"2 minuts"},"schema":{"@context":"https:\/\/schema.org","@graph":[{"@type":"Article","@id":"https:\/\/www.noubarris.net\/web40\/desnonament-families-gitanes-roquetes\/#article","isPartOf":{"@id":"https:\/\/www.noubarris.net\/web40\/desnonament-families-gitanes-roquetes\/"},"author":{"name":"Informatius","@id":"https:\/\/www.noubarris.net\/web40\/#\/schema\/person\/1827f92aaa316c54abbf4dac0de76069"},"headline":"Desnonament de dues fam\u00edlies a Roquetes","datePublished":"2025-04-11T05:02:00+00:00","mainEntityOfPage":{"@id":"https:\/\/www.noubarris.net\/web40\/desnonament-families-gitanes-roquetes\/"},"wordCount":266,"publisher":{"@id":"https:\/\/www.noubarris.net\/web40\/#organization"},"image":{"@id":"https:\/\/www.noubarris.net\/web40\/desnonament-families-gitanes-roquetes\/#primaryimage"},"thumbnailUrl":"https:\/\/www.noubarris.net\/web40\/wp-content\/uploads\/2025\/04\/Captura-de-pantalla-2025-04-10-103113.jpg","articleSection":["Les Roquetes","Societat"],"inLanguage":"ca"},{"@type":"WebPage","@id":"https:\/\/www.noubarris.net\/web40\/desnonament-families-gitanes-roquetes\/","url":"https:\/\/www.noubarris.net\/web40\/desnonament-families-gitanes-roquetes\/","name":"Desnonament de dues fam\u00edlies a Roquetes - NouBarris.Net","isPartOf":{"@id":"https:\/\/www.noubarris.net\/web40\/#website"},"primaryImageOfPage":{"@id":"https:\/\/www.noubarris.net\/web40\/desnonament-families-gitanes-roquetes\/#primaryimage"},"image":{"@id":"https:\/\/www.noubarris.net\/web40\/desnonament-families-gitanes-roquetes\/#primaryimage"},"thumbnailUrl":"https:\/\/www.noubarris.net\/web40\/wp-content\/uploads\/2025\/04\/Captura-de-pantalla-2025-04-10-103113.jpg","datePublished":"2025-04-11T05:02:00+00:00","breadcrumb":{"@id":"https:\/\/www.noubarris.net\/web40\/desnonament-families-gitanes-roquetes\/#breadcrumb"},"inLanguage":"ca","potentialAction":[{"@type":"ReadAction","target":["https:\/\/www.noubarris.net\/web40\/desnonament-families-gitanes-roquetes\/"]}]},{"@type":"ImageObject","inLanguage":"ca","@id":"https:\/\/www.noubarris.net\/web40\/desnonament-families-gitanes-roquetes\/#primaryimage","url":"https:\/\/www.noubarris.net\/web40\/wp-content\/uploads\/2025\/04\/Captura-de-pantalla-2025-04-10-103113.jpg","contentUrl":"https:\/\/www.noubarris.net\/web40\/wp-content\/uploads\/2025\/04\/Captura-de-pantalla-2025-04-10-103113.jpg","width":664,"height":701,"caption":"Desnonament Roquetes"},{"@type":"BreadcrumbList","@id":"https:\/\/www.noubarris.net\/web40\/desnonament-families-gitanes-roquetes\/#breadcrumb","itemListElement":[{"@type":"ListItem","position":1,"name":"Inici","item":"https:\/\/www.noubarris.net\/web40\/"},{"@type":"ListItem","position":2,"name":"Desnonament de dues fam\u00edlies a Roquetes"}]},{"@type":"WebSite","@id":"https:\/\/www.noubarris.net\/web40\/#website","url":"https:\/\/www.noubarris.net\/web40\/","name":"NouBarris.Net","description":"Seguint la vida de Nou Barris des de 1985","publisher":{"@id":"https:\/\/www.noubarris.net\/web40\/#organization"},"potentialAction":[{"@type":"SearchAction","target":{"@type":"EntryPoint","urlTemplate":"https:\/\/www.noubarris.net\/web40\/?s={search_term_string}"},"query-input":{"@type":"PropertyValueSpecification","valueRequired":true,"valueName":"search_term_string"}}],"inLanguage":"ca"},{"@type":"Organization","@id":"https:\/\/www.noubarris.net\/web40\/#organization","name":"NouBarris.Net","url":"https:\/\/www.noubarris.net\/web40\/","logo":{"@type":"ImageObject","inLanguage":"ca","@id":"https:\/\/www.noubarris.net\/web40\/#\/schema\/logo\/image\/","url":"https:\/\/www.noubarris.net\/web40\/wp-content\/uploads\/2024\/11\/cropped-cropped-LOGO_9BTV-2024_Insta-1.jpg","contentUrl":"https:\/\/www.noubarris.net\/web40\/wp-content\/uploads\/2024\/11\/cropped-cropped-LOGO_9BTV-2024_Insta-1.jpg","width":512,"height":512,"caption":"NouBarris.Net"},"image":{"@id":"https:\/\/www.noubarris.net\/web40\/#\/schema\/logo\/image\/"},"sameAs":["https:\/\/www.facebook.com\/NouBarris.net\/?locale=es_ES","https:\/\/x.com\/9BTV"]},{"@type":"Person","@id":"https:\/\/www.noubarris.net\/web40\/#\/schema\/person\/1827f92aaa316c54abbf4dac0de76069","name":"Informatius","image":{"@type":"ImageObject","inLanguage":"ca","@id":"https:\/\/www.noubarris.net\/web40\/#\/schema\/person\/image\/","url":"https:\/\/secure.gravatar.com\/avatar\/87a3b47928835fc72c6ee5b0e1a7263ef0c2d05003a98189bc14926c5f11bcdb?s=96&d=mm&r=g","contentUrl":"https:\/\/secure.gravatar.com\/avatar\/87a3b47928835fc72c6ee5b0e1a7263ef0c2d05003a98189bc14926c5f11bcdb?s=96&d=mm&r=g","caption":"Informatius"},"url":"https:\/\/www.noubarris.net\/web40\/author\/tele\/"}]}},"_links":{"self":[{"href":"https:\/\/www.noubarris.net\/web40\/wp-json\/wp\/v2\/posts\/84585","targetHints":{"allow":["GET"]}}],"collection":[{"href":"https:\/\/www.noubarris.net\/web40\/wp-json\/wp\/v2\/posts"}],"about":[{"href":"https:\/\/www.noubarris.net\/web40\/wp-json\/wp\/v2\/types\/post"}],"author":[{"embeddable":true,"href":"https:\/\/www.noubarris.net\/web40\/wp-json\/wp\/v2\/users\/2"}],"replies":[{"embeddable":true,"href":"https:\/\/www.noubarris.net\/web40\/wp-json\/wp\/v2\/comments?post=84585"}],"version-history":[{"count":6,"href":"https:\/\/www.noubarris.net\/web40\/wp-json\/wp\/v2\/posts\/84585\/revisions"}],"predecessor-version":[{"id":84623,"href":"https:\/\/www.noubarris.net\/web40\/wp-json\/wp\/v2\/posts\/84585\/revisions\/84623"}],"wp:featuredmedia":[{"embeddable":true,"href":"https:\/\/www.noubarris.net\/web40\/wp-json\/wp\/v2\/media\/84591"}],"wp:attachment":[{"href":"https:\/\/www.noubarris.net\/web40\/wp-json\/wp\/v2\/media?parent=84585"}],"wp:term":[{"taxonomy":"category","embeddable":true,"href":"https:\/\/www.noubarris.net\/web40\/wp-json\/wp\/v2\/categories?post=84585"},{"taxonomy":"post_tag","embeddable":true,"href":"https:\/\/www.noubarris.net\/web40\/wp-json\/wp\/v2\/tags?post=84585"}],"curies":[{"name":"wp","href":"https:\/\/api.w.org\/{rel}","templated":true}]}}