{"id":84602,"date":"2025-04-12T10:00:00","date_gmt":"2025-04-12T08:00:00","guid":{"rendered":"https:\/\/www.noubarris.net\/web40\/?p=84602"},"modified":"2025-04-11T13:06:01","modified_gmt":"2025-04-11T11:06:01","slug":"larxiu-historic-roquetes-acull-exposicio-sobre-transicio","status":"publish","type":"post","link":"https:\/\/www.noubarris.net\/web40\/larxiu-historic-roquetes-acull-exposicio-sobre-transicio\/","title":{"rendered":"L&#8217;Arxiu Hist\u00f2ric de Roquetes acull una exposici\u00f3 sobre la transici\u00f3"},"content":{"rendered":"\n<p>L&#8217;Arxiu Hist\u00f2ric de Roquetes acull diverses exposicions relacionades amb la transici\u00f3 al llarg de l&#8217;any. Actualment, es pot visitar l&#8217;exposici\u00f3 <strong data-start=\"416\" data-end=\"458\">&#8220;Cartells per despr\u00e9s d&#8217;una dictadura&#8221;<\/strong>, una mostra de cartells de tem\u00e0tica principalment russa, que reflecteixen els canvis socials i pol\u00edtics d&#8217;aquest per\u00edode clau. L&#8217;exposici\u00f3 es troba a l&#8217;Espai Via Fav\u00e8ncia i \u00e9s una oportunitat per aprofundir en la hist\u00f2ria recent i veure com els missatges visuals van jugar un paper fonamental en la transici\u00f3 a la democr\u00e0cia<\/p>\n\n\n\n\n\n<figure class=\"wp-block-embed is-provider-youtube wp-block-embed-youtube\"><div class=\"wp-block-embed__wrapper\">\nhttps:\/\/youtu.be\/YnN0nca&#8211;ns\n<\/div><\/figure>\n\n\n","protected":false},"excerpt":{"rendered":"<p>L&#8217;Arxiu Hist\u00f2ric de Roquetes acull diverses exposicions relacionades amb la transici\u00f3 al llarg de l&#8217;any. Actualment, es pot visitar l&#8217;exposici\u00f3<\/p>\n","protected":false},"author":2,"featured_media":84609,"comment_status":"closed","ping_status":"closed","sticky":false,"template":"","format":"standard","meta":{"colormag_page_layout":"default_layout","_monsterinsights_skip_tracking":false,"_monsterinsights_sitenote_active":false,"_monsterinsights_sitenote_note":"","_monsterinsights_sitenote_category":0,"footnotes":""},"categories":[765],"tags":[],"class_list":["post-84602","post","type-post","status-publish","format-standard","has-post-thumbnail","hentry","category-nou-barris-tv"],"yoast_head":"<!-- This site is optimized with the Yoast SEO plugin v25.3 - https:\/\/yoast.com\/wordpress\/plugins\/seo\/ -->\n<title>L&#039;Arxiu Hist\u00f2ric de Roquetes acull una exposici\u00f3 sobre la transici\u00f3 - NouBarris.Net<\/title>\n<meta name=\"robots\" content=\"index, follow, max-snippet:-1, max-image-preview:large, max-video-preview:-1\" \/>\n<link rel=\"canonical\" href=\"https:\/\/www.noubarris.net\/web40\/larxiu-historic-roquetes-acull-exposicio-sobre-transicio\/\" \/>\n<meta property=\"og:locale\" content=\"ca_ES\" \/>\n<meta property=\"og:type\" content=\"article\" \/>\n<meta property=\"og:title\" content=\"L&#039;Arxiu Hist\u00f2ric de Roquetes acull una exposici\u00f3 sobre la transici\u00f3 - NouBarris.Net\" \/>\n<meta property=\"og:description\" content=\"L&#8217;Arxiu Hist\u00f2ric de Roquetes acull diverses exposicions relacionades amb la transici\u00f3 al llarg de l&#8217;any. Actualment, es pot visitar l&#8217;exposici\u00f3\" \/>\n<meta property=\"og:url\" content=\"https:\/\/www.noubarris.net\/web40\/larxiu-historic-roquetes-acull-exposicio-sobre-transicio\/\" \/>\n<meta property=\"og:site_name\" content=\"NouBarris.Net\" \/>\n<meta property=\"article:publisher\" content=\"https:\/\/www.facebook.com\/NouBarris.net\/?locale=es_ES\" \/>\n<meta property=\"article:published_time\" content=\"2025-04-12T08:00:00+00:00\" \/>\n<meta property=\"og:image\" content=\"https:\/\/www.noubarris.net\/web40\/wp-content\/uploads\/2025\/04\/WhatsApp-Image-2025-04-10-at-11.29.28-3.jpeg\" \/>\n\t<meta property=\"og:image:width\" content=\"1920\" \/>\n\t<meta property=\"og:image:height\" content=\"1330\" \/>\n\t<meta property=\"og:image:type\" content=\"image\/jpeg\" \/>\n<meta name=\"author\" content=\"Informatius\" \/>\n<meta name=\"twitter:card\" content=\"summary_large_image\" \/>\n<meta name=\"twitter:creator\" content=\"@9BTV\" \/>\n<meta name=\"twitter:site\" content=\"@9BTV\" \/>\n<meta name=\"twitter:label1\" content=\"Escrit per\" \/>\n\t<meta name=\"twitter:data1\" content=\"Informatius\" \/>\n\t<meta name=\"twitter:label2\" content=\"Temps estimat de lectura\" \/>\n\t<meta name=\"twitter:data2\" content=\"1 minut\" \/>\n<script type=\"application\/ld+json\" class=\"yoast-schema-graph\">{\"@context\":\"https:\/\/schema.org\",\"@graph\":[{\"@type\":\"Article\",\"@id\":\"https:\/\/www.noubarris.net\/web40\/larxiu-historic-roquetes-acull-exposicio-sobre-transicio\/#article\",\"isPartOf\":{\"@id\":\"https:\/\/www.noubarris.net\/web40\/larxiu-historic-roquetes-acull-exposicio-sobre-transicio\/\"},\"author\":{\"name\":\"Informatius\",\"@id\":\"https:\/\/www.noubarris.net\/web40\/#\/schema\/person\/1827f92aaa316c54abbf4dac0de76069\"},\"headline\":\"L&#8217;Arxiu Hist\u00f2ric de Roquetes acull una exposici\u00f3 sobre la transici\u00f3\",\"datePublished\":\"2025-04-12T08:00:00+00:00\",\"mainEntityOfPage\":{\"@id\":\"https:\/\/www.noubarris.net\/web40\/larxiu-historic-roquetes-acull-exposicio-sobre-transicio\/\"},\"wordCount\":109,\"publisher\":{\"@id\":\"https:\/\/www.noubarris.net\/web40\/#organization\"},\"image\":{\"@id\":\"https:\/\/www.noubarris.net\/web40\/larxiu-historic-roquetes-acull-exposicio-sobre-transicio\/#primaryimage\"},\"thumbnailUrl\":\"https:\/\/www.noubarris.net\/web40\/wp-content\/uploads\/2025\/04\/WhatsApp-Image-2025-04-10-at-11.29.28-3.jpeg\",\"articleSection\":[\"Nou Barris TV\"],\"inLanguage\":\"ca\"},{\"@type\":\"WebPage\",\"@id\":\"https:\/\/www.noubarris.net\/web40\/larxiu-historic-roquetes-acull-exposicio-sobre-transicio\/\",\"url\":\"https:\/\/www.noubarris.net\/web40\/larxiu-historic-roquetes-acull-exposicio-sobre-transicio\/\",\"name\":\"L'Arxiu Hist\u00f2ric de Roquetes acull una exposici\u00f3 sobre la transici\u00f3 - NouBarris.Net\",\"isPartOf\":{\"@id\":\"https:\/\/www.noubarris.net\/web40\/#website\"},\"primaryImageOfPage\":{\"@id\":\"https:\/\/www.noubarris.net\/web40\/larxiu-historic-roquetes-acull-exposicio-sobre-transicio\/#primaryimage\"},\"image\":{\"@id\":\"https:\/\/www.noubarris.net\/web40\/larxiu-historic-roquetes-acull-exposicio-sobre-transicio\/#primaryimage\"},\"thumbnailUrl\":\"https:\/\/www.noubarris.net\/web40\/wp-content\/uploads\/2025\/04\/WhatsApp-Image-2025-04-10-at-11.29.28-3.jpeg\",\"datePublished\":\"2025-04-12T08:00:00+00:00\",\"breadcrumb\":{\"@id\":\"https:\/\/www.noubarris.net\/web40\/larxiu-historic-roquetes-acull-exposicio-sobre-transicio\/#breadcrumb\"},\"inLanguage\":\"ca\",\"potentialAction\":[{\"@type\":\"ReadAction\",\"target\":[\"https:\/\/www.noubarris.net\/web40\/larxiu-historic-roquetes-acull-exposicio-sobre-transicio\/\"]}]},{\"@type\":\"ImageObject\",\"inLanguage\":\"ca\",\"@id\":\"https:\/\/www.noubarris.net\/web40\/larxiu-historic-roquetes-acull-exposicio-sobre-transicio\/#primaryimage\",\"url\":\"https:\/\/www.noubarris.net\/web40\/wp-content\/uploads\/2025\/04\/WhatsApp-Image-2025-04-10-at-11.29.28-3.jpeg\",\"contentUrl\":\"https:\/\/www.noubarris.net\/web40\/wp-content\/uploads\/2025\/04\/WhatsApp-Image-2025-04-10-at-11.29.28-3.jpeg\",\"width\":1920,\"height\":1330,\"caption\":\"Exposici\u00f3n transici\u00f3n\"},{\"@type\":\"BreadcrumbList\",\"@id\":\"https:\/\/www.noubarris.net\/web40\/larxiu-historic-roquetes-acull-exposicio-sobre-transicio\/#breadcrumb\",\"itemListElement\":[{\"@type\":\"ListItem\",\"position\":1,\"name\":\"Inici\",\"item\":\"https:\/\/www.noubarris.net\/web40\/\"},{\"@type\":\"ListItem\",\"position\":2,\"name\":\"L&#8217;Arxiu Hist\u00f2ric de Roquetes acull una exposici\u00f3 sobre la transici\u00f3\"}]},{\"@type\":\"WebSite\",\"@id\":\"https:\/\/www.noubarris.net\/web40\/#website\",\"url\":\"https:\/\/www.noubarris.net\/web40\/\",\"name\":\"NouBarris.Net\",\"description\":\"Seguint la vida de Nou Barris des de 1985\",\"publisher\":{\"@id\":\"https:\/\/www.noubarris.net\/web40\/#organization\"},\"potentialAction\":[{\"@type\":\"SearchAction\",\"target\":{\"@type\":\"EntryPoint\",\"urlTemplate\":\"https:\/\/www.noubarris.net\/web40\/?s={search_term_string}\"},\"query-input\":{\"@type\":\"PropertyValueSpecification\",\"valueRequired\":true,\"valueName\":\"search_term_string\"}}],\"inLanguage\":\"ca\"},{\"@type\":\"Organization\",\"@id\":\"https:\/\/www.noubarris.net\/web40\/#organization\",\"name\":\"NouBarris.Net\",\"url\":\"https:\/\/www.noubarris.net\/web40\/\",\"logo\":{\"@type\":\"ImageObject\",\"inLanguage\":\"ca\",\"@id\":\"https:\/\/www.noubarris.net\/web40\/#\/schema\/logo\/image\/\",\"url\":\"https:\/\/www.noubarris.net\/web40\/wp-content\/uploads\/2024\/11\/cropped-cropped-LOGO_9BTV-2024_Insta-1.jpg\",\"contentUrl\":\"https:\/\/www.noubarris.net\/web40\/wp-content\/uploads\/2024\/11\/cropped-cropped-LOGO_9BTV-2024_Insta-1.jpg\",\"width\":512,\"height\":512,\"caption\":\"NouBarris.Net\"},\"image\":{\"@id\":\"https:\/\/www.noubarris.net\/web40\/#\/schema\/logo\/image\/\"},\"sameAs\":[\"https:\/\/www.facebook.com\/NouBarris.net\/?locale=es_ES\",\"https:\/\/x.com\/9BTV\"]},{\"@type\":\"Person\",\"@id\":\"https:\/\/www.noubarris.net\/web40\/#\/schema\/person\/1827f92aaa316c54abbf4dac0de76069\",\"name\":\"Informatius\",\"image\":{\"@type\":\"ImageObject\",\"inLanguage\":\"ca\",\"@id\":\"https:\/\/www.noubarris.net\/web40\/#\/schema\/person\/image\/\",\"url\":\"https:\/\/secure.gravatar.com\/avatar\/87a3b47928835fc72c6ee5b0e1a7263ef0c2d05003a98189bc14926c5f11bcdb?s=96&d=mm&r=g\",\"contentUrl\":\"https:\/\/secure.gravatar.com\/avatar\/87a3b47928835fc72c6ee5b0e1a7263ef0c2d05003a98189bc14926c5f11bcdb?s=96&d=mm&r=g\",\"caption\":\"Informatius\"},\"url\":\"https:\/\/www.noubarris.net\/web40\/author\/tele\/\"}]}<\/script>\n<!-- \/ Yoast SEO plugin. -->","yoast_head_json":{"title":"L'Arxiu Hist\u00f2ric de Roquetes acull una exposici\u00f3 sobre la transici\u00f3 - NouBarris.Net","robots":{"index":"index","follow":"follow","max-snippet":"max-snippet:-1","max-image-preview":"max-image-preview:large","max-video-preview":"max-video-preview:-1"},"canonical":"https:\/\/www.noubarris.net\/web40\/larxiu-historic-roquetes-acull-exposicio-sobre-transicio\/","og_locale":"ca_ES","og_type":"article","og_title":"L'Arxiu Hist\u00f2ric de Roquetes acull una exposici\u00f3 sobre la transici\u00f3 - NouBarris.Net","og_description":"L&#8217;Arxiu Hist\u00f2ric de Roquetes acull diverses exposicions relacionades amb la transici\u00f3 al llarg de l&#8217;any. Actualment, es pot visitar l&#8217;exposici\u00f3","og_url":"https:\/\/www.noubarris.net\/web40\/larxiu-historic-roquetes-acull-exposicio-sobre-transicio\/","og_site_name":"NouBarris.Net","article_publisher":"https:\/\/www.facebook.com\/NouBarris.net\/?locale=es_ES","article_published_time":"2025-04-12T08:00:00+00:00","og_image":[{"width":1920,"height":1330,"url":"https:\/\/www.noubarris.net\/web40\/wp-content\/uploads\/2025\/04\/WhatsApp-Image-2025-04-10-at-11.29.28-3.jpeg","type":"image\/jpeg"}],"author":"Informatius","twitter_card":"summary_large_image","twitter_creator":"@9BTV","twitter_site":"@9BTV","twitter_misc":{"Escrit per":"Informatius","Temps estimat de lectura":"1 minut"},"schema":{"@context":"https:\/\/schema.org","@graph":[{"@type":"Article","@id":"https:\/\/www.noubarris.net\/web40\/larxiu-historic-roquetes-acull-exposicio-sobre-transicio\/#article","isPartOf":{"@id":"https:\/\/www.noubarris.net\/web40\/larxiu-historic-roquetes-acull-exposicio-sobre-transicio\/"},"author":{"name":"Informatius","@id":"https:\/\/www.noubarris.net\/web40\/#\/schema\/person\/1827f92aaa316c54abbf4dac0de76069"},"headline":"L&#8217;Arxiu Hist\u00f2ric de Roquetes acull una exposici\u00f3 sobre la transici\u00f3","datePublished":"2025-04-12T08:00:00+00:00","mainEntityOfPage":{"@id":"https:\/\/www.noubarris.net\/web40\/larxiu-historic-roquetes-acull-exposicio-sobre-transicio\/"},"wordCount":109,"publisher":{"@id":"https:\/\/www.noubarris.net\/web40\/#organization"},"image":{"@id":"https:\/\/www.noubarris.net\/web40\/larxiu-historic-roquetes-acull-exposicio-sobre-transicio\/#primaryimage"},"thumbnailUrl":"https:\/\/www.noubarris.net\/web40\/wp-content\/uploads\/2025\/04\/WhatsApp-Image-2025-04-10-at-11.29.28-3.jpeg","articleSection":["Nou Barris TV"],"inLanguage":"ca"},{"@type":"WebPage","@id":"https:\/\/www.noubarris.net\/web40\/larxiu-historic-roquetes-acull-exposicio-sobre-transicio\/","url":"https:\/\/www.noubarris.net\/web40\/larxiu-historic-roquetes-acull-exposicio-sobre-transicio\/","name":"L'Arxiu Hist\u00f2ric de Roquetes acull una exposici\u00f3 sobre la transici\u00f3 - NouBarris.Net","isPartOf":{"@id":"https:\/\/www.noubarris.net\/web40\/#website"},"primaryImageOfPage":{"@id":"https:\/\/www.noubarris.net\/web40\/larxiu-historic-roquetes-acull-exposicio-sobre-transicio\/#primaryimage"},"image":{"@id":"https:\/\/www.noubarris.net\/web40\/larxiu-historic-roquetes-acull-exposicio-sobre-transicio\/#primaryimage"},"thumbnailUrl":"https:\/\/www.noubarris.net\/web40\/wp-content\/uploads\/2025\/04\/WhatsApp-Image-2025-04-10-at-11.29.28-3.jpeg","datePublished":"2025-04-12T08:00:00+00:00","breadcrumb":{"@id":"https:\/\/www.noubarris.net\/web40\/larxiu-historic-roquetes-acull-exposicio-sobre-transicio\/#breadcrumb"},"inLanguage":"ca","potentialAction":[{"@type":"ReadAction","target":["https:\/\/www.noubarris.net\/web40\/larxiu-historic-roquetes-acull-exposicio-sobre-transicio\/"]}]},{"@type":"ImageObject","inLanguage":"ca","@id":"https:\/\/www.noubarris.net\/web40\/larxiu-historic-roquetes-acull-exposicio-sobre-transicio\/#primaryimage","url":"https:\/\/www.noubarris.net\/web40\/wp-content\/uploads\/2025\/04\/WhatsApp-Image-2025-04-10-at-11.29.28-3.jpeg","contentUrl":"https:\/\/www.noubarris.net\/web40\/wp-content\/uploads\/2025\/04\/WhatsApp-Image-2025-04-10-at-11.29.28-3.jpeg","width":1920,"height":1330,"caption":"Exposici\u00f3n transici\u00f3n"},{"@type":"BreadcrumbList","@id":"https:\/\/www.noubarris.net\/web40\/larxiu-historic-roquetes-acull-exposicio-sobre-transicio\/#breadcrumb","itemListElement":[{"@type":"ListItem","position":1,"name":"Inici","item":"https:\/\/www.noubarris.net\/web40\/"},{"@type":"ListItem","position":2,"name":"L&#8217;Arxiu Hist\u00f2ric de Roquetes acull una exposici\u00f3 sobre la transici\u00f3"}]},{"@type":"WebSite","@id":"https:\/\/www.noubarris.net\/web40\/#website","url":"https:\/\/www.noubarris.net\/web40\/","name":"NouBarris.Net","description":"Seguint la vida de Nou Barris des de 1985","publisher":{"@id":"https:\/\/www.noubarris.net\/web40\/#organization"},"potentialAction":[{"@type":"SearchAction","target":{"@type":"EntryPoint","urlTemplate":"https:\/\/www.noubarris.net\/web40\/?s={search_term_string}"},"query-input":{"@type":"PropertyValueSpecification","valueRequired":true,"valueName":"search_term_string"}}],"inLanguage":"ca"},{"@type":"Organization","@id":"https:\/\/www.noubarris.net\/web40\/#organization","name":"NouBarris.Net","url":"https:\/\/www.noubarris.net\/web40\/","logo":{"@type":"ImageObject","inLanguage":"ca","@id":"https:\/\/www.noubarris.net\/web40\/#\/schema\/logo\/image\/","url":"https:\/\/www.noubarris.net\/web40\/wp-content\/uploads\/2024\/11\/cropped-cropped-LOGO_9BTV-2024_Insta-1.jpg","contentUrl":"https:\/\/www.noubarris.net\/web40\/wp-content\/uploads\/2024\/11\/cropped-cropped-LOGO_9BTV-2024_Insta-1.jpg","width":512,"height":512,"caption":"NouBarris.Net"},"image":{"@id":"https:\/\/www.noubarris.net\/web40\/#\/schema\/logo\/image\/"},"sameAs":["https:\/\/www.facebook.com\/NouBarris.net\/?locale=es_ES","https:\/\/x.com\/9BTV"]},{"@type":"Person","@id":"https:\/\/www.noubarris.net\/web40\/#\/schema\/person\/1827f92aaa316c54abbf4dac0de76069","name":"Informatius","image":{"@type":"ImageObject","inLanguage":"ca","@id":"https:\/\/www.noubarris.net\/web40\/#\/schema\/person\/image\/","url":"https:\/\/secure.gravatar.com\/avatar\/87a3b47928835fc72c6ee5b0e1a7263ef0c2d05003a98189bc14926c5f11bcdb?s=96&d=mm&r=g","contentUrl":"https:\/\/secure.gravatar.com\/avatar\/87a3b47928835fc72c6ee5b0e1a7263ef0c2d05003a98189bc14926c5f11bcdb?s=96&d=mm&r=g","caption":"Informatius"},"url":"https:\/\/www.noubarris.net\/web40\/author\/tele\/"}]}},"_links":{"self":[{"href":"https:\/\/www.noubarris.net\/web40\/wp-json\/wp\/v2\/posts\/84602","targetHints":{"allow":["GET"]}}],"collection":[{"href":"https:\/\/www.noubarris.net\/web40\/wp-json\/wp\/v2\/posts"}],"about":[{"href":"https:\/\/www.noubarris.net\/web40\/wp-json\/wp\/v2\/types\/post"}],"author":[{"embeddable":true,"href":"https:\/\/www.noubarris.net\/web40\/wp-json\/wp\/v2\/users\/2"}],"replies":[{"embeddable":true,"href":"https:\/\/www.noubarris.net\/web40\/wp-json\/wp\/v2\/comments?post=84602"}],"version-history":[{"count":5,"href":"https:\/\/www.noubarris.net\/web40\/wp-json\/wp\/v2\/posts\/84602\/revisions"}],"predecessor-version":[{"id":84675,"href":"https:\/\/www.noubarris.net\/web40\/wp-json\/wp\/v2\/posts\/84602\/revisions\/84675"}],"wp:featuredmedia":[{"embeddable":true,"href":"https:\/\/www.noubarris.net\/web40\/wp-json\/wp\/v2\/media\/84609"}],"wp:attachment":[{"href":"https:\/\/www.noubarris.net\/web40\/wp-json\/wp\/v2\/media?parent=84602"}],"wp:term":[{"taxonomy":"category","embeddable":true,"href":"https:\/\/www.noubarris.net\/web40\/wp-json\/wp\/v2\/categories?post=84602"},{"taxonomy":"post_tag","embeddable":true,"href":"https:\/\/www.noubarris.net\/web40\/wp-json\/wp\/v2\/tags?post=84602"}],"curies":[{"name":"wp","href":"https:\/\/api.w.org\/{rel}","templated":true}]}}