{"id":84611,"date":"2025-04-13T07:00:00","date_gmt":"2025-04-13T05:00:00","guid":{"rendered":"https:\/\/www.noubarris.net\/web40\/?p=84611"},"modified":"2025-04-11T17:00:20","modified_gmt":"2025-04-11T15:00:20","slug":"nou-barris-illustrat-31-racons-noubarriencs","status":"publish","type":"post","link":"https:\/\/www.noubarris.net\/web40\/nou-barris-illustrat-31-racons-noubarriencs\/","title":{"rendered":"Nou Barris il\u00b7lustrat. 31 racons noubarriencs"},"content":{"rendered":"\n<p><strong>Un recorregut visual i literari pels llocs m\u00e9s emblem\u00e0tics del districte de Nou Barris, entre hist\u00f2ria, identitat i present<\/strong><\/p>\n\n\n\n<p>El dijous 10 d&#8217;abril, l&#8217;Arxiu Hist\u00f2ric de Roquetes va acollir la presentaci\u00f3 del llibre <em data-start=\"380\" data-end=\"427\"><a href=\"https:\/\/www.noubarris.net\/web40\/engeguen-un-micromecenatge-per-publicar-nou-barris-illustrat-el-recull-dels-dibuixos-de-31-racons-del-districte\/\">Nou Barris il\u00b7lustrat. 31 racons noubarriencs<\/a><\/em> a l&#8217;Espai Via Fav\u00e8ncia, una cita que va permetre als assistents descobrir els 31 racons emblem\u00e0tics del barri a trav\u00e9s de les il\u00b7lustracions de C\u00e8lia Vall\u00e8s Pi i els textos de Jordi S\u00e0nchez i Ruiz. L&#8217;esdeveniment va comptar amb la pres\u00e8ncia dels autors, que van compartir amb el p\u00fablic els detalls i el proc\u00e9s creatiu darrere d\u2019aquesta obra.<\/p>\n\n\n\n<figure class=\"wp-block-image size-large\"><img loading=\"lazy\" decoding=\"async\" width=\"1024\" height=\"577\" src=\"https:\/\/www.noubarris.net\/web40\/wp-content\/uploads\/2025\/04\/WhatsApp-Image-2025-04-11-at-16.48.22-1024x577.jpeg\" alt=\"Presentaci\u00f3 llibre Nou Barris il\u00b7ustrat\" class=\"wp-image-84677\" srcset=\"https:\/\/www.noubarris.net\/web40\/wp-content\/uploads\/2025\/04\/WhatsApp-Image-2025-04-11-at-16.48.22-1024x577.jpeg 1024w, https:\/\/www.noubarris.net\/web40\/wp-content\/uploads\/2025\/04\/WhatsApp-Image-2025-04-11-at-16.48.22-300x169.jpeg 300w, https:\/\/www.noubarris.net\/web40\/wp-content\/uploads\/2025\/04\/WhatsApp-Image-2025-04-11-at-16.48.22-768x432.jpeg 768w, https:\/\/www.noubarris.net\/web40\/wp-content\/uploads\/2025\/04\/WhatsApp-Image-2025-04-11-at-16.48.22-1536x865.jpeg 1536w, https:\/\/www.noubarris.net\/web40\/wp-content\/uploads\/2025\/04\/WhatsApp-Image-2025-04-11-at-16.48.22-2048x1153.jpeg 2048w, https:\/\/www.noubarris.net\/web40\/wp-content\/uploads\/2025\/04\/WhatsApp-Image-2025-04-11-at-16.48.22-1320x743.jpeg 1320w\" sizes=\"auto, (max-width: 1024px) 100vw, 1024px\" \/><figcaption class=\"wp-element-caption\">Presentaci\u00f3 llibre Nou Barris il\u00b7ustrat<\/figcaption><\/figure>\n\n\n\n<p>El llibre ofereix una visi\u00f3 visualment captivadora de Nou Barris, un barri amb una gran c\u00e0rrega hist\u00f2rica i cultural. Les il\u00b7lustracions de Vall\u00e8s Pi capturen l\u2019ess\u00e8ncia d\u2019espais tan emblem\u00e0tics com els seus carrers, places i racons m\u00e9s amagats, mentre que els textos de S\u00e0nchez i Ruiz donen vida a la hist\u00f2ria del districte, ressaltant la seva identitat \u00fanica.<\/p>\n\n\n\n<p>Durant la presentaci\u00f3, els assistents van tenir l\u2019oportunitat de con\u00e8ixer de prop els autors i aprofundir en la import\u00e0ncia d&#8217;aquesta publicaci\u00f3 com a homenatge a la comunitat de Nou Barris. La conversa va estar centrada en la relaci\u00f3 personal dels autors amb el barri i com la seva evoluci\u00f3 ha influ\u00eft en l&#8217;obra. A m\u00e9s, els presents van poder gaudir d&#8217;una exposici\u00f3 de les il\u00b7lustracions incloses al llibre, que va permetre viure una experi\u00e8ncia \u00fanica que va fusionar art i hist\u00f2ria.<\/p>\n\n\n\n<p>Els assistents van poder emportar-se un exemplar del llibre, continuant aix\u00ed el viatge pels racons m\u00e9s emblem\u00e0tics de Nou Barris.<\/p>\n\n\n\n\n\n<p><\/p>\n\n\n\n<figure class=\"wp-block-image size-large\"><img loading=\"lazy\" decoding=\"async\" width=\"1024\" height=\"577\" src=\"https:\/\/www.noubarris.net\/web40\/wp-content\/uploads\/2025\/04\/WhatsApp-Image-2025-04-11-at-16.48.22-1-1024x577.jpeg\" alt=\"Llibre Nou Barris Il\u00b7lustrat\" class=\"wp-image-84678\" srcset=\"https:\/\/www.noubarris.net\/web40\/wp-content\/uploads\/2025\/04\/WhatsApp-Image-2025-04-11-at-16.48.22-1-1024x577.jpeg 1024w, https:\/\/www.noubarris.net\/web40\/wp-content\/uploads\/2025\/04\/WhatsApp-Image-2025-04-11-at-16.48.22-1-300x169.jpeg 300w, https:\/\/www.noubarris.net\/web40\/wp-content\/uploads\/2025\/04\/WhatsApp-Image-2025-04-11-at-16.48.22-1-768x432.jpeg 768w, https:\/\/www.noubarris.net\/web40\/wp-content\/uploads\/2025\/04\/WhatsApp-Image-2025-04-11-at-16.48.22-1-1536x865.jpeg 1536w, https:\/\/www.noubarris.net\/web40\/wp-content\/uploads\/2025\/04\/WhatsApp-Image-2025-04-11-at-16.48.22-1-2048x1153.jpeg 2048w, https:\/\/www.noubarris.net\/web40\/wp-content\/uploads\/2025\/04\/WhatsApp-Image-2025-04-11-at-16.48.22-1-1320x743.jpeg 1320w\" sizes=\"auto, (max-width: 1024px) 100vw, 1024px\" \/><figcaption class=\"wp-element-caption\">Llibre Nou Barris Il\u00b7lustrat<\/figcaption><\/figure>\n\n\n\n<figure class=\"wp-block-image size-full\"><img loading=\"lazy\" decoding=\"async\" width=\"768\" height=\"432\" src=\"https:\/\/www.noubarris.net\/web40\/wp-content\/uploads\/2024\/04\/150424-1.jpg\" alt=\"Nou Barris Il\u00b7lustrat\" class=\"wp-image-82585\" srcset=\"https:\/\/www.noubarris.net\/web40\/wp-content\/uploads\/2024\/04\/150424-1.jpg 768w, https:\/\/www.noubarris.net\/web40\/wp-content\/uploads\/2024\/04\/150424-1-300x169.jpg 300w, https:\/\/www.noubarris.net\/web40\/wp-content\/uploads\/2024\/04\/150424-1-600x338.jpg 600w\" sizes=\"auto, (max-width: 768px) 100vw, 768px\" \/><figcaption class=\"wp-element-caption\">Cartell del <em>Crowdfunding<\/em> creat l&#8217;any passat per finan\u00e7ar l&#8217;elaboraci\u00f3 del llibre<\/figcaption><\/figure>\n\n\n\n\n\n\n","protected":false},"excerpt":{"rendered":"<p>Un recorregut visual i literari pels llocs m\u00e9s emblem\u00e0tics del districte de Nou Barris, entre hist\u00f2ria, identitat i present El<\/p>\n","protected":false},"author":2,"featured_media":84615,"comment_status":"closed","ping_status":"closed","sticky":false,"template":"","format":"standard","meta":{"colormag_page_layout":"default_layout","_monsterinsights_skip_tracking":false,"_monsterinsights_sitenote_active":false,"_monsterinsights_sitenote_note":"","_monsterinsights_sitenote_category":0,"footnotes":""},"categories":[129,136],"tags":[],"class_list":["post-84611","post","type-post","status-publish","format-standard","has-post-thumbnail","hentry","category-cultura","category-les-roquetes"],"yoast_head":"<!-- This site is optimized with the Yoast SEO plugin v25.3 - https:\/\/yoast.com\/wordpress\/plugins\/seo\/ -->\n<title>Nou Barris il\u00b7lustrat. 31 racons noubarriencs - NouBarris.Net<\/title>\n<meta name=\"robots\" content=\"index, follow, max-snippet:-1, max-image-preview:large, max-video-preview:-1\" \/>\n<link rel=\"canonical\" href=\"https:\/\/www.noubarris.net\/web40\/nou-barris-illustrat-31-racons-noubarriencs\/\" \/>\n<meta property=\"og:locale\" content=\"ca_ES\" \/>\n<meta property=\"og:type\" content=\"article\" \/>\n<meta property=\"og:title\" content=\"Nou Barris il\u00b7lustrat. 31 racons noubarriencs - NouBarris.Net\" \/>\n<meta property=\"og:description\" content=\"Un recorregut visual i literari pels llocs m\u00e9s emblem\u00e0tics del districte de Nou Barris, entre hist\u00f2ria, identitat i present El\" \/>\n<meta property=\"og:url\" content=\"https:\/\/www.noubarris.net\/web40\/nou-barris-illustrat-31-racons-noubarriencs\/\" \/>\n<meta property=\"og:site_name\" content=\"NouBarris.Net\" \/>\n<meta property=\"article:publisher\" content=\"https:\/\/www.facebook.com\/NouBarris.net\/?locale=es_ES\" \/>\n<meta property=\"article:published_time\" content=\"2025-04-13T05:00:00+00:00\" \/>\n<meta property=\"og:image\" content=\"https:\/\/www.noubarris.net\/web40\/wp-content\/uploads\/2025\/04\/Captura-de-pantalla-2025-04-10-124404.jpg\" \/>\n\t<meta property=\"og:image:width\" content=\"844\" \/>\n\t<meta property=\"og:image:height\" content=\"578\" \/>\n\t<meta property=\"og:image:type\" content=\"image\/jpeg\" \/>\n<meta name=\"author\" content=\"Informatius\" \/>\n<meta name=\"twitter:card\" content=\"summary_large_image\" \/>\n<meta name=\"twitter:creator\" content=\"@9BTV\" \/>\n<meta name=\"twitter:site\" content=\"@9BTV\" \/>\n<meta name=\"twitter:label1\" content=\"Escrit per\" \/>\n\t<meta name=\"twitter:data1\" content=\"Informatius\" \/>\n\t<meta name=\"twitter:label2\" content=\"Temps estimat de lectura\" \/>\n\t<meta name=\"twitter:data2\" content=\"3 minuts\" \/>\n<script type=\"application\/ld+json\" class=\"yoast-schema-graph\">{\"@context\":\"https:\/\/schema.org\",\"@graph\":[{\"@type\":\"Article\",\"@id\":\"https:\/\/www.noubarris.net\/web40\/nou-barris-illustrat-31-racons-noubarriencs\/#article\",\"isPartOf\":{\"@id\":\"https:\/\/www.noubarris.net\/web40\/nou-barris-illustrat-31-racons-noubarriencs\/\"},\"author\":{\"name\":\"Informatius\",\"@id\":\"https:\/\/www.noubarris.net\/web40\/#\/schema\/person\/1827f92aaa316c54abbf4dac0de76069\"},\"headline\":\"Nou Barris il\u00b7lustrat. 31 racons noubarriencs\",\"datePublished\":\"2025-04-13T05:00:00+00:00\",\"mainEntityOfPage\":{\"@id\":\"https:\/\/www.noubarris.net\/web40\/nou-barris-illustrat-31-racons-noubarriencs\/\"},\"wordCount\":328,\"publisher\":{\"@id\":\"https:\/\/www.noubarris.net\/web40\/#organization\"},\"image\":{\"@id\":\"https:\/\/www.noubarris.net\/web40\/nou-barris-illustrat-31-racons-noubarriencs\/#primaryimage\"},\"thumbnailUrl\":\"https:\/\/www.noubarris.net\/web40\/wp-content\/uploads\/2025\/04\/Captura-de-pantalla-2025-04-10-124404.jpg\",\"articleSection\":[\"Cultura\",\"Les Roquetes\"],\"inLanguage\":\"ca\"},{\"@type\":\"WebPage\",\"@id\":\"https:\/\/www.noubarris.net\/web40\/nou-barris-illustrat-31-racons-noubarriencs\/\",\"url\":\"https:\/\/www.noubarris.net\/web40\/nou-barris-illustrat-31-racons-noubarriencs\/\",\"name\":\"Nou Barris il\u00b7lustrat. 31 racons noubarriencs - NouBarris.Net\",\"isPartOf\":{\"@id\":\"https:\/\/www.noubarris.net\/web40\/#website\"},\"primaryImageOfPage\":{\"@id\":\"https:\/\/www.noubarris.net\/web40\/nou-barris-illustrat-31-racons-noubarriencs\/#primaryimage\"},\"image\":{\"@id\":\"https:\/\/www.noubarris.net\/web40\/nou-barris-illustrat-31-racons-noubarriencs\/#primaryimage\"},\"thumbnailUrl\":\"https:\/\/www.noubarris.net\/web40\/wp-content\/uploads\/2025\/04\/Captura-de-pantalla-2025-04-10-124404.jpg\",\"datePublished\":\"2025-04-13T05:00:00+00:00\",\"breadcrumb\":{\"@id\":\"https:\/\/www.noubarris.net\/web40\/nou-barris-illustrat-31-racons-noubarriencs\/#breadcrumb\"},\"inLanguage\":\"ca\",\"potentialAction\":[{\"@type\":\"ReadAction\",\"target\":[\"https:\/\/www.noubarris.net\/web40\/nou-barris-illustrat-31-racons-noubarriencs\/\"]}]},{\"@type\":\"ImageObject\",\"inLanguage\":\"ca\",\"@id\":\"https:\/\/www.noubarris.net\/web40\/nou-barris-illustrat-31-racons-noubarriencs\/#primaryimage\",\"url\":\"https:\/\/www.noubarris.net\/web40\/wp-content\/uploads\/2025\/04\/Captura-de-pantalla-2025-04-10-124404.jpg\",\"contentUrl\":\"https:\/\/www.noubarris.net\/web40\/wp-content\/uploads\/2025\/04\/Captura-de-pantalla-2025-04-10-124404.jpg\",\"width\":844,\"height\":578,\"caption\":\"Nou Barris il\u00b7lustrat. 31 racons noubarriencs\"},{\"@type\":\"BreadcrumbList\",\"@id\":\"https:\/\/www.noubarris.net\/web40\/nou-barris-illustrat-31-racons-noubarriencs\/#breadcrumb\",\"itemListElement\":[{\"@type\":\"ListItem\",\"position\":1,\"name\":\"Inici\",\"item\":\"https:\/\/www.noubarris.net\/web40\/\"},{\"@type\":\"ListItem\",\"position\":2,\"name\":\"Nou Barris il\u00b7lustrat. 31 racons noubarriencs\"}]},{\"@type\":\"WebSite\",\"@id\":\"https:\/\/www.noubarris.net\/web40\/#website\",\"url\":\"https:\/\/www.noubarris.net\/web40\/\",\"name\":\"NouBarris.Net\",\"description\":\"Seguint la vida de Nou Barris des de 1985\",\"publisher\":{\"@id\":\"https:\/\/www.noubarris.net\/web40\/#organization\"},\"potentialAction\":[{\"@type\":\"SearchAction\",\"target\":{\"@type\":\"EntryPoint\",\"urlTemplate\":\"https:\/\/www.noubarris.net\/web40\/?s={search_term_string}\"},\"query-input\":{\"@type\":\"PropertyValueSpecification\",\"valueRequired\":true,\"valueName\":\"search_term_string\"}}],\"inLanguage\":\"ca\"},{\"@type\":\"Organization\",\"@id\":\"https:\/\/www.noubarris.net\/web40\/#organization\",\"name\":\"NouBarris.Net\",\"url\":\"https:\/\/www.noubarris.net\/web40\/\",\"logo\":{\"@type\":\"ImageObject\",\"inLanguage\":\"ca\",\"@id\":\"https:\/\/www.noubarris.net\/web40\/#\/schema\/logo\/image\/\",\"url\":\"https:\/\/www.noubarris.net\/web40\/wp-content\/uploads\/2024\/11\/cropped-cropped-LOGO_9BTV-2024_Insta-1.jpg\",\"contentUrl\":\"https:\/\/www.noubarris.net\/web40\/wp-content\/uploads\/2024\/11\/cropped-cropped-LOGO_9BTV-2024_Insta-1.jpg\",\"width\":512,\"height\":512,\"caption\":\"NouBarris.Net\"},\"image\":{\"@id\":\"https:\/\/www.noubarris.net\/web40\/#\/schema\/logo\/image\/\"},\"sameAs\":[\"https:\/\/www.facebook.com\/NouBarris.net\/?locale=es_ES\",\"https:\/\/x.com\/9BTV\"]},{\"@type\":\"Person\",\"@id\":\"https:\/\/www.noubarris.net\/web40\/#\/schema\/person\/1827f92aaa316c54abbf4dac0de76069\",\"name\":\"Informatius\",\"image\":{\"@type\":\"ImageObject\",\"inLanguage\":\"ca\",\"@id\":\"https:\/\/www.noubarris.net\/web40\/#\/schema\/person\/image\/\",\"url\":\"https:\/\/secure.gravatar.com\/avatar\/87a3b47928835fc72c6ee5b0e1a7263ef0c2d05003a98189bc14926c5f11bcdb?s=96&d=mm&r=g\",\"contentUrl\":\"https:\/\/secure.gravatar.com\/avatar\/87a3b47928835fc72c6ee5b0e1a7263ef0c2d05003a98189bc14926c5f11bcdb?s=96&d=mm&r=g\",\"caption\":\"Informatius\"},\"url\":\"https:\/\/www.noubarris.net\/web40\/author\/tele\/\"}]}<\/script>\n<!-- \/ Yoast SEO plugin. -->","yoast_head_json":{"title":"Nou Barris il\u00b7lustrat. 31 racons noubarriencs - NouBarris.Net","robots":{"index":"index","follow":"follow","max-snippet":"max-snippet:-1","max-image-preview":"max-image-preview:large","max-video-preview":"max-video-preview:-1"},"canonical":"https:\/\/www.noubarris.net\/web40\/nou-barris-illustrat-31-racons-noubarriencs\/","og_locale":"ca_ES","og_type":"article","og_title":"Nou Barris il\u00b7lustrat. 31 racons noubarriencs - NouBarris.Net","og_description":"Un recorregut visual i literari pels llocs m\u00e9s emblem\u00e0tics del districte de Nou Barris, entre hist\u00f2ria, identitat i present El","og_url":"https:\/\/www.noubarris.net\/web40\/nou-barris-illustrat-31-racons-noubarriencs\/","og_site_name":"NouBarris.Net","article_publisher":"https:\/\/www.facebook.com\/NouBarris.net\/?locale=es_ES","article_published_time":"2025-04-13T05:00:00+00:00","og_image":[{"width":844,"height":578,"url":"https:\/\/www.noubarris.net\/web40\/wp-content\/uploads\/2025\/04\/Captura-de-pantalla-2025-04-10-124404.jpg","type":"image\/jpeg"}],"author":"Informatius","twitter_card":"summary_large_image","twitter_creator":"@9BTV","twitter_site":"@9BTV","twitter_misc":{"Escrit per":"Informatius","Temps estimat de lectura":"3 minuts"},"schema":{"@context":"https:\/\/schema.org","@graph":[{"@type":"Article","@id":"https:\/\/www.noubarris.net\/web40\/nou-barris-illustrat-31-racons-noubarriencs\/#article","isPartOf":{"@id":"https:\/\/www.noubarris.net\/web40\/nou-barris-illustrat-31-racons-noubarriencs\/"},"author":{"name":"Informatius","@id":"https:\/\/www.noubarris.net\/web40\/#\/schema\/person\/1827f92aaa316c54abbf4dac0de76069"},"headline":"Nou Barris il\u00b7lustrat. 31 racons noubarriencs","datePublished":"2025-04-13T05:00:00+00:00","mainEntityOfPage":{"@id":"https:\/\/www.noubarris.net\/web40\/nou-barris-illustrat-31-racons-noubarriencs\/"},"wordCount":328,"publisher":{"@id":"https:\/\/www.noubarris.net\/web40\/#organization"},"image":{"@id":"https:\/\/www.noubarris.net\/web40\/nou-barris-illustrat-31-racons-noubarriencs\/#primaryimage"},"thumbnailUrl":"https:\/\/www.noubarris.net\/web40\/wp-content\/uploads\/2025\/04\/Captura-de-pantalla-2025-04-10-124404.jpg","articleSection":["Cultura","Les Roquetes"],"inLanguage":"ca"},{"@type":"WebPage","@id":"https:\/\/www.noubarris.net\/web40\/nou-barris-illustrat-31-racons-noubarriencs\/","url":"https:\/\/www.noubarris.net\/web40\/nou-barris-illustrat-31-racons-noubarriencs\/","name":"Nou Barris il\u00b7lustrat. 31 racons noubarriencs - NouBarris.Net","isPartOf":{"@id":"https:\/\/www.noubarris.net\/web40\/#website"},"primaryImageOfPage":{"@id":"https:\/\/www.noubarris.net\/web40\/nou-barris-illustrat-31-racons-noubarriencs\/#primaryimage"},"image":{"@id":"https:\/\/www.noubarris.net\/web40\/nou-barris-illustrat-31-racons-noubarriencs\/#primaryimage"},"thumbnailUrl":"https:\/\/www.noubarris.net\/web40\/wp-content\/uploads\/2025\/04\/Captura-de-pantalla-2025-04-10-124404.jpg","datePublished":"2025-04-13T05:00:00+00:00","breadcrumb":{"@id":"https:\/\/www.noubarris.net\/web40\/nou-barris-illustrat-31-racons-noubarriencs\/#breadcrumb"},"inLanguage":"ca","potentialAction":[{"@type":"ReadAction","target":["https:\/\/www.noubarris.net\/web40\/nou-barris-illustrat-31-racons-noubarriencs\/"]}]},{"@type":"ImageObject","inLanguage":"ca","@id":"https:\/\/www.noubarris.net\/web40\/nou-barris-illustrat-31-racons-noubarriencs\/#primaryimage","url":"https:\/\/www.noubarris.net\/web40\/wp-content\/uploads\/2025\/04\/Captura-de-pantalla-2025-04-10-124404.jpg","contentUrl":"https:\/\/www.noubarris.net\/web40\/wp-content\/uploads\/2025\/04\/Captura-de-pantalla-2025-04-10-124404.jpg","width":844,"height":578,"caption":"Nou Barris il\u00b7lustrat. 31 racons noubarriencs"},{"@type":"BreadcrumbList","@id":"https:\/\/www.noubarris.net\/web40\/nou-barris-illustrat-31-racons-noubarriencs\/#breadcrumb","itemListElement":[{"@type":"ListItem","position":1,"name":"Inici","item":"https:\/\/www.noubarris.net\/web40\/"},{"@type":"ListItem","position":2,"name":"Nou Barris il\u00b7lustrat. 31 racons noubarriencs"}]},{"@type":"WebSite","@id":"https:\/\/www.noubarris.net\/web40\/#website","url":"https:\/\/www.noubarris.net\/web40\/","name":"NouBarris.Net","description":"Seguint la vida de Nou Barris des de 1985","publisher":{"@id":"https:\/\/www.noubarris.net\/web40\/#organization"},"potentialAction":[{"@type":"SearchAction","target":{"@type":"EntryPoint","urlTemplate":"https:\/\/www.noubarris.net\/web40\/?s={search_term_string}"},"query-input":{"@type":"PropertyValueSpecification","valueRequired":true,"valueName":"search_term_string"}}],"inLanguage":"ca"},{"@type":"Organization","@id":"https:\/\/www.noubarris.net\/web40\/#organization","name":"NouBarris.Net","url":"https:\/\/www.noubarris.net\/web40\/","logo":{"@type":"ImageObject","inLanguage":"ca","@id":"https:\/\/www.noubarris.net\/web40\/#\/schema\/logo\/image\/","url":"https:\/\/www.noubarris.net\/web40\/wp-content\/uploads\/2024\/11\/cropped-cropped-LOGO_9BTV-2024_Insta-1.jpg","contentUrl":"https:\/\/www.noubarris.net\/web40\/wp-content\/uploads\/2024\/11\/cropped-cropped-LOGO_9BTV-2024_Insta-1.jpg","width":512,"height":512,"caption":"NouBarris.Net"},"image":{"@id":"https:\/\/www.noubarris.net\/web40\/#\/schema\/logo\/image\/"},"sameAs":["https:\/\/www.facebook.com\/NouBarris.net\/?locale=es_ES","https:\/\/x.com\/9BTV"]},{"@type":"Person","@id":"https:\/\/www.noubarris.net\/web40\/#\/schema\/person\/1827f92aaa316c54abbf4dac0de76069","name":"Informatius","image":{"@type":"ImageObject","inLanguage":"ca","@id":"https:\/\/www.noubarris.net\/web40\/#\/schema\/person\/image\/","url":"https:\/\/secure.gravatar.com\/avatar\/87a3b47928835fc72c6ee5b0e1a7263ef0c2d05003a98189bc14926c5f11bcdb?s=96&d=mm&r=g","contentUrl":"https:\/\/secure.gravatar.com\/avatar\/87a3b47928835fc72c6ee5b0e1a7263ef0c2d05003a98189bc14926c5f11bcdb?s=96&d=mm&r=g","caption":"Informatius"},"url":"https:\/\/www.noubarris.net\/web40\/author\/tele\/"}]}},"_links":{"self":[{"href":"https:\/\/www.noubarris.net\/web40\/wp-json\/wp\/v2\/posts\/84611","targetHints":{"allow":["GET"]}}],"collection":[{"href":"https:\/\/www.noubarris.net\/web40\/wp-json\/wp\/v2\/posts"}],"about":[{"href":"https:\/\/www.noubarris.net\/web40\/wp-json\/wp\/v2\/types\/post"}],"author":[{"embeddable":true,"href":"https:\/\/www.noubarris.net\/web40\/wp-json\/wp\/v2\/users\/2"}],"replies":[{"embeddable":true,"href":"https:\/\/www.noubarris.net\/web40\/wp-json\/wp\/v2\/comments?post=84611"}],"version-history":[{"count":3,"href":"https:\/\/www.noubarris.net\/web40\/wp-json\/wp\/v2\/posts\/84611\/revisions"}],"predecessor-version":[{"id":84679,"href":"https:\/\/www.noubarris.net\/web40\/wp-json\/wp\/v2\/posts\/84611\/revisions\/84679"}],"wp:featuredmedia":[{"embeddable":true,"href":"https:\/\/www.noubarris.net\/web40\/wp-json\/wp\/v2\/media\/84615"}],"wp:attachment":[{"href":"https:\/\/www.noubarris.net\/web40\/wp-json\/wp\/v2\/media?parent=84611"}],"wp:term":[{"taxonomy":"category","embeddable":true,"href":"https:\/\/www.noubarris.net\/web40\/wp-json\/wp\/v2\/categories?post=84611"},{"taxonomy":"post_tag","embeddable":true,"href":"https:\/\/www.noubarris.net\/web40\/wp-json\/wp\/v2\/tags?post=84611"}],"curies":[{"name":"wp","href":"https:\/\/api.w.org\/{rel}","templated":true}]}}