{"id":84656,"date":"2025-04-21T07:00:00","date_gmt":"2025-04-21T05:00:00","guid":{"rendered":"https:\/\/www.noubarris.net\/web40\/?p=84656"},"modified":"2025-04-14T16:21:05","modified_gmt":"2025-04-14T14:21:05","slug":"barcelona-recuperara-primeres-74-fonts-ornamentals-fins-juny","status":"publish","type":"post","link":"https:\/\/www.noubarris.net\/web40\/barcelona-recuperara-primeres-74-fonts-ornamentals-fins-juny\/","title":{"rendered":"Barcelona recuperar\u00e0 les primeres 74 fonts ornamentals fins al juny"},"content":{"rendered":"\n<p>L&#8217; <strong>Ajuntament posa en marxa un pla de tres fases per restaurar les 245 fonts tancades per la sequera<\/strong><\/p>\n\n\n\n<p>Barcelona iniciar\u00e0 la recuperaci\u00f3 de les seves fonts ornamentals amb la reactivaci\u00f3 de 74 fonts fins al juny d\u2019aquest any. Aquestes formen part d&#8217;un pla en tres fases dissenyat per l\u2019ajuntament per tornar a posar en marxa les 245 fonts que es van tancar fa m\u00e9s de dos anys a causa de la sequera.<\/p>\n\n\n\n<p>Aquesta primera fase inclou fonts de menys de 40 m\u00b2, com les de l\u2019eix del passeig de Gr\u00e0cia i la <a href=\"https:\/\/www.noubarris.net\/web40\/font-magica-manuel-de-falla\/\" target=\"_blank\" rel=\"noreferrer noopener\">font de Manuel de Falla, a Nou Barris.<\/a> Tamb\u00e9 es far\u00e0 el buidatge i neteja de llacs com els de l\u2019Espanya Industrial i la Creueta del Coll, aix\u00ed com altres fonts que han mantingut aigua per ser refugis de vida.<\/p>\n\n\n\n<figure class=\"wp-block-image aligncenter size-full\"><img loading=\"lazy\" decoding=\"async\" width=\"404\" height=\"301\" src=\"https:\/\/www.noubarris.net\/web40\/wp-content\/uploads\/2025\/04\/Captura-de-pantalla-2025-04-11-122055.jpg\" alt=\"\" class=\"wp-image-84659\" srcset=\"https:\/\/www.noubarris.net\/web40\/wp-content\/uploads\/2025\/04\/Captura-de-pantalla-2025-04-11-122055.jpg 404w, https:\/\/www.noubarris.net\/web40\/wp-content\/uploads\/2025\/04\/Captura-de-pantalla-2025-04-11-122055-300x224.jpg 300w\" sizes=\"auto, (max-width: 404px) 100vw, 404px\" \/><\/figure>\n\n\n\n<p>A partir de juny de 2025, es posaran en marxa altres 73 fonts, incloent-hi la Font M\u00e0gica i les cascades de Montju\u00efc, amb motiu de les festes de la Merc\u00e8. Finalment, entre octubre de 2025 i juny de 2026, es completar\u00e0 la restauraci\u00f3 de les fonts de m\u00e9s de 100 m\u00b2, amb 72 fonts m\u00e9s en funcionament.<\/p>\n\n\n\n<p>Aquesta recuperaci\u00f3 de les fonts ornamentals forma part d\u2019un pla global d\u2019inversi\u00f3 per millorar la infraestructura urbana, amb una inversi\u00f3 prevista de 6,6 milions d\u2019euros fins al 2028. A m\u00e9s, l\u2019ajuntament ha anunciat la creaci\u00f3 de set fonts noves abans de l\u2019estiu vinent.<\/p>\n\n\n\n<p>La fi de la fase d&#8217;alerta per sequera tamb\u00e9 permetr\u00e0 la normalitzaci\u00f3 del reg dels parcs i jardins de la ciutat i la continuaci\u00f3 del pla de recuperaci\u00f3 de verd, amb la plantaci\u00f3 de 9.000 arbres fins a la primavera del 2026. <\/p>\n","protected":false},"excerpt":{"rendered":"<p>L&#8217; Ajuntament posa en marxa un pla de tres fases per restaurar les 245 fonts tancades per la sequera Barcelona<\/p>\n","protected":false},"author":2,"featured_media":84658,"comment_status":"closed","ping_status":"closed","sticky":false,"template":"","format":"standard","meta":{"colormag_page_layout":"default_layout","_monsterinsights_skip_tracking":false,"_monsterinsights_sitenote_active":false,"_monsterinsights_sitenote_note":"","_monsterinsights_sitenote_category":0,"footnotes":""},"categories":[1,302],"tags":[],"class_list":["post-84656","post","type-post","status-publish","format-standard","has-post-thumbnail","hentry","category-nou-barris","category-urbanisme"],"yoast_head":"<!-- This site is optimized with the Yoast SEO plugin v25.3 - https:\/\/yoast.com\/wordpress\/plugins\/seo\/ -->\n<title>Barcelona recuperar\u00e0 les primeres 74 fonts ornamentals fins al juny - NouBarris.Net<\/title>\n<meta name=\"robots\" content=\"index, follow, max-snippet:-1, max-image-preview:large, max-video-preview:-1\" \/>\n<link rel=\"canonical\" href=\"https:\/\/www.noubarris.net\/web40\/barcelona-recuperara-primeres-74-fonts-ornamentals-fins-juny\/\" \/>\n<meta property=\"og:locale\" content=\"ca_ES\" \/>\n<meta property=\"og:type\" content=\"article\" \/>\n<meta property=\"og:title\" content=\"Barcelona recuperar\u00e0 les primeres 74 fonts ornamentals fins al juny - NouBarris.Net\" \/>\n<meta property=\"og:description\" content=\"L&#8217; Ajuntament posa en marxa un pla de tres fases per restaurar les 245 fonts tancades per la sequera Barcelona\" \/>\n<meta property=\"og:url\" content=\"https:\/\/www.noubarris.net\/web40\/barcelona-recuperara-primeres-74-fonts-ornamentals-fins-juny\/\" \/>\n<meta property=\"og:site_name\" content=\"NouBarris.Net\" \/>\n<meta property=\"article:publisher\" content=\"https:\/\/www.facebook.com\/NouBarris.net\/?locale=es_ES\" \/>\n<meta property=\"article:published_time\" content=\"2025-04-21T05:00:00+00:00\" \/>\n<meta property=\"og:image\" content=\"https:\/\/www.noubarris.net\/web40\/wp-content\/uploads\/2025\/04\/Captura-de-pantalla-2025-04-11-121454.jpg\" \/>\n\t<meta property=\"og:image:width\" content=\"466\" \/>\n\t<meta property=\"og:image:height\" content=\"277\" \/>\n\t<meta property=\"og:image:type\" content=\"image\/jpeg\" \/>\n<meta name=\"author\" content=\"Informatius\" \/>\n<meta name=\"twitter:card\" content=\"summary_large_image\" \/>\n<meta name=\"twitter:creator\" content=\"@9BTV\" \/>\n<meta name=\"twitter:site\" content=\"@9BTV\" \/>\n<meta name=\"twitter:label1\" content=\"Escrit per\" \/>\n\t<meta name=\"twitter:data1\" content=\"Informatius\" \/>\n\t<meta name=\"twitter:label2\" content=\"Temps estimat de lectura\" \/>\n\t<meta name=\"twitter:data2\" content=\"2 minuts\" \/>\n<script type=\"application\/ld+json\" class=\"yoast-schema-graph\">{\"@context\":\"https:\/\/schema.org\",\"@graph\":[{\"@type\":\"Article\",\"@id\":\"https:\/\/www.noubarris.net\/web40\/barcelona-recuperara-primeres-74-fonts-ornamentals-fins-juny\/#article\",\"isPartOf\":{\"@id\":\"https:\/\/www.noubarris.net\/web40\/barcelona-recuperara-primeres-74-fonts-ornamentals-fins-juny\/\"},\"author\":{\"name\":\"Informatius\",\"@id\":\"https:\/\/www.noubarris.net\/web40\/#\/schema\/person\/1827f92aaa316c54abbf4dac0de76069\"},\"headline\":\"Barcelona recuperar\u00e0 les primeres 74 fonts ornamentals fins al juny\",\"datePublished\":\"2025-04-21T05:00:00+00:00\",\"mainEntityOfPage\":{\"@id\":\"https:\/\/www.noubarris.net\/web40\/barcelona-recuperara-primeres-74-fonts-ornamentals-fins-juny\/\"},\"wordCount\":288,\"publisher\":{\"@id\":\"https:\/\/www.noubarris.net\/web40\/#organization\"},\"image\":{\"@id\":\"https:\/\/www.noubarris.net\/web40\/barcelona-recuperara-primeres-74-fonts-ornamentals-fins-juny\/#primaryimage\"},\"thumbnailUrl\":\"https:\/\/www.noubarris.net\/web40\/wp-content\/uploads\/2025\/04\/Captura-de-pantalla-2025-04-11-121454.jpg\",\"articleSection\":[\"Nou Barris\",\"Urbanisme\"],\"inLanguage\":\"ca\"},{\"@type\":\"WebPage\",\"@id\":\"https:\/\/www.noubarris.net\/web40\/barcelona-recuperara-primeres-74-fonts-ornamentals-fins-juny\/\",\"url\":\"https:\/\/www.noubarris.net\/web40\/barcelona-recuperara-primeres-74-fonts-ornamentals-fins-juny\/\",\"name\":\"Barcelona recuperar\u00e0 les primeres 74 fonts ornamentals fins al juny - NouBarris.Net\",\"isPartOf\":{\"@id\":\"https:\/\/www.noubarris.net\/web40\/#website\"},\"primaryImageOfPage\":{\"@id\":\"https:\/\/www.noubarris.net\/web40\/barcelona-recuperara-primeres-74-fonts-ornamentals-fins-juny\/#primaryimage\"},\"image\":{\"@id\":\"https:\/\/www.noubarris.net\/web40\/barcelona-recuperara-primeres-74-fonts-ornamentals-fins-juny\/#primaryimage\"},\"thumbnailUrl\":\"https:\/\/www.noubarris.net\/web40\/wp-content\/uploads\/2025\/04\/Captura-de-pantalla-2025-04-11-121454.jpg\",\"datePublished\":\"2025-04-21T05:00:00+00:00\",\"breadcrumb\":{\"@id\":\"https:\/\/www.noubarris.net\/web40\/barcelona-recuperara-primeres-74-fonts-ornamentals-fins-juny\/#breadcrumb\"},\"inLanguage\":\"ca\",\"potentialAction\":[{\"@type\":\"ReadAction\",\"target\":[\"https:\/\/www.noubarris.net\/web40\/barcelona-recuperara-primeres-74-fonts-ornamentals-fins-juny\/\"]}]},{\"@type\":\"ImageObject\",\"inLanguage\":\"ca\",\"@id\":\"https:\/\/www.noubarris.net\/web40\/barcelona-recuperara-primeres-74-fonts-ornamentals-fins-juny\/#primaryimage\",\"url\":\"https:\/\/www.noubarris.net\/web40\/wp-content\/uploads\/2025\/04\/Captura-de-pantalla-2025-04-11-121454.jpg\",\"contentUrl\":\"https:\/\/www.noubarris.net\/web40\/wp-content\/uploads\/2025\/04\/Captura-de-pantalla-2025-04-11-121454.jpg\",\"width\":466,\"height\":277,\"caption\":\"Font de Montjuic\"},{\"@type\":\"BreadcrumbList\",\"@id\":\"https:\/\/www.noubarris.net\/web40\/barcelona-recuperara-primeres-74-fonts-ornamentals-fins-juny\/#breadcrumb\",\"itemListElement\":[{\"@type\":\"ListItem\",\"position\":1,\"name\":\"Inici\",\"item\":\"https:\/\/www.noubarris.net\/web40\/\"},{\"@type\":\"ListItem\",\"position\":2,\"name\":\"Barcelona recuperar\u00e0 les primeres 74 fonts ornamentals fins al juny\"}]},{\"@type\":\"WebSite\",\"@id\":\"https:\/\/www.noubarris.net\/web40\/#website\",\"url\":\"https:\/\/www.noubarris.net\/web40\/\",\"name\":\"NouBarris.Net\",\"description\":\"Seguint la vida de Nou Barris des de 1985\",\"publisher\":{\"@id\":\"https:\/\/www.noubarris.net\/web40\/#organization\"},\"potentialAction\":[{\"@type\":\"SearchAction\",\"target\":{\"@type\":\"EntryPoint\",\"urlTemplate\":\"https:\/\/www.noubarris.net\/web40\/?s={search_term_string}\"},\"query-input\":{\"@type\":\"PropertyValueSpecification\",\"valueRequired\":true,\"valueName\":\"search_term_string\"}}],\"inLanguage\":\"ca\"},{\"@type\":\"Organization\",\"@id\":\"https:\/\/www.noubarris.net\/web40\/#organization\",\"name\":\"NouBarris.Net\",\"url\":\"https:\/\/www.noubarris.net\/web40\/\",\"logo\":{\"@type\":\"ImageObject\",\"inLanguage\":\"ca\",\"@id\":\"https:\/\/www.noubarris.net\/web40\/#\/schema\/logo\/image\/\",\"url\":\"https:\/\/www.noubarris.net\/web40\/wp-content\/uploads\/2024\/11\/cropped-cropped-LOGO_9BTV-2024_Insta-1.jpg\",\"contentUrl\":\"https:\/\/www.noubarris.net\/web40\/wp-content\/uploads\/2024\/11\/cropped-cropped-LOGO_9BTV-2024_Insta-1.jpg\",\"width\":512,\"height\":512,\"caption\":\"NouBarris.Net\"},\"image\":{\"@id\":\"https:\/\/www.noubarris.net\/web40\/#\/schema\/logo\/image\/\"},\"sameAs\":[\"https:\/\/www.facebook.com\/NouBarris.net\/?locale=es_ES\",\"https:\/\/x.com\/9BTV\"]},{\"@type\":\"Person\",\"@id\":\"https:\/\/www.noubarris.net\/web40\/#\/schema\/person\/1827f92aaa316c54abbf4dac0de76069\",\"name\":\"Informatius\",\"image\":{\"@type\":\"ImageObject\",\"inLanguage\":\"ca\",\"@id\":\"https:\/\/www.noubarris.net\/web40\/#\/schema\/person\/image\/\",\"url\":\"https:\/\/secure.gravatar.com\/avatar\/87a3b47928835fc72c6ee5b0e1a7263ef0c2d05003a98189bc14926c5f11bcdb?s=96&d=mm&r=g\",\"contentUrl\":\"https:\/\/secure.gravatar.com\/avatar\/87a3b47928835fc72c6ee5b0e1a7263ef0c2d05003a98189bc14926c5f11bcdb?s=96&d=mm&r=g\",\"caption\":\"Informatius\"},\"url\":\"https:\/\/www.noubarris.net\/web40\/author\/tele\/\"}]}<\/script>\n<!-- \/ Yoast SEO plugin. -->","yoast_head_json":{"title":"Barcelona recuperar\u00e0 les primeres 74 fonts ornamentals fins al juny - NouBarris.Net","robots":{"index":"index","follow":"follow","max-snippet":"max-snippet:-1","max-image-preview":"max-image-preview:large","max-video-preview":"max-video-preview:-1"},"canonical":"https:\/\/www.noubarris.net\/web40\/barcelona-recuperara-primeres-74-fonts-ornamentals-fins-juny\/","og_locale":"ca_ES","og_type":"article","og_title":"Barcelona recuperar\u00e0 les primeres 74 fonts ornamentals fins al juny - NouBarris.Net","og_description":"L&#8217; Ajuntament posa en marxa un pla de tres fases per restaurar les 245 fonts tancades per la sequera Barcelona","og_url":"https:\/\/www.noubarris.net\/web40\/barcelona-recuperara-primeres-74-fonts-ornamentals-fins-juny\/","og_site_name":"NouBarris.Net","article_publisher":"https:\/\/www.facebook.com\/NouBarris.net\/?locale=es_ES","article_published_time":"2025-04-21T05:00:00+00:00","og_image":[{"width":466,"height":277,"url":"https:\/\/www.noubarris.net\/web40\/wp-content\/uploads\/2025\/04\/Captura-de-pantalla-2025-04-11-121454.jpg","type":"image\/jpeg"}],"author":"Informatius","twitter_card":"summary_large_image","twitter_creator":"@9BTV","twitter_site":"@9BTV","twitter_misc":{"Escrit per":"Informatius","Temps estimat de lectura":"2 minuts"},"schema":{"@context":"https:\/\/schema.org","@graph":[{"@type":"Article","@id":"https:\/\/www.noubarris.net\/web40\/barcelona-recuperara-primeres-74-fonts-ornamentals-fins-juny\/#article","isPartOf":{"@id":"https:\/\/www.noubarris.net\/web40\/barcelona-recuperara-primeres-74-fonts-ornamentals-fins-juny\/"},"author":{"name":"Informatius","@id":"https:\/\/www.noubarris.net\/web40\/#\/schema\/person\/1827f92aaa316c54abbf4dac0de76069"},"headline":"Barcelona recuperar\u00e0 les primeres 74 fonts ornamentals fins al juny","datePublished":"2025-04-21T05:00:00+00:00","mainEntityOfPage":{"@id":"https:\/\/www.noubarris.net\/web40\/barcelona-recuperara-primeres-74-fonts-ornamentals-fins-juny\/"},"wordCount":288,"publisher":{"@id":"https:\/\/www.noubarris.net\/web40\/#organization"},"image":{"@id":"https:\/\/www.noubarris.net\/web40\/barcelona-recuperara-primeres-74-fonts-ornamentals-fins-juny\/#primaryimage"},"thumbnailUrl":"https:\/\/www.noubarris.net\/web40\/wp-content\/uploads\/2025\/04\/Captura-de-pantalla-2025-04-11-121454.jpg","articleSection":["Nou Barris","Urbanisme"],"inLanguage":"ca"},{"@type":"WebPage","@id":"https:\/\/www.noubarris.net\/web40\/barcelona-recuperara-primeres-74-fonts-ornamentals-fins-juny\/","url":"https:\/\/www.noubarris.net\/web40\/barcelona-recuperara-primeres-74-fonts-ornamentals-fins-juny\/","name":"Barcelona recuperar\u00e0 les primeres 74 fonts ornamentals fins al juny - NouBarris.Net","isPartOf":{"@id":"https:\/\/www.noubarris.net\/web40\/#website"},"primaryImageOfPage":{"@id":"https:\/\/www.noubarris.net\/web40\/barcelona-recuperara-primeres-74-fonts-ornamentals-fins-juny\/#primaryimage"},"image":{"@id":"https:\/\/www.noubarris.net\/web40\/barcelona-recuperara-primeres-74-fonts-ornamentals-fins-juny\/#primaryimage"},"thumbnailUrl":"https:\/\/www.noubarris.net\/web40\/wp-content\/uploads\/2025\/04\/Captura-de-pantalla-2025-04-11-121454.jpg","datePublished":"2025-04-21T05:00:00+00:00","breadcrumb":{"@id":"https:\/\/www.noubarris.net\/web40\/barcelona-recuperara-primeres-74-fonts-ornamentals-fins-juny\/#breadcrumb"},"inLanguage":"ca","potentialAction":[{"@type":"ReadAction","target":["https:\/\/www.noubarris.net\/web40\/barcelona-recuperara-primeres-74-fonts-ornamentals-fins-juny\/"]}]},{"@type":"ImageObject","inLanguage":"ca","@id":"https:\/\/www.noubarris.net\/web40\/barcelona-recuperara-primeres-74-fonts-ornamentals-fins-juny\/#primaryimage","url":"https:\/\/www.noubarris.net\/web40\/wp-content\/uploads\/2025\/04\/Captura-de-pantalla-2025-04-11-121454.jpg","contentUrl":"https:\/\/www.noubarris.net\/web40\/wp-content\/uploads\/2025\/04\/Captura-de-pantalla-2025-04-11-121454.jpg","width":466,"height":277,"caption":"Font de Montjuic"},{"@type":"BreadcrumbList","@id":"https:\/\/www.noubarris.net\/web40\/barcelona-recuperara-primeres-74-fonts-ornamentals-fins-juny\/#breadcrumb","itemListElement":[{"@type":"ListItem","position":1,"name":"Inici","item":"https:\/\/www.noubarris.net\/web40\/"},{"@type":"ListItem","position":2,"name":"Barcelona recuperar\u00e0 les primeres 74 fonts ornamentals fins al juny"}]},{"@type":"WebSite","@id":"https:\/\/www.noubarris.net\/web40\/#website","url":"https:\/\/www.noubarris.net\/web40\/","name":"NouBarris.Net","description":"Seguint la vida de Nou Barris des de 1985","publisher":{"@id":"https:\/\/www.noubarris.net\/web40\/#organization"},"potentialAction":[{"@type":"SearchAction","target":{"@type":"EntryPoint","urlTemplate":"https:\/\/www.noubarris.net\/web40\/?s={search_term_string}"},"query-input":{"@type":"PropertyValueSpecification","valueRequired":true,"valueName":"search_term_string"}}],"inLanguage":"ca"},{"@type":"Organization","@id":"https:\/\/www.noubarris.net\/web40\/#organization","name":"NouBarris.Net","url":"https:\/\/www.noubarris.net\/web40\/","logo":{"@type":"ImageObject","inLanguage":"ca","@id":"https:\/\/www.noubarris.net\/web40\/#\/schema\/logo\/image\/","url":"https:\/\/www.noubarris.net\/web40\/wp-content\/uploads\/2024\/11\/cropped-cropped-LOGO_9BTV-2024_Insta-1.jpg","contentUrl":"https:\/\/www.noubarris.net\/web40\/wp-content\/uploads\/2024\/11\/cropped-cropped-LOGO_9BTV-2024_Insta-1.jpg","width":512,"height":512,"caption":"NouBarris.Net"},"image":{"@id":"https:\/\/www.noubarris.net\/web40\/#\/schema\/logo\/image\/"},"sameAs":["https:\/\/www.facebook.com\/NouBarris.net\/?locale=es_ES","https:\/\/x.com\/9BTV"]},{"@type":"Person","@id":"https:\/\/www.noubarris.net\/web40\/#\/schema\/person\/1827f92aaa316c54abbf4dac0de76069","name":"Informatius","image":{"@type":"ImageObject","inLanguage":"ca","@id":"https:\/\/www.noubarris.net\/web40\/#\/schema\/person\/image\/","url":"https:\/\/secure.gravatar.com\/avatar\/87a3b47928835fc72c6ee5b0e1a7263ef0c2d05003a98189bc14926c5f11bcdb?s=96&d=mm&r=g","contentUrl":"https:\/\/secure.gravatar.com\/avatar\/87a3b47928835fc72c6ee5b0e1a7263ef0c2d05003a98189bc14926c5f11bcdb?s=96&d=mm&r=g","caption":"Informatius"},"url":"https:\/\/www.noubarris.net\/web40\/author\/tele\/"}]}},"_links":{"self":[{"href":"https:\/\/www.noubarris.net\/web40\/wp-json\/wp\/v2\/posts\/84656","targetHints":{"allow":["GET"]}}],"collection":[{"href":"https:\/\/www.noubarris.net\/web40\/wp-json\/wp\/v2\/posts"}],"about":[{"href":"https:\/\/www.noubarris.net\/web40\/wp-json\/wp\/v2\/types\/post"}],"author":[{"embeddable":true,"href":"https:\/\/www.noubarris.net\/web40\/wp-json\/wp\/v2\/users\/2"}],"replies":[{"embeddable":true,"href":"https:\/\/www.noubarris.net\/web40\/wp-json\/wp\/v2\/comments?post=84656"}],"version-history":[{"count":2,"href":"https:\/\/www.noubarris.net\/web40\/wp-json\/wp\/v2\/posts\/84656\/revisions"}],"predecessor-version":[{"id":84660,"href":"https:\/\/www.noubarris.net\/web40\/wp-json\/wp\/v2\/posts\/84656\/revisions\/84660"}],"wp:featuredmedia":[{"embeddable":true,"href":"https:\/\/www.noubarris.net\/web40\/wp-json\/wp\/v2\/media\/84658"}],"wp:attachment":[{"href":"https:\/\/www.noubarris.net\/web40\/wp-json\/wp\/v2\/media?parent=84656"}],"wp:term":[{"taxonomy":"category","embeddable":true,"href":"https:\/\/www.noubarris.net\/web40\/wp-json\/wp\/v2\/categories?post=84656"},{"taxonomy":"post_tag","embeddable":true,"href":"https:\/\/www.noubarris.net\/web40\/wp-json\/wp\/v2\/tags?post=84656"}],"curies":[{"name":"wp","href":"https:\/\/api.w.org\/{rel}","templated":true}]}}