{"id":84661,"date":"2025-04-16T07:00:00","date_gmt":"2025-04-16T05:00:00","guid":{"rendered":"https:\/\/www.noubarris.net\/web40\/?p=84661"},"modified":"2025-04-11T17:55:35","modified_gmt":"2025-04-11T15:55:35","slug":"comenca-remodelacio-meridiana-fins-fabra-i-puig","status":"publish","type":"post","link":"https:\/\/www.noubarris.net\/web40\/comenca-remodelacio-meridiana-fins-fabra-i-puig\/","title":{"rendered":"Comen\u00e7a la remodelaci\u00f3 de la Meridiana fins a Fabra i Puig"},"content":{"rendered":"\n<p><strong>Les obres, que tindran una durada de 18 mesos, milloraran l&#8217;espai per a vianants, la mobilitat sostenible i augmentar\u00e0 l&#8217;espai verd a la zona<\/strong><\/p>\n\n\n\n\n\n<figure class=\"wp-block-image aligncenter size-full\"><img loading=\"lazy\" decoding=\"async\" width=\"543\" height=\"304\" src=\"https:\/\/www.noubarris.net\/web40\/wp-content\/uploads\/2025\/04\/Captura-de-pantalla-2025-04-11-a-las-17.51.53.png\" alt=\"Obres Meridiana Fabra i Puig\" class=\"wp-image-84692\" srcset=\"https:\/\/www.noubarris.net\/web40\/wp-content\/uploads\/2025\/04\/Captura-de-pantalla-2025-04-11-a-las-17.51.53.png 543w, https:\/\/www.noubarris.net\/web40\/wp-content\/uploads\/2025\/04\/Captura-de-pantalla-2025-04-11-a-las-17.51.53-300x168.png 300w\" sizes=\"auto, (max-width: 543px) 100vw, 543px\" \/><\/figure>\n\n\n\n<article class=\"text-token-text-primary w-full\" dir=\"auto\" data-testid=\"conversation-turn-8\" data-scroll-anchor=\"true\">\n<div class=\"text-base my-auto mx-auto py-5 [--thread-content-margin:--spacing(4)] @[37rem]:[--thread-content-margin:--spacing(6)] @[70rem]:[--thread-content-margin:--spacing(12)] px-(--thread-content-margin)\">\n<div class=\"[--thread-content-max-width:32rem] @[34rem]:[--thread-content-max-width:40rem] @[64rem]:[--thread-content-max-width:48rem] mx-auto flex max-w-(--thread-content-max-width) flex-1 text-base gap-4 md:gap-5 lg:gap-6 group\/turn-messages focus-visible:outline-hidden\" tabindex=\"-1\">\n<div class=\"group\/conversation-turn relative flex w-full min-w-0 flex-col agent-turn\">\n<div class=\"relative flex-col gap-1 md:gap-3\">\n<div class=\"flex max-w-full flex-col grow\">\n<div class=\"min-h-8 text-message relative flex w-full flex-col items-end gap-2 text-start break-words whitespace-normal [.text-message+&amp;]:mt-5\" dir=\"auto\" data-message-author-role=\"assistant\" data-message-id=\"5a336d0a-8b85-41ea-aba5-27cabf166c3f\" data-message-model-slug=\"gpt-4o-mini\">\n<div class=\"flex w-full flex-col gap-1 empty:hidden first:pt-[3px]\">\n<div class=\"markdown prose dark:prose-invert w-full break-words light\">\n<p class=\"\" data-start=\"234\" data-end=\"658\">El 28 d&#8217;abril comencen les obres de remodelaci\u00f3 de l&#8217;avinguda Meridiana, entre el carrer de Felip II i el passeig de Fabra i Puig, amb un pressupost de 26 milions d&#8217;euros i una durada de divuit mesos. La reforma segueix el disseny dels trams previs fins al parc de les Gl\u00f2ries, amb l&#8217;objectiu de crear un espai m\u00e9s verd, accessible i amb prioritat per a la mobilitat sostenible.<\/p>\n<p class=\"\" data-start=\"660\" data-end=\"993\">Aquest tram comptar\u00e0 amb dos carrils per a vehicles i un per a bus en cada direcci\u00f3, un carril bici bidireccional al centre, voreres m\u00e9s amples, 230 nous arbres i 7.200 m\u00b2 de parterres. A m\u00e9s, el nombre de passos de vianants augmentar\u00e0 de nou a quinze, facilitant el pas entre els barris que es troben a ambd\u00f3s costats de l&#8217;avinguda.<\/p>\n<p class=\"\" data-start=\"995\" data-end=\"1354\">El projecte tamb\u00e9 inclou la creaci\u00f3 d&#8217;una rambla central a la Sagrera, amb zones d&#8217;estada i verd, i carrils bici unidireccionals a banda i banda. Els jardins d&#8217;\u00c0ngels L\u00f3pez de Ayala es renovaran i es millorar\u00e0 l&#8217;accessibilitat de l&#8217;\u00e0rea de jocs infantils. Entre Felip II i Garcilaso es habilitaran dos carrils bus en sentit sortida i un m\u00e9s en sentit entrada.<\/p>\n<p class=\"\" data-start=\"1356\" data-end=\"1687\">Durant les obres es produiran diverses afectacions a la mobilitat. Les l\u00ednies d&#8217;autobusos de TMB (H8, V27, 62, 96, 126 i N3 del Nitb\u00fas) modificaran les seves parades, i es realitzaran canvis en els itineraris dels autobusos interurbans a la Sagrera, Clot-Arag\u00f3 i Fabra i Puig per no interrompre la connexi\u00f3 amb el metro i Rodalies.<\/p>\n<p class=\"\" data-start=\"1689\" data-end=\"1906\">Tamb\u00e9 s&#8217;ha iniciat la construcci\u00f3 d&#8217;un carril bici provisional al carrer de Concepci\u00f3n Arenal per facilitar la circulaci\u00f3 ciclista durant la reforma, i es faran dos canvis de sentit als carrers d&#8217;Olesa i la Meridiana.<\/p>\n<\/div>\n<\/div>\n<\/div>\n<\/div>\n<div class=\"mt-3 w-full empty:hidden\">\n<div class=\"text-center\">\u00a0<\/div>\n<\/div>\n<\/div>\n<div class=\"absolute\">\n<div class=\"flex items-center justify-center\">\u00a0<\/div>\n<\/div>\n<\/div>\n<\/div>\n<\/div>\n<\/article>\n\n\n\n<figure class=\"wp-block-image aligncenter size-full\"><img loading=\"lazy\" decoding=\"async\" width=\"543\" height=\"304\" src=\"https:\/\/www.noubarris.net\/web40\/wp-content\/uploads\/2025\/04\/Captura-de-pantalla-2025-04-11-a-las-17.54.29.png\" alt=\"Obres Meridiana Fabra i Puig\" class=\"wp-image-84693\" srcset=\"https:\/\/www.noubarris.net\/web40\/wp-content\/uploads\/2025\/04\/Captura-de-pantalla-2025-04-11-a-las-17.54.29.png 543w, https:\/\/www.noubarris.net\/web40\/wp-content\/uploads\/2025\/04\/Captura-de-pantalla-2025-04-11-a-las-17.54.29-300x168.png 300w\" sizes=\"auto, (max-width: 543px) 100vw, 543px\" \/><\/figure>\n\n\n\n<div class=\"pointer-events-none h-px w-px\" aria-hidden=\"true\" data-edge=\"true\">\u00a0<\/div>\n","protected":false},"excerpt":{"rendered":"<p>Les obres, que tindran una durada de 18 mesos, milloraran l&#8217;espai per a vianants, la mobilitat sostenible i augmentar\u00e0 l&#8217;espai<\/p>\n","protected":false},"author":2,"featured_media":84663,"comment_status":"closed","ping_status":"closed","sticky":false,"template":"","format":"standard","meta":{"colormag_page_layout":"default_layout","_monsterinsights_skip_tracking":false,"_monsterinsights_sitenote_active":false,"_monsterinsights_sitenote_note":"","_monsterinsights_sitenote_category":0,"footnotes":""},"categories":[1,302],"tags":[],"class_list":["post-84661","post","type-post","status-publish","format-standard","has-post-thumbnail","hentry","category-nou-barris","category-urbanisme"],"yoast_head":"<!-- This site is optimized with the Yoast SEO plugin v25.3 - https:\/\/yoast.com\/wordpress\/plugins\/seo\/ -->\n<title>Comen\u00e7a la remodelaci\u00f3 de la Meridiana fins a Fabra i Puig - NouBarris.Net<\/title>\n<meta name=\"robots\" content=\"index, follow, max-snippet:-1, max-image-preview:large, max-video-preview:-1\" \/>\n<link rel=\"canonical\" href=\"https:\/\/www.noubarris.net\/web40\/comenca-remodelacio-meridiana-fins-fabra-i-puig\/\" \/>\n<meta property=\"og:locale\" content=\"ca_ES\" \/>\n<meta property=\"og:type\" content=\"article\" \/>\n<meta property=\"og:title\" content=\"Comen\u00e7a la remodelaci\u00f3 de la Meridiana fins a Fabra i Puig - NouBarris.Net\" \/>\n<meta property=\"og:description\" content=\"Les obres, que tindran una durada de 18 mesos, milloraran l&#8217;espai per a vianants, la mobilitat sostenible i augmentar\u00e0 l&#8217;espai\" \/>\n<meta property=\"og:url\" content=\"https:\/\/www.noubarris.net\/web40\/comenca-remodelacio-meridiana-fins-fabra-i-puig\/\" \/>\n<meta property=\"og:site_name\" content=\"NouBarris.Net\" \/>\n<meta property=\"article:publisher\" content=\"https:\/\/www.facebook.com\/NouBarris.net\/?locale=es_ES\" \/>\n<meta property=\"article:published_time\" content=\"2025-04-16T05:00:00+00:00\" \/>\n<meta property=\"og:image\" content=\"https:\/\/www.noubarris.net\/web40\/wp-content\/uploads\/2025\/04\/c5q7kqj5.png\" \/>\n\t<meta property=\"og:image:width\" content=\"760\" \/>\n\t<meta property=\"og:image:height\" content=\"428\" \/>\n\t<meta property=\"og:image:type\" content=\"image\/png\" \/>\n<meta name=\"author\" content=\"Informatius\" \/>\n<meta name=\"twitter:card\" content=\"summary_large_image\" \/>\n<meta name=\"twitter:creator\" content=\"@9BTV\" \/>\n<meta name=\"twitter:site\" content=\"@9BTV\" \/>\n<meta name=\"twitter:label1\" content=\"Escrit per\" \/>\n\t<meta name=\"twitter:data1\" content=\"Informatius\" \/>\n\t<meta name=\"twitter:label2\" content=\"Temps estimat de lectura\" \/>\n\t<meta name=\"twitter:data2\" content=\"3 minuts\" \/>\n<script type=\"application\/ld+json\" class=\"yoast-schema-graph\">{\"@context\":\"https:\/\/schema.org\",\"@graph\":[{\"@type\":\"Article\",\"@id\":\"https:\/\/www.noubarris.net\/web40\/comenca-remodelacio-meridiana-fins-fabra-i-puig\/#article\",\"isPartOf\":{\"@id\":\"https:\/\/www.noubarris.net\/web40\/comenca-remodelacio-meridiana-fins-fabra-i-puig\/\"},\"author\":{\"name\":\"Informatius\",\"@id\":\"https:\/\/www.noubarris.net\/web40\/#\/schema\/person\/1827f92aaa316c54abbf4dac0de76069\"},\"headline\":\"Comen\u00e7a la remodelaci\u00f3 de la Meridiana fins a Fabra i Puig\",\"datePublished\":\"2025-04-16T05:00:00+00:00\",\"mainEntityOfPage\":{\"@id\":\"https:\/\/www.noubarris.net\/web40\/comenca-remodelacio-meridiana-fins-fabra-i-puig\/\"},\"wordCount\":335,\"publisher\":{\"@id\":\"https:\/\/www.noubarris.net\/web40\/#organization\"},\"image\":{\"@id\":\"https:\/\/www.noubarris.net\/web40\/comenca-remodelacio-meridiana-fins-fabra-i-puig\/#primaryimage\"},\"thumbnailUrl\":\"https:\/\/www.noubarris.net\/web40\/wp-content\/uploads\/2025\/04\/c5q7kqj5.png\",\"articleSection\":[\"Nou Barris\",\"Urbanisme\"],\"inLanguage\":\"ca\"},{\"@type\":\"WebPage\",\"@id\":\"https:\/\/www.noubarris.net\/web40\/comenca-remodelacio-meridiana-fins-fabra-i-puig\/\",\"url\":\"https:\/\/www.noubarris.net\/web40\/comenca-remodelacio-meridiana-fins-fabra-i-puig\/\",\"name\":\"Comen\u00e7a la remodelaci\u00f3 de la Meridiana fins a Fabra i Puig - NouBarris.Net\",\"isPartOf\":{\"@id\":\"https:\/\/www.noubarris.net\/web40\/#website\"},\"primaryImageOfPage\":{\"@id\":\"https:\/\/www.noubarris.net\/web40\/comenca-remodelacio-meridiana-fins-fabra-i-puig\/#primaryimage\"},\"image\":{\"@id\":\"https:\/\/www.noubarris.net\/web40\/comenca-remodelacio-meridiana-fins-fabra-i-puig\/#primaryimage\"},\"thumbnailUrl\":\"https:\/\/www.noubarris.net\/web40\/wp-content\/uploads\/2025\/04\/c5q7kqj5.png\",\"datePublished\":\"2025-04-16T05:00:00+00:00\",\"breadcrumb\":{\"@id\":\"https:\/\/www.noubarris.net\/web40\/comenca-remodelacio-meridiana-fins-fabra-i-puig\/#breadcrumb\"},\"inLanguage\":\"ca\",\"potentialAction\":[{\"@type\":\"ReadAction\",\"target\":[\"https:\/\/www.noubarris.net\/web40\/comenca-remodelacio-meridiana-fins-fabra-i-puig\/\"]}]},{\"@type\":\"ImageObject\",\"inLanguage\":\"ca\",\"@id\":\"https:\/\/www.noubarris.net\/web40\/comenca-remodelacio-meridiana-fins-fabra-i-puig\/#primaryimage\",\"url\":\"https:\/\/www.noubarris.net\/web40\/wp-content\/uploads\/2025\/04\/c5q7kqj5.png\",\"contentUrl\":\"https:\/\/www.noubarris.net\/web40\/wp-content\/uploads\/2025\/04\/c5q7kqj5.png\",\"width\":760,\"height\":428,\"caption\":\"Meridiana\"},{\"@type\":\"BreadcrumbList\",\"@id\":\"https:\/\/www.noubarris.net\/web40\/comenca-remodelacio-meridiana-fins-fabra-i-puig\/#breadcrumb\",\"itemListElement\":[{\"@type\":\"ListItem\",\"position\":1,\"name\":\"Inici\",\"item\":\"https:\/\/www.noubarris.net\/web40\/\"},{\"@type\":\"ListItem\",\"position\":2,\"name\":\"Comen\u00e7a la remodelaci\u00f3 de la Meridiana fins a Fabra i Puig\"}]},{\"@type\":\"WebSite\",\"@id\":\"https:\/\/www.noubarris.net\/web40\/#website\",\"url\":\"https:\/\/www.noubarris.net\/web40\/\",\"name\":\"NouBarris.Net\",\"description\":\"Seguint la vida de Nou Barris des de 1985\",\"publisher\":{\"@id\":\"https:\/\/www.noubarris.net\/web40\/#organization\"},\"potentialAction\":[{\"@type\":\"SearchAction\",\"target\":{\"@type\":\"EntryPoint\",\"urlTemplate\":\"https:\/\/www.noubarris.net\/web40\/?s={search_term_string}\"},\"query-input\":{\"@type\":\"PropertyValueSpecification\",\"valueRequired\":true,\"valueName\":\"search_term_string\"}}],\"inLanguage\":\"ca\"},{\"@type\":\"Organization\",\"@id\":\"https:\/\/www.noubarris.net\/web40\/#organization\",\"name\":\"NouBarris.Net\",\"url\":\"https:\/\/www.noubarris.net\/web40\/\",\"logo\":{\"@type\":\"ImageObject\",\"inLanguage\":\"ca\",\"@id\":\"https:\/\/www.noubarris.net\/web40\/#\/schema\/logo\/image\/\",\"url\":\"https:\/\/www.noubarris.net\/web40\/wp-content\/uploads\/2024\/11\/cropped-cropped-LOGO_9BTV-2024_Insta-1.jpg\",\"contentUrl\":\"https:\/\/www.noubarris.net\/web40\/wp-content\/uploads\/2024\/11\/cropped-cropped-LOGO_9BTV-2024_Insta-1.jpg\",\"width\":512,\"height\":512,\"caption\":\"NouBarris.Net\"},\"image\":{\"@id\":\"https:\/\/www.noubarris.net\/web40\/#\/schema\/logo\/image\/\"},\"sameAs\":[\"https:\/\/www.facebook.com\/NouBarris.net\/?locale=es_ES\",\"https:\/\/x.com\/9BTV\"]},{\"@type\":\"Person\",\"@id\":\"https:\/\/www.noubarris.net\/web40\/#\/schema\/person\/1827f92aaa316c54abbf4dac0de76069\",\"name\":\"Informatius\",\"image\":{\"@type\":\"ImageObject\",\"inLanguage\":\"ca\",\"@id\":\"https:\/\/www.noubarris.net\/web40\/#\/schema\/person\/image\/\",\"url\":\"https:\/\/secure.gravatar.com\/avatar\/87a3b47928835fc72c6ee5b0e1a7263ef0c2d05003a98189bc14926c5f11bcdb?s=96&d=mm&r=g\",\"contentUrl\":\"https:\/\/secure.gravatar.com\/avatar\/87a3b47928835fc72c6ee5b0e1a7263ef0c2d05003a98189bc14926c5f11bcdb?s=96&d=mm&r=g\",\"caption\":\"Informatius\"},\"url\":\"https:\/\/www.noubarris.net\/web40\/author\/tele\/\"}]}<\/script>\n<!-- \/ Yoast SEO plugin. -->","yoast_head_json":{"title":"Comen\u00e7a la remodelaci\u00f3 de la Meridiana fins a Fabra i Puig - NouBarris.Net","robots":{"index":"index","follow":"follow","max-snippet":"max-snippet:-1","max-image-preview":"max-image-preview:large","max-video-preview":"max-video-preview:-1"},"canonical":"https:\/\/www.noubarris.net\/web40\/comenca-remodelacio-meridiana-fins-fabra-i-puig\/","og_locale":"ca_ES","og_type":"article","og_title":"Comen\u00e7a la remodelaci\u00f3 de la Meridiana fins a Fabra i Puig - NouBarris.Net","og_description":"Les obres, que tindran una durada de 18 mesos, milloraran l&#8217;espai per a vianants, la mobilitat sostenible i augmentar\u00e0 l&#8217;espai","og_url":"https:\/\/www.noubarris.net\/web40\/comenca-remodelacio-meridiana-fins-fabra-i-puig\/","og_site_name":"NouBarris.Net","article_publisher":"https:\/\/www.facebook.com\/NouBarris.net\/?locale=es_ES","article_published_time":"2025-04-16T05:00:00+00:00","og_image":[{"width":760,"height":428,"url":"https:\/\/www.noubarris.net\/web40\/wp-content\/uploads\/2025\/04\/c5q7kqj5.png","type":"image\/png"}],"author":"Informatius","twitter_card":"summary_large_image","twitter_creator":"@9BTV","twitter_site":"@9BTV","twitter_misc":{"Escrit per":"Informatius","Temps estimat de lectura":"3 minuts"},"schema":{"@context":"https:\/\/schema.org","@graph":[{"@type":"Article","@id":"https:\/\/www.noubarris.net\/web40\/comenca-remodelacio-meridiana-fins-fabra-i-puig\/#article","isPartOf":{"@id":"https:\/\/www.noubarris.net\/web40\/comenca-remodelacio-meridiana-fins-fabra-i-puig\/"},"author":{"name":"Informatius","@id":"https:\/\/www.noubarris.net\/web40\/#\/schema\/person\/1827f92aaa316c54abbf4dac0de76069"},"headline":"Comen\u00e7a la remodelaci\u00f3 de la Meridiana fins a Fabra i Puig","datePublished":"2025-04-16T05:00:00+00:00","mainEntityOfPage":{"@id":"https:\/\/www.noubarris.net\/web40\/comenca-remodelacio-meridiana-fins-fabra-i-puig\/"},"wordCount":335,"publisher":{"@id":"https:\/\/www.noubarris.net\/web40\/#organization"},"image":{"@id":"https:\/\/www.noubarris.net\/web40\/comenca-remodelacio-meridiana-fins-fabra-i-puig\/#primaryimage"},"thumbnailUrl":"https:\/\/www.noubarris.net\/web40\/wp-content\/uploads\/2025\/04\/c5q7kqj5.png","articleSection":["Nou Barris","Urbanisme"],"inLanguage":"ca"},{"@type":"WebPage","@id":"https:\/\/www.noubarris.net\/web40\/comenca-remodelacio-meridiana-fins-fabra-i-puig\/","url":"https:\/\/www.noubarris.net\/web40\/comenca-remodelacio-meridiana-fins-fabra-i-puig\/","name":"Comen\u00e7a la remodelaci\u00f3 de la Meridiana fins a Fabra i Puig - NouBarris.Net","isPartOf":{"@id":"https:\/\/www.noubarris.net\/web40\/#website"},"primaryImageOfPage":{"@id":"https:\/\/www.noubarris.net\/web40\/comenca-remodelacio-meridiana-fins-fabra-i-puig\/#primaryimage"},"image":{"@id":"https:\/\/www.noubarris.net\/web40\/comenca-remodelacio-meridiana-fins-fabra-i-puig\/#primaryimage"},"thumbnailUrl":"https:\/\/www.noubarris.net\/web40\/wp-content\/uploads\/2025\/04\/c5q7kqj5.png","datePublished":"2025-04-16T05:00:00+00:00","breadcrumb":{"@id":"https:\/\/www.noubarris.net\/web40\/comenca-remodelacio-meridiana-fins-fabra-i-puig\/#breadcrumb"},"inLanguage":"ca","potentialAction":[{"@type":"ReadAction","target":["https:\/\/www.noubarris.net\/web40\/comenca-remodelacio-meridiana-fins-fabra-i-puig\/"]}]},{"@type":"ImageObject","inLanguage":"ca","@id":"https:\/\/www.noubarris.net\/web40\/comenca-remodelacio-meridiana-fins-fabra-i-puig\/#primaryimage","url":"https:\/\/www.noubarris.net\/web40\/wp-content\/uploads\/2025\/04\/c5q7kqj5.png","contentUrl":"https:\/\/www.noubarris.net\/web40\/wp-content\/uploads\/2025\/04\/c5q7kqj5.png","width":760,"height":428,"caption":"Meridiana"},{"@type":"BreadcrumbList","@id":"https:\/\/www.noubarris.net\/web40\/comenca-remodelacio-meridiana-fins-fabra-i-puig\/#breadcrumb","itemListElement":[{"@type":"ListItem","position":1,"name":"Inici","item":"https:\/\/www.noubarris.net\/web40\/"},{"@type":"ListItem","position":2,"name":"Comen\u00e7a la remodelaci\u00f3 de la Meridiana fins a Fabra i Puig"}]},{"@type":"WebSite","@id":"https:\/\/www.noubarris.net\/web40\/#website","url":"https:\/\/www.noubarris.net\/web40\/","name":"NouBarris.Net","description":"Seguint la vida de Nou Barris des de 1985","publisher":{"@id":"https:\/\/www.noubarris.net\/web40\/#organization"},"potentialAction":[{"@type":"SearchAction","target":{"@type":"EntryPoint","urlTemplate":"https:\/\/www.noubarris.net\/web40\/?s={search_term_string}"},"query-input":{"@type":"PropertyValueSpecification","valueRequired":true,"valueName":"search_term_string"}}],"inLanguage":"ca"},{"@type":"Organization","@id":"https:\/\/www.noubarris.net\/web40\/#organization","name":"NouBarris.Net","url":"https:\/\/www.noubarris.net\/web40\/","logo":{"@type":"ImageObject","inLanguage":"ca","@id":"https:\/\/www.noubarris.net\/web40\/#\/schema\/logo\/image\/","url":"https:\/\/www.noubarris.net\/web40\/wp-content\/uploads\/2024\/11\/cropped-cropped-LOGO_9BTV-2024_Insta-1.jpg","contentUrl":"https:\/\/www.noubarris.net\/web40\/wp-content\/uploads\/2024\/11\/cropped-cropped-LOGO_9BTV-2024_Insta-1.jpg","width":512,"height":512,"caption":"NouBarris.Net"},"image":{"@id":"https:\/\/www.noubarris.net\/web40\/#\/schema\/logo\/image\/"},"sameAs":["https:\/\/www.facebook.com\/NouBarris.net\/?locale=es_ES","https:\/\/x.com\/9BTV"]},{"@type":"Person","@id":"https:\/\/www.noubarris.net\/web40\/#\/schema\/person\/1827f92aaa316c54abbf4dac0de76069","name":"Informatius","image":{"@type":"ImageObject","inLanguage":"ca","@id":"https:\/\/www.noubarris.net\/web40\/#\/schema\/person\/image\/","url":"https:\/\/secure.gravatar.com\/avatar\/87a3b47928835fc72c6ee5b0e1a7263ef0c2d05003a98189bc14926c5f11bcdb?s=96&d=mm&r=g","contentUrl":"https:\/\/secure.gravatar.com\/avatar\/87a3b47928835fc72c6ee5b0e1a7263ef0c2d05003a98189bc14926c5f11bcdb?s=96&d=mm&r=g","caption":"Informatius"},"url":"https:\/\/www.noubarris.net\/web40\/author\/tele\/"}]}},"_links":{"self":[{"href":"https:\/\/www.noubarris.net\/web40\/wp-json\/wp\/v2\/posts\/84661","targetHints":{"allow":["GET"]}}],"collection":[{"href":"https:\/\/www.noubarris.net\/web40\/wp-json\/wp\/v2\/posts"}],"about":[{"href":"https:\/\/www.noubarris.net\/web40\/wp-json\/wp\/v2\/types\/post"}],"author":[{"embeddable":true,"href":"https:\/\/www.noubarris.net\/web40\/wp-json\/wp\/v2\/users\/2"}],"replies":[{"embeddable":true,"href":"https:\/\/www.noubarris.net\/web40\/wp-json\/wp\/v2\/comments?post=84661"}],"version-history":[{"count":3,"href":"https:\/\/www.noubarris.net\/web40\/wp-json\/wp\/v2\/posts\/84661\/revisions"}],"predecessor-version":[{"id":84694,"href":"https:\/\/www.noubarris.net\/web40\/wp-json\/wp\/v2\/posts\/84661\/revisions\/84694"}],"wp:featuredmedia":[{"embeddable":true,"href":"https:\/\/www.noubarris.net\/web40\/wp-json\/wp\/v2\/media\/84663"}],"wp:attachment":[{"href":"https:\/\/www.noubarris.net\/web40\/wp-json\/wp\/v2\/media?parent=84661"}],"wp:term":[{"taxonomy":"category","embeddable":true,"href":"https:\/\/www.noubarris.net\/web40\/wp-json\/wp\/v2\/categories?post=84661"},{"taxonomy":"post_tag","embeddable":true,"href":"https:\/\/www.noubarris.net\/web40\/wp-json\/wp\/v2\/tags?post=84661"}],"curies":[{"name":"wp","href":"https:\/\/api.w.org\/{rel}","templated":true}]}}