{"id":84669,"date":"2025-04-12T08:00:00","date_gmt":"2025-04-12T06:00:00","guid":{"rendered":"https:\/\/www.noubarris.net\/web40\/?p=84669"},"modified":"2025-04-11T13:10:34","modified_gmt":"2025-04-11T11:10:34","slug":"jardi-tematic-roquetes-oficialment-jardins-rodrigo-caro","status":"publish","type":"post","link":"https:\/\/www.noubarris.net\/web40\/jardi-tematic-roquetes-oficialment-jardins-rodrigo-caro\/","title":{"rendered":"El jard\u00ed tem\u00e0tic de les Roquetes ja es diu oficialment Jardins de Rodrigo Caro"},"content":{"rendered":"\n<p><strong>L&#8217;espai especialitzat en vegetaci\u00f3 mediterr\u00e0nia rep el nom en homenatge al poeta i historiador del Segle d&#8217;Or espanyol<\/strong><\/p>\n\n\n\n<p>El jard\u00ed tem\u00e0tic dedicat a la vegetaci\u00f3 de clima mediterrani dels cinc continents, situat a les Roquetes, ha estat oficialment batejat com <strong data-start=\"417\" data-end=\"444\">Jardins de Rodrigo Caro<\/strong>. La decisi\u00f3 es va prendre aquesta setmana en la primera Pon\u00e8ncia de Nomencl\u00e0tor del 2025. Aquest espai rende homenatge a Rodrigo Caro, un poeta, historiador, advocat i sacerdot cat\u00f2lic del Segle d&#8217;Or espanyol nascut el 1573 a Utrera, a m\u00e9s de ser un reconegut anticari i estudi\u00f3s de l&#8217;arqueologia.<\/p>\n\n\n\n<figure class=\"wp-block-image aligncenter size-full\"><img loading=\"lazy\" decoding=\"async\" width=\"565\" height=\"304\" src=\"https:\/\/www.noubarris.net\/web40\/wp-content\/uploads\/2025\/04\/Captura-de-pantalla-2025-04-11-125327.jpg\" alt=\"jard\u00ed tem\u00e0tic de les Roquetes\" class=\"wp-image-84672\" srcset=\"https:\/\/www.noubarris.net\/web40\/wp-content\/uploads\/2025\/04\/Captura-de-pantalla-2025-04-11-125327.jpg 565w, https:\/\/www.noubarris.net\/web40\/wp-content\/uploads\/2025\/04\/Captura-de-pantalla-2025-04-11-125327-300x161.jpg 300w\" sizes=\"auto, (max-width: 565px) 100vw, 565px\" \/><\/figure>\n\n\n\n<p>Els jardins es troben entre els carrers Tur\u00f3 de les Roquetes i Artesania, i ocupen una zona rehabilitada on antigament hi havia una font natural. Aquest espai, envoltat per la serra de Collserola, ha estat molt visitat pels ve\u00efns del barri, i la seva recuperaci\u00f3 va ser possible gr\u00e0cies a la insist\u00e8ncia de la comunitat local.<\/p>\n\n\n\n<p>El jard\u00ed acull una gran diversitat de flora, amb fins a vuitanta esp\u00e8cies de plantes arom\u00e0tiques, vivaces i gram\u00ednies, a m\u00e9s de dinou esp\u00e8cies arb\u00f2ries origin\u00e0ries de pa\u00efsos com Xile, Sud-\u00e0frica i Austr\u00e0lia. Un detall peculiar \u00e9s la pres\u00e8ncia de geranis plantats pels ve\u00efns en testos casolans, sobre els murs de gavions que separen el jard\u00ed dels patis de les cases properes.<\/p>\n","protected":false},"excerpt":{"rendered":"<p>L&#8217;espai especialitzat en vegetaci\u00f3 mediterr\u00e0nia rep el nom en homenatge al poeta i historiador del Segle d&#8217;Or espanyol El jard\u00ed<\/p>\n","protected":false},"author":2,"featured_media":84671,"comment_status":"closed","ping_status":"closed","sticky":false,"template":"","format":"standard","meta":{"colormag_page_layout":"default_layout","_monsterinsights_skip_tracking":false,"_monsterinsights_sitenote_active":false,"_monsterinsights_sitenote_note":"","_monsterinsights_sitenote_category":0,"footnotes":""},"categories":[136],"tags":[],"class_list":["post-84669","post","type-post","status-publish","format-standard","has-post-thumbnail","hentry","category-les-roquetes"],"yoast_head":"<!-- This site is optimized with the Yoast SEO plugin v25.3 - https:\/\/yoast.com\/wordpress\/plugins\/seo\/ -->\n<title>El jard\u00ed tem\u00e0tic de les Roquetes ja es diu oficialment Jardins de Rodrigo Caro - NouBarris.Net<\/title>\n<meta name=\"robots\" content=\"index, follow, max-snippet:-1, max-image-preview:large, max-video-preview:-1\" \/>\n<link rel=\"canonical\" href=\"https:\/\/www.noubarris.net\/web40\/jardi-tematic-roquetes-oficialment-jardins-rodrigo-caro\/\" \/>\n<meta property=\"og:locale\" content=\"ca_ES\" \/>\n<meta property=\"og:type\" content=\"article\" \/>\n<meta property=\"og:title\" content=\"El jard\u00ed tem\u00e0tic de les Roquetes ja es diu oficialment Jardins de Rodrigo Caro - NouBarris.Net\" \/>\n<meta property=\"og:description\" content=\"L&#8217;espai especialitzat en vegetaci\u00f3 mediterr\u00e0nia rep el nom en homenatge al poeta i historiador del Segle d&#8217;Or espanyol El jard\u00ed\" \/>\n<meta property=\"og:url\" content=\"https:\/\/www.noubarris.net\/web40\/jardi-tematic-roquetes-oficialment-jardins-rodrigo-caro\/\" \/>\n<meta property=\"og:site_name\" content=\"NouBarris.Net\" \/>\n<meta property=\"article:publisher\" content=\"https:\/\/www.facebook.com\/NouBarris.net\/?locale=es_ES\" \/>\n<meta property=\"article:published_time\" content=\"2025-04-12T06:00:00+00:00\" \/>\n<meta property=\"og:image\" content=\"https:\/\/www.noubarris.net\/web40\/wp-content\/uploads\/2025\/04\/dp0q3t0i.png\" \/>\n\t<meta property=\"og:image:width\" content=\"760\" \/>\n\t<meta property=\"og:image:height\" content=\"428\" \/>\n\t<meta property=\"og:image:type\" content=\"image\/png\" \/>\n<meta name=\"author\" content=\"Informatius\" \/>\n<meta name=\"twitter:card\" content=\"summary_large_image\" \/>\n<meta name=\"twitter:creator\" content=\"@9BTV\" \/>\n<meta name=\"twitter:site\" content=\"@9BTV\" \/>\n<meta name=\"twitter:label1\" content=\"Escrit per\" \/>\n\t<meta name=\"twitter:data1\" content=\"Informatius\" \/>\n\t<meta name=\"twitter:label2\" content=\"Temps estimat de lectura\" \/>\n\t<meta name=\"twitter:data2\" content=\"2 minuts\" \/>\n<script type=\"application\/ld+json\" class=\"yoast-schema-graph\">{\"@context\":\"https:\/\/schema.org\",\"@graph\":[{\"@type\":\"Article\",\"@id\":\"https:\/\/www.noubarris.net\/web40\/jardi-tematic-roquetes-oficialment-jardins-rodrigo-caro\/#article\",\"isPartOf\":{\"@id\":\"https:\/\/www.noubarris.net\/web40\/jardi-tematic-roquetes-oficialment-jardins-rodrigo-caro\/\"},\"author\":{\"name\":\"Informatius\",\"@id\":\"https:\/\/www.noubarris.net\/web40\/#\/schema\/person\/1827f92aaa316c54abbf4dac0de76069\"},\"headline\":\"El jard\u00ed tem\u00e0tic de les Roquetes ja es diu oficialment Jardins de Rodrigo Caro\",\"datePublished\":\"2025-04-12T06:00:00+00:00\",\"mainEntityOfPage\":{\"@id\":\"https:\/\/www.noubarris.net\/web40\/jardi-tematic-roquetes-oficialment-jardins-rodrigo-caro\/\"},\"wordCount\":250,\"publisher\":{\"@id\":\"https:\/\/www.noubarris.net\/web40\/#organization\"},\"image\":{\"@id\":\"https:\/\/www.noubarris.net\/web40\/jardi-tematic-roquetes-oficialment-jardins-rodrigo-caro\/#primaryimage\"},\"thumbnailUrl\":\"https:\/\/www.noubarris.net\/web40\/wp-content\/uploads\/2025\/04\/dp0q3t0i.png\",\"articleSection\":[\"Les Roquetes\"],\"inLanguage\":\"ca\"},{\"@type\":\"WebPage\",\"@id\":\"https:\/\/www.noubarris.net\/web40\/jardi-tematic-roquetes-oficialment-jardins-rodrigo-caro\/\",\"url\":\"https:\/\/www.noubarris.net\/web40\/jardi-tematic-roquetes-oficialment-jardins-rodrigo-caro\/\",\"name\":\"El jard\u00ed tem\u00e0tic de les Roquetes ja es diu oficialment Jardins de Rodrigo Caro - NouBarris.Net\",\"isPartOf\":{\"@id\":\"https:\/\/www.noubarris.net\/web40\/#website\"},\"primaryImageOfPage\":{\"@id\":\"https:\/\/www.noubarris.net\/web40\/jardi-tematic-roquetes-oficialment-jardins-rodrigo-caro\/#primaryimage\"},\"image\":{\"@id\":\"https:\/\/www.noubarris.net\/web40\/jardi-tematic-roquetes-oficialment-jardins-rodrigo-caro\/#primaryimage\"},\"thumbnailUrl\":\"https:\/\/www.noubarris.net\/web40\/wp-content\/uploads\/2025\/04\/dp0q3t0i.png\",\"datePublished\":\"2025-04-12T06:00:00+00:00\",\"breadcrumb\":{\"@id\":\"https:\/\/www.noubarris.net\/web40\/jardi-tematic-roquetes-oficialment-jardins-rodrigo-caro\/#breadcrumb\"},\"inLanguage\":\"ca\",\"potentialAction\":[{\"@type\":\"ReadAction\",\"target\":[\"https:\/\/www.noubarris.net\/web40\/jardi-tematic-roquetes-oficialment-jardins-rodrigo-caro\/\"]}]},{\"@type\":\"ImageObject\",\"inLanguage\":\"ca\",\"@id\":\"https:\/\/www.noubarris.net\/web40\/jardi-tematic-roquetes-oficialment-jardins-rodrigo-caro\/#primaryimage\",\"url\":\"https:\/\/www.noubarris.net\/web40\/wp-content\/uploads\/2025\/04\/dp0q3t0i.png\",\"contentUrl\":\"https:\/\/www.noubarris.net\/web40\/wp-content\/uploads\/2025\/04\/dp0q3t0i.png\",\"width\":760,\"height\":428,\"caption\":\"jard\u00ed tem\u00e0tic de les Roquetes\"},{\"@type\":\"BreadcrumbList\",\"@id\":\"https:\/\/www.noubarris.net\/web40\/jardi-tematic-roquetes-oficialment-jardins-rodrigo-caro\/#breadcrumb\",\"itemListElement\":[{\"@type\":\"ListItem\",\"position\":1,\"name\":\"Inici\",\"item\":\"https:\/\/www.noubarris.net\/web40\/\"},{\"@type\":\"ListItem\",\"position\":2,\"name\":\"El jard\u00ed tem\u00e0tic de les Roquetes ja es diu oficialment Jardins de Rodrigo Caro\"}]},{\"@type\":\"WebSite\",\"@id\":\"https:\/\/www.noubarris.net\/web40\/#website\",\"url\":\"https:\/\/www.noubarris.net\/web40\/\",\"name\":\"NouBarris.Net\",\"description\":\"Seguint la vida de Nou Barris des de 1985\",\"publisher\":{\"@id\":\"https:\/\/www.noubarris.net\/web40\/#organization\"},\"potentialAction\":[{\"@type\":\"SearchAction\",\"target\":{\"@type\":\"EntryPoint\",\"urlTemplate\":\"https:\/\/www.noubarris.net\/web40\/?s={search_term_string}\"},\"query-input\":{\"@type\":\"PropertyValueSpecification\",\"valueRequired\":true,\"valueName\":\"search_term_string\"}}],\"inLanguage\":\"ca\"},{\"@type\":\"Organization\",\"@id\":\"https:\/\/www.noubarris.net\/web40\/#organization\",\"name\":\"NouBarris.Net\",\"url\":\"https:\/\/www.noubarris.net\/web40\/\",\"logo\":{\"@type\":\"ImageObject\",\"inLanguage\":\"ca\",\"@id\":\"https:\/\/www.noubarris.net\/web40\/#\/schema\/logo\/image\/\",\"url\":\"https:\/\/www.noubarris.net\/web40\/wp-content\/uploads\/2024\/11\/cropped-cropped-LOGO_9BTV-2024_Insta-1.jpg\",\"contentUrl\":\"https:\/\/www.noubarris.net\/web40\/wp-content\/uploads\/2024\/11\/cropped-cropped-LOGO_9BTV-2024_Insta-1.jpg\",\"width\":512,\"height\":512,\"caption\":\"NouBarris.Net\"},\"image\":{\"@id\":\"https:\/\/www.noubarris.net\/web40\/#\/schema\/logo\/image\/\"},\"sameAs\":[\"https:\/\/www.facebook.com\/NouBarris.net\/?locale=es_ES\",\"https:\/\/x.com\/9BTV\"]},{\"@type\":\"Person\",\"@id\":\"https:\/\/www.noubarris.net\/web40\/#\/schema\/person\/1827f92aaa316c54abbf4dac0de76069\",\"name\":\"Informatius\",\"image\":{\"@type\":\"ImageObject\",\"inLanguage\":\"ca\",\"@id\":\"https:\/\/www.noubarris.net\/web40\/#\/schema\/person\/image\/\",\"url\":\"https:\/\/secure.gravatar.com\/avatar\/87a3b47928835fc72c6ee5b0e1a7263ef0c2d05003a98189bc14926c5f11bcdb?s=96&d=mm&r=g\",\"contentUrl\":\"https:\/\/secure.gravatar.com\/avatar\/87a3b47928835fc72c6ee5b0e1a7263ef0c2d05003a98189bc14926c5f11bcdb?s=96&d=mm&r=g\",\"caption\":\"Informatius\"},\"url\":\"https:\/\/www.noubarris.net\/web40\/author\/tele\/\"}]}<\/script>\n<!-- \/ Yoast SEO plugin. -->","yoast_head_json":{"title":"El jard\u00ed tem\u00e0tic de les Roquetes ja es diu oficialment Jardins de Rodrigo Caro - NouBarris.Net","robots":{"index":"index","follow":"follow","max-snippet":"max-snippet:-1","max-image-preview":"max-image-preview:large","max-video-preview":"max-video-preview:-1"},"canonical":"https:\/\/www.noubarris.net\/web40\/jardi-tematic-roquetes-oficialment-jardins-rodrigo-caro\/","og_locale":"ca_ES","og_type":"article","og_title":"El jard\u00ed tem\u00e0tic de les Roquetes ja es diu oficialment Jardins de Rodrigo Caro - NouBarris.Net","og_description":"L&#8217;espai especialitzat en vegetaci\u00f3 mediterr\u00e0nia rep el nom en homenatge al poeta i historiador del Segle d&#8217;Or espanyol El jard\u00ed","og_url":"https:\/\/www.noubarris.net\/web40\/jardi-tematic-roquetes-oficialment-jardins-rodrigo-caro\/","og_site_name":"NouBarris.Net","article_publisher":"https:\/\/www.facebook.com\/NouBarris.net\/?locale=es_ES","article_published_time":"2025-04-12T06:00:00+00:00","og_image":[{"width":760,"height":428,"url":"https:\/\/www.noubarris.net\/web40\/wp-content\/uploads\/2025\/04\/dp0q3t0i.png","type":"image\/png"}],"author":"Informatius","twitter_card":"summary_large_image","twitter_creator":"@9BTV","twitter_site":"@9BTV","twitter_misc":{"Escrit per":"Informatius","Temps estimat de lectura":"2 minuts"},"schema":{"@context":"https:\/\/schema.org","@graph":[{"@type":"Article","@id":"https:\/\/www.noubarris.net\/web40\/jardi-tematic-roquetes-oficialment-jardins-rodrigo-caro\/#article","isPartOf":{"@id":"https:\/\/www.noubarris.net\/web40\/jardi-tematic-roquetes-oficialment-jardins-rodrigo-caro\/"},"author":{"name":"Informatius","@id":"https:\/\/www.noubarris.net\/web40\/#\/schema\/person\/1827f92aaa316c54abbf4dac0de76069"},"headline":"El jard\u00ed tem\u00e0tic de les Roquetes ja es diu oficialment Jardins de Rodrigo Caro","datePublished":"2025-04-12T06:00:00+00:00","mainEntityOfPage":{"@id":"https:\/\/www.noubarris.net\/web40\/jardi-tematic-roquetes-oficialment-jardins-rodrigo-caro\/"},"wordCount":250,"publisher":{"@id":"https:\/\/www.noubarris.net\/web40\/#organization"},"image":{"@id":"https:\/\/www.noubarris.net\/web40\/jardi-tematic-roquetes-oficialment-jardins-rodrigo-caro\/#primaryimage"},"thumbnailUrl":"https:\/\/www.noubarris.net\/web40\/wp-content\/uploads\/2025\/04\/dp0q3t0i.png","articleSection":["Les Roquetes"],"inLanguage":"ca"},{"@type":"WebPage","@id":"https:\/\/www.noubarris.net\/web40\/jardi-tematic-roquetes-oficialment-jardins-rodrigo-caro\/","url":"https:\/\/www.noubarris.net\/web40\/jardi-tematic-roquetes-oficialment-jardins-rodrigo-caro\/","name":"El jard\u00ed tem\u00e0tic de les Roquetes ja es diu oficialment Jardins de Rodrigo Caro - NouBarris.Net","isPartOf":{"@id":"https:\/\/www.noubarris.net\/web40\/#website"},"primaryImageOfPage":{"@id":"https:\/\/www.noubarris.net\/web40\/jardi-tematic-roquetes-oficialment-jardins-rodrigo-caro\/#primaryimage"},"image":{"@id":"https:\/\/www.noubarris.net\/web40\/jardi-tematic-roquetes-oficialment-jardins-rodrigo-caro\/#primaryimage"},"thumbnailUrl":"https:\/\/www.noubarris.net\/web40\/wp-content\/uploads\/2025\/04\/dp0q3t0i.png","datePublished":"2025-04-12T06:00:00+00:00","breadcrumb":{"@id":"https:\/\/www.noubarris.net\/web40\/jardi-tematic-roquetes-oficialment-jardins-rodrigo-caro\/#breadcrumb"},"inLanguage":"ca","potentialAction":[{"@type":"ReadAction","target":["https:\/\/www.noubarris.net\/web40\/jardi-tematic-roquetes-oficialment-jardins-rodrigo-caro\/"]}]},{"@type":"ImageObject","inLanguage":"ca","@id":"https:\/\/www.noubarris.net\/web40\/jardi-tematic-roquetes-oficialment-jardins-rodrigo-caro\/#primaryimage","url":"https:\/\/www.noubarris.net\/web40\/wp-content\/uploads\/2025\/04\/dp0q3t0i.png","contentUrl":"https:\/\/www.noubarris.net\/web40\/wp-content\/uploads\/2025\/04\/dp0q3t0i.png","width":760,"height":428,"caption":"jard\u00ed tem\u00e0tic de les Roquetes"},{"@type":"BreadcrumbList","@id":"https:\/\/www.noubarris.net\/web40\/jardi-tematic-roquetes-oficialment-jardins-rodrigo-caro\/#breadcrumb","itemListElement":[{"@type":"ListItem","position":1,"name":"Inici","item":"https:\/\/www.noubarris.net\/web40\/"},{"@type":"ListItem","position":2,"name":"El jard\u00ed tem\u00e0tic de les Roquetes ja es diu oficialment Jardins de Rodrigo Caro"}]},{"@type":"WebSite","@id":"https:\/\/www.noubarris.net\/web40\/#website","url":"https:\/\/www.noubarris.net\/web40\/","name":"NouBarris.Net","description":"Seguint la vida de Nou Barris des de 1985","publisher":{"@id":"https:\/\/www.noubarris.net\/web40\/#organization"},"potentialAction":[{"@type":"SearchAction","target":{"@type":"EntryPoint","urlTemplate":"https:\/\/www.noubarris.net\/web40\/?s={search_term_string}"},"query-input":{"@type":"PropertyValueSpecification","valueRequired":true,"valueName":"search_term_string"}}],"inLanguage":"ca"},{"@type":"Organization","@id":"https:\/\/www.noubarris.net\/web40\/#organization","name":"NouBarris.Net","url":"https:\/\/www.noubarris.net\/web40\/","logo":{"@type":"ImageObject","inLanguage":"ca","@id":"https:\/\/www.noubarris.net\/web40\/#\/schema\/logo\/image\/","url":"https:\/\/www.noubarris.net\/web40\/wp-content\/uploads\/2024\/11\/cropped-cropped-LOGO_9BTV-2024_Insta-1.jpg","contentUrl":"https:\/\/www.noubarris.net\/web40\/wp-content\/uploads\/2024\/11\/cropped-cropped-LOGO_9BTV-2024_Insta-1.jpg","width":512,"height":512,"caption":"NouBarris.Net"},"image":{"@id":"https:\/\/www.noubarris.net\/web40\/#\/schema\/logo\/image\/"},"sameAs":["https:\/\/www.facebook.com\/NouBarris.net\/?locale=es_ES","https:\/\/x.com\/9BTV"]},{"@type":"Person","@id":"https:\/\/www.noubarris.net\/web40\/#\/schema\/person\/1827f92aaa316c54abbf4dac0de76069","name":"Informatius","image":{"@type":"ImageObject","inLanguage":"ca","@id":"https:\/\/www.noubarris.net\/web40\/#\/schema\/person\/image\/","url":"https:\/\/secure.gravatar.com\/avatar\/87a3b47928835fc72c6ee5b0e1a7263ef0c2d05003a98189bc14926c5f11bcdb?s=96&d=mm&r=g","contentUrl":"https:\/\/secure.gravatar.com\/avatar\/87a3b47928835fc72c6ee5b0e1a7263ef0c2d05003a98189bc14926c5f11bcdb?s=96&d=mm&r=g","caption":"Informatius"},"url":"https:\/\/www.noubarris.net\/web40\/author\/tele\/"}]}},"_links":{"self":[{"href":"https:\/\/www.noubarris.net\/web40\/wp-json\/wp\/v2\/posts\/84669","targetHints":{"allow":["GET"]}}],"collection":[{"href":"https:\/\/www.noubarris.net\/web40\/wp-json\/wp\/v2\/posts"}],"about":[{"href":"https:\/\/www.noubarris.net\/web40\/wp-json\/wp\/v2\/types\/post"}],"author":[{"embeddable":true,"href":"https:\/\/www.noubarris.net\/web40\/wp-json\/wp\/v2\/users\/2"}],"replies":[{"embeddable":true,"href":"https:\/\/www.noubarris.net\/web40\/wp-json\/wp\/v2\/comments?post=84669"}],"version-history":[{"count":2,"href":"https:\/\/www.noubarris.net\/web40\/wp-json\/wp\/v2\/posts\/84669\/revisions"}],"predecessor-version":[{"id":84673,"href":"https:\/\/www.noubarris.net\/web40\/wp-json\/wp\/v2\/posts\/84669\/revisions\/84673"}],"wp:featuredmedia":[{"embeddable":true,"href":"https:\/\/www.noubarris.net\/web40\/wp-json\/wp\/v2\/media\/84671"}],"wp:attachment":[{"href":"https:\/\/www.noubarris.net\/web40\/wp-json\/wp\/v2\/media?parent=84669"}],"wp:term":[{"taxonomy":"category","embeddable":true,"href":"https:\/\/www.noubarris.net\/web40\/wp-json\/wp\/v2\/categories?post=84669"},{"taxonomy":"post_tag","embeddable":true,"href":"https:\/\/www.noubarris.net\/web40\/wp-json\/wp\/v2\/tags?post=84669"}],"curies":[{"name":"wp","href":"https:\/\/api.w.org\/{rel}","templated":true}]}}