{"id":84700,"date":"2025-04-14T17:39:11","date_gmt":"2025-04-14T15:39:11","guid":{"rendered":"https:\/\/www.noubarris.net\/web40\/?p=84700"},"modified":"2025-04-14T17:39:14","modified_gmt":"2025-04-14T15:39:14","slug":"nou-barris-recorda-valors-republicans-ofrena-floral","status":"publish","type":"post","link":"https:\/\/www.noubarris.net\/web40\/nou-barris-recorda-valors-republicans-ofrena-floral\/","title":{"rendered":"Nou Barris recorda i reivindica els valors republicans durant la tradicional ofrena floral"},"content":{"rendered":"\n<p><strong>Els actes de commemoraci\u00f3 del 94 aniversari de la Segona Rep\u00fablica van aplegar diumenge unes 200 persones<\/strong><\/p>\n\n\n\n<p>Ve\u00efnes, ve\u00efns, entitats i representants de partits pol\u00edtics van celebrar aquest diumenge el 94 aniversari de la proclamaci\u00f3 de la Segona Rep\u00fablica. Ho van fer, com ja \u00e9s tradici\u00f3, amb una marxa que va sorgir des de la pla\u00e7a del Virrei Amat i va concloure a la pla\u00e7a de la Rep\u00fablica, presidida per l\u2019est\u00e0tua hom\u00f2nima. Els participants de la marxa van fer una aturada precisament als peus de l\u2019escultura i del medall\u00f3 de Pi i Margall per cantar diversos himnes. Acte seguit, es van aplegar als jardins de Llucmajor, on van tenir lloc els parlaments. En aquests, la Taula de Nou Barris per la Rep\u00fablica va reivindicar els valors republicans com la llibertat, la igualtat, el feminisme i la solidaritat per fer front als problemes actuals i a l\u2019ascens del feixisme a tot el m\u00f3n. Un crit que van compartir tamb\u00e9 les entitats convidades a participar a l\u2019acte.<\/p>\n\n\n\n\n\n<figure class=\"wp-block-image size-large\"><img loading=\"lazy\" decoding=\"async\" width=\"1024\" height=\"577\" src=\"https:\/\/www.noubarris.net\/web40\/wp-content\/uploads\/2025\/04\/WhatsApp-Image-2025-04-14-at-10.11.33-1-1024x577.jpeg\" alt=\"94 Dia de la Rep\u00fablica a Nou Barris\" class=\"wp-image-84702\" srcset=\"https:\/\/www.noubarris.net\/web40\/wp-content\/uploads\/2025\/04\/WhatsApp-Image-2025-04-14-at-10.11.33-1-1024x577.jpeg 1024w, https:\/\/www.noubarris.net\/web40\/wp-content\/uploads\/2025\/04\/WhatsApp-Image-2025-04-14-at-10.11.33-1-300x169.jpeg 300w, https:\/\/www.noubarris.net\/web40\/wp-content\/uploads\/2025\/04\/WhatsApp-Image-2025-04-14-at-10.11.33-1-768x433.jpeg 768w, https:\/\/www.noubarris.net\/web40\/wp-content\/uploads\/2025\/04\/WhatsApp-Image-2025-04-14-at-10.11.33-1-1536x865.jpeg 1536w, https:\/\/www.noubarris.net\/web40\/wp-content\/uploads\/2025\/04\/WhatsApp-Image-2025-04-14-at-10.11.33-1-1320x744.jpeg 1320w, https:\/\/www.noubarris.net\/web40\/wp-content\/uploads\/2025\/04\/WhatsApp-Image-2025-04-14-at-10.11.33-1.jpeg 1640w\" sizes=\"auto, (max-width: 1024px) 100vw, 1024px\" \/><figcaption class=\"wp-element-caption\">94 Dia de la Rep\u00fablica a Nou Barris<\/figcaption><\/figure>\n\n\n\n<p>Un cop acabats els parlaments, va ser l\u2019hora de la m\u00fasica. I com ja \u00e9s costum tamb\u00e9, les veus de la Coral Iaioflautes van portar les lletres i melodies d\u2019himnes i can\u00e7ons reivindicatives dels valors republicans.<br \/>Va ser el preludi de l\u2019ofrena floral a l\u2019escultura en homenatge als lluitadors i lluitadores de Nou Barris per la Rep\u00fablica, situada als mateixos jardins de Llucmajor. Les diferents entitats i partits pol\u00edtics presents van dipositar rams i flors sota el monument.<br \/>No era la primera ofrena floral. Abans s\u2019havien aturat a recordar i reivindicar la mem\u00f2ria del maqui Josep Llu\u00eds Facer\u00edas, assassinat en una emboscada policial a l\u2019actual pla de la Plaza de las Madres de Mayo, i de Salvador Alloza al carrer que du el seu nom. Sempre s\u2019havia cregut que havia estat mereixedor d\u2019aqeust carrer perqu\u00e8 Alloza era el carter de la zona als anys 30, en una \u00e8poca encara molt rural i amb poca poblaci\u00f3 a Porta. Per\u00f2 fa anys un investigador noubarrienc, Miquel-Anton Roman, va descobrir que Alloza va tenir un important paper pol\u00edtic a la zona, com a sindicalista i secretari d\u2019ERC a l\u2019actual barri de Porta. Un fet que el va dur a l\u2019exili, a un camp de concentraci\u00f3 franc\u00e8s i a ser acomiadat de Correus durant el franquisme.<\/p>\n\n\n\n\n\n<figure class=\"wp-block-embed is-type-video is-provider-youtube wp-block-embed-youtube wp-embed-aspect-16-9 wp-has-aspect-ratio\"><div class=\"wp-block-embed__wrapper\">\n<iframe loading=\"lazy\" title=\"Nou Barris recorda i reivindica els valors republicans durant la tradicional ofrena floral\" width=\"800\" height=\"450\" src=\"https:\/\/www.youtube.com\/embed\/WJNKdqAPyCE?feature=oembed\" frameborder=\"0\" allow=\"accelerometer; autoplay; clipboard-write; encrypted-media; gyroscope; picture-in-picture; web-share\" referrerpolicy=\"strict-origin-when-cross-origin\" allowfullscreen><\/iframe>\n<\/div><\/figure>\n","protected":false},"excerpt":{"rendered":"<p>Els actes de commemoraci\u00f3 del 94 aniversari de la Segona Rep\u00fablica van aplegar diumenge unes 200 persones Ve\u00efnes, ve\u00efns, entitats<\/p>\n","protected":false},"author":2,"featured_media":84702,"comment_status":"closed","ping_status":"closed","sticky":false,"template":"","format":"standard","meta":{"colormag_page_layout":"default_layout","_monsterinsights_skip_tracking":false,"_monsterinsights_sitenote_active":false,"_monsterinsights_sitenote_note":"","_monsterinsights_sitenote_category":0,"footnotes":""},"categories":[1,765],"tags":[],"class_list":["post-84700","post","type-post","status-publish","format-standard","has-post-thumbnail","hentry","category-nou-barris","category-nou-barris-tv"],"yoast_head":"<!-- This site is optimized with the Yoast SEO plugin v25.3 - https:\/\/yoast.com\/wordpress\/plugins\/seo\/ -->\n<title>Nou Barris recorda i reivindica els valors republicans durant la tradicional ofrena floral - NouBarris.Net<\/title>\n<meta name=\"robots\" content=\"index, follow, max-snippet:-1, max-image-preview:large, max-video-preview:-1\" \/>\n<link rel=\"canonical\" href=\"https:\/\/www.noubarris.net\/web40\/nou-barris-recorda-valors-republicans-ofrena-floral\/\" \/>\n<meta property=\"og:locale\" content=\"ca_ES\" \/>\n<meta property=\"og:type\" content=\"article\" \/>\n<meta property=\"og:title\" content=\"Nou Barris recorda i reivindica els valors republicans durant la tradicional ofrena floral - NouBarris.Net\" \/>\n<meta property=\"og:description\" content=\"Els actes de commemoraci\u00f3 del 94 aniversari de la Segona Rep\u00fablica van aplegar diumenge unes 200 persones Ve\u00efnes, ve\u00efns, entitats\" \/>\n<meta property=\"og:url\" content=\"https:\/\/www.noubarris.net\/web40\/nou-barris-recorda-valors-republicans-ofrena-floral\/\" \/>\n<meta property=\"og:site_name\" content=\"NouBarris.Net\" \/>\n<meta property=\"article:publisher\" content=\"https:\/\/www.facebook.com\/NouBarris.net\/?locale=es_ES\" \/>\n<meta property=\"article:published_time\" content=\"2025-04-14T15:39:11+00:00\" \/>\n<meta property=\"article:modified_time\" content=\"2025-04-14T15:39:14+00:00\" \/>\n<meta property=\"og:image\" content=\"https:\/\/www.noubarris.net\/web40\/wp-content\/uploads\/2025\/04\/WhatsApp-Image-2025-04-14-at-10.11.33-1.jpeg\" \/>\n\t<meta property=\"og:image:width\" content=\"1640\" \/>\n\t<meta property=\"og:image:height\" content=\"924\" \/>\n\t<meta property=\"og:image:type\" content=\"image\/jpeg\" \/>\n<meta name=\"author\" content=\"Informatius\" \/>\n<meta name=\"twitter:card\" content=\"summary_large_image\" \/>\n<meta name=\"twitter:creator\" content=\"@9BTV\" \/>\n<meta name=\"twitter:site\" content=\"@9BTV\" \/>\n<meta name=\"twitter:label1\" content=\"Escrit per\" \/>\n\t<meta name=\"twitter:data1\" content=\"Informatius\" \/>\n\t<meta name=\"twitter:label2\" content=\"Temps estimat de lectura\" \/>\n\t<meta name=\"twitter:data2\" content=\"3 minuts\" \/>\n<script type=\"application\/ld+json\" class=\"yoast-schema-graph\">{\"@context\":\"https:\/\/schema.org\",\"@graph\":[{\"@type\":\"Article\",\"@id\":\"https:\/\/www.noubarris.net\/web40\/nou-barris-recorda-valors-republicans-ofrena-floral\/#article\",\"isPartOf\":{\"@id\":\"https:\/\/www.noubarris.net\/web40\/nou-barris-recorda-valors-republicans-ofrena-floral\/\"},\"author\":{\"name\":\"Informatius\",\"@id\":\"https:\/\/www.noubarris.net\/web40\/#\/schema\/person\/1827f92aaa316c54abbf4dac0de76069\"},\"headline\":\"Nou Barris recorda i reivindica els valors republicans durant la tradicional ofrena floral\",\"datePublished\":\"2025-04-14T15:39:11+00:00\",\"dateModified\":\"2025-04-14T15:39:14+00:00\",\"mainEntityOfPage\":{\"@id\":\"https:\/\/www.noubarris.net\/web40\/nou-barris-recorda-valors-republicans-ofrena-floral\/\"},\"wordCount\":434,\"publisher\":{\"@id\":\"https:\/\/www.noubarris.net\/web40\/#organization\"},\"image\":{\"@id\":\"https:\/\/www.noubarris.net\/web40\/nou-barris-recorda-valors-republicans-ofrena-floral\/#primaryimage\"},\"thumbnailUrl\":\"https:\/\/www.noubarris.net\/web40\/wp-content\/uploads\/2025\/04\/WhatsApp-Image-2025-04-14-at-10.11.33-1.jpeg\",\"articleSection\":[\"Nou Barris\",\"Nou Barris TV\"],\"inLanguage\":\"ca\"},{\"@type\":\"WebPage\",\"@id\":\"https:\/\/www.noubarris.net\/web40\/nou-barris-recorda-valors-republicans-ofrena-floral\/\",\"url\":\"https:\/\/www.noubarris.net\/web40\/nou-barris-recorda-valors-republicans-ofrena-floral\/\",\"name\":\"Nou Barris recorda i reivindica els valors republicans durant la tradicional ofrena floral - NouBarris.Net\",\"isPartOf\":{\"@id\":\"https:\/\/www.noubarris.net\/web40\/#website\"},\"primaryImageOfPage\":{\"@id\":\"https:\/\/www.noubarris.net\/web40\/nou-barris-recorda-valors-republicans-ofrena-floral\/#primaryimage\"},\"image\":{\"@id\":\"https:\/\/www.noubarris.net\/web40\/nou-barris-recorda-valors-republicans-ofrena-floral\/#primaryimage\"},\"thumbnailUrl\":\"https:\/\/www.noubarris.net\/web40\/wp-content\/uploads\/2025\/04\/WhatsApp-Image-2025-04-14-at-10.11.33-1.jpeg\",\"datePublished\":\"2025-04-14T15:39:11+00:00\",\"dateModified\":\"2025-04-14T15:39:14+00:00\",\"breadcrumb\":{\"@id\":\"https:\/\/www.noubarris.net\/web40\/nou-barris-recorda-valors-republicans-ofrena-floral\/#breadcrumb\"},\"inLanguage\":\"ca\",\"potentialAction\":[{\"@type\":\"ReadAction\",\"target\":[\"https:\/\/www.noubarris.net\/web40\/nou-barris-recorda-valors-republicans-ofrena-floral\/\"]}]},{\"@type\":\"ImageObject\",\"inLanguage\":\"ca\",\"@id\":\"https:\/\/www.noubarris.net\/web40\/nou-barris-recorda-valors-republicans-ofrena-floral\/#primaryimage\",\"url\":\"https:\/\/www.noubarris.net\/web40\/wp-content\/uploads\/2025\/04\/WhatsApp-Image-2025-04-14-at-10.11.33-1.jpeg\",\"contentUrl\":\"https:\/\/www.noubarris.net\/web40\/wp-content\/uploads\/2025\/04\/WhatsApp-Image-2025-04-14-at-10.11.33-1.jpeg\",\"width\":1640,\"height\":924,\"caption\":\"94 Dia de la Rep\u00fablica a Nou Barris\"},{\"@type\":\"BreadcrumbList\",\"@id\":\"https:\/\/www.noubarris.net\/web40\/nou-barris-recorda-valors-republicans-ofrena-floral\/#breadcrumb\",\"itemListElement\":[{\"@type\":\"ListItem\",\"position\":1,\"name\":\"Inici\",\"item\":\"https:\/\/www.noubarris.net\/web40\/\"},{\"@type\":\"ListItem\",\"position\":2,\"name\":\"Nou Barris recorda i reivindica els valors republicans durant la tradicional ofrena floral\"}]},{\"@type\":\"WebSite\",\"@id\":\"https:\/\/www.noubarris.net\/web40\/#website\",\"url\":\"https:\/\/www.noubarris.net\/web40\/\",\"name\":\"NouBarris.Net\",\"description\":\"Seguint la vida de Nou Barris des de 1985\",\"publisher\":{\"@id\":\"https:\/\/www.noubarris.net\/web40\/#organization\"},\"potentialAction\":[{\"@type\":\"SearchAction\",\"target\":{\"@type\":\"EntryPoint\",\"urlTemplate\":\"https:\/\/www.noubarris.net\/web40\/?s={search_term_string}\"},\"query-input\":{\"@type\":\"PropertyValueSpecification\",\"valueRequired\":true,\"valueName\":\"search_term_string\"}}],\"inLanguage\":\"ca\"},{\"@type\":\"Organization\",\"@id\":\"https:\/\/www.noubarris.net\/web40\/#organization\",\"name\":\"NouBarris.Net\",\"url\":\"https:\/\/www.noubarris.net\/web40\/\",\"logo\":{\"@type\":\"ImageObject\",\"inLanguage\":\"ca\",\"@id\":\"https:\/\/www.noubarris.net\/web40\/#\/schema\/logo\/image\/\",\"url\":\"https:\/\/www.noubarris.net\/web40\/wp-content\/uploads\/2024\/11\/cropped-cropped-LOGO_9BTV-2024_Insta-1.jpg\",\"contentUrl\":\"https:\/\/www.noubarris.net\/web40\/wp-content\/uploads\/2024\/11\/cropped-cropped-LOGO_9BTV-2024_Insta-1.jpg\",\"width\":512,\"height\":512,\"caption\":\"NouBarris.Net\"},\"image\":{\"@id\":\"https:\/\/www.noubarris.net\/web40\/#\/schema\/logo\/image\/\"},\"sameAs\":[\"https:\/\/www.facebook.com\/NouBarris.net\/?locale=es_ES\",\"https:\/\/x.com\/9BTV\"]},{\"@type\":\"Person\",\"@id\":\"https:\/\/www.noubarris.net\/web40\/#\/schema\/person\/1827f92aaa316c54abbf4dac0de76069\",\"name\":\"Informatius\",\"image\":{\"@type\":\"ImageObject\",\"inLanguage\":\"ca\",\"@id\":\"https:\/\/www.noubarris.net\/web40\/#\/schema\/person\/image\/\",\"url\":\"https:\/\/secure.gravatar.com\/avatar\/87a3b47928835fc72c6ee5b0e1a7263ef0c2d05003a98189bc14926c5f11bcdb?s=96&d=mm&r=g\",\"contentUrl\":\"https:\/\/secure.gravatar.com\/avatar\/87a3b47928835fc72c6ee5b0e1a7263ef0c2d05003a98189bc14926c5f11bcdb?s=96&d=mm&r=g\",\"caption\":\"Informatius\"},\"url\":\"https:\/\/www.noubarris.net\/web40\/author\/tele\/\"}]}<\/script>\n<!-- \/ Yoast SEO plugin. -->","yoast_head_json":{"title":"Nou Barris recorda i reivindica els valors republicans durant la tradicional ofrena floral - NouBarris.Net","robots":{"index":"index","follow":"follow","max-snippet":"max-snippet:-1","max-image-preview":"max-image-preview:large","max-video-preview":"max-video-preview:-1"},"canonical":"https:\/\/www.noubarris.net\/web40\/nou-barris-recorda-valors-republicans-ofrena-floral\/","og_locale":"ca_ES","og_type":"article","og_title":"Nou Barris recorda i reivindica els valors republicans durant la tradicional ofrena floral - NouBarris.Net","og_description":"Els actes de commemoraci\u00f3 del 94 aniversari de la Segona Rep\u00fablica van aplegar diumenge unes 200 persones Ve\u00efnes, ve\u00efns, entitats","og_url":"https:\/\/www.noubarris.net\/web40\/nou-barris-recorda-valors-republicans-ofrena-floral\/","og_site_name":"NouBarris.Net","article_publisher":"https:\/\/www.facebook.com\/NouBarris.net\/?locale=es_ES","article_published_time":"2025-04-14T15:39:11+00:00","article_modified_time":"2025-04-14T15:39:14+00:00","og_image":[{"width":1640,"height":924,"url":"https:\/\/www.noubarris.net\/web40\/wp-content\/uploads\/2025\/04\/WhatsApp-Image-2025-04-14-at-10.11.33-1.jpeg","type":"image\/jpeg"}],"author":"Informatius","twitter_card":"summary_large_image","twitter_creator":"@9BTV","twitter_site":"@9BTV","twitter_misc":{"Escrit per":"Informatius","Temps estimat de lectura":"3 minuts"},"schema":{"@context":"https:\/\/schema.org","@graph":[{"@type":"Article","@id":"https:\/\/www.noubarris.net\/web40\/nou-barris-recorda-valors-republicans-ofrena-floral\/#article","isPartOf":{"@id":"https:\/\/www.noubarris.net\/web40\/nou-barris-recorda-valors-republicans-ofrena-floral\/"},"author":{"name":"Informatius","@id":"https:\/\/www.noubarris.net\/web40\/#\/schema\/person\/1827f92aaa316c54abbf4dac0de76069"},"headline":"Nou Barris recorda i reivindica els valors republicans durant la tradicional ofrena floral","datePublished":"2025-04-14T15:39:11+00:00","dateModified":"2025-04-14T15:39:14+00:00","mainEntityOfPage":{"@id":"https:\/\/www.noubarris.net\/web40\/nou-barris-recorda-valors-republicans-ofrena-floral\/"},"wordCount":434,"publisher":{"@id":"https:\/\/www.noubarris.net\/web40\/#organization"},"image":{"@id":"https:\/\/www.noubarris.net\/web40\/nou-barris-recorda-valors-republicans-ofrena-floral\/#primaryimage"},"thumbnailUrl":"https:\/\/www.noubarris.net\/web40\/wp-content\/uploads\/2025\/04\/WhatsApp-Image-2025-04-14-at-10.11.33-1.jpeg","articleSection":["Nou Barris","Nou Barris TV"],"inLanguage":"ca"},{"@type":"WebPage","@id":"https:\/\/www.noubarris.net\/web40\/nou-barris-recorda-valors-republicans-ofrena-floral\/","url":"https:\/\/www.noubarris.net\/web40\/nou-barris-recorda-valors-republicans-ofrena-floral\/","name":"Nou Barris recorda i reivindica els valors republicans durant la tradicional ofrena floral - NouBarris.Net","isPartOf":{"@id":"https:\/\/www.noubarris.net\/web40\/#website"},"primaryImageOfPage":{"@id":"https:\/\/www.noubarris.net\/web40\/nou-barris-recorda-valors-republicans-ofrena-floral\/#primaryimage"},"image":{"@id":"https:\/\/www.noubarris.net\/web40\/nou-barris-recorda-valors-republicans-ofrena-floral\/#primaryimage"},"thumbnailUrl":"https:\/\/www.noubarris.net\/web40\/wp-content\/uploads\/2025\/04\/WhatsApp-Image-2025-04-14-at-10.11.33-1.jpeg","datePublished":"2025-04-14T15:39:11+00:00","dateModified":"2025-04-14T15:39:14+00:00","breadcrumb":{"@id":"https:\/\/www.noubarris.net\/web40\/nou-barris-recorda-valors-republicans-ofrena-floral\/#breadcrumb"},"inLanguage":"ca","potentialAction":[{"@type":"ReadAction","target":["https:\/\/www.noubarris.net\/web40\/nou-barris-recorda-valors-republicans-ofrena-floral\/"]}]},{"@type":"ImageObject","inLanguage":"ca","@id":"https:\/\/www.noubarris.net\/web40\/nou-barris-recorda-valors-republicans-ofrena-floral\/#primaryimage","url":"https:\/\/www.noubarris.net\/web40\/wp-content\/uploads\/2025\/04\/WhatsApp-Image-2025-04-14-at-10.11.33-1.jpeg","contentUrl":"https:\/\/www.noubarris.net\/web40\/wp-content\/uploads\/2025\/04\/WhatsApp-Image-2025-04-14-at-10.11.33-1.jpeg","width":1640,"height":924,"caption":"94 Dia de la Rep\u00fablica a Nou Barris"},{"@type":"BreadcrumbList","@id":"https:\/\/www.noubarris.net\/web40\/nou-barris-recorda-valors-republicans-ofrena-floral\/#breadcrumb","itemListElement":[{"@type":"ListItem","position":1,"name":"Inici","item":"https:\/\/www.noubarris.net\/web40\/"},{"@type":"ListItem","position":2,"name":"Nou Barris recorda i reivindica els valors republicans durant la tradicional ofrena floral"}]},{"@type":"WebSite","@id":"https:\/\/www.noubarris.net\/web40\/#website","url":"https:\/\/www.noubarris.net\/web40\/","name":"NouBarris.Net","description":"Seguint la vida de Nou Barris des de 1985","publisher":{"@id":"https:\/\/www.noubarris.net\/web40\/#organization"},"potentialAction":[{"@type":"SearchAction","target":{"@type":"EntryPoint","urlTemplate":"https:\/\/www.noubarris.net\/web40\/?s={search_term_string}"},"query-input":{"@type":"PropertyValueSpecification","valueRequired":true,"valueName":"search_term_string"}}],"inLanguage":"ca"},{"@type":"Organization","@id":"https:\/\/www.noubarris.net\/web40\/#organization","name":"NouBarris.Net","url":"https:\/\/www.noubarris.net\/web40\/","logo":{"@type":"ImageObject","inLanguage":"ca","@id":"https:\/\/www.noubarris.net\/web40\/#\/schema\/logo\/image\/","url":"https:\/\/www.noubarris.net\/web40\/wp-content\/uploads\/2024\/11\/cropped-cropped-LOGO_9BTV-2024_Insta-1.jpg","contentUrl":"https:\/\/www.noubarris.net\/web40\/wp-content\/uploads\/2024\/11\/cropped-cropped-LOGO_9BTV-2024_Insta-1.jpg","width":512,"height":512,"caption":"NouBarris.Net"},"image":{"@id":"https:\/\/www.noubarris.net\/web40\/#\/schema\/logo\/image\/"},"sameAs":["https:\/\/www.facebook.com\/NouBarris.net\/?locale=es_ES","https:\/\/x.com\/9BTV"]},{"@type":"Person","@id":"https:\/\/www.noubarris.net\/web40\/#\/schema\/person\/1827f92aaa316c54abbf4dac0de76069","name":"Informatius","image":{"@type":"ImageObject","inLanguage":"ca","@id":"https:\/\/www.noubarris.net\/web40\/#\/schema\/person\/image\/","url":"https:\/\/secure.gravatar.com\/avatar\/87a3b47928835fc72c6ee5b0e1a7263ef0c2d05003a98189bc14926c5f11bcdb?s=96&d=mm&r=g","contentUrl":"https:\/\/secure.gravatar.com\/avatar\/87a3b47928835fc72c6ee5b0e1a7263ef0c2d05003a98189bc14926c5f11bcdb?s=96&d=mm&r=g","caption":"Informatius"},"url":"https:\/\/www.noubarris.net\/web40\/author\/tele\/"}]}},"_links":{"self":[{"href":"https:\/\/www.noubarris.net\/web40\/wp-json\/wp\/v2\/posts\/84700","targetHints":{"allow":["GET"]}}],"collection":[{"href":"https:\/\/www.noubarris.net\/web40\/wp-json\/wp\/v2\/posts"}],"about":[{"href":"https:\/\/www.noubarris.net\/web40\/wp-json\/wp\/v2\/types\/post"}],"author":[{"embeddable":true,"href":"https:\/\/www.noubarris.net\/web40\/wp-json\/wp\/v2\/users\/2"}],"replies":[{"embeddable":true,"href":"https:\/\/www.noubarris.net\/web40\/wp-json\/wp\/v2\/comments?post=84700"}],"version-history":[{"count":2,"href":"https:\/\/www.noubarris.net\/web40\/wp-json\/wp\/v2\/posts\/84700\/revisions"}],"predecessor-version":[{"id":84710,"href":"https:\/\/www.noubarris.net\/web40\/wp-json\/wp\/v2\/posts\/84700\/revisions\/84710"}],"wp:featuredmedia":[{"embeddable":true,"href":"https:\/\/www.noubarris.net\/web40\/wp-json\/wp\/v2\/media\/84702"}],"wp:attachment":[{"href":"https:\/\/www.noubarris.net\/web40\/wp-json\/wp\/v2\/media?parent=84700"}],"wp:term":[{"taxonomy":"category","embeddable":true,"href":"https:\/\/www.noubarris.net\/web40\/wp-json\/wp\/v2\/categories?post=84700"},{"taxonomy":"post_tag","embeddable":true,"href":"https:\/\/www.noubarris.net\/web40\/wp-json\/wp\/v2\/tags?post=84700"}],"curies":[{"name":"wp","href":"https:\/\/api.w.org\/{rel}","templated":true}]}}