{"id":84809,"date":"2025-04-29T15:00:00","date_gmt":"2025-04-29T13:00:00","guid":{"rendered":"https:\/\/www.noubarris.net\/web40\/?p=84809"},"modified":"2025-04-29T11:57:59","modified_gmt":"2025-04-29T09:57:59","slug":"raices-de-periferia-podcast-dona-veu-barris-districte","status":"publish","type":"post","link":"https:\/\/www.noubarris.net\/web40\/raices-de-periferia-podcast-dona-veu-barris-districte\/","title":{"rendered":"Ra\u00edces de Periferia: un nou podcast que dona veu als barris del districte"},"content":{"rendered":"<p><strong>El projecte, del jove activista i ve\u00ed de Torre Bar\u00f3 Joel Le\u00f3n Ortiz, dona veu a les inquietuds, el talent i les reivindicacions de les ve\u00efnes de Nou Barris.<\/strong><\/p>\n\n\n<p>Tal com expressa en Joel, el podcast neix amb l&#8217;objectiu de crear un espai obert on les hist\u00f2ries quotidianes, les lluites socials i les iniciatives del barri puguin ser escoltades i compartides.<\/p>\n\n\n\n<figure class=\"wp-block-image aligncenter size-large is-resized\"><img loading=\"lazy\" decoding=\"async\" width=\"1024\" height=\"577\" src=\"https:\/\/www.noubarris.net\/web40\/wp-content\/uploads\/2025\/04\/WhatsApp-Image-2025-04-29-at-11.12.25-1024x577.jpeg\" alt=\"Podcast Ra\u00edces de periferia\" class=\"wp-image-84811\" style=\"width:701px;height:auto\" srcset=\"https:\/\/www.noubarris.net\/web40\/wp-content\/uploads\/2025\/04\/WhatsApp-Image-2025-04-29-at-11.12.25-1024x577.jpeg 1024w, https:\/\/www.noubarris.net\/web40\/wp-content\/uploads\/2025\/04\/WhatsApp-Image-2025-04-29-at-11.12.25-300x169.jpeg 300w, https:\/\/www.noubarris.net\/web40\/wp-content\/uploads\/2025\/04\/WhatsApp-Image-2025-04-29-at-11.12.25-768x432.jpeg 768w, https:\/\/www.noubarris.net\/web40\/wp-content\/uploads\/2025\/04\/WhatsApp-Image-2025-04-29-at-11.12.25-1536x865.jpeg 1536w, https:\/\/www.noubarris.net\/web40\/wp-content\/uploads\/2025\/04\/WhatsApp-Image-2025-04-29-at-11.12.25-2048x1153.jpeg 2048w, https:\/\/www.noubarris.net\/web40\/wp-content\/uploads\/2025\/04\/WhatsApp-Image-2025-04-29-at-11.12.25-1320x743.jpeg 1320w\" sizes=\"auto, (max-width: 1024px) 100vw, 1024px\" \/><\/figure>\n\n\n\n<p>El programa neix de la col\u00b7laboraci\u00f3 amb Nou Barris TV, mitjan\u00e7ant el seu programa \u201c<a class=\"keychainify-checked\" href=\"https:\/\/www.noubarris.net\/web40\/vols-fer-tele\/\" target=\"_blank\" rel=\"noopener\">TRIA Nou Barris<\/a>\u201d.<br \/>TRIA (Taller de Recursos i Iniciatives Audiovisuals) treballa des de l\u2019Espai Via Fav\u00e8ncia per convertir l&#8217;equipament disponible en un centre de recursos obert a la ciutadania en l&#8217;\u00e0mbit de la comunicaci\u00f3 i les TIC. Gr\u00e0cies a la infraestructura de Nou Barris Televisi\u00f3 i Nou Barris Net, TRIA impulsa projectes que faciliten el pr\u00e9stec d\u2019equipaments audiovisuals, la consulta d\u2019arxius, la cessi\u00f3 de material, el suport a joves creadors i entitats, i la promoci\u00f3 de pr\u00e0ctiques formatives en comunicaci\u00f3 multim\u00e8dia.<br \/>Per la seva banda, <a class=\"keychainify-checked\" href=\"https:\/\/www.raicesdeperiferia.info\/\" target=\"_blank\" rel=\"noopener\">Ra\u00edces de Periferia<\/a> \u00e9s un projecte que va n\u00e9ixer per teixir xarxa i donar veu als ve\u00efns, joves, artistes i petits comer\u00e7os de la Zona Nord de Barcelona (Torre Bar\u00f3, Ciutat Meridiana i Vallbona). \u201cM\u00e9s que un mitj\u00e0 de comunicaci\u00f3, Ra\u00edces de Periferia actua com un altaveu reivindicatiu que visibilitza les lluites di\u00e0ries i reconeix l&#8217;esfor\u00e7 de totes aquelles persones que construeixen dia a dia el futur dels nostres barris\u201d, tal com descriu el seu creador.<br \/>El podcast es publicar\u00e0 cada dimarts a les 16:00 h al canal de @NouBarrisTV i es tornar\u00e0 a emetre els dissabtes a les 10:00 h a trav\u00e9s del canal de @ra\u00edcesdeperiferia. Una oportunitat setmanal per escoltar les hist\u00f2ries reals que construeixen la identitat dels nostres barris.<br \/>Amb aquest nou projecte conjunt, Nou Barris reafirma el seu comprom\u00eds amb la comunicaci\u00f3 comunit\u00e0ria.<\/p>\n<p>\u00a0<\/p>\n\n\n\n<figure class=\"wp-block-embed is-type-video is-provider-youtube wp-block-embed-youtube wp-embed-aspect-16-9 wp-has-aspect-ratio\"><div class=\"wp-block-embed__wrapper\">\nhttps:\/\/youtu.be\/kiCeNZXSBhs\n<\/div><\/figure>\n\n\n","protected":false},"excerpt":{"rendered":"<p>El projecte, del jove activista i ve\u00ed de Torre Bar\u00f3 Joel Le\u00f3n Ortiz, dona veu a les inquietuds, el talent<\/p>\n","protected":false},"author":2,"featured_media":84811,"comment_status":"closed","ping_status":"closed","sticky":false,"template":"","format":"standard","meta":{"colormag_page_layout":"default_layout","_monsterinsights_skip_tracking":false,"_monsterinsights_sitenote_active":false,"_monsterinsights_sitenote_note":"","_monsterinsights_sitenote_category":0,"footnotes":""},"categories":[1,765],"tags":[],"class_list":["post-84809","post","type-post","status-publish","format-standard","has-post-thumbnail","hentry","category-nou-barris","category-nou-barris-tv"],"yoast_head":"<!-- This site is optimized with the Yoast SEO plugin v25.3 - https:\/\/yoast.com\/wordpress\/plugins\/seo\/ -->\n<title>Ra\u00edces de Periferia: un nou podcast que dona veu als barris del districte - NouBarris.Net<\/title>\n<meta name=\"robots\" content=\"index, follow, max-snippet:-1, max-image-preview:large, max-video-preview:-1\" \/>\n<link rel=\"canonical\" href=\"https:\/\/www.noubarris.net\/web40\/raices-de-periferia-podcast-dona-veu-barris-districte\/\" \/>\n<meta property=\"og:locale\" content=\"ca_ES\" \/>\n<meta property=\"og:type\" content=\"article\" \/>\n<meta property=\"og:title\" content=\"Ra\u00edces de Periferia: un nou podcast que dona veu als barris del districte - NouBarris.Net\" \/>\n<meta property=\"og:description\" content=\"El projecte, del jove activista i ve\u00ed de Torre Bar\u00f3 Joel Le\u00f3n Ortiz, dona veu a les inquietuds, el talent\" \/>\n<meta property=\"og:url\" content=\"https:\/\/www.noubarris.net\/web40\/raices-de-periferia-podcast-dona-veu-barris-districte\/\" \/>\n<meta property=\"og:site_name\" content=\"NouBarris.Net\" \/>\n<meta property=\"article:publisher\" content=\"https:\/\/www.facebook.com\/NouBarris.net\/?locale=es_ES\" \/>\n<meta property=\"article:published_time\" content=\"2025-04-29T13:00:00+00:00\" \/>\n<meta property=\"og:image\" content=\"https:\/\/www.noubarris.net\/web40\/wp-content\/uploads\/2025\/04\/WhatsApp-Image-2025-04-29-at-11.12.25-scaled.jpeg\" \/>\n\t<meta property=\"og:image:width\" content=\"2560\" \/>\n\t<meta property=\"og:image:height\" content=\"1442\" \/>\n\t<meta property=\"og:image:type\" content=\"image\/jpeg\" \/>\n<meta name=\"author\" content=\"Informatius\" \/>\n<meta name=\"twitter:card\" content=\"summary_large_image\" \/>\n<meta name=\"twitter:creator\" content=\"@9BTV\" \/>\n<meta name=\"twitter:site\" content=\"@9BTV\" \/>\n<meta name=\"twitter:label1\" content=\"Escrit per\" \/>\n\t<meta name=\"twitter:data1\" content=\"Informatius\" \/>\n\t<meta name=\"twitter:label2\" content=\"Temps estimat de lectura\" \/>\n\t<meta name=\"twitter:data2\" content=\"3 minuts\" \/>\n<script type=\"application\/ld+json\" class=\"yoast-schema-graph\">{\"@context\":\"https:\/\/schema.org\",\"@graph\":[{\"@type\":\"Article\",\"@id\":\"https:\/\/www.noubarris.net\/web40\/raices-de-periferia-podcast-dona-veu-barris-districte\/#article\",\"isPartOf\":{\"@id\":\"https:\/\/www.noubarris.net\/web40\/raices-de-periferia-podcast-dona-veu-barris-districte\/\"},\"author\":{\"name\":\"Informatius\",\"@id\":\"https:\/\/www.noubarris.net\/web40\/#\/schema\/person\/1827f92aaa316c54abbf4dac0de76069\"},\"headline\":\"Ra\u00edces de Periferia: un nou podcast que dona veu als barris del districte\",\"datePublished\":\"2025-04-29T13:00:00+00:00\",\"mainEntityOfPage\":{\"@id\":\"https:\/\/www.noubarris.net\/web40\/raices-de-periferia-podcast-dona-veu-barris-districte\/\"},\"wordCount\":342,\"publisher\":{\"@id\":\"https:\/\/www.noubarris.net\/web40\/#organization\"},\"image\":{\"@id\":\"https:\/\/www.noubarris.net\/web40\/raices-de-periferia-podcast-dona-veu-barris-districte\/#primaryimage\"},\"thumbnailUrl\":\"https:\/\/www.noubarris.net\/web40\/wp-content\/uploads\/2025\/04\/WhatsApp-Image-2025-04-29-at-11.12.25-scaled.jpeg\",\"articleSection\":[\"Nou Barris\",\"Nou Barris TV\"],\"inLanguage\":\"ca\"},{\"@type\":\"WebPage\",\"@id\":\"https:\/\/www.noubarris.net\/web40\/raices-de-periferia-podcast-dona-veu-barris-districte\/\",\"url\":\"https:\/\/www.noubarris.net\/web40\/raices-de-periferia-podcast-dona-veu-barris-districte\/\",\"name\":\"Ra\u00edces de Periferia: un nou podcast que dona veu als barris del districte - NouBarris.Net\",\"isPartOf\":{\"@id\":\"https:\/\/www.noubarris.net\/web40\/#website\"},\"primaryImageOfPage\":{\"@id\":\"https:\/\/www.noubarris.net\/web40\/raices-de-periferia-podcast-dona-veu-barris-districte\/#primaryimage\"},\"image\":{\"@id\":\"https:\/\/www.noubarris.net\/web40\/raices-de-periferia-podcast-dona-veu-barris-districte\/#primaryimage\"},\"thumbnailUrl\":\"https:\/\/www.noubarris.net\/web40\/wp-content\/uploads\/2025\/04\/WhatsApp-Image-2025-04-29-at-11.12.25-scaled.jpeg\",\"datePublished\":\"2025-04-29T13:00:00+00:00\",\"breadcrumb\":{\"@id\":\"https:\/\/www.noubarris.net\/web40\/raices-de-periferia-podcast-dona-veu-barris-districte\/#breadcrumb\"},\"inLanguage\":\"ca\",\"potentialAction\":[{\"@type\":\"ReadAction\",\"target\":[\"https:\/\/www.noubarris.net\/web40\/raices-de-periferia-podcast-dona-veu-barris-districte\/\"]}]},{\"@type\":\"ImageObject\",\"inLanguage\":\"ca\",\"@id\":\"https:\/\/www.noubarris.net\/web40\/raices-de-periferia-podcast-dona-veu-barris-districte\/#primaryimage\",\"url\":\"https:\/\/www.noubarris.net\/web40\/wp-content\/uploads\/2025\/04\/WhatsApp-Image-2025-04-29-at-11.12.25-scaled.jpeg\",\"contentUrl\":\"https:\/\/www.noubarris.net\/web40\/wp-content\/uploads\/2025\/04\/WhatsApp-Image-2025-04-29-at-11.12.25-scaled.jpeg\",\"width\":2560,\"height\":1442,\"caption\":\"Podcast Ra\u00edces de periferia\"},{\"@type\":\"BreadcrumbList\",\"@id\":\"https:\/\/www.noubarris.net\/web40\/raices-de-periferia-podcast-dona-veu-barris-districte\/#breadcrumb\",\"itemListElement\":[{\"@type\":\"ListItem\",\"position\":1,\"name\":\"Inici\",\"item\":\"https:\/\/www.noubarris.net\/web40\/\"},{\"@type\":\"ListItem\",\"position\":2,\"name\":\"Ra\u00edces de Periferia: un nou podcast que dona veu als barris del districte\"}]},{\"@type\":\"WebSite\",\"@id\":\"https:\/\/www.noubarris.net\/web40\/#website\",\"url\":\"https:\/\/www.noubarris.net\/web40\/\",\"name\":\"NouBarris.Net\",\"description\":\"Seguint la vida de Nou Barris des de 1985\",\"publisher\":{\"@id\":\"https:\/\/www.noubarris.net\/web40\/#organization\"},\"potentialAction\":[{\"@type\":\"SearchAction\",\"target\":{\"@type\":\"EntryPoint\",\"urlTemplate\":\"https:\/\/www.noubarris.net\/web40\/?s={search_term_string}\"},\"query-input\":{\"@type\":\"PropertyValueSpecification\",\"valueRequired\":true,\"valueName\":\"search_term_string\"}}],\"inLanguage\":\"ca\"},{\"@type\":\"Organization\",\"@id\":\"https:\/\/www.noubarris.net\/web40\/#organization\",\"name\":\"NouBarris.Net\",\"url\":\"https:\/\/www.noubarris.net\/web40\/\",\"logo\":{\"@type\":\"ImageObject\",\"inLanguage\":\"ca\",\"@id\":\"https:\/\/www.noubarris.net\/web40\/#\/schema\/logo\/image\/\",\"url\":\"https:\/\/www.noubarris.net\/web40\/wp-content\/uploads\/2024\/11\/cropped-cropped-LOGO_9BTV-2024_Insta-1.jpg\",\"contentUrl\":\"https:\/\/www.noubarris.net\/web40\/wp-content\/uploads\/2024\/11\/cropped-cropped-LOGO_9BTV-2024_Insta-1.jpg\",\"width\":512,\"height\":512,\"caption\":\"NouBarris.Net\"},\"image\":{\"@id\":\"https:\/\/www.noubarris.net\/web40\/#\/schema\/logo\/image\/\"},\"sameAs\":[\"https:\/\/www.facebook.com\/NouBarris.net\/?locale=es_ES\",\"https:\/\/x.com\/9BTV\"]},{\"@type\":\"Person\",\"@id\":\"https:\/\/www.noubarris.net\/web40\/#\/schema\/person\/1827f92aaa316c54abbf4dac0de76069\",\"name\":\"Informatius\",\"image\":{\"@type\":\"ImageObject\",\"inLanguage\":\"ca\",\"@id\":\"https:\/\/www.noubarris.net\/web40\/#\/schema\/person\/image\/\",\"url\":\"https:\/\/secure.gravatar.com\/avatar\/87a3b47928835fc72c6ee5b0e1a7263ef0c2d05003a98189bc14926c5f11bcdb?s=96&d=mm&r=g\",\"contentUrl\":\"https:\/\/secure.gravatar.com\/avatar\/87a3b47928835fc72c6ee5b0e1a7263ef0c2d05003a98189bc14926c5f11bcdb?s=96&d=mm&r=g\",\"caption\":\"Informatius\"},\"url\":\"https:\/\/www.noubarris.net\/web40\/author\/tele\/\"}]}<\/script>\n<!-- \/ Yoast SEO plugin. -->","yoast_head_json":{"title":"Ra\u00edces de Periferia: un nou podcast que dona veu als barris del districte - NouBarris.Net","robots":{"index":"index","follow":"follow","max-snippet":"max-snippet:-1","max-image-preview":"max-image-preview:large","max-video-preview":"max-video-preview:-1"},"canonical":"https:\/\/www.noubarris.net\/web40\/raices-de-periferia-podcast-dona-veu-barris-districte\/","og_locale":"ca_ES","og_type":"article","og_title":"Ra\u00edces de Periferia: un nou podcast que dona veu als barris del districte - NouBarris.Net","og_description":"El projecte, del jove activista i ve\u00ed de Torre Bar\u00f3 Joel Le\u00f3n Ortiz, dona veu a les inquietuds, el talent","og_url":"https:\/\/www.noubarris.net\/web40\/raices-de-periferia-podcast-dona-veu-barris-districte\/","og_site_name":"NouBarris.Net","article_publisher":"https:\/\/www.facebook.com\/NouBarris.net\/?locale=es_ES","article_published_time":"2025-04-29T13:00:00+00:00","og_image":[{"width":2560,"height":1442,"url":"https:\/\/www.noubarris.net\/web40\/wp-content\/uploads\/2025\/04\/WhatsApp-Image-2025-04-29-at-11.12.25-scaled.jpeg","type":"image\/jpeg"}],"author":"Informatius","twitter_card":"summary_large_image","twitter_creator":"@9BTV","twitter_site":"@9BTV","twitter_misc":{"Escrit per":"Informatius","Temps estimat de lectura":"3 minuts"},"schema":{"@context":"https:\/\/schema.org","@graph":[{"@type":"Article","@id":"https:\/\/www.noubarris.net\/web40\/raices-de-periferia-podcast-dona-veu-barris-districte\/#article","isPartOf":{"@id":"https:\/\/www.noubarris.net\/web40\/raices-de-periferia-podcast-dona-veu-barris-districte\/"},"author":{"name":"Informatius","@id":"https:\/\/www.noubarris.net\/web40\/#\/schema\/person\/1827f92aaa316c54abbf4dac0de76069"},"headline":"Ra\u00edces de Periferia: un nou podcast que dona veu als barris del districte","datePublished":"2025-04-29T13:00:00+00:00","mainEntityOfPage":{"@id":"https:\/\/www.noubarris.net\/web40\/raices-de-periferia-podcast-dona-veu-barris-districte\/"},"wordCount":342,"publisher":{"@id":"https:\/\/www.noubarris.net\/web40\/#organization"},"image":{"@id":"https:\/\/www.noubarris.net\/web40\/raices-de-periferia-podcast-dona-veu-barris-districte\/#primaryimage"},"thumbnailUrl":"https:\/\/www.noubarris.net\/web40\/wp-content\/uploads\/2025\/04\/WhatsApp-Image-2025-04-29-at-11.12.25-scaled.jpeg","articleSection":["Nou Barris","Nou Barris TV"],"inLanguage":"ca"},{"@type":"WebPage","@id":"https:\/\/www.noubarris.net\/web40\/raices-de-periferia-podcast-dona-veu-barris-districte\/","url":"https:\/\/www.noubarris.net\/web40\/raices-de-periferia-podcast-dona-veu-barris-districte\/","name":"Ra\u00edces de Periferia: un nou podcast que dona veu als barris del districte - NouBarris.Net","isPartOf":{"@id":"https:\/\/www.noubarris.net\/web40\/#website"},"primaryImageOfPage":{"@id":"https:\/\/www.noubarris.net\/web40\/raices-de-periferia-podcast-dona-veu-barris-districte\/#primaryimage"},"image":{"@id":"https:\/\/www.noubarris.net\/web40\/raices-de-periferia-podcast-dona-veu-barris-districte\/#primaryimage"},"thumbnailUrl":"https:\/\/www.noubarris.net\/web40\/wp-content\/uploads\/2025\/04\/WhatsApp-Image-2025-04-29-at-11.12.25-scaled.jpeg","datePublished":"2025-04-29T13:00:00+00:00","breadcrumb":{"@id":"https:\/\/www.noubarris.net\/web40\/raices-de-periferia-podcast-dona-veu-barris-districte\/#breadcrumb"},"inLanguage":"ca","potentialAction":[{"@type":"ReadAction","target":["https:\/\/www.noubarris.net\/web40\/raices-de-periferia-podcast-dona-veu-barris-districte\/"]}]},{"@type":"ImageObject","inLanguage":"ca","@id":"https:\/\/www.noubarris.net\/web40\/raices-de-periferia-podcast-dona-veu-barris-districte\/#primaryimage","url":"https:\/\/www.noubarris.net\/web40\/wp-content\/uploads\/2025\/04\/WhatsApp-Image-2025-04-29-at-11.12.25-scaled.jpeg","contentUrl":"https:\/\/www.noubarris.net\/web40\/wp-content\/uploads\/2025\/04\/WhatsApp-Image-2025-04-29-at-11.12.25-scaled.jpeg","width":2560,"height":1442,"caption":"Podcast Ra\u00edces de periferia"},{"@type":"BreadcrumbList","@id":"https:\/\/www.noubarris.net\/web40\/raices-de-periferia-podcast-dona-veu-barris-districte\/#breadcrumb","itemListElement":[{"@type":"ListItem","position":1,"name":"Inici","item":"https:\/\/www.noubarris.net\/web40\/"},{"@type":"ListItem","position":2,"name":"Ra\u00edces de Periferia: un nou podcast que dona veu als barris del districte"}]},{"@type":"WebSite","@id":"https:\/\/www.noubarris.net\/web40\/#website","url":"https:\/\/www.noubarris.net\/web40\/","name":"NouBarris.Net","description":"Seguint la vida de Nou Barris des de 1985","publisher":{"@id":"https:\/\/www.noubarris.net\/web40\/#organization"},"potentialAction":[{"@type":"SearchAction","target":{"@type":"EntryPoint","urlTemplate":"https:\/\/www.noubarris.net\/web40\/?s={search_term_string}"},"query-input":{"@type":"PropertyValueSpecification","valueRequired":true,"valueName":"search_term_string"}}],"inLanguage":"ca"},{"@type":"Organization","@id":"https:\/\/www.noubarris.net\/web40\/#organization","name":"NouBarris.Net","url":"https:\/\/www.noubarris.net\/web40\/","logo":{"@type":"ImageObject","inLanguage":"ca","@id":"https:\/\/www.noubarris.net\/web40\/#\/schema\/logo\/image\/","url":"https:\/\/www.noubarris.net\/web40\/wp-content\/uploads\/2024\/11\/cropped-cropped-LOGO_9BTV-2024_Insta-1.jpg","contentUrl":"https:\/\/www.noubarris.net\/web40\/wp-content\/uploads\/2024\/11\/cropped-cropped-LOGO_9BTV-2024_Insta-1.jpg","width":512,"height":512,"caption":"NouBarris.Net"},"image":{"@id":"https:\/\/www.noubarris.net\/web40\/#\/schema\/logo\/image\/"},"sameAs":["https:\/\/www.facebook.com\/NouBarris.net\/?locale=es_ES","https:\/\/x.com\/9BTV"]},{"@type":"Person","@id":"https:\/\/www.noubarris.net\/web40\/#\/schema\/person\/1827f92aaa316c54abbf4dac0de76069","name":"Informatius","image":{"@type":"ImageObject","inLanguage":"ca","@id":"https:\/\/www.noubarris.net\/web40\/#\/schema\/person\/image\/","url":"https:\/\/secure.gravatar.com\/avatar\/87a3b47928835fc72c6ee5b0e1a7263ef0c2d05003a98189bc14926c5f11bcdb?s=96&d=mm&r=g","contentUrl":"https:\/\/secure.gravatar.com\/avatar\/87a3b47928835fc72c6ee5b0e1a7263ef0c2d05003a98189bc14926c5f11bcdb?s=96&d=mm&r=g","caption":"Informatius"},"url":"https:\/\/www.noubarris.net\/web40\/author\/tele\/"}]}},"_links":{"self":[{"href":"https:\/\/www.noubarris.net\/web40\/wp-json\/wp\/v2\/posts\/84809","targetHints":{"allow":["GET"]}}],"collection":[{"href":"https:\/\/www.noubarris.net\/web40\/wp-json\/wp\/v2\/posts"}],"about":[{"href":"https:\/\/www.noubarris.net\/web40\/wp-json\/wp\/v2\/types\/post"}],"author":[{"embeddable":true,"href":"https:\/\/www.noubarris.net\/web40\/wp-json\/wp\/v2\/users\/2"}],"replies":[{"embeddable":true,"href":"https:\/\/www.noubarris.net\/web40\/wp-json\/wp\/v2\/comments?post=84809"}],"version-history":[{"count":3,"href":"https:\/\/www.noubarris.net\/web40\/wp-json\/wp\/v2\/posts\/84809\/revisions"}],"predecessor-version":[{"id":84814,"href":"https:\/\/www.noubarris.net\/web40\/wp-json\/wp\/v2\/posts\/84809\/revisions\/84814"}],"wp:featuredmedia":[{"embeddable":true,"href":"https:\/\/www.noubarris.net\/web40\/wp-json\/wp\/v2\/media\/84811"}],"wp:attachment":[{"href":"https:\/\/www.noubarris.net\/web40\/wp-json\/wp\/v2\/media?parent=84809"}],"wp:term":[{"taxonomy":"category","embeddable":true,"href":"https:\/\/www.noubarris.net\/web40\/wp-json\/wp\/v2\/categories?post=84809"},{"taxonomy":"post_tag","embeddable":true,"href":"https:\/\/www.noubarris.net\/web40\/wp-json\/wp\/v2\/tags?post=84809"}],"curies":[{"name":"wp","href":"https:\/\/api.w.org\/{rel}","templated":true}]}}