{"id":84839,"date":"2025-05-01T08:00:00","date_gmt":"2025-05-01T06:00:00","guid":{"rendered":"https:\/\/www.noubarris.net\/web40\/?p=84839"},"modified":"2025-05-01T10:14:37","modified_gmt":"2025-05-01T08:14:37","slug":"nova-aplicacio-reservar-el-meu-bus-vallbona","status":"publish","type":"post","link":"https:\/\/www.noubarris.net\/web40\/nova-aplicacio-reservar-el-meu-bus-vallbona\/","title":{"rendered":"Nova aplicaci\u00f3 per reservar El Meu Bus a Vallbona"},"content":{"rendered":"\n<p><strong>El servei a demanda s\u2019actualitza amb l\u2019app \u201celMeuBus 2025\u201d, obligat\u00f2ria a partir del 6 de maig<\/strong><\/p>\n\n\n\n<p>A partir del 6 de maig, les persones usu\u00e0ries del servei de bus a demanda El Meu Bus a Vallbona hauran d\u2019utilitzar una nova aplicaci\u00f3 per gestionar les seves reserves. Es tracta de l\u2019app &#8220;elMeuBus 2025&#8221;, que ja es pot descarregar gratu\u00eftament per a sistemes iOS i Android.<\/p>\n\n\n\n<figure class=\"wp-block-image aligncenter size-full\"><img loading=\"lazy\" decoding=\"async\" width=\"760\" height=\"428\" src=\"https:\/\/www.noubarris.net\/web40\/wp-content\/uploads\/2025\/04\/ixpbnklr.png\" alt=\"El Meu Bus\" class=\"wp-image-84841\" srcset=\"https:\/\/www.noubarris.net\/web40\/wp-content\/uploads\/2025\/04\/ixpbnklr.png 760w, https:\/\/www.noubarris.net\/web40\/wp-content\/uploads\/2025\/04\/ixpbnklr-300x169.png 300w\" sizes=\"auto, (max-width: 760px) 100vw, 760px\" \/><\/figure>\n\n\n\n<p>Un cop descarregada l\u2019aplicaci\u00f3, caldr\u00e0 registrar-se o iniciar sessi\u00f3, en cas que ja s\u2019hagu\u00e9s fet servir l\u2019anterior. Tamb\u00e9 ser\u00e0 necessari acceptar la geolocalitzaci\u00f3 per fer \u00fas del servei. Per reservar un trajecte, nom\u00e9s caldr\u00e0 indicar la destinaci\u00f3 desitjada.<\/p>\n\n\n\n<p>El servei El Meu Bus a Vallbona funciona de dilluns a dissabte, de 6 a 22.30 h, i diumenges i festius de 9 a 22.30 h. Tots els dies, a partir de les 22.00 h, nom\u00e9s es confirmaran trajectes que finalitzin abans de les 22.30 h. Les reserves s\u2019han de fer amb un m\u00ednim de 10 minuts d\u2019antelaci\u00f3 i no es permeten trajectes que es puguin fer amb una l\u00ednia de bus convencional.<\/p>\n\n\n\n<p>En les properes setmanes, aquesta mateixa aplicaci\u00f3 tamb\u00e9 estar\u00e0 disponible per a les persones usu\u00e0ries del servei El Meu Bus a Torre Bar\u00f3.<\/p>\n\n\n\n<p>El Meu Bus \u00e9s un servei pioner de bus a demanda a Barcelona, posat en marxa a Torre Bar\u00f3 l\u2019any 2019. A difer\u00e8ncia de les l\u00ednies convencionals, els usuaris poden sol\u00b7licitar el punt i l\u2019hora de recollida i dest\u00ed, de manera que el vehicle s\u2019adapta a les necessitats del passatge. Els punts de parada estan dissenyats per apropar els ve\u00efns als serveis i equipaments del barri.<\/p>\n\n\n\n<p>El sistema permet cancel\u00b7lar reserves, consultar l\u2019historial de viatges, rebre avisos i con\u00e8ixer el temps d\u2019espera estimat, tot gr\u00e0cies a un sistema intel\u00b7ligent que optimitza cada recorregut.<\/p>\n","protected":false},"excerpt":{"rendered":"<p>El servei a demanda s\u2019actualitza amb l\u2019app \u201celMeuBus 2025\u201d, obligat\u00f2ria a partir del 6 de maig A partir del 6<\/p>\n","protected":false},"author":2,"featured_media":84841,"comment_status":"closed","ping_status":"closed","sticky":false,"template":"","format":"standard","meta":{"colormag_page_layout":"default_layout","_monsterinsights_skip_tracking":false,"_monsterinsights_sitenote_active":false,"_monsterinsights_sitenote_note":"","_monsterinsights_sitenote_category":0,"footnotes":""},"categories":[125,137,140],"tags":[],"class_list":["post-84839","post","type-post","status-publish","format-standard","has-post-thumbnail","hentry","category-mobilitat","category-torre-baro","category-vallbona"],"yoast_head":"<!-- This site is optimized with the Yoast SEO plugin v25.3 - https:\/\/yoast.com\/wordpress\/plugins\/seo\/ -->\n<title>Nova aplicaci\u00f3 per reservar El Meu Bus a Vallbona - NouBarris.Net<\/title>\n<meta name=\"robots\" content=\"index, follow, max-snippet:-1, max-image-preview:large, max-video-preview:-1\" \/>\n<link rel=\"canonical\" href=\"https:\/\/www.noubarris.net\/web40\/nova-aplicacio-reservar-el-meu-bus-vallbona\/\" \/>\n<meta property=\"og:locale\" content=\"ca_ES\" \/>\n<meta property=\"og:type\" content=\"article\" \/>\n<meta property=\"og:title\" content=\"Nova aplicaci\u00f3 per reservar El Meu Bus a Vallbona - NouBarris.Net\" \/>\n<meta property=\"og:description\" content=\"El servei a demanda s\u2019actualitza amb l\u2019app \u201celMeuBus 2025\u201d, obligat\u00f2ria a partir del 6 de maig A partir del 6\" \/>\n<meta property=\"og:url\" content=\"https:\/\/www.noubarris.net\/web40\/nova-aplicacio-reservar-el-meu-bus-vallbona\/\" \/>\n<meta property=\"og:site_name\" content=\"NouBarris.Net\" \/>\n<meta property=\"article:publisher\" content=\"https:\/\/www.facebook.com\/NouBarris.net\/?locale=es_ES\" \/>\n<meta property=\"article:published_time\" content=\"2025-05-01T06:00:00+00:00\" \/>\n<meta property=\"article:modified_time\" content=\"2025-05-01T08:14:37+00:00\" \/>\n<meta property=\"og:image\" content=\"https:\/\/www.noubarris.net\/web40\/wp-content\/uploads\/2025\/04\/ixpbnklr.png\" \/>\n\t<meta property=\"og:image:width\" content=\"760\" \/>\n\t<meta property=\"og:image:height\" content=\"428\" \/>\n\t<meta property=\"og:image:type\" content=\"image\/png\" \/>\n<meta name=\"author\" content=\"Informatius\" \/>\n<meta name=\"twitter:card\" content=\"summary_large_image\" \/>\n<meta name=\"twitter:creator\" content=\"@9BTV\" \/>\n<meta name=\"twitter:site\" content=\"@9BTV\" \/>\n<meta name=\"twitter:label1\" content=\"Escrit per\" \/>\n\t<meta name=\"twitter:data1\" content=\"Informatius\" \/>\n\t<meta name=\"twitter:label2\" content=\"Temps estimat de lectura\" \/>\n\t<meta name=\"twitter:data2\" content=\"2 minuts\" \/>\n<script type=\"application\/ld+json\" class=\"yoast-schema-graph\">{\"@context\":\"https:\/\/schema.org\",\"@graph\":[{\"@type\":\"Article\",\"@id\":\"https:\/\/www.noubarris.net\/web40\/nova-aplicacio-reservar-el-meu-bus-vallbona\/#article\",\"isPartOf\":{\"@id\":\"https:\/\/www.noubarris.net\/web40\/nova-aplicacio-reservar-el-meu-bus-vallbona\/\"},\"author\":{\"name\":\"Informatius\",\"@id\":\"https:\/\/www.noubarris.net\/web40\/#\/schema\/person\/1827f92aaa316c54abbf4dac0de76069\"},\"headline\":\"Nova aplicaci\u00f3 per reservar El Meu Bus a Vallbona\",\"datePublished\":\"2025-05-01T06:00:00+00:00\",\"dateModified\":\"2025-05-01T08:14:37+00:00\",\"mainEntityOfPage\":{\"@id\":\"https:\/\/www.noubarris.net\/web40\/nova-aplicacio-reservar-el-meu-bus-vallbona\/\"},\"wordCount\":319,\"publisher\":{\"@id\":\"https:\/\/www.noubarris.net\/web40\/#organization\"},\"image\":{\"@id\":\"https:\/\/www.noubarris.net\/web40\/nova-aplicacio-reservar-el-meu-bus-vallbona\/#primaryimage\"},\"thumbnailUrl\":\"https:\/\/www.noubarris.net\/web40\/wp-content\/uploads\/2025\/04\/ixpbnklr.png\",\"articleSection\":[\"Mobilitat\",\"Torre Bar\u00f3\",\"Vallbona\"],\"inLanguage\":\"ca\"},{\"@type\":\"WebPage\",\"@id\":\"https:\/\/www.noubarris.net\/web40\/nova-aplicacio-reservar-el-meu-bus-vallbona\/\",\"url\":\"https:\/\/www.noubarris.net\/web40\/nova-aplicacio-reservar-el-meu-bus-vallbona\/\",\"name\":\"Nova aplicaci\u00f3 per reservar El Meu Bus a Vallbona - NouBarris.Net\",\"isPartOf\":{\"@id\":\"https:\/\/www.noubarris.net\/web40\/#website\"},\"primaryImageOfPage\":{\"@id\":\"https:\/\/www.noubarris.net\/web40\/nova-aplicacio-reservar-el-meu-bus-vallbona\/#primaryimage\"},\"image\":{\"@id\":\"https:\/\/www.noubarris.net\/web40\/nova-aplicacio-reservar-el-meu-bus-vallbona\/#primaryimage\"},\"thumbnailUrl\":\"https:\/\/www.noubarris.net\/web40\/wp-content\/uploads\/2025\/04\/ixpbnklr.png\",\"datePublished\":\"2025-05-01T06:00:00+00:00\",\"dateModified\":\"2025-05-01T08:14:37+00:00\",\"breadcrumb\":{\"@id\":\"https:\/\/www.noubarris.net\/web40\/nova-aplicacio-reservar-el-meu-bus-vallbona\/#breadcrumb\"},\"inLanguage\":\"ca\",\"potentialAction\":[{\"@type\":\"ReadAction\",\"target\":[\"https:\/\/www.noubarris.net\/web40\/nova-aplicacio-reservar-el-meu-bus-vallbona\/\"]}]},{\"@type\":\"ImageObject\",\"inLanguage\":\"ca\",\"@id\":\"https:\/\/www.noubarris.net\/web40\/nova-aplicacio-reservar-el-meu-bus-vallbona\/#primaryimage\",\"url\":\"https:\/\/www.noubarris.net\/web40\/wp-content\/uploads\/2025\/04\/ixpbnklr.png\",\"contentUrl\":\"https:\/\/www.noubarris.net\/web40\/wp-content\/uploads\/2025\/04\/ixpbnklr.png\",\"width\":760,\"height\":428,\"caption\":\"El Meu Bus\"},{\"@type\":\"BreadcrumbList\",\"@id\":\"https:\/\/www.noubarris.net\/web40\/nova-aplicacio-reservar-el-meu-bus-vallbona\/#breadcrumb\",\"itemListElement\":[{\"@type\":\"ListItem\",\"position\":1,\"name\":\"Inici\",\"item\":\"https:\/\/www.noubarris.net\/web40\/\"},{\"@type\":\"ListItem\",\"position\":2,\"name\":\"Nova aplicaci\u00f3 per reservar El Meu Bus a Vallbona\"}]},{\"@type\":\"WebSite\",\"@id\":\"https:\/\/www.noubarris.net\/web40\/#website\",\"url\":\"https:\/\/www.noubarris.net\/web40\/\",\"name\":\"NouBarris.Net\",\"description\":\"Seguint la vida de Nou Barris des de 1985\",\"publisher\":{\"@id\":\"https:\/\/www.noubarris.net\/web40\/#organization\"},\"potentialAction\":[{\"@type\":\"SearchAction\",\"target\":{\"@type\":\"EntryPoint\",\"urlTemplate\":\"https:\/\/www.noubarris.net\/web40\/?s={search_term_string}\"},\"query-input\":{\"@type\":\"PropertyValueSpecification\",\"valueRequired\":true,\"valueName\":\"search_term_string\"}}],\"inLanguage\":\"ca\"},{\"@type\":\"Organization\",\"@id\":\"https:\/\/www.noubarris.net\/web40\/#organization\",\"name\":\"NouBarris.Net\",\"url\":\"https:\/\/www.noubarris.net\/web40\/\",\"logo\":{\"@type\":\"ImageObject\",\"inLanguage\":\"ca\",\"@id\":\"https:\/\/www.noubarris.net\/web40\/#\/schema\/logo\/image\/\",\"url\":\"https:\/\/www.noubarris.net\/web40\/wp-content\/uploads\/2024\/11\/cropped-cropped-LOGO_9BTV-2024_Insta-1.jpg\",\"contentUrl\":\"https:\/\/www.noubarris.net\/web40\/wp-content\/uploads\/2024\/11\/cropped-cropped-LOGO_9BTV-2024_Insta-1.jpg\",\"width\":512,\"height\":512,\"caption\":\"NouBarris.Net\"},\"image\":{\"@id\":\"https:\/\/www.noubarris.net\/web40\/#\/schema\/logo\/image\/\"},\"sameAs\":[\"https:\/\/www.facebook.com\/NouBarris.net\/?locale=es_ES\",\"https:\/\/x.com\/9BTV\"]},{\"@type\":\"Person\",\"@id\":\"https:\/\/www.noubarris.net\/web40\/#\/schema\/person\/1827f92aaa316c54abbf4dac0de76069\",\"name\":\"Informatius\",\"image\":{\"@type\":\"ImageObject\",\"inLanguage\":\"ca\",\"@id\":\"https:\/\/www.noubarris.net\/web40\/#\/schema\/person\/image\/\",\"url\":\"https:\/\/secure.gravatar.com\/avatar\/87a3b47928835fc72c6ee5b0e1a7263ef0c2d05003a98189bc14926c5f11bcdb?s=96&d=mm&r=g\",\"contentUrl\":\"https:\/\/secure.gravatar.com\/avatar\/87a3b47928835fc72c6ee5b0e1a7263ef0c2d05003a98189bc14926c5f11bcdb?s=96&d=mm&r=g\",\"caption\":\"Informatius\"},\"url\":\"https:\/\/www.noubarris.net\/web40\/author\/tele\/\"}]}<\/script>\n<!-- \/ Yoast SEO plugin. -->","yoast_head_json":{"title":"Nova aplicaci\u00f3 per reservar El Meu Bus a Vallbona - NouBarris.Net","robots":{"index":"index","follow":"follow","max-snippet":"max-snippet:-1","max-image-preview":"max-image-preview:large","max-video-preview":"max-video-preview:-1"},"canonical":"https:\/\/www.noubarris.net\/web40\/nova-aplicacio-reservar-el-meu-bus-vallbona\/","og_locale":"ca_ES","og_type":"article","og_title":"Nova aplicaci\u00f3 per reservar El Meu Bus a Vallbona - NouBarris.Net","og_description":"El servei a demanda s\u2019actualitza amb l\u2019app \u201celMeuBus 2025\u201d, obligat\u00f2ria a partir del 6 de maig A partir del 6","og_url":"https:\/\/www.noubarris.net\/web40\/nova-aplicacio-reservar-el-meu-bus-vallbona\/","og_site_name":"NouBarris.Net","article_publisher":"https:\/\/www.facebook.com\/NouBarris.net\/?locale=es_ES","article_published_time":"2025-05-01T06:00:00+00:00","article_modified_time":"2025-05-01T08:14:37+00:00","og_image":[{"width":760,"height":428,"url":"https:\/\/www.noubarris.net\/web40\/wp-content\/uploads\/2025\/04\/ixpbnklr.png","type":"image\/png"}],"author":"Informatius","twitter_card":"summary_large_image","twitter_creator":"@9BTV","twitter_site":"@9BTV","twitter_misc":{"Escrit per":"Informatius","Temps estimat de lectura":"2 minuts"},"schema":{"@context":"https:\/\/schema.org","@graph":[{"@type":"Article","@id":"https:\/\/www.noubarris.net\/web40\/nova-aplicacio-reservar-el-meu-bus-vallbona\/#article","isPartOf":{"@id":"https:\/\/www.noubarris.net\/web40\/nova-aplicacio-reservar-el-meu-bus-vallbona\/"},"author":{"name":"Informatius","@id":"https:\/\/www.noubarris.net\/web40\/#\/schema\/person\/1827f92aaa316c54abbf4dac0de76069"},"headline":"Nova aplicaci\u00f3 per reservar El Meu Bus a Vallbona","datePublished":"2025-05-01T06:00:00+00:00","dateModified":"2025-05-01T08:14:37+00:00","mainEntityOfPage":{"@id":"https:\/\/www.noubarris.net\/web40\/nova-aplicacio-reservar-el-meu-bus-vallbona\/"},"wordCount":319,"publisher":{"@id":"https:\/\/www.noubarris.net\/web40\/#organization"},"image":{"@id":"https:\/\/www.noubarris.net\/web40\/nova-aplicacio-reservar-el-meu-bus-vallbona\/#primaryimage"},"thumbnailUrl":"https:\/\/www.noubarris.net\/web40\/wp-content\/uploads\/2025\/04\/ixpbnklr.png","articleSection":["Mobilitat","Torre Bar\u00f3","Vallbona"],"inLanguage":"ca"},{"@type":"WebPage","@id":"https:\/\/www.noubarris.net\/web40\/nova-aplicacio-reservar-el-meu-bus-vallbona\/","url":"https:\/\/www.noubarris.net\/web40\/nova-aplicacio-reservar-el-meu-bus-vallbona\/","name":"Nova aplicaci\u00f3 per reservar El Meu Bus a Vallbona - NouBarris.Net","isPartOf":{"@id":"https:\/\/www.noubarris.net\/web40\/#website"},"primaryImageOfPage":{"@id":"https:\/\/www.noubarris.net\/web40\/nova-aplicacio-reservar-el-meu-bus-vallbona\/#primaryimage"},"image":{"@id":"https:\/\/www.noubarris.net\/web40\/nova-aplicacio-reservar-el-meu-bus-vallbona\/#primaryimage"},"thumbnailUrl":"https:\/\/www.noubarris.net\/web40\/wp-content\/uploads\/2025\/04\/ixpbnklr.png","datePublished":"2025-05-01T06:00:00+00:00","dateModified":"2025-05-01T08:14:37+00:00","breadcrumb":{"@id":"https:\/\/www.noubarris.net\/web40\/nova-aplicacio-reservar-el-meu-bus-vallbona\/#breadcrumb"},"inLanguage":"ca","potentialAction":[{"@type":"ReadAction","target":["https:\/\/www.noubarris.net\/web40\/nova-aplicacio-reservar-el-meu-bus-vallbona\/"]}]},{"@type":"ImageObject","inLanguage":"ca","@id":"https:\/\/www.noubarris.net\/web40\/nova-aplicacio-reservar-el-meu-bus-vallbona\/#primaryimage","url":"https:\/\/www.noubarris.net\/web40\/wp-content\/uploads\/2025\/04\/ixpbnklr.png","contentUrl":"https:\/\/www.noubarris.net\/web40\/wp-content\/uploads\/2025\/04\/ixpbnklr.png","width":760,"height":428,"caption":"El Meu Bus"},{"@type":"BreadcrumbList","@id":"https:\/\/www.noubarris.net\/web40\/nova-aplicacio-reservar-el-meu-bus-vallbona\/#breadcrumb","itemListElement":[{"@type":"ListItem","position":1,"name":"Inici","item":"https:\/\/www.noubarris.net\/web40\/"},{"@type":"ListItem","position":2,"name":"Nova aplicaci\u00f3 per reservar El Meu Bus a Vallbona"}]},{"@type":"WebSite","@id":"https:\/\/www.noubarris.net\/web40\/#website","url":"https:\/\/www.noubarris.net\/web40\/","name":"NouBarris.Net","description":"Seguint la vida de Nou Barris des de 1985","publisher":{"@id":"https:\/\/www.noubarris.net\/web40\/#organization"},"potentialAction":[{"@type":"SearchAction","target":{"@type":"EntryPoint","urlTemplate":"https:\/\/www.noubarris.net\/web40\/?s={search_term_string}"},"query-input":{"@type":"PropertyValueSpecification","valueRequired":true,"valueName":"search_term_string"}}],"inLanguage":"ca"},{"@type":"Organization","@id":"https:\/\/www.noubarris.net\/web40\/#organization","name":"NouBarris.Net","url":"https:\/\/www.noubarris.net\/web40\/","logo":{"@type":"ImageObject","inLanguage":"ca","@id":"https:\/\/www.noubarris.net\/web40\/#\/schema\/logo\/image\/","url":"https:\/\/www.noubarris.net\/web40\/wp-content\/uploads\/2024\/11\/cropped-cropped-LOGO_9BTV-2024_Insta-1.jpg","contentUrl":"https:\/\/www.noubarris.net\/web40\/wp-content\/uploads\/2024\/11\/cropped-cropped-LOGO_9BTV-2024_Insta-1.jpg","width":512,"height":512,"caption":"NouBarris.Net"},"image":{"@id":"https:\/\/www.noubarris.net\/web40\/#\/schema\/logo\/image\/"},"sameAs":["https:\/\/www.facebook.com\/NouBarris.net\/?locale=es_ES","https:\/\/x.com\/9BTV"]},{"@type":"Person","@id":"https:\/\/www.noubarris.net\/web40\/#\/schema\/person\/1827f92aaa316c54abbf4dac0de76069","name":"Informatius","image":{"@type":"ImageObject","inLanguage":"ca","@id":"https:\/\/www.noubarris.net\/web40\/#\/schema\/person\/image\/","url":"https:\/\/secure.gravatar.com\/avatar\/87a3b47928835fc72c6ee5b0e1a7263ef0c2d05003a98189bc14926c5f11bcdb?s=96&d=mm&r=g","contentUrl":"https:\/\/secure.gravatar.com\/avatar\/87a3b47928835fc72c6ee5b0e1a7263ef0c2d05003a98189bc14926c5f11bcdb?s=96&d=mm&r=g","caption":"Informatius"},"url":"https:\/\/www.noubarris.net\/web40\/author\/tele\/"}]}},"_links":{"self":[{"href":"https:\/\/www.noubarris.net\/web40\/wp-json\/wp\/v2\/posts\/84839","targetHints":{"allow":["GET"]}}],"collection":[{"href":"https:\/\/www.noubarris.net\/web40\/wp-json\/wp\/v2\/posts"}],"about":[{"href":"https:\/\/www.noubarris.net\/web40\/wp-json\/wp\/v2\/types\/post"}],"author":[{"embeddable":true,"href":"https:\/\/www.noubarris.net\/web40\/wp-json\/wp\/v2\/users\/2"}],"replies":[{"embeddable":true,"href":"https:\/\/www.noubarris.net\/web40\/wp-json\/wp\/v2\/comments?post=84839"}],"version-history":[{"count":2,"href":"https:\/\/www.noubarris.net\/web40\/wp-json\/wp\/v2\/posts\/84839\/revisions"}],"predecessor-version":[{"id":84842,"href":"https:\/\/www.noubarris.net\/web40\/wp-json\/wp\/v2\/posts\/84839\/revisions\/84842"}],"wp:featuredmedia":[{"embeddable":true,"href":"https:\/\/www.noubarris.net\/web40\/wp-json\/wp\/v2\/media\/84841"}],"wp:attachment":[{"href":"https:\/\/www.noubarris.net\/web40\/wp-json\/wp\/v2\/media?parent=84839"}],"wp:term":[{"taxonomy":"category","embeddable":true,"href":"https:\/\/www.noubarris.net\/web40\/wp-json\/wp\/v2\/categories?post=84839"},{"taxonomy":"post_tag","embeddable":true,"href":"https:\/\/www.noubarris.net\/web40\/wp-json\/wp\/v2\/tags?post=84839"}],"curies":[{"name":"wp","href":"https:\/\/api.w.org\/{rel}","templated":true}]}}