{"id":84877,"date":"2025-05-02T15:30:00","date_gmt":"2025-05-02T13:30:00","guid":{"rendered":"https:\/\/www.noubarris.net\/web40\/?p=84877"},"modified":"2025-05-01T12:12:43","modified_gmt":"2025-05-01T10:12:43","slug":"oberta-preinscripcio-lescola-municipal-musica-nou-barris-2","status":"publish","type":"post","link":"https:\/\/www.noubarris.net\/web40\/oberta-preinscripcio-lescola-municipal-musica-nou-barris-2\/","title":{"rendered":"Oberta la preinscripci\u00f3 a l\u2019Escola Municipal de M\u00fasica Nou Barris per al curs 2025-2026"},"content":{"rendered":"\n<p><strong>El tr\u00e0mit es fa principalment en l\u00ednia del 29 d\u2019abril al 8 de maig<\/strong><\/p>\n\n\n\n<p>L\u2019Escola Municipal de M\u00fasica Nou Barris obre el proc\u00e9s de preinscripci\u00f3 per al curs 2025-2026 entre els dies 29 d\u2019abril i 8 de maig. La sol\u00b7licitud de pla\u00e7a s\u2019haur\u00e0 de fer preferentment per via telem\u00e0tica, a trav\u00e9s del web de les escoles municipals de m\u00fasica, amb acc\u00e9s a l\u2019Oficina Virtual de Tr\u00e0mits de l\u2019Ajuntament de Barcelona. En cas de dificultats, tamb\u00e9 es podr\u00e0 fer la preinscripci\u00f3 presencialment a la secretaria del centre, dins l\u2019horari indicat al seu lloc web.<\/p>\n\n\n\n<p>L\u2019oferta total de places vacants en el conjunt de les cinc escoles municipals de m\u00fasica de la ciutat \u00e9s de 626 places, distribu\u00efdes per grups d\u2019edat, especialitats instrumentals i programes de llarga durada o tallers anuals. Tota la informaci\u00f3 es pot consultar al web de cada escola.<\/p>\n\n\n\n<figure class=\"wp-block-image aligncenter size-full\"><img loading=\"lazy\" decoding=\"async\" width=\"760\" height=\"428\" src=\"https:\/\/www.noubarris.net\/web40\/wp-content\/uploads\/2025\/04\/5fe9ye6h.png\" alt=\"Escola Municipal de M\u00fasica Nou Barris\" class=\"wp-image-84850\" srcset=\"https:\/\/www.noubarris.net\/web40\/wp-content\/uploads\/2025\/04\/5fe9ye6h.png 760w, https:\/\/www.noubarris.net\/web40\/wp-content\/uploads\/2025\/04\/5fe9ye6h-300x169.png 300w\" sizes=\"auto, (max-width: 760px) 100vw, 760px\" \/><\/figure>\n\n\n\n<h3 class=\"wp-block-heading\"><strong>Calendari del proc\u00e9s<\/strong><\/h3>\n\n\n\n<ul class=\"wp-block-list\">\n<li><p class=\"\" data-start=\"1101\" data-end=\"1149\"><strong data-start=\"1101\" data-end=\"1118\">Preinscripci\u00f3<\/strong>: del 29 d\u2019abril al 8 de maig<\/p><br \/><\/li>\n\n\n\n<li><p class=\"\" data-start=\"1152\" data-end=\"1220\"><strong data-start=\"1152\" data-end=\"1184\">Llista de persones inscrites<\/strong>: 13 de maig, a partir de les 17 h<\/p><br \/><\/li>\n\n\n\n<li><p class=\"\" data-start=\"1223\" data-end=\"1289\"><strong data-start=\"1223\" data-end=\"1265\">Proves musicals (a partir dels 8 anys)<\/strong>: del 14 al 27 de maig<\/p><br \/><\/li>\n\n\n\n<li><p class=\"\" data-start=\"1292\" data-end=\"1370\"><strong data-start=\"1292\" data-end=\"1334\">Publicaci\u00f3 de puntuacions provisionals<\/strong>: 30 de maig, a partir de les 17 h<\/p><br \/><\/li>\n\n\n\n<li><p class=\"\" data-start=\"1373\" data-end=\"1423\"><strong data-start=\"1373\" data-end=\"1401\">Reclamacions presencials<\/strong>: del 2 al 4 de juny<\/p><br \/><\/li>\n\n\n\n<li><p class=\"\" data-start=\"1426\" data-end=\"1508\"><strong data-start=\"1426\" data-end=\"1450\">Sorteig per desempat<\/strong>: 5 de juny, a les 9.30 h (seu de l\u2019Institut d\u2019Educaci\u00f3)<\/p><br \/><\/li>\n\n\n\n<li><p class=\"\" data-start=\"1511\" data-end=\"1578\"><strong data-start=\"1511\" data-end=\"1542\">Llista definitiva d\u2019admesos<\/strong>: 10 de juny, a partir de les 17 h<\/p><br \/><\/li>\n\n\n\n<li><p class=\"\" data-start=\"1581\" data-end=\"1648\"><strong data-start=\"1581\" data-end=\"1625\">Matr\u00edcula i sol\u00b7licitud de bonificacions<\/strong>: de l\u201911 al 26 de juny<\/p><br \/><\/li>\n<\/ul>\n\n\n\n<p>Les bonificacions del preu p\u00fablic poden arribar al 30%, 50% o 70%, segons la renda familiar, i s\u2019han de sol\u00b7licitar a l\u2019escola on s\u2019hagi fet la matr\u00edcula. Es pot consultar el simulador de preus per obtenir una estimaci\u00f3 orientativa.<\/p>\n\n\n\n<p>Les escoles municipals de m\u00fasica de Barcelona, amb m\u00e9s de 30 anys de traject\u00f2ria, ofereixen formaci\u00f3 musical a m\u00e9s de 3.000 alumnes i impulsen activitats culturals obertes al barri i a la ciutat, com concerts, audicions i trobades musicals.<\/p>\n","protected":false},"excerpt":{"rendered":"<p>El tr\u00e0mit es fa principalment en l\u00ednia del 29 d\u2019abril al 8 de maig L\u2019Escola Municipal de M\u00fasica Nou Barris<\/p>\n","protected":false},"author":2,"featured_media":84850,"comment_status":"closed","ping_status":"closed","sticky":false,"template":"","format":"standard","meta":{"colormag_page_layout":"default_layout","_monsterinsights_skip_tracking":false,"_monsterinsights_sitenote_active":false,"_monsterinsights_sitenote_note":"","_monsterinsights_sitenote_category":0,"footnotes":""},"categories":[129,1],"tags":[],"class_list":["post-84877","post","type-post","status-publish","format-standard","has-post-thumbnail","hentry","category-cultura","category-nou-barris"],"yoast_head":"<!-- This site is optimized with the Yoast SEO plugin v25.3 - https:\/\/yoast.com\/wordpress\/plugins\/seo\/ -->\n<title>Oberta la preinscripci\u00f3 a l\u2019Escola Municipal de M\u00fasica Nou Barris per al curs 2025-2026 - NouBarris.Net<\/title>\n<meta name=\"robots\" content=\"index, follow, max-snippet:-1, max-image-preview:large, max-video-preview:-1\" \/>\n<link rel=\"canonical\" href=\"https:\/\/www.noubarris.net\/web40\/oberta-preinscripcio-lescola-municipal-musica-nou-barris-2\/\" \/>\n<meta property=\"og:locale\" content=\"ca_ES\" \/>\n<meta property=\"og:type\" content=\"article\" \/>\n<meta property=\"og:title\" content=\"Oberta la preinscripci\u00f3 a l\u2019Escola Municipal de M\u00fasica Nou Barris per al curs 2025-2026 - NouBarris.Net\" \/>\n<meta property=\"og:description\" content=\"El tr\u00e0mit es fa principalment en l\u00ednia del 29 d\u2019abril al 8 de maig L\u2019Escola Municipal de M\u00fasica Nou Barris\" \/>\n<meta property=\"og:url\" content=\"https:\/\/www.noubarris.net\/web40\/oberta-preinscripcio-lescola-municipal-musica-nou-barris-2\/\" \/>\n<meta property=\"og:site_name\" content=\"NouBarris.Net\" \/>\n<meta property=\"article:publisher\" content=\"https:\/\/www.facebook.com\/NouBarris.net\/?locale=es_ES\" \/>\n<meta property=\"article:published_time\" content=\"2025-05-02T13:30:00+00:00\" \/>\n<meta property=\"og:image\" content=\"https:\/\/www.noubarris.net\/web40\/wp-content\/uploads\/2025\/04\/5fe9ye6h.png\" \/>\n\t<meta property=\"og:image:width\" content=\"760\" \/>\n\t<meta property=\"og:image:height\" content=\"428\" \/>\n\t<meta property=\"og:image:type\" content=\"image\/png\" \/>\n<meta name=\"author\" content=\"Informatius\" \/>\n<meta name=\"twitter:card\" content=\"summary_large_image\" \/>\n<meta name=\"twitter:creator\" content=\"@9BTV\" \/>\n<meta name=\"twitter:site\" content=\"@9BTV\" \/>\n<meta name=\"twitter:label1\" content=\"Escrit per\" \/>\n\t<meta name=\"twitter:data1\" content=\"Informatius\" \/>\n\t<meta name=\"twitter:label2\" content=\"Temps estimat de lectura\" \/>\n\t<meta name=\"twitter:data2\" content=\"3 minuts\" \/>\n<script type=\"application\/ld+json\" class=\"yoast-schema-graph\">{\"@context\":\"https:\/\/schema.org\",\"@graph\":[{\"@type\":\"Article\",\"@id\":\"https:\/\/www.noubarris.net\/web40\/oberta-preinscripcio-lescola-municipal-musica-nou-barris-2\/#article\",\"isPartOf\":{\"@id\":\"https:\/\/www.noubarris.net\/web40\/oberta-preinscripcio-lescola-municipal-musica-nou-barris-2\/\"},\"author\":{\"name\":\"Informatius\",\"@id\":\"https:\/\/www.noubarris.net\/web40\/#\/schema\/person\/1827f92aaa316c54abbf4dac0de76069\"},\"headline\":\"Oberta la preinscripci\u00f3 a l\u2019Escola Municipal de M\u00fasica Nou Barris per al curs 2025-2026\",\"datePublished\":\"2025-05-02T13:30:00+00:00\",\"mainEntityOfPage\":{\"@id\":\"https:\/\/www.noubarris.net\/web40\/oberta-preinscripcio-lescola-municipal-musica-nou-barris-2\/\"},\"wordCount\":342,\"publisher\":{\"@id\":\"https:\/\/www.noubarris.net\/web40\/#organization\"},\"image\":{\"@id\":\"https:\/\/www.noubarris.net\/web40\/oberta-preinscripcio-lescola-municipal-musica-nou-barris-2\/#primaryimage\"},\"thumbnailUrl\":\"https:\/\/www.noubarris.net\/web40\/wp-content\/uploads\/2025\/04\/5fe9ye6h.png\",\"articleSection\":[\"Cultura\",\"Nou Barris\"],\"inLanguage\":\"ca\"},{\"@type\":\"WebPage\",\"@id\":\"https:\/\/www.noubarris.net\/web40\/oberta-preinscripcio-lescola-municipal-musica-nou-barris-2\/\",\"url\":\"https:\/\/www.noubarris.net\/web40\/oberta-preinscripcio-lescola-municipal-musica-nou-barris-2\/\",\"name\":\"Oberta la preinscripci\u00f3 a l\u2019Escola Municipal de M\u00fasica Nou Barris per al curs 2025-2026 - NouBarris.Net\",\"isPartOf\":{\"@id\":\"https:\/\/www.noubarris.net\/web40\/#website\"},\"primaryImageOfPage\":{\"@id\":\"https:\/\/www.noubarris.net\/web40\/oberta-preinscripcio-lescola-municipal-musica-nou-barris-2\/#primaryimage\"},\"image\":{\"@id\":\"https:\/\/www.noubarris.net\/web40\/oberta-preinscripcio-lescola-municipal-musica-nou-barris-2\/#primaryimage\"},\"thumbnailUrl\":\"https:\/\/www.noubarris.net\/web40\/wp-content\/uploads\/2025\/04\/5fe9ye6h.png\",\"datePublished\":\"2025-05-02T13:30:00+00:00\",\"breadcrumb\":{\"@id\":\"https:\/\/www.noubarris.net\/web40\/oberta-preinscripcio-lescola-municipal-musica-nou-barris-2\/#breadcrumb\"},\"inLanguage\":\"ca\",\"potentialAction\":[{\"@type\":\"ReadAction\",\"target\":[\"https:\/\/www.noubarris.net\/web40\/oberta-preinscripcio-lescola-municipal-musica-nou-barris-2\/\"]}]},{\"@type\":\"ImageObject\",\"inLanguage\":\"ca\",\"@id\":\"https:\/\/www.noubarris.net\/web40\/oberta-preinscripcio-lescola-municipal-musica-nou-barris-2\/#primaryimage\",\"url\":\"https:\/\/www.noubarris.net\/web40\/wp-content\/uploads\/2025\/04\/5fe9ye6h.png\",\"contentUrl\":\"https:\/\/www.noubarris.net\/web40\/wp-content\/uploads\/2025\/04\/5fe9ye6h.png\",\"width\":760,\"height\":428,\"caption\":\"Escola Municipal de M\u00fasica Nou Barris\"},{\"@type\":\"BreadcrumbList\",\"@id\":\"https:\/\/www.noubarris.net\/web40\/oberta-preinscripcio-lescola-municipal-musica-nou-barris-2\/#breadcrumb\",\"itemListElement\":[{\"@type\":\"ListItem\",\"position\":1,\"name\":\"Inici\",\"item\":\"https:\/\/www.noubarris.net\/web40\/\"},{\"@type\":\"ListItem\",\"position\":2,\"name\":\"Oberta la preinscripci\u00f3 a l\u2019Escola Municipal de M\u00fasica Nou Barris per al curs 2025-2026\"}]},{\"@type\":\"WebSite\",\"@id\":\"https:\/\/www.noubarris.net\/web40\/#website\",\"url\":\"https:\/\/www.noubarris.net\/web40\/\",\"name\":\"NouBarris.Net\",\"description\":\"Seguint la vida de Nou Barris des de 1985\",\"publisher\":{\"@id\":\"https:\/\/www.noubarris.net\/web40\/#organization\"},\"potentialAction\":[{\"@type\":\"SearchAction\",\"target\":{\"@type\":\"EntryPoint\",\"urlTemplate\":\"https:\/\/www.noubarris.net\/web40\/?s={search_term_string}\"},\"query-input\":{\"@type\":\"PropertyValueSpecification\",\"valueRequired\":true,\"valueName\":\"search_term_string\"}}],\"inLanguage\":\"ca\"},{\"@type\":\"Organization\",\"@id\":\"https:\/\/www.noubarris.net\/web40\/#organization\",\"name\":\"NouBarris.Net\",\"url\":\"https:\/\/www.noubarris.net\/web40\/\",\"logo\":{\"@type\":\"ImageObject\",\"inLanguage\":\"ca\",\"@id\":\"https:\/\/www.noubarris.net\/web40\/#\/schema\/logo\/image\/\",\"url\":\"https:\/\/www.noubarris.net\/web40\/wp-content\/uploads\/2024\/11\/cropped-cropped-LOGO_9BTV-2024_Insta-1.jpg\",\"contentUrl\":\"https:\/\/www.noubarris.net\/web40\/wp-content\/uploads\/2024\/11\/cropped-cropped-LOGO_9BTV-2024_Insta-1.jpg\",\"width\":512,\"height\":512,\"caption\":\"NouBarris.Net\"},\"image\":{\"@id\":\"https:\/\/www.noubarris.net\/web40\/#\/schema\/logo\/image\/\"},\"sameAs\":[\"https:\/\/www.facebook.com\/NouBarris.net\/?locale=es_ES\",\"https:\/\/x.com\/9BTV\"]},{\"@type\":\"Person\",\"@id\":\"https:\/\/www.noubarris.net\/web40\/#\/schema\/person\/1827f92aaa316c54abbf4dac0de76069\",\"name\":\"Informatius\",\"image\":{\"@type\":\"ImageObject\",\"inLanguage\":\"ca\",\"@id\":\"https:\/\/www.noubarris.net\/web40\/#\/schema\/person\/image\/\",\"url\":\"https:\/\/secure.gravatar.com\/avatar\/87a3b47928835fc72c6ee5b0e1a7263ef0c2d05003a98189bc14926c5f11bcdb?s=96&d=mm&r=g\",\"contentUrl\":\"https:\/\/secure.gravatar.com\/avatar\/87a3b47928835fc72c6ee5b0e1a7263ef0c2d05003a98189bc14926c5f11bcdb?s=96&d=mm&r=g\",\"caption\":\"Informatius\"},\"url\":\"https:\/\/www.noubarris.net\/web40\/author\/tele\/\"}]}<\/script>\n<!-- \/ Yoast SEO plugin. -->","yoast_head_json":{"title":"Oberta la preinscripci\u00f3 a l\u2019Escola Municipal de M\u00fasica Nou Barris per al curs 2025-2026 - NouBarris.Net","robots":{"index":"index","follow":"follow","max-snippet":"max-snippet:-1","max-image-preview":"max-image-preview:large","max-video-preview":"max-video-preview:-1"},"canonical":"https:\/\/www.noubarris.net\/web40\/oberta-preinscripcio-lescola-municipal-musica-nou-barris-2\/","og_locale":"ca_ES","og_type":"article","og_title":"Oberta la preinscripci\u00f3 a l\u2019Escola Municipal de M\u00fasica Nou Barris per al curs 2025-2026 - NouBarris.Net","og_description":"El tr\u00e0mit es fa principalment en l\u00ednia del 29 d\u2019abril al 8 de maig L\u2019Escola Municipal de M\u00fasica Nou Barris","og_url":"https:\/\/www.noubarris.net\/web40\/oberta-preinscripcio-lescola-municipal-musica-nou-barris-2\/","og_site_name":"NouBarris.Net","article_publisher":"https:\/\/www.facebook.com\/NouBarris.net\/?locale=es_ES","article_published_time":"2025-05-02T13:30:00+00:00","og_image":[{"width":760,"height":428,"url":"https:\/\/www.noubarris.net\/web40\/wp-content\/uploads\/2025\/04\/5fe9ye6h.png","type":"image\/png"}],"author":"Informatius","twitter_card":"summary_large_image","twitter_creator":"@9BTV","twitter_site":"@9BTV","twitter_misc":{"Escrit per":"Informatius","Temps estimat de lectura":"3 minuts"},"schema":{"@context":"https:\/\/schema.org","@graph":[{"@type":"Article","@id":"https:\/\/www.noubarris.net\/web40\/oberta-preinscripcio-lescola-municipal-musica-nou-barris-2\/#article","isPartOf":{"@id":"https:\/\/www.noubarris.net\/web40\/oberta-preinscripcio-lescola-municipal-musica-nou-barris-2\/"},"author":{"name":"Informatius","@id":"https:\/\/www.noubarris.net\/web40\/#\/schema\/person\/1827f92aaa316c54abbf4dac0de76069"},"headline":"Oberta la preinscripci\u00f3 a l\u2019Escola Municipal de M\u00fasica Nou Barris per al curs 2025-2026","datePublished":"2025-05-02T13:30:00+00:00","mainEntityOfPage":{"@id":"https:\/\/www.noubarris.net\/web40\/oberta-preinscripcio-lescola-municipal-musica-nou-barris-2\/"},"wordCount":342,"publisher":{"@id":"https:\/\/www.noubarris.net\/web40\/#organization"},"image":{"@id":"https:\/\/www.noubarris.net\/web40\/oberta-preinscripcio-lescola-municipal-musica-nou-barris-2\/#primaryimage"},"thumbnailUrl":"https:\/\/www.noubarris.net\/web40\/wp-content\/uploads\/2025\/04\/5fe9ye6h.png","articleSection":["Cultura","Nou Barris"],"inLanguage":"ca"},{"@type":"WebPage","@id":"https:\/\/www.noubarris.net\/web40\/oberta-preinscripcio-lescola-municipal-musica-nou-barris-2\/","url":"https:\/\/www.noubarris.net\/web40\/oberta-preinscripcio-lescola-municipal-musica-nou-barris-2\/","name":"Oberta la preinscripci\u00f3 a l\u2019Escola Municipal de M\u00fasica Nou Barris per al curs 2025-2026 - NouBarris.Net","isPartOf":{"@id":"https:\/\/www.noubarris.net\/web40\/#website"},"primaryImageOfPage":{"@id":"https:\/\/www.noubarris.net\/web40\/oberta-preinscripcio-lescola-municipal-musica-nou-barris-2\/#primaryimage"},"image":{"@id":"https:\/\/www.noubarris.net\/web40\/oberta-preinscripcio-lescola-municipal-musica-nou-barris-2\/#primaryimage"},"thumbnailUrl":"https:\/\/www.noubarris.net\/web40\/wp-content\/uploads\/2025\/04\/5fe9ye6h.png","datePublished":"2025-05-02T13:30:00+00:00","breadcrumb":{"@id":"https:\/\/www.noubarris.net\/web40\/oberta-preinscripcio-lescola-municipal-musica-nou-barris-2\/#breadcrumb"},"inLanguage":"ca","potentialAction":[{"@type":"ReadAction","target":["https:\/\/www.noubarris.net\/web40\/oberta-preinscripcio-lescola-municipal-musica-nou-barris-2\/"]}]},{"@type":"ImageObject","inLanguage":"ca","@id":"https:\/\/www.noubarris.net\/web40\/oberta-preinscripcio-lescola-municipal-musica-nou-barris-2\/#primaryimage","url":"https:\/\/www.noubarris.net\/web40\/wp-content\/uploads\/2025\/04\/5fe9ye6h.png","contentUrl":"https:\/\/www.noubarris.net\/web40\/wp-content\/uploads\/2025\/04\/5fe9ye6h.png","width":760,"height":428,"caption":"Escola Municipal de M\u00fasica Nou Barris"},{"@type":"BreadcrumbList","@id":"https:\/\/www.noubarris.net\/web40\/oberta-preinscripcio-lescola-municipal-musica-nou-barris-2\/#breadcrumb","itemListElement":[{"@type":"ListItem","position":1,"name":"Inici","item":"https:\/\/www.noubarris.net\/web40\/"},{"@type":"ListItem","position":2,"name":"Oberta la preinscripci\u00f3 a l\u2019Escola Municipal de M\u00fasica Nou Barris per al curs 2025-2026"}]},{"@type":"WebSite","@id":"https:\/\/www.noubarris.net\/web40\/#website","url":"https:\/\/www.noubarris.net\/web40\/","name":"NouBarris.Net","description":"Seguint la vida de Nou Barris des de 1985","publisher":{"@id":"https:\/\/www.noubarris.net\/web40\/#organization"},"potentialAction":[{"@type":"SearchAction","target":{"@type":"EntryPoint","urlTemplate":"https:\/\/www.noubarris.net\/web40\/?s={search_term_string}"},"query-input":{"@type":"PropertyValueSpecification","valueRequired":true,"valueName":"search_term_string"}}],"inLanguage":"ca"},{"@type":"Organization","@id":"https:\/\/www.noubarris.net\/web40\/#organization","name":"NouBarris.Net","url":"https:\/\/www.noubarris.net\/web40\/","logo":{"@type":"ImageObject","inLanguage":"ca","@id":"https:\/\/www.noubarris.net\/web40\/#\/schema\/logo\/image\/","url":"https:\/\/www.noubarris.net\/web40\/wp-content\/uploads\/2024\/11\/cropped-cropped-LOGO_9BTV-2024_Insta-1.jpg","contentUrl":"https:\/\/www.noubarris.net\/web40\/wp-content\/uploads\/2024\/11\/cropped-cropped-LOGO_9BTV-2024_Insta-1.jpg","width":512,"height":512,"caption":"NouBarris.Net"},"image":{"@id":"https:\/\/www.noubarris.net\/web40\/#\/schema\/logo\/image\/"},"sameAs":["https:\/\/www.facebook.com\/NouBarris.net\/?locale=es_ES","https:\/\/x.com\/9BTV"]},{"@type":"Person","@id":"https:\/\/www.noubarris.net\/web40\/#\/schema\/person\/1827f92aaa316c54abbf4dac0de76069","name":"Informatius","image":{"@type":"ImageObject","inLanguage":"ca","@id":"https:\/\/www.noubarris.net\/web40\/#\/schema\/person\/image\/","url":"https:\/\/secure.gravatar.com\/avatar\/87a3b47928835fc72c6ee5b0e1a7263ef0c2d05003a98189bc14926c5f11bcdb?s=96&d=mm&r=g","contentUrl":"https:\/\/secure.gravatar.com\/avatar\/87a3b47928835fc72c6ee5b0e1a7263ef0c2d05003a98189bc14926c5f11bcdb?s=96&d=mm&r=g","caption":"Informatius"},"url":"https:\/\/www.noubarris.net\/web40\/author\/tele\/"}]}},"_links":{"self":[{"href":"https:\/\/www.noubarris.net\/web40\/wp-json\/wp\/v2\/posts\/84877","targetHints":{"allow":["GET"]}}],"collection":[{"href":"https:\/\/www.noubarris.net\/web40\/wp-json\/wp\/v2\/posts"}],"about":[{"href":"https:\/\/www.noubarris.net\/web40\/wp-json\/wp\/v2\/types\/post"}],"author":[{"embeddable":true,"href":"https:\/\/www.noubarris.net\/web40\/wp-json\/wp\/v2\/users\/2"}],"replies":[{"embeddable":true,"href":"https:\/\/www.noubarris.net\/web40\/wp-json\/wp\/v2\/comments?post=84877"}],"version-history":[{"count":2,"href":"https:\/\/www.noubarris.net\/web40\/wp-json\/wp\/v2\/posts\/84877\/revisions"}],"predecessor-version":[{"id":84879,"href":"https:\/\/www.noubarris.net\/web40\/wp-json\/wp\/v2\/posts\/84877\/revisions\/84879"}],"wp:featuredmedia":[{"embeddable":true,"href":"https:\/\/www.noubarris.net\/web40\/wp-json\/wp\/v2\/media\/84850"}],"wp:attachment":[{"href":"https:\/\/www.noubarris.net\/web40\/wp-json\/wp\/v2\/media?parent=84877"}],"wp:term":[{"taxonomy":"category","embeddable":true,"href":"https:\/\/www.noubarris.net\/web40\/wp-json\/wp\/v2\/categories?post=84877"},{"taxonomy":"post_tag","embeddable":true,"href":"https:\/\/www.noubarris.net\/web40\/wp-json\/wp\/v2\/tags?post=84877"}],"curies":[{"name":"wp","href":"https:\/\/api.w.org\/{rel}","templated":true}]}}