{"id":84962,"date":"2025-05-15T07:30:00","date_gmt":"2025-05-15T05:30:00","guid":{"rendered":"https:\/\/www.noubarris.net\/web40\/?p=84962"},"modified":"2025-05-14T09:43:10","modified_gmt":"2025-05-14T07:43:10","slug":"marxa-obres-parc-agrari-can-valent-a-nou-barris","status":"publish","type":"post","link":"https:\/\/www.noubarris.net\/web40\/marxa-obres-parc-agrari-can-valent-a-nou-barris\/","title":{"rendered":"En marxa les obres del parc agrari de Can Valent a Nou Barris"},"content":{"rendered":"\n<p><strong>La primera fase transformar\u00e0 un antic aparcament en un espai verd amb horts urbans i zones de biodiversitat<\/strong><\/p>\n\n\n\n<p>Ja han comen\u00e7at les obres de la primera fase del parc agrari de Can Valent, situat al barri de Porta, al districte de Nou Barris. L\u2019actuaci\u00f3, amb un pressupost superior a 1,4 milions d\u2019euros, preveu la creaci\u00f3 d\u2019horts urbans, una zona enjardinada amb arbres fruiters, una p\u00e8rgola central, espais de compostatge, lavabos accessibles i zones de treball. Els treballs est\u00e0 previst que finalitzin al gener de 2026.<\/p>\n\n\n\n<figure class=\"wp-block-image aligncenter size-full\"><img loading=\"lazy\" decoding=\"async\" width=\"760\" height=\"428\" src=\"https:\/\/www.noubarris.net\/web40\/wp-content\/uploads\/2025\/05\/lzbxo3in.png\" alt=\"\" class=\"wp-image-84964\" srcset=\"https:\/\/www.noubarris.net\/web40\/wp-content\/uploads\/2025\/05\/lzbxo3in.png 760w, https:\/\/www.noubarris.net\/web40\/wp-content\/uploads\/2025\/05\/lzbxo3in-300x169.png 300w\" sizes=\"auto, (max-width: 760px) 100vw, 760px\" \/><\/figure>\n\n\n\n<p>El nou parc s\u2019ubicar\u00e0 als terrenys del carrer Pintor Alsamora 20, fins ara ocupats per un aparcament exterior gratu\u00eft, clausurat per risc d\u2019esfondrament del mur adjacent del Cementiri de Sant Andreu. Aquesta zona, qualificada urban\u00edsticament com a jard\u00ed urb\u00e0, es convertir\u00e0 en un espai p\u00fablic destinat a vianants i enfocat a la vida comunit\u00e0ria i la sostenibilitat ambiental.<\/p>\n\n\n\n<p>El projecte \u00e9s fruit d\u2019una proposta sorgida dels pressupostos participatius 2020-2024, que reclamava la creaci\u00f3 d\u2019un eix verd entre Pintor Alsamora, els Jardins d\u2019Alf\u00e0bia i Can Drag\u00f3, incloent horts, compostadors, un obrador, espais de creaci\u00f3 art\u00edstica i sistemes de gesti\u00f3 de l\u2019aigua.<\/p>\n\n\n\n<p>Aquesta primera fase, que actuar\u00e0 sobre un 20 % del total de l\u2019\u00e0mbit previst, preveu la instal\u00b7laci\u00f3 d\u2019una p\u00e8rgola central que oferir\u00e0 ombra i suport per a una vinya, aix\u00ed com la plantaci\u00f3 d\u2019arbres fruiters i plantes arom\u00e0tiques. Tamb\u00e9 es preveuen zones de reg, terres f\u00e8rtils, jardineres i un espai d\u2019emmagatzematge, a m\u00e9s del refor\u00e7 del mur existent per garantir la seguretat.<\/p>\n\n\n\n<p>Amb aquesta transformaci\u00f3, Nou Barris fa un pas endavant cap a un model de ciutat m\u00e9s verd, inclusiu i participatiu, recuperant espais infrautilitzats per posar-los al servei de la ciutadania i la biodiversitat.<\/p>\n","protected":false},"excerpt":{"rendered":"<p>La primera fase transformar\u00e0 un antic aparcament en un espai verd amb horts urbans i zones de biodiversitat Ja han<\/p>\n","protected":false},"author":2,"featured_media":84965,"comment_status":"closed","ping_status":"closed","sticky":false,"template":"","format":"standard","meta":{"colormag_page_layout":"default_layout","_monsterinsights_skip_tracking":false,"_monsterinsights_sitenote_active":false,"_monsterinsights_sitenote_note":"","_monsterinsights_sitenote_category":0,"footnotes":""},"categories":[134,302],"tags":[],"class_list":["post-84962","post","type-post","status-publish","format-standard","has-post-thumbnail","hentry","category-porta","category-urbanisme"],"yoast_head":"<!-- This site is optimized with the Yoast SEO plugin v25.3 - https:\/\/yoast.com\/wordpress\/plugins\/seo\/ -->\n<title>En marxa les obres del parc agrari de Can Valent a Nou Barris - NouBarris.Net<\/title>\n<meta name=\"robots\" content=\"index, follow, max-snippet:-1, max-image-preview:large, max-video-preview:-1\" \/>\n<link rel=\"canonical\" href=\"https:\/\/www.noubarris.net\/web40\/marxa-obres-parc-agrari-can-valent-a-nou-barris\/\" \/>\n<meta property=\"og:locale\" content=\"ca_ES\" \/>\n<meta property=\"og:type\" content=\"article\" \/>\n<meta property=\"og:title\" content=\"En marxa les obres del parc agrari de Can Valent a Nou Barris - NouBarris.Net\" \/>\n<meta property=\"og:description\" content=\"La primera fase transformar\u00e0 un antic aparcament en un espai verd amb horts urbans i zones de biodiversitat Ja han\" \/>\n<meta property=\"og:url\" content=\"https:\/\/www.noubarris.net\/web40\/marxa-obres-parc-agrari-can-valent-a-nou-barris\/\" \/>\n<meta property=\"og:site_name\" content=\"NouBarris.Net\" \/>\n<meta property=\"article:publisher\" content=\"https:\/\/www.facebook.com\/NouBarris.net\/?locale=es_ES\" \/>\n<meta property=\"article:published_time\" content=\"2025-05-15T05:30:00+00:00\" \/>\n<meta property=\"og:image\" content=\"https:\/\/www.noubarris.net\/web40\/wp-content\/uploads\/2025\/05\/54no0tye.png\" \/>\n\t<meta property=\"og:image:width\" content=\"760\" \/>\n\t<meta property=\"og:image:height\" content=\"428\" \/>\n\t<meta property=\"og:image:type\" content=\"image\/png\" \/>\n<meta name=\"author\" content=\"Informatius\" \/>\n<meta name=\"twitter:card\" content=\"summary_large_image\" \/>\n<meta name=\"twitter:creator\" content=\"@9BTV\" \/>\n<meta name=\"twitter:site\" content=\"@9BTV\" \/>\n<meta name=\"twitter:label1\" content=\"Escrit per\" \/>\n\t<meta name=\"twitter:data1\" content=\"Informatius\" \/>\n\t<meta name=\"twitter:label2\" content=\"Temps estimat de lectura\" \/>\n\t<meta name=\"twitter:data2\" content=\"2 minuts\" \/>\n<script type=\"application\/ld+json\" class=\"yoast-schema-graph\">{\"@context\":\"https:\/\/schema.org\",\"@graph\":[{\"@type\":\"Article\",\"@id\":\"https:\/\/www.noubarris.net\/web40\/marxa-obres-parc-agrari-can-valent-a-nou-barris\/#article\",\"isPartOf\":{\"@id\":\"https:\/\/www.noubarris.net\/web40\/marxa-obres-parc-agrari-can-valent-a-nou-barris\/\"},\"author\":{\"name\":\"Informatius\",\"@id\":\"https:\/\/www.noubarris.net\/web40\/#\/schema\/person\/1827f92aaa316c54abbf4dac0de76069\"},\"headline\":\"En marxa les obres del parc agrari de Can Valent a Nou Barris\",\"datePublished\":\"2025-05-15T05:30:00+00:00\",\"mainEntityOfPage\":{\"@id\":\"https:\/\/www.noubarris.net\/web40\/marxa-obres-parc-agrari-can-valent-a-nou-barris\/\"},\"wordCount\":315,\"publisher\":{\"@id\":\"https:\/\/www.noubarris.net\/web40\/#organization\"},\"image\":{\"@id\":\"https:\/\/www.noubarris.net\/web40\/marxa-obres-parc-agrari-can-valent-a-nou-barris\/#primaryimage\"},\"thumbnailUrl\":\"https:\/\/www.noubarris.net\/web40\/wp-content\/uploads\/2025\/05\/54no0tye.png\",\"articleSection\":[\"Porta\",\"Urbanisme\"],\"inLanguage\":\"ca\"},{\"@type\":\"WebPage\",\"@id\":\"https:\/\/www.noubarris.net\/web40\/marxa-obres-parc-agrari-can-valent-a-nou-barris\/\",\"url\":\"https:\/\/www.noubarris.net\/web40\/marxa-obres-parc-agrari-can-valent-a-nou-barris\/\",\"name\":\"En marxa les obres del parc agrari de Can Valent a Nou Barris - NouBarris.Net\",\"isPartOf\":{\"@id\":\"https:\/\/www.noubarris.net\/web40\/#website\"},\"primaryImageOfPage\":{\"@id\":\"https:\/\/www.noubarris.net\/web40\/marxa-obres-parc-agrari-can-valent-a-nou-barris\/#primaryimage\"},\"image\":{\"@id\":\"https:\/\/www.noubarris.net\/web40\/marxa-obres-parc-agrari-can-valent-a-nou-barris\/#primaryimage\"},\"thumbnailUrl\":\"https:\/\/www.noubarris.net\/web40\/wp-content\/uploads\/2025\/05\/54no0tye.png\",\"datePublished\":\"2025-05-15T05:30:00+00:00\",\"breadcrumb\":{\"@id\":\"https:\/\/www.noubarris.net\/web40\/marxa-obres-parc-agrari-can-valent-a-nou-barris\/#breadcrumb\"},\"inLanguage\":\"ca\",\"potentialAction\":[{\"@type\":\"ReadAction\",\"target\":[\"https:\/\/www.noubarris.net\/web40\/marxa-obres-parc-agrari-can-valent-a-nou-barris\/\"]}]},{\"@type\":\"ImageObject\",\"inLanguage\":\"ca\",\"@id\":\"https:\/\/www.noubarris.net\/web40\/marxa-obres-parc-agrari-can-valent-a-nou-barris\/#primaryimage\",\"url\":\"https:\/\/www.noubarris.net\/web40\/wp-content\/uploads\/2025\/05\/54no0tye.png\",\"contentUrl\":\"https:\/\/www.noubarris.net\/web40\/wp-content\/uploads\/2025\/05\/54no0tye.png\",\"width\":760,\"height\":428},{\"@type\":\"BreadcrumbList\",\"@id\":\"https:\/\/www.noubarris.net\/web40\/marxa-obres-parc-agrari-can-valent-a-nou-barris\/#breadcrumb\",\"itemListElement\":[{\"@type\":\"ListItem\",\"position\":1,\"name\":\"Inici\",\"item\":\"https:\/\/www.noubarris.net\/web40\/\"},{\"@type\":\"ListItem\",\"position\":2,\"name\":\"En marxa les obres del parc agrari de Can Valent a Nou Barris\"}]},{\"@type\":\"WebSite\",\"@id\":\"https:\/\/www.noubarris.net\/web40\/#website\",\"url\":\"https:\/\/www.noubarris.net\/web40\/\",\"name\":\"NouBarris.Net\",\"description\":\"Seguint la vida de Nou Barris des de 1985\",\"publisher\":{\"@id\":\"https:\/\/www.noubarris.net\/web40\/#organization\"},\"potentialAction\":[{\"@type\":\"SearchAction\",\"target\":{\"@type\":\"EntryPoint\",\"urlTemplate\":\"https:\/\/www.noubarris.net\/web40\/?s={search_term_string}\"},\"query-input\":{\"@type\":\"PropertyValueSpecification\",\"valueRequired\":true,\"valueName\":\"search_term_string\"}}],\"inLanguage\":\"ca\"},{\"@type\":\"Organization\",\"@id\":\"https:\/\/www.noubarris.net\/web40\/#organization\",\"name\":\"NouBarris.Net\",\"url\":\"https:\/\/www.noubarris.net\/web40\/\",\"logo\":{\"@type\":\"ImageObject\",\"inLanguage\":\"ca\",\"@id\":\"https:\/\/www.noubarris.net\/web40\/#\/schema\/logo\/image\/\",\"url\":\"https:\/\/www.noubarris.net\/web40\/wp-content\/uploads\/2024\/11\/cropped-cropped-LOGO_9BTV-2024_Insta-1.jpg\",\"contentUrl\":\"https:\/\/www.noubarris.net\/web40\/wp-content\/uploads\/2024\/11\/cropped-cropped-LOGO_9BTV-2024_Insta-1.jpg\",\"width\":512,\"height\":512,\"caption\":\"NouBarris.Net\"},\"image\":{\"@id\":\"https:\/\/www.noubarris.net\/web40\/#\/schema\/logo\/image\/\"},\"sameAs\":[\"https:\/\/www.facebook.com\/NouBarris.net\/?locale=es_ES\",\"https:\/\/x.com\/9BTV\"]},{\"@type\":\"Person\",\"@id\":\"https:\/\/www.noubarris.net\/web40\/#\/schema\/person\/1827f92aaa316c54abbf4dac0de76069\",\"name\":\"Informatius\",\"image\":{\"@type\":\"ImageObject\",\"inLanguage\":\"ca\",\"@id\":\"https:\/\/www.noubarris.net\/web40\/#\/schema\/person\/image\/\",\"url\":\"https:\/\/secure.gravatar.com\/avatar\/87a3b47928835fc72c6ee5b0e1a7263ef0c2d05003a98189bc14926c5f11bcdb?s=96&d=mm&r=g\",\"contentUrl\":\"https:\/\/secure.gravatar.com\/avatar\/87a3b47928835fc72c6ee5b0e1a7263ef0c2d05003a98189bc14926c5f11bcdb?s=96&d=mm&r=g\",\"caption\":\"Informatius\"},\"url\":\"https:\/\/www.noubarris.net\/web40\/author\/tele\/\"}]}<\/script>\n<!-- \/ Yoast SEO plugin. -->","yoast_head_json":{"title":"En marxa les obres del parc agrari de Can Valent a Nou Barris - NouBarris.Net","robots":{"index":"index","follow":"follow","max-snippet":"max-snippet:-1","max-image-preview":"max-image-preview:large","max-video-preview":"max-video-preview:-1"},"canonical":"https:\/\/www.noubarris.net\/web40\/marxa-obres-parc-agrari-can-valent-a-nou-barris\/","og_locale":"ca_ES","og_type":"article","og_title":"En marxa les obres del parc agrari de Can Valent a Nou Barris - NouBarris.Net","og_description":"La primera fase transformar\u00e0 un antic aparcament en un espai verd amb horts urbans i zones de biodiversitat Ja han","og_url":"https:\/\/www.noubarris.net\/web40\/marxa-obres-parc-agrari-can-valent-a-nou-barris\/","og_site_name":"NouBarris.Net","article_publisher":"https:\/\/www.facebook.com\/NouBarris.net\/?locale=es_ES","article_published_time":"2025-05-15T05:30:00+00:00","og_image":[{"width":760,"height":428,"url":"https:\/\/www.noubarris.net\/web40\/wp-content\/uploads\/2025\/05\/54no0tye.png","type":"image\/png"}],"author":"Informatius","twitter_card":"summary_large_image","twitter_creator":"@9BTV","twitter_site":"@9BTV","twitter_misc":{"Escrit per":"Informatius","Temps estimat de lectura":"2 minuts"},"schema":{"@context":"https:\/\/schema.org","@graph":[{"@type":"Article","@id":"https:\/\/www.noubarris.net\/web40\/marxa-obres-parc-agrari-can-valent-a-nou-barris\/#article","isPartOf":{"@id":"https:\/\/www.noubarris.net\/web40\/marxa-obres-parc-agrari-can-valent-a-nou-barris\/"},"author":{"name":"Informatius","@id":"https:\/\/www.noubarris.net\/web40\/#\/schema\/person\/1827f92aaa316c54abbf4dac0de76069"},"headline":"En marxa les obres del parc agrari de Can Valent a Nou Barris","datePublished":"2025-05-15T05:30:00+00:00","mainEntityOfPage":{"@id":"https:\/\/www.noubarris.net\/web40\/marxa-obres-parc-agrari-can-valent-a-nou-barris\/"},"wordCount":315,"publisher":{"@id":"https:\/\/www.noubarris.net\/web40\/#organization"},"image":{"@id":"https:\/\/www.noubarris.net\/web40\/marxa-obres-parc-agrari-can-valent-a-nou-barris\/#primaryimage"},"thumbnailUrl":"https:\/\/www.noubarris.net\/web40\/wp-content\/uploads\/2025\/05\/54no0tye.png","articleSection":["Porta","Urbanisme"],"inLanguage":"ca"},{"@type":"WebPage","@id":"https:\/\/www.noubarris.net\/web40\/marxa-obres-parc-agrari-can-valent-a-nou-barris\/","url":"https:\/\/www.noubarris.net\/web40\/marxa-obres-parc-agrari-can-valent-a-nou-barris\/","name":"En marxa les obres del parc agrari de Can Valent a Nou Barris - NouBarris.Net","isPartOf":{"@id":"https:\/\/www.noubarris.net\/web40\/#website"},"primaryImageOfPage":{"@id":"https:\/\/www.noubarris.net\/web40\/marxa-obres-parc-agrari-can-valent-a-nou-barris\/#primaryimage"},"image":{"@id":"https:\/\/www.noubarris.net\/web40\/marxa-obres-parc-agrari-can-valent-a-nou-barris\/#primaryimage"},"thumbnailUrl":"https:\/\/www.noubarris.net\/web40\/wp-content\/uploads\/2025\/05\/54no0tye.png","datePublished":"2025-05-15T05:30:00+00:00","breadcrumb":{"@id":"https:\/\/www.noubarris.net\/web40\/marxa-obres-parc-agrari-can-valent-a-nou-barris\/#breadcrumb"},"inLanguage":"ca","potentialAction":[{"@type":"ReadAction","target":["https:\/\/www.noubarris.net\/web40\/marxa-obres-parc-agrari-can-valent-a-nou-barris\/"]}]},{"@type":"ImageObject","inLanguage":"ca","@id":"https:\/\/www.noubarris.net\/web40\/marxa-obres-parc-agrari-can-valent-a-nou-barris\/#primaryimage","url":"https:\/\/www.noubarris.net\/web40\/wp-content\/uploads\/2025\/05\/54no0tye.png","contentUrl":"https:\/\/www.noubarris.net\/web40\/wp-content\/uploads\/2025\/05\/54no0tye.png","width":760,"height":428},{"@type":"BreadcrumbList","@id":"https:\/\/www.noubarris.net\/web40\/marxa-obres-parc-agrari-can-valent-a-nou-barris\/#breadcrumb","itemListElement":[{"@type":"ListItem","position":1,"name":"Inici","item":"https:\/\/www.noubarris.net\/web40\/"},{"@type":"ListItem","position":2,"name":"En marxa les obres del parc agrari de Can Valent a Nou Barris"}]},{"@type":"WebSite","@id":"https:\/\/www.noubarris.net\/web40\/#website","url":"https:\/\/www.noubarris.net\/web40\/","name":"NouBarris.Net","description":"Seguint la vida de Nou Barris des de 1985","publisher":{"@id":"https:\/\/www.noubarris.net\/web40\/#organization"},"potentialAction":[{"@type":"SearchAction","target":{"@type":"EntryPoint","urlTemplate":"https:\/\/www.noubarris.net\/web40\/?s={search_term_string}"},"query-input":{"@type":"PropertyValueSpecification","valueRequired":true,"valueName":"search_term_string"}}],"inLanguage":"ca"},{"@type":"Organization","@id":"https:\/\/www.noubarris.net\/web40\/#organization","name":"NouBarris.Net","url":"https:\/\/www.noubarris.net\/web40\/","logo":{"@type":"ImageObject","inLanguage":"ca","@id":"https:\/\/www.noubarris.net\/web40\/#\/schema\/logo\/image\/","url":"https:\/\/www.noubarris.net\/web40\/wp-content\/uploads\/2024\/11\/cropped-cropped-LOGO_9BTV-2024_Insta-1.jpg","contentUrl":"https:\/\/www.noubarris.net\/web40\/wp-content\/uploads\/2024\/11\/cropped-cropped-LOGO_9BTV-2024_Insta-1.jpg","width":512,"height":512,"caption":"NouBarris.Net"},"image":{"@id":"https:\/\/www.noubarris.net\/web40\/#\/schema\/logo\/image\/"},"sameAs":["https:\/\/www.facebook.com\/NouBarris.net\/?locale=es_ES","https:\/\/x.com\/9BTV"]},{"@type":"Person","@id":"https:\/\/www.noubarris.net\/web40\/#\/schema\/person\/1827f92aaa316c54abbf4dac0de76069","name":"Informatius","image":{"@type":"ImageObject","inLanguage":"ca","@id":"https:\/\/www.noubarris.net\/web40\/#\/schema\/person\/image\/","url":"https:\/\/secure.gravatar.com\/avatar\/87a3b47928835fc72c6ee5b0e1a7263ef0c2d05003a98189bc14926c5f11bcdb?s=96&d=mm&r=g","contentUrl":"https:\/\/secure.gravatar.com\/avatar\/87a3b47928835fc72c6ee5b0e1a7263ef0c2d05003a98189bc14926c5f11bcdb?s=96&d=mm&r=g","caption":"Informatius"},"url":"https:\/\/www.noubarris.net\/web40\/author\/tele\/"}]}},"_links":{"self":[{"href":"https:\/\/www.noubarris.net\/web40\/wp-json\/wp\/v2\/posts\/84962","targetHints":{"allow":["GET"]}}],"collection":[{"href":"https:\/\/www.noubarris.net\/web40\/wp-json\/wp\/v2\/posts"}],"about":[{"href":"https:\/\/www.noubarris.net\/web40\/wp-json\/wp\/v2\/types\/post"}],"author":[{"embeddable":true,"href":"https:\/\/www.noubarris.net\/web40\/wp-json\/wp\/v2\/users\/2"}],"replies":[{"embeddable":true,"href":"https:\/\/www.noubarris.net\/web40\/wp-json\/wp\/v2\/comments?post=84962"}],"version-history":[{"count":2,"href":"https:\/\/www.noubarris.net\/web40\/wp-json\/wp\/v2\/posts\/84962\/revisions"}],"predecessor-version":[{"id":84966,"href":"https:\/\/www.noubarris.net\/web40\/wp-json\/wp\/v2\/posts\/84962\/revisions\/84966"}],"wp:featuredmedia":[{"embeddable":true,"href":"https:\/\/www.noubarris.net\/web40\/wp-json\/wp\/v2\/media\/84965"}],"wp:attachment":[{"href":"https:\/\/www.noubarris.net\/web40\/wp-json\/wp\/v2\/media?parent=84962"}],"wp:term":[{"taxonomy":"category","embeddable":true,"href":"https:\/\/www.noubarris.net\/web40\/wp-json\/wp\/v2\/categories?post=84962"},{"taxonomy":"post_tag","embeddable":true,"href":"https:\/\/www.noubarris.net\/web40\/wp-json\/wp\/v2\/tags?post=84962"}],"curies":[{"name":"wp","href":"https:\/\/api.w.org\/{rel}","templated":true}]}}