{"id":84972,"date":"2025-05-16T07:30:00","date_gmt":"2025-05-16T05:30:00","guid":{"rendered":"https:\/\/www.noubarris.net\/web40\/?p=84972"},"modified":"2025-05-14T10:00:50","modified_gmt":"2025-05-14T08:00:50","slug":"obres-pavimentacio-passeig-valldaura-entre-horitzontal-andreu-nin","status":"publish","type":"post","link":"https:\/\/www.noubarris.net\/web40\/obres-pavimentacio-passeig-valldaura-entre-horitzontal-andreu-nin\/","title":{"rendered":"Obres de pavimentaci\u00f3 al passeig de Valldaura entre Horitzontal i Andreu Nin"},"content":{"rendered":"\n<p><strong>Del 19 de maig a l\u20191 de juny es faran millores de cal\u00e7ada que comportaran afectacions al tr\u00e0nsit i a l\u00ednies d\u2019autob\u00fas<\/strong><\/p>\n\n\n\n<p>Entre el 19 de maig i l\u20191 de juny, el passeig de Valldaura, al barri de Porta (Nou Barris), ser\u00e0 escenari de treballs de pavimentaci\u00f3 entre el carrer Horitzontal i el passeig d\u2019Andreu Nin, en sentit mar (Llobregat). Les obres, emmarcades en el Pla Endre\u00e7a, comportaran afectacions importants a la circulaci\u00f3 i al pas de diverses l\u00ednies de bus, especialment durant el cap de setmana del 31 de maig i 1 de juny, quan es tallar\u00e0 totalment la cal\u00e7ada en aquest tram.<\/p>\n\n\n\n<figure class=\"wp-block-image aligncenter size-full\"><img loading=\"lazy\" decoding=\"async\" width=\"570\" height=\"321\" src=\"https:\/\/www.noubarris.net\/web40\/wp-content\/uploads\/2025\/05\/rrcqnpfr.png\" alt=\"\" class=\"wp-image-84974\" srcset=\"https:\/\/www.noubarris.net\/web40\/wp-content\/uploads\/2025\/05\/rrcqnpfr.png 570w, https:\/\/www.noubarris.net\/web40\/wp-content\/uploads\/2025\/05\/rrcqnpfr-300x169.png 300w\" sizes=\"auto, (max-width: 570px) 100vw, 570px\" \/><\/figure>\n\n\n\n<p>Del 19 al 30 de maig, es faran tasques pr\u00e8vies entre les 9.30 i les 16.30 h, mantenint sempre un carril obert al tr\u00e0nsit. La pavimentaci\u00f3 intensiva es concentrar\u00e0 en dues jornades consecutives \u2014el 31 de maig i l\u20191 de juny, de 8 a 20 h\u2014 aprofitant dies festius per reduir l\u2019impacte en la mobilitat.<\/p>\n\n\n\n<p>El dissabte 31 de maig, els treballs afectaran el tram entre el carrer Horitzontal i l\u2019avinguda de Rio de Janeiro. El diumenge 1 de juny, es continuar\u00e0 amb la pavimentaci\u00f3 entre la meitat mar de l\u2019avinguda de Rio de Janeiro i el passeig d\u2019Andreu Nin, amb el tall total del tr\u00e0nsit en sentit mar i desviaments recomanats per la Via J\u00falia i el passeig de Verdum. Nom\u00e9s podran circular autobusos, serveis d\u2019emerg\u00e8ncia i ve\u00efnat.<\/p>\n\n\n\n<p>Tamb\u00e9 hi haur\u00e0 afectacions a la mobilitat ciclista, ja que el carril bici de l\u2019av. Rio de Janeiro es mantindr\u00e0 obert fins a la fase final, moment en qu\u00e8 es senyalitzar\u00e0 amb la indicaci\u00f3 &#8220;Ciclista, baixa de la bici&#8221;.<\/p>\n\n\n\n<p>Pel que fa al transport p\u00fablic, les l\u00ednies 132, 134, H4 i M19 es desviaran provisionalment. A m\u00e9s, la parada 1927 (ps. Valldaura \u2013 av. Rio de Janeiro) quedar\u00e0 anul\u00b7lada temporalment el 1 de juny.<\/p>\n\n\n\n<p>Aquestes obres formen part del pla de manteniment integral del Pla Endre\u00e7a i tenen com a objectiu millorar la seguretat vi\u00e0ria, prolongar la vida \u00fatil de la infraestructura i adaptar l\u2019espai urb\u00e0 a les necessitats actuals de la ciutadania.<\/p>\n","protected":false},"excerpt":{"rendered":"<p>Del 19 de maig a l\u20191 de juny es faran millores de cal\u00e7ada que comportaran afectacions al tr\u00e0nsit i a<\/p>\n","protected":false},"author":2,"featured_media":84974,"comment_status":"closed","ping_status":"closed","sticky":false,"template":"","format":"standard","meta":{"colormag_page_layout":"default_layout","_monsterinsights_skip_tracking":false,"_monsterinsights_sitenote_active":false,"_monsterinsights_sitenote_note":"","_monsterinsights_sitenote_category":0,"footnotes":""},"categories":[125,1],"tags":[],"class_list":["post-84972","post","type-post","status-publish","format-standard","has-post-thumbnail","hentry","category-mobilitat","category-nou-barris"],"yoast_head":"<!-- This site is optimized with the Yoast SEO plugin v25.3 - https:\/\/yoast.com\/wordpress\/plugins\/seo\/ -->\n<title>Obres de pavimentaci\u00f3 al passeig de Valldaura entre Horitzontal i Andreu Nin - NouBarris.Net<\/title>\n<meta name=\"robots\" content=\"index, follow, max-snippet:-1, max-image-preview:large, max-video-preview:-1\" \/>\n<link rel=\"canonical\" href=\"https:\/\/www.noubarris.net\/web40\/obres-pavimentacio-passeig-valldaura-entre-horitzontal-andreu-nin\/\" \/>\n<meta property=\"og:locale\" content=\"ca_ES\" \/>\n<meta property=\"og:type\" content=\"article\" \/>\n<meta property=\"og:title\" content=\"Obres de pavimentaci\u00f3 al passeig de Valldaura entre Horitzontal i Andreu Nin - NouBarris.Net\" \/>\n<meta property=\"og:description\" content=\"Del 19 de maig a l\u20191 de juny es faran millores de cal\u00e7ada que comportaran afectacions al tr\u00e0nsit i a\" \/>\n<meta property=\"og:url\" content=\"https:\/\/www.noubarris.net\/web40\/obres-pavimentacio-passeig-valldaura-entre-horitzontal-andreu-nin\/\" \/>\n<meta property=\"og:site_name\" content=\"NouBarris.Net\" \/>\n<meta property=\"article:publisher\" content=\"https:\/\/www.facebook.com\/NouBarris.net\/?locale=es_ES\" \/>\n<meta property=\"article:published_time\" content=\"2025-05-16T05:30:00+00:00\" \/>\n<meta property=\"og:image\" content=\"https:\/\/www.noubarris.net\/web40\/wp-content\/uploads\/2025\/05\/rrcqnpfr.png\" \/>\n\t<meta property=\"og:image:width\" content=\"570\" \/>\n\t<meta property=\"og:image:height\" content=\"321\" \/>\n\t<meta property=\"og:image:type\" content=\"image\/png\" \/>\n<meta name=\"author\" content=\"Informatius\" \/>\n<meta name=\"twitter:card\" content=\"summary_large_image\" \/>\n<meta name=\"twitter:creator\" content=\"@9BTV\" \/>\n<meta name=\"twitter:site\" content=\"@9BTV\" \/>\n<meta name=\"twitter:label1\" content=\"Escrit per\" \/>\n\t<meta name=\"twitter:data1\" content=\"Informatius\" \/>\n\t<meta name=\"twitter:label2\" content=\"Temps estimat de lectura\" \/>\n\t<meta name=\"twitter:data2\" content=\"3 minuts\" \/>\n<script type=\"application\/ld+json\" class=\"yoast-schema-graph\">{\"@context\":\"https:\/\/schema.org\",\"@graph\":[{\"@type\":\"Article\",\"@id\":\"https:\/\/www.noubarris.net\/web40\/obres-pavimentacio-passeig-valldaura-entre-horitzontal-andreu-nin\/#article\",\"isPartOf\":{\"@id\":\"https:\/\/www.noubarris.net\/web40\/obres-pavimentacio-passeig-valldaura-entre-horitzontal-andreu-nin\/\"},\"author\":{\"name\":\"Informatius\",\"@id\":\"https:\/\/www.noubarris.net\/web40\/#\/schema\/person\/1827f92aaa316c54abbf4dac0de76069\"},\"headline\":\"Obres de pavimentaci\u00f3 al passeig de Valldaura entre Horitzontal i Andreu Nin\",\"datePublished\":\"2025-05-16T05:30:00+00:00\",\"mainEntityOfPage\":{\"@id\":\"https:\/\/www.noubarris.net\/web40\/obres-pavimentacio-passeig-valldaura-entre-horitzontal-andreu-nin\/\"},\"wordCount\":369,\"publisher\":{\"@id\":\"https:\/\/www.noubarris.net\/web40\/#organization\"},\"image\":{\"@id\":\"https:\/\/www.noubarris.net\/web40\/obres-pavimentacio-passeig-valldaura-entre-horitzontal-andreu-nin\/#primaryimage\"},\"thumbnailUrl\":\"https:\/\/www.noubarris.net\/web40\/wp-content\/uploads\/2025\/05\/rrcqnpfr.png\",\"articleSection\":[\"Mobilitat\",\"Nou Barris\"],\"inLanguage\":\"ca\"},{\"@type\":\"WebPage\",\"@id\":\"https:\/\/www.noubarris.net\/web40\/obres-pavimentacio-passeig-valldaura-entre-horitzontal-andreu-nin\/\",\"url\":\"https:\/\/www.noubarris.net\/web40\/obres-pavimentacio-passeig-valldaura-entre-horitzontal-andreu-nin\/\",\"name\":\"Obres de pavimentaci\u00f3 al passeig de Valldaura entre Horitzontal i Andreu Nin - NouBarris.Net\",\"isPartOf\":{\"@id\":\"https:\/\/www.noubarris.net\/web40\/#website\"},\"primaryImageOfPage\":{\"@id\":\"https:\/\/www.noubarris.net\/web40\/obres-pavimentacio-passeig-valldaura-entre-horitzontal-andreu-nin\/#primaryimage\"},\"image\":{\"@id\":\"https:\/\/www.noubarris.net\/web40\/obres-pavimentacio-passeig-valldaura-entre-horitzontal-andreu-nin\/#primaryimage\"},\"thumbnailUrl\":\"https:\/\/www.noubarris.net\/web40\/wp-content\/uploads\/2025\/05\/rrcqnpfr.png\",\"datePublished\":\"2025-05-16T05:30:00+00:00\",\"breadcrumb\":{\"@id\":\"https:\/\/www.noubarris.net\/web40\/obres-pavimentacio-passeig-valldaura-entre-horitzontal-andreu-nin\/#breadcrumb\"},\"inLanguage\":\"ca\",\"potentialAction\":[{\"@type\":\"ReadAction\",\"target\":[\"https:\/\/www.noubarris.net\/web40\/obres-pavimentacio-passeig-valldaura-entre-horitzontal-andreu-nin\/\"]}]},{\"@type\":\"ImageObject\",\"inLanguage\":\"ca\",\"@id\":\"https:\/\/www.noubarris.net\/web40\/obres-pavimentacio-passeig-valldaura-entre-horitzontal-andreu-nin\/#primaryimage\",\"url\":\"https:\/\/www.noubarris.net\/web40\/wp-content\/uploads\/2025\/05\/rrcqnpfr.png\",\"contentUrl\":\"https:\/\/www.noubarris.net\/web40\/wp-content\/uploads\/2025\/05\/rrcqnpfr.png\",\"width\":570,\"height\":321},{\"@type\":\"BreadcrumbList\",\"@id\":\"https:\/\/www.noubarris.net\/web40\/obres-pavimentacio-passeig-valldaura-entre-horitzontal-andreu-nin\/#breadcrumb\",\"itemListElement\":[{\"@type\":\"ListItem\",\"position\":1,\"name\":\"Inici\",\"item\":\"https:\/\/www.noubarris.net\/web40\/\"},{\"@type\":\"ListItem\",\"position\":2,\"name\":\"Obres de pavimentaci\u00f3 al passeig de Valldaura entre Horitzontal i Andreu Nin\"}]},{\"@type\":\"WebSite\",\"@id\":\"https:\/\/www.noubarris.net\/web40\/#website\",\"url\":\"https:\/\/www.noubarris.net\/web40\/\",\"name\":\"NouBarris.Net\",\"description\":\"Seguint la vida de Nou Barris des de 1985\",\"publisher\":{\"@id\":\"https:\/\/www.noubarris.net\/web40\/#organization\"},\"potentialAction\":[{\"@type\":\"SearchAction\",\"target\":{\"@type\":\"EntryPoint\",\"urlTemplate\":\"https:\/\/www.noubarris.net\/web40\/?s={search_term_string}\"},\"query-input\":{\"@type\":\"PropertyValueSpecification\",\"valueRequired\":true,\"valueName\":\"search_term_string\"}}],\"inLanguage\":\"ca\"},{\"@type\":\"Organization\",\"@id\":\"https:\/\/www.noubarris.net\/web40\/#organization\",\"name\":\"NouBarris.Net\",\"url\":\"https:\/\/www.noubarris.net\/web40\/\",\"logo\":{\"@type\":\"ImageObject\",\"inLanguage\":\"ca\",\"@id\":\"https:\/\/www.noubarris.net\/web40\/#\/schema\/logo\/image\/\",\"url\":\"https:\/\/www.noubarris.net\/web40\/wp-content\/uploads\/2024\/11\/cropped-cropped-LOGO_9BTV-2024_Insta-1.jpg\",\"contentUrl\":\"https:\/\/www.noubarris.net\/web40\/wp-content\/uploads\/2024\/11\/cropped-cropped-LOGO_9BTV-2024_Insta-1.jpg\",\"width\":512,\"height\":512,\"caption\":\"NouBarris.Net\"},\"image\":{\"@id\":\"https:\/\/www.noubarris.net\/web40\/#\/schema\/logo\/image\/\"},\"sameAs\":[\"https:\/\/www.facebook.com\/NouBarris.net\/?locale=es_ES\",\"https:\/\/x.com\/9BTV\"]},{\"@type\":\"Person\",\"@id\":\"https:\/\/www.noubarris.net\/web40\/#\/schema\/person\/1827f92aaa316c54abbf4dac0de76069\",\"name\":\"Informatius\",\"image\":{\"@type\":\"ImageObject\",\"inLanguage\":\"ca\",\"@id\":\"https:\/\/www.noubarris.net\/web40\/#\/schema\/person\/image\/\",\"url\":\"https:\/\/secure.gravatar.com\/avatar\/87a3b47928835fc72c6ee5b0e1a7263ef0c2d05003a98189bc14926c5f11bcdb?s=96&d=mm&r=g\",\"contentUrl\":\"https:\/\/secure.gravatar.com\/avatar\/87a3b47928835fc72c6ee5b0e1a7263ef0c2d05003a98189bc14926c5f11bcdb?s=96&d=mm&r=g\",\"caption\":\"Informatius\"},\"url\":\"https:\/\/www.noubarris.net\/web40\/author\/tele\/\"}]}<\/script>\n<!-- \/ Yoast SEO plugin. -->","yoast_head_json":{"title":"Obres de pavimentaci\u00f3 al passeig de Valldaura entre Horitzontal i Andreu Nin - NouBarris.Net","robots":{"index":"index","follow":"follow","max-snippet":"max-snippet:-1","max-image-preview":"max-image-preview:large","max-video-preview":"max-video-preview:-1"},"canonical":"https:\/\/www.noubarris.net\/web40\/obres-pavimentacio-passeig-valldaura-entre-horitzontal-andreu-nin\/","og_locale":"ca_ES","og_type":"article","og_title":"Obres de pavimentaci\u00f3 al passeig de Valldaura entre Horitzontal i Andreu Nin - NouBarris.Net","og_description":"Del 19 de maig a l\u20191 de juny es faran millores de cal\u00e7ada que comportaran afectacions al tr\u00e0nsit i a","og_url":"https:\/\/www.noubarris.net\/web40\/obres-pavimentacio-passeig-valldaura-entre-horitzontal-andreu-nin\/","og_site_name":"NouBarris.Net","article_publisher":"https:\/\/www.facebook.com\/NouBarris.net\/?locale=es_ES","article_published_time":"2025-05-16T05:30:00+00:00","og_image":[{"width":570,"height":321,"url":"https:\/\/www.noubarris.net\/web40\/wp-content\/uploads\/2025\/05\/rrcqnpfr.png","type":"image\/png"}],"author":"Informatius","twitter_card":"summary_large_image","twitter_creator":"@9BTV","twitter_site":"@9BTV","twitter_misc":{"Escrit per":"Informatius","Temps estimat de lectura":"3 minuts"},"schema":{"@context":"https:\/\/schema.org","@graph":[{"@type":"Article","@id":"https:\/\/www.noubarris.net\/web40\/obres-pavimentacio-passeig-valldaura-entre-horitzontal-andreu-nin\/#article","isPartOf":{"@id":"https:\/\/www.noubarris.net\/web40\/obres-pavimentacio-passeig-valldaura-entre-horitzontal-andreu-nin\/"},"author":{"name":"Informatius","@id":"https:\/\/www.noubarris.net\/web40\/#\/schema\/person\/1827f92aaa316c54abbf4dac0de76069"},"headline":"Obres de pavimentaci\u00f3 al passeig de Valldaura entre Horitzontal i Andreu Nin","datePublished":"2025-05-16T05:30:00+00:00","mainEntityOfPage":{"@id":"https:\/\/www.noubarris.net\/web40\/obres-pavimentacio-passeig-valldaura-entre-horitzontal-andreu-nin\/"},"wordCount":369,"publisher":{"@id":"https:\/\/www.noubarris.net\/web40\/#organization"},"image":{"@id":"https:\/\/www.noubarris.net\/web40\/obres-pavimentacio-passeig-valldaura-entre-horitzontal-andreu-nin\/#primaryimage"},"thumbnailUrl":"https:\/\/www.noubarris.net\/web40\/wp-content\/uploads\/2025\/05\/rrcqnpfr.png","articleSection":["Mobilitat","Nou Barris"],"inLanguage":"ca"},{"@type":"WebPage","@id":"https:\/\/www.noubarris.net\/web40\/obres-pavimentacio-passeig-valldaura-entre-horitzontal-andreu-nin\/","url":"https:\/\/www.noubarris.net\/web40\/obres-pavimentacio-passeig-valldaura-entre-horitzontal-andreu-nin\/","name":"Obres de pavimentaci\u00f3 al passeig de Valldaura entre Horitzontal i Andreu Nin - NouBarris.Net","isPartOf":{"@id":"https:\/\/www.noubarris.net\/web40\/#website"},"primaryImageOfPage":{"@id":"https:\/\/www.noubarris.net\/web40\/obres-pavimentacio-passeig-valldaura-entre-horitzontal-andreu-nin\/#primaryimage"},"image":{"@id":"https:\/\/www.noubarris.net\/web40\/obres-pavimentacio-passeig-valldaura-entre-horitzontal-andreu-nin\/#primaryimage"},"thumbnailUrl":"https:\/\/www.noubarris.net\/web40\/wp-content\/uploads\/2025\/05\/rrcqnpfr.png","datePublished":"2025-05-16T05:30:00+00:00","breadcrumb":{"@id":"https:\/\/www.noubarris.net\/web40\/obres-pavimentacio-passeig-valldaura-entre-horitzontal-andreu-nin\/#breadcrumb"},"inLanguage":"ca","potentialAction":[{"@type":"ReadAction","target":["https:\/\/www.noubarris.net\/web40\/obres-pavimentacio-passeig-valldaura-entre-horitzontal-andreu-nin\/"]}]},{"@type":"ImageObject","inLanguage":"ca","@id":"https:\/\/www.noubarris.net\/web40\/obres-pavimentacio-passeig-valldaura-entre-horitzontal-andreu-nin\/#primaryimage","url":"https:\/\/www.noubarris.net\/web40\/wp-content\/uploads\/2025\/05\/rrcqnpfr.png","contentUrl":"https:\/\/www.noubarris.net\/web40\/wp-content\/uploads\/2025\/05\/rrcqnpfr.png","width":570,"height":321},{"@type":"BreadcrumbList","@id":"https:\/\/www.noubarris.net\/web40\/obres-pavimentacio-passeig-valldaura-entre-horitzontal-andreu-nin\/#breadcrumb","itemListElement":[{"@type":"ListItem","position":1,"name":"Inici","item":"https:\/\/www.noubarris.net\/web40\/"},{"@type":"ListItem","position":2,"name":"Obres de pavimentaci\u00f3 al passeig de Valldaura entre Horitzontal i Andreu Nin"}]},{"@type":"WebSite","@id":"https:\/\/www.noubarris.net\/web40\/#website","url":"https:\/\/www.noubarris.net\/web40\/","name":"NouBarris.Net","description":"Seguint la vida de Nou Barris des de 1985","publisher":{"@id":"https:\/\/www.noubarris.net\/web40\/#organization"},"potentialAction":[{"@type":"SearchAction","target":{"@type":"EntryPoint","urlTemplate":"https:\/\/www.noubarris.net\/web40\/?s={search_term_string}"},"query-input":{"@type":"PropertyValueSpecification","valueRequired":true,"valueName":"search_term_string"}}],"inLanguage":"ca"},{"@type":"Organization","@id":"https:\/\/www.noubarris.net\/web40\/#organization","name":"NouBarris.Net","url":"https:\/\/www.noubarris.net\/web40\/","logo":{"@type":"ImageObject","inLanguage":"ca","@id":"https:\/\/www.noubarris.net\/web40\/#\/schema\/logo\/image\/","url":"https:\/\/www.noubarris.net\/web40\/wp-content\/uploads\/2024\/11\/cropped-cropped-LOGO_9BTV-2024_Insta-1.jpg","contentUrl":"https:\/\/www.noubarris.net\/web40\/wp-content\/uploads\/2024\/11\/cropped-cropped-LOGO_9BTV-2024_Insta-1.jpg","width":512,"height":512,"caption":"NouBarris.Net"},"image":{"@id":"https:\/\/www.noubarris.net\/web40\/#\/schema\/logo\/image\/"},"sameAs":["https:\/\/www.facebook.com\/NouBarris.net\/?locale=es_ES","https:\/\/x.com\/9BTV"]},{"@type":"Person","@id":"https:\/\/www.noubarris.net\/web40\/#\/schema\/person\/1827f92aaa316c54abbf4dac0de76069","name":"Informatius","image":{"@type":"ImageObject","inLanguage":"ca","@id":"https:\/\/www.noubarris.net\/web40\/#\/schema\/person\/image\/","url":"https:\/\/secure.gravatar.com\/avatar\/87a3b47928835fc72c6ee5b0e1a7263ef0c2d05003a98189bc14926c5f11bcdb?s=96&d=mm&r=g","contentUrl":"https:\/\/secure.gravatar.com\/avatar\/87a3b47928835fc72c6ee5b0e1a7263ef0c2d05003a98189bc14926c5f11bcdb?s=96&d=mm&r=g","caption":"Informatius"},"url":"https:\/\/www.noubarris.net\/web40\/author\/tele\/"}]}},"_links":{"self":[{"href":"https:\/\/www.noubarris.net\/web40\/wp-json\/wp\/v2\/posts\/84972","targetHints":{"allow":["GET"]}}],"collection":[{"href":"https:\/\/www.noubarris.net\/web40\/wp-json\/wp\/v2\/posts"}],"about":[{"href":"https:\/\/www.noubarris.net\/web40\/wp-json\/wp\/v2\/types\/post"}],"author":[{"embeddable":true,"href":"https:\/\/www.noubarris.net\/web40\/wp-json\/wp\/v2\/users\/2"}],"replies":[{"embeddable":true,"href":"https:\/\/www.noubarris.net\/web40\/wp-json\/wp\/v2\/comments?post=84972"}],"version-history":[{"count":2,"href":"https:\/\/www.noubarris.net\/web40\/wp-json\/wp\/v2\/posts\/84972\/revisions"}],"predecessor-version":[{"id":84975,"href":"https:\/\/www.noubarris.net\/web40\/wp-json\/wp\/v2\/posts\/84972\/revisions\/84975"}],"wp:featuredmedia":[{"embeddable":true,"href":"https:\/\/www.noubarris.net\/web40\/wp-json\/wp\/v2\/media\/84974"}],"wp:attachment":[{"href":"https:\/\/www.noubarris.net\/web40\/wp-json\/wp\/v2\/media?parent=84972"}],"wp:term":[{"taxonomy":"category","embeddable":true,"href":"https:\/\/www.noubarris.net\/web40\/wp-json\/wp\/v2\/categories?post=84972"},{"taxonomy":"post_tag","embeddable":true,"href":"https:\/\/www.noubarris.net\/web40\/wp-json\/wp\/v2\/tags?post=84972"}],"curies":[{"name":"wp","href":"https:\/\/api.w.org\/{rel}","templated":true}]}}