{"id":85069,"date":"2025-05-21T15:00:00","date_gmt":"2025-05-21T13:00:00","guid":{"rendered":"https:\/\/www.noubarris.net\/web40\/?p=85069"},"modified":"2025-05-20T12:20:20","modified_gmt":"2025-05-20T10:20:20","slug":"festa-major-prosperitat-2025-escalfa-motors","status":"publish","type":"post","link":"https:\/\/www.noubarris.net\/web40\/festa-major-prosperitat-2025-escalfa-motors\/","title":{"rendered":"La Festa Major de la Prosperitat 2025 escalfa motors"},"content":{"rendered":"\n<p><strong>Del 23 de maig a l\u20191 de juny, el barri celebra la 47a edici\u00f3 amb concerts, penyes, mercats, cultura popular i molta festa<\/strong><\/p>\n\n\n\n<p>La Prosperitat ja ho t\u00e9 tot a punt per a la 47a edici\u00f3 de la seva Festa Major, que se celebrar\u00e0 del 23 de maig a l\u20191 de juny de 2025 als principals carrers i places del barri. El programa d\u2019activitats ja \u00e9s p\u00fablic i inclou m\u00e9s d\u2019una quarantena de propostes pensades per a tots els p\u00fablics: m\u00fasica en directe, tallers infantils, concursos, mostres culturals i activitats de les penyes, aut\u00e8ntic cor de la celebraci\u00f3.<\/p>\n\n\n\n<figure class=\"wp-block-image aligncenter size-full\"><img loading=\"lazy\" decoding=\"async\" width=\"690\" height=\"841\" src=\"https:\/\/www.noubarris.net\/web40\/wp-content\/uploads\/2025\/05\/Captura-de-pantalla-2025-05-20-114808.jpg\" alt=\"\" class=\"wp-image-85072\" srcset=\"https:\/\/www.noubarris.net\/web40\/wp-content\/uploads\/2025\/05\/Captura-de-pantalla-2025-05-20-114808.jpg 690w, https:\/\/www.noubarris.net\/web40\/wp-content\/uploads\/2025\/05\/Captura-de-pantalla-2025-05-20-114808-246x300.jpg 246w\" sizes=\"auto, (max-width: 690px) 100vw, 690px\" \/><\/figure>\n\n\n\n<h3 class=\"wp-block-heading\"><strong data-start=\"318\" data-end=\"342\">Divendres 23 de maig<\/strong><\/h3>\n\n\n\n<ul class=\"wp-block-list\">\n<li><p data-start=\"346\" data-end=\"428\" class=\"\"><strong data-start=\"346\" data-end=\"357\">17:00 h<\/strong> \u2013 3&#215;3 BNB Prose (Pl. Harry Walker)<br \/><em data-start=\"397\" data-end=\"428\">Organitza: B\u00e0squet Nou Barris<\/em><\/p><br \/><\/li>\n\n\n\n<li><p data-start=\"432\" data-end=\"549\" class=\"\"><strong data-start=\"432\" data-end=\"443\">17:00 h<\/strong> \u2013 Eratik!: Festival d\u2019art jove itinerant (Zona Verda)<br \/><em data-start=\"502\" data-end=\"549\">Organitza: Ateneu l\u2019Harmonia i Franja Jove 9B<\/em><\/p><br \/><\/li>\n\n\n\n<li><p data-start=\"553\" data-end=\"649\" class=\"\"><strong data-start=\"553\" data-end=\"564\">18:00 h<\/strong> \u2013 Espai d\u2019Autoreparaci\u00f3 de Bicis (Pl. \u00c0ngel Pesta\u00f1a)<br \/><em data-start=\"622\" data-end=\"649\">Organitza: Casal de Bicis<\/em><\/p><br \/><\/li>\n\n\n\n<li><p data-start=\"653\" data-end=\"758\" class=\"\"><strong data-start=\"653\" data-end=\"664\">18:30 h<\/strong> \u2013 St. Patrick\u2019s Fresh: jocs i concerts (Pl. \u00c1ngel Pesta\u00f1a)<br \/><em data-start=\"728\" data-end=\"758\">Organitza: Penya L@s Fresk@s<\/em><\/p><br \/><\/li>\n\n\n\n<li><p data-start=\"762\" data-end=\"924\" class=\"\"><strong data-start=\"762\" data-end=\"773\">18:30 h<\/strong> \u2013 El joc de la &#8220;PastaNaga&#8221;<br \/><em data-start=\"805\" data-end=\"860\">Inscripcions del 17 al 21 de maig, via QR del cartell<\/em><br \/><em data-start=\"865\" data-end=\"924\">Lloc: Terrat Casal de Barri \/ Organitza: Equip de reserva<\/em><\/p><br \/><\/li>\n\n\n\n<li><p class=\"\" data-start=\"928\" data-end=\"1105\"><strong data-start=\"928\" data-end=\"939\">23:00 h<\/strong> \u2013 ProspeOasis Interpenyes (Pl. Harry Walker)<br \/><em data-start=\"989\" data-end=\"1058\">Show i concurs Drag presentat per \u201cLa Escandal\u00f3\u201d i \u201cPD Fricandones\u201d<\/em><br \/><em data-start=\"1063\" data-end=\"1105\">Organitza: Can Dragones i Casal de Joves<\/em><\/p><br \/><\/li>\n<\/ul>\n\n\n\n<h3 class=\"wp-block-heading\"><strong data-start=\"1119\" data-end=\"1142\">Dissabte 24 de maig<\/strong><\/h3>\n\n\n\n<ul class=\"wp-block-list\">\n<li><p data-start=\"1146\" data-end=\"1226\" class=\"\"><strong data-start=\"1146\" data-end=\"1157\">10:00 h<\/strong> \u2013 TrikinaleMat\u00ed (Pl. \u00c0ngel Pesta\u00f1a)<br \/><em data-start=\"1198\" data-end=\"1226\">Organitza: Penya Trikinale<\/em><\/p><br \/><\/li>\n\n\n\n<li><p class=\"\" data-start=\"1230\" data-end=\"1315\"><strong data-start=\"1230\" data-end=\"1241\">10:00 h<\/strong> \u2013 Tallers familiars (EBM Ralet)<br \/><em data-start=\"1278\" data-end=\"1315\">Organitza: EBM Colometa i EBM Ralet<\/em><\/p><br \/><\/li>\n\n\n\n<li><p class=\"\" data-start=\"1319\" data-end=\"1399\"><strong data-start=\"1319\" data-end=\"1330\">10:00 h<\/strong> \u2013 Prospe Mercadet 2025 (C\/ Mol\u00ed)<br \/><em data-start=\"1368\" data-end=\"1399\">Organitza: Comer\u00e7 Prosperitat<\/em><\/p><br \/><\/li>\n\n\n\n<li><p class=\"\" data-start=\"1403\" data-end=\"1492\"><strong data-start=\"1403\" data-end=\"1414\">12:00 h<\/strong> \u2013 Campanades i Xupin\u00e0s (Pl. Santa Engr\u00e0cia)<br \/><em data-start=\"1463\" data-end=\"1492\">Organitza: Comissi\u00f3 Central<\/em><\/p><br \/><\/li>\n\n\n\n<li><p class=\"\" data-start=\"1496\" data-end=\"1590\"><strong data-start=\"1496\" data-end=\"1507\">12:00 h<\/strong> \u2013 Cervavila amb \u201cBatuprospe\u201d (Pl. \u00c0ngel Pesta\u00f1a)<br \/><em data-start=\"1561\" data-end=\"1590\">Organitza: Comissi\u00f3 Central<\/em><\/p><br \/><\/li>\n\n\n\n<li><p class=\"\" data-start=\"1594\" data-end=\"1721\"><strong data-start=\"1594\" data-end=\"1605\">12:00 h<\/strong> \u2013 Colesterolrock amb \u201cEscorpiones Tribute Band\u201d i \u201cThe Rock Machine\u201d (Pl. Nou Pins)<br \/><em data-start=\"1694\" data-end=\"1721\">Organitza: Penya Assarock<\/em><\/p><br \/><\/li>\n\n\n\n<li><p class=\"\" data-start=\"1725\" data-end=\"1846\"><strong data-start=\"1725\" data-end=\"1736\">12:00 h<\/strong> \u2013 Jocs Bascos Vascos 11.0 \u201cUrdangarin eta el Ko\u00f1omoko\u201d (C\/ Joaquim Valls)<br \/><em data-start=\"1815\" data-end=\"1846\">Organitza: Penya Prospositats<\/em><\/p><br \/><\/li>\n\n\n\n<li><p class=\"\" data-start=\"1850\" data-end=\"1951\"><strong data-start=\"1850\" data-end=\"1861\">13:00 h<\/strong> \u2013 Sardinada Popular (C\/ Mol\u00ed)<br \/><em data-start=\"1896\" data-end=\"1951\">Organitza: Comissi\u00f3 Central amb Casal de la Gent Gran<\/em><\/p><br \/><\/li>\n\n\n\n<li><p class=\"\" data-start=\"1955\" data-end=\"2085\"><strong data-start=\"1955\" data-end=\"1966\">16:00 h<\/strong> \u2013 Cursa de Cargols per les Penyes + llibres gratis (Pl. \u00c0ngel Pesta\u00f1a)<br \/><em data-start=\"2042\" data-end=\"2085\">Organitza: Penya Hipopotamillo Huracanado<\/em><\/p><br \/><\/li>\n\n\n\n<li><p class=\"\" data-start=\"2089\" data-end=\"2171\"><strong data-start=\"2089\" data-end=\"2100\">16:30 h<\/strong> \u2013 Tragalbas Humano (Pl. \u00c0ngel Pesta\u00f1a)<br \/><em data-start=\"2144\" data-end=\"2171\">Organitza: Penya Dobladas<\/em><\/p><br \/><\/li>\n\n\n\n<li><p class=\"\" data-start=\"2175\" data-end=\"2244\"><strong data-start=\"2175\" data-end=\"2186\">16:30 h<\/strong> \u2013 EspeTEK (Casal de Barri)<br \/><em data-start=\"2218\" data-end=\"2244\">Organitza: Penya Pallegu<\/em><\/p><br \/><\/li>\n\n\n\n<li><p class=\"\" data-start=\"2248\" data-end=\"2359\"><strong data-start=\"2248\" data-end=\"2259\">16:30 h<\/strong> \u2013 Concurs de \u201cLlan\u00e7ament de Huesos de Aceituna\u201d (Pl. \u00c0ngel Pesta\u00f1a)<br \/><em data-start=\"2332\" data-end=\"2359\">Organitza: Penya Dobladas<\/em><\/p><br \/><\/li>\n\n\n\n<li><p class=\"\" data-start=\"2363\" data-end=\"2448\"><strong data-start=\"2363\" data-end=\"2374\">16:30 h<\/strong> \u2013 Tallers familiars (EBM Ralet)<br \/><em data-start=\"2411\" data-end=\"2448\">Organitza: EBM Colometa i EBM Ralet<\/em><\/p><br \/><\/li>\n\n\n\n<li><p class=\"\" data-start=\"2452\" data-end=\"2559\"><strong data-start=\"2452\" data-end=\"2463\">17:00 h<\/strong> \u2013 El torneig \u201cDurdes de Prospe 4: la Birra definitiva\u201d (Pl. Nou Pins)<br \/><em data-start=\"2538\" data-end=\"2559\">Organitza: La Birra<\/em><\/p><br \/><\/li>\n\n\n\n<li><p class=\"\" data-start=\"2563\" data-end=\"2645\"><strong data-start=\"2563\" data-end=\"2574\">18:00 h<\/strong> \u2013 Improsberta (Casal de Barri)<br \/><em data-start=\"2610\" data-end=\"2645\">Organitza: Punt de trobada Prospe<\/em><\/p><br \/><\/li>\n\n\n\n<li><p class=\"\" data-start=\"2649\" data-end=\"2765\"><strong data-start=\"2649\" data-end=\"2660\">19:00 h<\/strong> \u2013 Concert 20\u00e8 aniversari Lxs Tetes amb \u201cHermanowar\u201d i \u201cBarena\u201d (Pl. Nou Pins)<br \/><em data-start=\"2743\" data-end=\"2765\">Organitza: Lxs Tetes<\/em><\/p><br \/><\/li>\n\n\n\n<li><p class=\"\" data-start=\"2769\" data-end=\"2856\"><strong data-start=\"2769\" data-end=\"2780\">20:00 h<\/strong> \u2013 Prospe Beer XIII (Pl. Santa Engr\u00e0cia)<br \/><em data-start=\"2825\" data-end=\"2856\">Organitza: Penya Primera Fila<\/em><\/p><br \/><\/li>\n\n\n\n<li><p class=\"\" data-start=\"2860\" data-end=\"2967\"><strong data-start=\"2860\" data-end=\"2871\">21:00 h<\/strong> \u2013 Ovnis y Merluzos (C\/ Badosa davant Biblio Nou Barris)<br \/><em data-start=\"2932\" data-end=\"2967\">Organitza: Plataforma Datura Club<\/em><\/p><br \/><\/li>\n\n\n\n<li><p class=\"\" data-start=\"2971\" data-end=\"3063\"><strong data-start=\"2971\" data-end=\"2982\">21:00 h<\/strong> \u2013 Sopar + Ball \u201cEl Cerro\u201d (Esc. Mol\u00ed)<br \/><em data-start=\"3025\" data-end=\"3063\">Organitza: Agermanament amb el Cerro<\/em><\/p><br \/><\/li>\n\n\n\n<li><p class=\"\" data-start=\"3067\" data-end=\"3282\"><strong data-start=\"3067\" data-end=\"3078\">21:30 h<\/strong> \u2013 Els Ninis: nit de nens i nenes especials<br \/>Concert amb:<br \/>\u201cEndora i sus vicios\u201d<br \/>\u201cCheap Kiss\u201d<br \/>\u201cValientefolk\u201d<br \/>\u201cDj Cruda Z y Fresakill\u201d<br \/><em data-start=\"3234\" data-end=\"3282\">Pl. \u00c1ngel Pesta\u00f1a \/ Organitza: Penya Mema Keka<\/em><\/p><br \/><\/li>\n\n\n\n<li><p data-start=\"3286\" data-end=\"3440\" class=\"\"><strong data-start=\"3286\" data-end=\"3297\">23:30 h<\/strong> \u2013 Preg\u00f3 de Festa Major de la m\u00e0 de la penya \u201cMil Duros\u201d i Gran Ball amb \u201cAquariana Inc.\u201d<br \/><em data-start=\"3391\" data-end=\"3440\">Pl. \u00c1ngel Pesta\u00f1a \/ Organitza: Comissi\u00f3 Central<\/em><\/p><br \/><\/li>\n<\/ul>\n\n\n\n<h3 class=\"wp-block-heading\"><strong data-start=\"3454\" data-end=\"3477\">Diumenge 25 de maig<\/strong><\/h3>\n\n\n\n<ul class=\"wp-block-list\">\n<li><p class=\"\" data-start=\"3481\" data-end=\"3561\"><strong data-start=\"3481\" data-end=\"3492\">10:00 h<\/strong> \u2013 Prospe Mercadet 2025 (C\/ Mol\u00ed)<br \/><em data-start=\"3530\" data-end=\"3561\">Organitza: Comer\u00e7 Prosperitat<\/em><\/p><br \/><\/li>\n\n\n\n<li><p class=\"\" data-start=\"3565\" data-end=\"3675\"><strong data-start=\"3565\" data-end=\"3576\">11:00 h<\/strong> \u2013 IV Encerclo de unicornis (Pl. Nou Pins)<br \/><em data-start=\"3623\" data-end=\"3675\">Organitza: El M\u00f3n M\u00e0gic del Mural i Bebe me Llaman<\/em><\/p><br \/><\/li>\n\n\n\n<li><p data-start=\"3679\" data-end=\"3770\" class=\"\"><strong data-start=\"3679\" data-end=\"3690\">12:00 h<\/strong> \u2013 Cervavila amb Diables i Tabalers de la Prosperitat (des de Pl. \u00c1ngel Pesta\u00f1a)<\/p><br \/><\/li>\n\n\n\n<li><p class=\"\" data-start=\"3774\" data-end=\"3889\"><strong data-start=\"3774\" data-end=\"3785\">12:30 h<\/strong> \u2013 Lliga Mus de Prospe 2025 i patxangues (Casal de Barri)<br \/><em data-start=\"3847\" data-end=\"3889\">Organitza: Comissi\u00f3 Mus i Casal de Barri<\/em><\/p><\/li>\n<\/ul>\n\n\n\n<p>Aix\u00f2 i molt m\u00e9s us espera a la programaci\u00f3 de la 47a Festa Major de la Prosperitat 2025!<\/p>\n\n\n\n<figure class=\"wp-block-image aligncenter size-full\"><img loading=\"lazy\" decoding=\"async\" width=\"649\" height=\"841\" src=\"https:\/\/www.noubarris.net\/web40\/wp-content\/uploads\/2025\/05\/Captura-de-pantalla-2025-05-20-115023.jpg\" alt=\"\" class=\"wp-image-85071\" srcset=\"https:\/\/www.noubarris.net\/web40\/wp-content\/uploads\/2025\/05\/Captura-de-pantalla-2025-05-20-115023.jpg 649w, https:\/\/www.noubarris.net\/web40\/wp-content\/uploads\/2025\/05\/Captura-de-pantalla-2025-05-20-115023-232x300.jpg 232w\" sizes=\"auto, (max-width: 649px) 100vw, 649px\" \/><\/figure>\n\n\n\n\n","protected":false},"excerpt":{"rendered":"<p>Del 23 de maig a l\u20191 de juny, el barri celebra la 47a edici\u00f3 amb concerts, penyes, mercats, cultura popular<\/p>\n","protected":false},"author":2,"featured_media":85072,"comment_status":"closed","ping_status":"closed","sticky":false,"template":"","format":"standard","meta":{"colormag_page_layout":"default_layout","_monsterinsights_skip_tracking":false,"_monsterinsights_sitenote_active":false,"_monsterinsights_sitenote_note":"","_monsterinsights_sitenote_category":0,"footnotes":""},"categories":[129,135,124],"tags":[],"class_list":["post-85069","post","type-post","status-publish","format-standard","has-post-thumbnail","hentry","category-cultura","category-la-prosperitat","category-societat"],"yoast_head":"<!-- This site is optimized with the Yoast SEO plugin v25.3 - https:\/\/yoast.com\/wordpress\/plugins\/seo\/ -->\n<title>La Festa Major de la Prosperitat 2025 escalfa motors - NouBarris.Net<\/title>\n<meta name=\"robots\" content=\"index, follow, max-snippet:-1, max-image-preview:large, max-video-preview:-1\" \/>\n<link rel=\"canonical\" href=\"https:\/\/www.noubarris.net\/web40\/festa-major-prosperitat-2025-escalfa-motors\/\" \/>\n<meta property=\"og:locale\" content=\"ca_ES\" \/>\n<meta property=\"og:type\" content=\"article\" \/>\n<meta property=\"og:title\" content=\"La Festa Major de la Prosperitat 2025 escalfa motors - NouBarris.Net\" \/>\n<meta property=\"og:description\" content=\"Del 23 de maig a l\u20191 de juny, el barri celebra la 47a edici\u00f3 amb concerts, penyes, mercats, cultura popular\" \/>\n<meta property=\"og:url\" content=\"https:\/\/www.noubarris.net\/web40\/festa-major-prosperitat-2025-escalfa-motors\/\" \/>\n<meta property=\"og:site_name\" content=\"NouBarris.Net\" \/>\n<meta property=\"article:publisher\" content=\"https:\/\/www.facebook.com\/NouBarris.net\/?locale=es_ES\" \/>\n<meta property=\"article:published_time\" content=\"2025-05-21T13:00:00+00:00\" \/>\n<meta property=\"og:image\" content=\"https:\/\/www.noubarris.net\/web40\/wp-content\/uploads\/2025\/05\/Captura-de-pantalla-2025-05-20-114808.jpg\" \/>\n\t<meta property=\"og:image:width\" content=\"690\" \/>\n\t<meta property=\"og:image:height\" content=\"841\" \/>\n\t<meta property=\"og:image:type\" content=\"image\/jpeg\" \/>\n<meta name=\"author\" content=\"Informatius\" \/>\n<meta name=\"twitter:card\" content=\"summary_large_image\" \/>\n<meta name=\"twitter:creator\" content=\"@9BTV\" \/>\n<meta name=\"twitter:site\" content=\"@9BTV\" \/>\n<meta name=\"twitter:label1\" content=\"Escrit per\" \/>\n\t<meta name=\"twitter:data1\" content=\"Informatius\" \/>\n\t<meta name=\"twitter:label2\" content=\"Temps estimat de lectura\" \/>\n\t<meta name=\"twitter:data2\" content=\"4 minuts\" \/>\n<script type=\"application\/ld+json\" class=\"yoast-schema-graph\">{\"@context\":\"https:\/\/schema.org\",\"@graph\":[{\"@type\":\"Article\",\"@id\":\"https:\/\/www.noubarris.net\/web40\/festa-major-prosperitat-2025-escalfa-motors\/#article\",\"isPartOf\":{\"@id\":\"https:\/\/www.noubarris.net\/web40\/festa-major-prosperitat-2025-escalfa-motors\/\"},\"author\":{\"name\":\"Informatius\",\"@id\":\"https:\/\/www.noubarris.net\/web40\/#\/schema\/person\/1827f92aaa316c54abbf4dac0de76069\"},\"headline\":\"La Festa Major de la Prosperitat 2025 escalfa motors\",\"datePublished\":\"2025-05-21T13:00:00+00:00\",\"mainEntityOfPage\":{\"@id\":\"https:\/\/www.noubarris.net\/web40\/festa-major-prosperitat-2025-escalfa-motors\/\"},\"wordCount\":598,\"publisher\":{\"@id\":\"https:\/\/www.noubarris.net\/web40\/#organization\"},\"image\":{\"@id\":\"https:\/\/www.noubarris.net\/web40\/festa-major-prosperitat-2025-escalfa-motors\/#primaryimage\"},\"thumbnailUrl\":\"https:\/\/www.noubarris.net\/web40\/wp-content\/uploads\/2025\/05\/Captura-de-pantalla-2025-05-20-114808.jpg\",\"articleSection\":[\"Cultura\",\"La Prosperitat\",\"Societat\"],\"inLanguage\":\"ca\"},{\"@type\":\"WebPage\",\"@id\":\"https:\/\/www.noubarris.net\/web40\/festa-major-prosperitat-2025-escalfa-motors\/\",\"url\":\"https:\/\/www.noubarris.net\/web40\/festa-major-prosperitat-2025-escalfa-motors\/\",\"name\":\"La Festa Major de la Prosperitat 2025 escalfa motors - NouBarris.Net\",\"isPartOf\":{\"@id\":\"https:\/\/www.noubarris.net\/web40\/#website\"},\"primaryImageOfPage\":{\"@id\":\"https:\/\/www.noubarris.net\/web40\/festa-major-prosperitat-2025-escalfa-motors\/#primaryimage\"},\"image\":{\"@id\":\"https:\/\/www.noubarris.net\/web40\/festa-major-prosperitat-2025-escalfa-motors\/#primaryimage\"},\"thumbnailUrl\":\"https:\/\/www.noubarris.net\/web40\/wp-content\/uploads\/2025\/05\/Captura-de-pantalla-2025-05-20-114808.jpg\",\"datePublished\":\"2025-05-21T13:00:00+00:00\",\"breadcrumb\":{\"@id\":\"https:\/\/www.noubarris.net\/web40\/festa-major-prosperitat-2025-escalfa-motors\/#breadcrumb\"},\"inLanguage\":\"ca\",\"potentialAction\":[{\"@type\":\"ReadAction\",\"target\":[\"https:\/\/www.noubarris.net\/web40\/festa-major-prosperitat-2025-escalfa-motors\/\"]}]},{\"@type\":\"ImageObject\",\"inLanguage\":\"ca\",\"@id\":\"https:\/\/www.noubarris.net\/web40\/festa-major-prosperitat-2025-escalfa-motors\/#primaryimage\",\"url\":\"https:\/\/www.noubarris.net\/web40\/wp-content\/uploads\/2025\/05\/Captura-de-pantalla-2025-05-20-114808.jpg\",\"contentUrl\":\"https:\/\/www.noubarris.net\/web40\/wp-content\/uploads\/2025\/05\/Captura-de-pantalla-2025-05-20-114808.jpg\",\"width\":690,\"height\":841},{\"@type\":\"BreadcrumbList\",\"@id\":\"https:\/\/www.noubarris.net\/web40\/festa-major-prosperitat-2025-escalfa-motors\/#breadcrumb\",\"itemListElement\":[{\"@type\":\"ListItem\",\"position\":1,\"name\":\"Inici\",\"item\":\"https:\/\/www.noubarris.net\/web40\/\"},{\"@type\":\"ListItem\",\"position\":2,\"name\":\"La Festa Major de la Prosperitat 2025 escalfa motors\"}]},{\"@type\":\"WebSite\",\"@id\":\"https:\/\/www.noubarris.net\/web40\/#website\",\"url\":\"https:\/\/www.noubarris.net\/web40\/\",\"name\":\"NouBarris.Net\",\"description\":\"Seguint la vida de Nou Barris des de 1985\",\"publisher\":{\"@id\":\"https:\/\/www.noubarris.net\/web40\/#organization\"},\"potentialAction\":[{\"@type\":\"SearchAction\",\"target\":{\"@type\":\"EntryPoint\",\"urlTemplate\":\"https:\/\/www.noubarris.net\/web40\/?s={search_term_string}\"},\"query-input\":{\"@type\":\"PropertyValueSpecification\",\"valueRequired\":true,\"valueName\":\"search_term_string\"}}],\"inLanguage\":\"ca\"},{\"@type\":\"Organization\",\"@id\":\"https:\/\/www.noubarris.net\/web40\/#organization\",\"name\":\"NouBarris.Net\",\"url\":\"https:\/\/www.noubarris.net\/web40\/\",\"logo\":{\"@type\":\"ImageObject\",\"inLanguage\":\"ca\",\"@id\":\"https:\/\/www.noubarris.net\/web40\/#\/schema\/logo\/image\/\",\"url\":\"https:\/\/www.noubarris.net\/web40\/wp-content\/uploads\/2024\/11\/cropped-cropped-LOGO_9BTV-2024_Insta-1.jpg\",\"contentUrl\":\"https:\/\/www.noubarris.net\/web40\/wp-content\/uploads\/2024\/11\/cropped-cropped-LOGO_9BTV-2024_Insta-1.jpg\",\"width\":512,\"height\":512,\"caption\":\"NouBarris.Net\"},\"image\":{\"@id\":\"https:\/\/www.noubarris.net\/web40\/#\/schema\/logo\/image\/\"},\"sameAs\":[\"https:\/\/www.facebook.com\/NouBarris.net\/?locale=es_ES\",\"https:\/\/x.com\/9BTV\"]},{\"@type\":\"Person\",\"@id\":\"https:\/\/www.noubarris.net\/web40\/#\/schema\/person\/1827f92aaa316c54abbf4dac0de76069\",\"name\":\"Informatius\",\"image\":{\"@type\":\"ImageObject\",\"inLanguage\":\"ca\",\"@id\":\"https:\/\/www.noubarris.net\/web40\/#\/schema\/person\/image\/\",\"url\":\"https:\/\/secure.gravatar.com\/avatar\/87a3b47928835fc72c6ee5b0e1a7263ef0c2d05003a98189bc14926c5f11bcdb?s=96&d=mm&r=g\",\"contentUrl\":\"https:\/\/secure.gravatar.com\/avatar\/87a3b47928835fc72c6ee5b0e1a7263ef0c2d05003a98189bc14926c5f11bcdb?s=96&d=mm&r=g\",\"caption\":\"Informatius\"},\"url\":\"https:\/\/www.noubarris.net\/web40\/author\/tele\/\"}]}<\/script>\n<!-- \/ Yoast SEO plugin. -->","yoast_head_json":{"title":"La Festa Major de la Prosperitat 2025 escalfa motors - NouBarris.Net","robots":{"index":"index","follow":"follow","max-snippet":"max-snippet:-1","max-image-preview":"max-image-preview:large","max-video-preview":"max-video-preview:-1"},"canonical":"https:\/\/www.noubarris.net\/web40\/festa-major-prosperitat-2025-escalfa-motors\/","og_locale":"ca_ES","og_type":"article","og_title":"La Festa Major de la Prosperitat 2025 escalfa motors - NouBarris.Net","og_description":"Del 23 de maig a l\u20191 de juny, el barri celebra la 47a edici\u00f3 amb concerts, penyes, mercats, cultura popular","og_url":"https:\/\/www.noubarris.net\/web40\/festa-major-prosperitat-2025-escalfa-motors\/","og_site_name":"NouBarris.Net","article_publisher":"https:\/\/www.facebook.com\/NouBarris.net\/?locale=es_ES","article_published_time":"2025-05-21T13:00:00+00:00","og_image":[{"width":690,"height":841,"url":"https:\/\/www.noubarris.net\/web40\/wp-content\/uploads\/2025\/05\/Captura-de-pantalla-2025-05-20-114808.jpg","type":"image\/jpeg"}],"author":"Informatius","twitter_card":"summary_large_image","twitter_creator":"@9BTV","twitter_site":"@9BTV","twitter_misc":{"Escrit per":"Informatius","Temps estimat de lectura":"4 minuts"},"schema":{"@context":"https:\/\/schema.org","@graph":[{"@type":"Article","@id":"https:\/\/www.noubarris.net\/web40\/festa-major-prosperitat-2025-escalfa-motors\/#article","isPartOf":{"@id":"https:\/\/www.noubarris.net\/web40\/festa-major-prosperitat-2025-escalfa-motors\/"},"author":{"name":"Informatius","@id":"https:\/\/www.noubarris.net\/web40\/#\/schema\/person\/1827f92aaa316c54abbf4dac0de76069"},"headline":"La Festa Major de la Prosperitat 2025 escalfa motors","datePublished":"2025-05-21T13:00:00+00:00","mainEntityOfPage":{"@id":"https:\/\/www.noubarris.net\/web40\/festa-major-prosperitat-2025-escalfa-motors\/"},"wordCount":598,"publisher":{"@id":"https:\/\/www.noubarris.net\/web40\/#organization"},"image":{"@id":"https:\/\/www.noubarris.net\/web40\/festa-major-prosperitat-2025-escalfa-motors\/#primaryimage"},"thumbnailUrl":"https:\/\/www.noubarris.net\/web40\/wp-content\/uploads\/2025\/05\/Captura-de-pantalla-2025-05-20-114808.jpg","articleSection":["Cultura","La Prosperitat","Societat"],"inLanguage":"ca"},{"@type":"WebPage","@id":"https:\/\/www.noubarris.net\/web40\/festa-major-prosperitat-2025-escalfa-motors\/","url":"https:\/\/www.noubarris.net\/web40\/festa-major-prosperitat-2025-escalfa-motors\/","name":"La Festa Major de la Prosperitat 2025 escalfa motors - NouBarris.Net","isPartOf":{"@id":"https:\/\/www.noubarris.net\/web40\/#website"},"primaryImageOfPage":{"@id":"https:\/\/www.noubarris.net\/web40\/festa-major-prosperitat-2025-escalfa-motors\/#primaryimage"},"image":{"@id":"https:\/\/www.noubarris.net\/web40\/festa-major-prosperitat-2025-escalfa-motors\/#primaryimage"},"thumbnailUrl":"https:\/\/www.noubarris.net\/web40\/wp-content\/uploads\/2025\/05\/Captura-de-pantalla-2025-05-20-114808.jpg","datePublished":"2025-05-21T13:00:00+00:00","breadcrumb":{"@id":"https:\/\/www.noubarris.net\/web40\/festa-major-prosperitat-2025-escalfa-motors\/#breadcrumb"},"inLanguage":"ca","potentialAction":[{"@type":"ReadAction","target":["https:\/\/www.noubarris.net\/web40\/festa-major-prosperitat-2025-escalfa-motors\/"]}]},{"@type":"ImageObject","inLanguage":"ca","@id":"https:\/\/www.noubarris.net\/web40\/festa-major-prosperitat-2025-escalfa-motors\/#primaryimage","url":"https:\/\/www.noubarris.net\/web40\/wp-content\/uploads\/2025\/05\/Captura-de-pantalla-2025-05-20-114808.jpg","contentUrl":"https:\/\/www.noubarris.net\/web40\/wp-content\/uploads\/2025\/05\/Captura-de-pantalla-2025-05-20-114808.jpg","width":690,"height":841},{"@type":"BreadcrumbList","@id":"https:\/\/www.noubarris.net\/web40\/festa-major-prosperitat-2025-escalfa-motors\/#breadcrumb","itemListElement":[{"@type":"ListItem","position":1,"name":"Inici","item":"https:\/\/www.noubarris.net\/web40\/"},{"@type":"ListItem","position":2,"name":"La Festa Major de la Prosperitat 2025 escalfa motors"}]},{"@type":"WebSite","@id":"https:\/\/www.noubarris.net\/web40\/#website","url":"https:\/\/www.noubarris.net\/web40\/","name":"NouBarris.Net","description":"Seguint la vida de Nou Barris des de 1985","publisher":{"@id":"https:\/\/www.noubarris.net\/web40\/#organization"},"potentialAction":[{"@type":"SearchAction","target":{"@type":"EntryPoint","urlTemplate":"https:\/\/www.noubarris.net\/web40\/?s={search_term_string}"},"query-input":{"@type":"PropertyValueSpecification","valueRequired":true,"valueName":"search_term_string"}}],"inLanguage":"ca"},{"@type":"Organization","@id":"https:\/\/www.noubarris.net\/web40\/#organization","name":"NouBarris.Net","url":"https:\/\/www.noubarris.net\/web40\/","logo":{"@type":"ImageObject","inLanguage":"ca","@id":"https:\/\/www.noubarris.net\/web40\/#\/schema\/logo\/image\/","url":"https:\/\/www.noubarris.net\/web40\/wp-content\/uploads\/2024\/11\/cropped-cropped-LOGO_9BTV-2024_Insta-1.jpg","contentUrl":"https:\/\/www.noubarris.net\/web40\/wp-content\/uploads\/2024\/11\/cropped-cropped-LOGO_9BTV-2024_Insta-1.jpg","width":512,"height":512,"caption":"NouBarris.Net"},"image":{"@id":"https:\/\/www.noubarris.net\/web40\/#\/schema\/logo\/image\/"},"sameAs":["https:\/\/www.facebook.com\/NouBarris.net\/?locale=es_ES","https:\/\/x.com\/9BTV"]},{"@type":"Person","@id":"https:\/\/www.noubarris.net\/web40\/#\/schema\/person\/1827f92aaa316c54abbf4dac0de76069","name":"Informatius","image":{"@type":"ImageObject","inLanguage":"ca","@id":"https:\/\/www.noubarris.net\/web40\/#\/schema\/person\/image\/","url":"https:\/\/secure.gravatar.com\/avatar\/87a3b47928835fc72c6ee5b0e1a7263ef0c2d05003a98189bc14926c5f11bcdb?s=96&d=mm&r=g","contentUrl":"https:\/\/secure.gravatar.com\/avatar\/87a3b47928835fc72c6ee5b0e1a7263ef0c2d05003a98189bc14926c5f11bcdb?s=96&d=mm&r=g","caption":"Informatius"},"url":"https:\/\/www.noubarris.net\/web40\/author\/tele\/"}]}},"_links":{"self":[{"href":"https:\/\/www.noubarris.net\/web40\/wp-json\/wp\/v2\/posts\/85069","targetHints":{"allow":["GET"]}}],"collection":[{"href":"https:\/\/www.noubarris.net\/web40\/wp-json\/wp\/v2\/posts"}],"about":[{"href":"https:\/\/www.noubarris.net\/web40\/wp-json\/wp\/v2\/types\/post"}],"author":[{"embeddable":true,"href":"https:\/\/www.noubarris.net\/web40\/wp-json\/wp\/v2\/users\/2"}],"replies":[{"embeddable":true,"href":"https:\/\/www.noubarris.net\/web40\/wp-json\/wp\/v2\/comments?post=85069"}],"version-history":[{"count":2,"href":"https:\/\/www.noubarris.net\/web40\/wp-json\/wp\/v2\/posts\/85069\/revisions"}],"predecessor-version":[{"id":85074,"href":"https:\/\/www.noubarris.net\/web40\/wp-json\/wp\/v2\/posts\/85069\/revisions\/85074"}],"wp:featuredmedia":[{"embeddable":true,"href":"https:\/\/www.noubarris.net\/web40\/wp-json\/wp\/v2\/media\/85072"}],"wp:attachment":[{"href":"https:\/\/www.noubarris.net\/web40\/wp-json\/wp\/v2\/media?parent=85069"}],"wp:term":[{"taxonomy":"category","embeddable":true,"href":"https:\/\/www.noubarris.net\/web40\/wp-json\/wp\/v2\/categories?post=85069"},{"taxonomy":"post_tag","embeddable":true,"href":"https:\/\/www.noubarris.net\/web40\/wp-json\/wp\/v2\/tags?post=85069"}],"curies":[{"name":"wp","href":"https:\/\/api.w.org\/{rel}","templated":true}]}}