{"id":85075,"date":"2025-05-22T08:00:00","date_gmt":"2025-05-22T06:00:00","guid":{"rendered":"https:\/\/www.noubarris.net\/web40\/?p=85075"},"modified":"2025-05-20T12:39:08","modified_gmt":"2025-05-20T10:39:08","slug":"sopes-tornen-bullir-nou-barris-torna-festival-sopes-mon-mundial-26-doctubre","status":"publish","type":"post","link":"https:\/\/www.noubarris.net\/web40\/sopes-tornen-bullir-nou-barris-torna-festival-sopes-mon-mundial-26-doctubre\/","title":{"rendered":"Les sopes tornen a bullir a Nou Barris: torna el Festival de Sopes del M\u00f3n Mundial el 26 d\u2019octubre"},"content":{"rendered":"\n<p><strong>Torna el Festival de Sopes del M\u00f3n: sabors, cultures i barri en una mateixa olla<\/strong><\/p>\n\n\n\n<p class=\"Textbody\"><span style=\"font-family: 'Arial',sans-serif;\">Despr\u00e9s d\u2019un any en silenci, aquest octubre Nou Barris tornar\u00e0 a omplir-se d\u2019olors, sabors i hist\u00f2ries compartides. El <span class=\"StrongEmphasis\">Festival de Sopes del M\u00f3n Mundial<\/span> reviur\u00e0 el <span class=\"StrongEmphasis\">26 d\u2019octubre del 2025<\/span>, mantenint viva una de les cites m\u00e9s estimades del calendari comunitari del districte.<\/span><\/p>\n\n\n\n<p class=\"Textbody\"><span style=\"font-family: 'Arial',sans-serif;\">No \u00e9s nom\u00e9s una trobada gastron\u00f2mica. \u00c9s molt m\u00e9s. Aquest festival, nascut el 2004, \u00e9s un <span class=\"StrongEmphasis\">exercici de conviv\u00e8ncia, mem\u00f2ria i diversitat<\/span>, on cada olla explica d\u2019on ve qui la cuina. La sopa, present a totes les cultures, serveix com a met\u00e0fora viva de la diversitat: ingredients diferents, or\u00edgens diversos, per\u00f2 un plat com\u00fa, sabor\u00f3s i compartit.<\/span><\/p>\n\n\n\n<figure class=\"wp-block-image size-full\"><img loading=\"lazy\" decoding=\"async\" width=\"1024\" height=\"576\" src=\"https:\/\/www.noubarris.net\/web40\/wp-content\/uploads\/2025\/05\/Imagen-de-WhatsApp-2025-05-20-a-las-12.22.03_40b1f2de.jpg\" alt=\"\" class=\"wp-image-85081\" srcset=\"https:\/\/www.noubarris.net\/web40\/wp-content\/uploads\/2025\/05\/Imagen-de-WhatsApp-2025-05-20-a-las-12.22.03_40b1f2de.jpg 1024w, https:\/\/www.noubarris.net\/web40\/wp-content\/uploads\/2025\/05\/Imagen-de-WhatsApp-2025-05-20-a-las-12.22.03_40b1f2de-300x169.jpg 300w, https:\/\/www.noubarris.net\/web40\/wp-content\/uploads\/2025\/05\/Imagen-de-WhatsApp-2025-05-20-a-las-12.22.03_40b1f2de-768x432.jpg 768w\" sizes=\"auto, (max-width: 1024px) 100vw, 1024px\" \/><\/figure>\n\n\n\n<p class=\"Textbody\"><b><span style=\"font-size: 15.0pt; line-height: 115%; font-family: 'Arial',sans-serif;\">Una pausa for\u00e7ada, una tornada esperada<\/span><\/b><b><\/b><\/p>\n\n\n\n<p class=\"Textbody\"><span style=\"font-family: 'Arial',sans-serif;\">La que havia de ser la <span class=\"StrongEmphasis\">20a edici\u00f3<\/span> s\u2019havia de celebrar el 2024. Per\u00f2 no va poder ser. El tancament sobtat de <span class=\"StrongEmphasis\">9 Barris Acull<\/span>, una de les entitats fundadores i motors del festival, va obligar a cancel\u00b7lar l\u2019edici\u00f3. El motiu? Un <span class=\"StrongEmphasis\">deute de 22.000\u202f\u20ac amb l\u2019Ajuntament<\/span>, derivat d\u2019un <span class=\"StrongEmphasis\">error comptable<\/span> vinculat a una subvenci\u00f3 anterior. La Xarxa d\u2019Intercanvi de Coneixements, fins aleshores coorganitzadora, tamb\u00e9 va optar per fer un pas enrere davant les tensions amb el govern del districte.<\/span><\/p>\n\n\n\n<p class=\"Textbody\"><span style=\"font-family: 'Arial',sans-serif;\">Aquest buit es va notar. Perqu\u00e8 les sopes no s\u00f3n nom\u00e9s una tradici\u00f3: s\u00f3n una eina de cohesi\u00f3 ve\u00efnal. Un espai on compartir, escoltar i recon\u00e8ixer-nos en la difer\u00e8ncia.<\/span><\/p>\n\n\n\n<figure class=\"wp-block-image size-large\"><img loading=\"lazy\" decoding=\"async\" width=\"1024\" height=\"682\" src=\"https:\/\/www.noubarris.net\/web40\/wp-content\/uploads\/2025\/05\/Imagen-de-WhatsApp-2025-05-20-a-las-12.22.03_b906d10f-1024x682.jpg\" alt=\"\" class=\"wp-image-85078\" srcset=\"https:\/\/www.noubarris.net\/web40\/wp-content\/uploads\/2025\/05\/Imagen-de-WhatsApp-2025-05-20-a-las-12.22.03_b906d10f-1024x682.jpg 1024w, https:\/\/www.noubarris.net\/web40\/wp-content\/uploads\/2025\/05\/Imagen-de-WhatsApp-2025-05-20-a-las-12.22.03_b906d10f-300x200.jpg 300w, https:\/\/www.noubarris.net\/web40\/wp-content\/uploads\/2025\/05\/Imagen-de-WhatsApp-2025-05-20-a-las-12.22.03_b906d10f-768x512.jpg 768w, https:\/\/www.noubarris.net\/web40\/wp-content\/uploads\/2025\/05\/Imagen-de-WhatsApp-2025-05-20-a-las-12.22.03_b906d10f-1536x1023.jpg 1536w, https:\/\/www.noubarris.net\/web40\/wp-content\/uploads\/2025\/05\/Imagen-de-WhatsApp-2025-05-20-a-las-12.22.03_b906d10f-1320x879.jpg 1320w, https:\/\/www.noubarris.net\/web40\/wp-content\/uploads\/2025\/05\/Imagen-de-WhatsApp-2025-05-20-a-las-12.22.03_b906d10f-272x182.jpg 272w, https:\/\/www.noubarris.net\/web40\/wp-content\/uploads\/2025\/05\/Imagen-de-WhatsApp-2025-05-20-a-las-12.22.03_b906d10f.jpg 1600w\" sizes=\"auto, (max-width: 1024px) 100vw, 1024px\" \/><\/figure>\n\n\n\n<p class=\"Textbody\"><b><span style=\"font-size: 15.0pt; line-height: 115%; font-family: 'Arial',sans-serif;\">Relleu a la cuina col\u00b7lectiva<\/span><\/b><\/p>\n\n\n\n<p class=\"Textbody\"><span style=\"font-family: 'Arial',sans-serif;\">Ara, amb energies renovades, <span class=\"StrongEmphasis\">la Plataforma d\u2019Entitats de Roquetes<\/span> agafa el relleu i es posa al capdavant de l\u2019organitzaci\u00f3, amb el suport de moltes altres mans i cors del territori. El seu objectiu \u00e9s clar: <span class=\"StrongEmphasis\">no deixar perdre un festival que ha arrelat profundament al barri i que simbolitza com pocs la riquesa de la conviv\u00e8ncia intercultural.<\/span><\/span><\/p>\n\n\n\n<p class=\"Textbody\"><span style=\"font-family: 'Arial',sans-serif;\">I ho fan obrint portes: <span class=\"StrongEmphasis\">han fet una crida oberta a la participaci\u00f3<\/span>, tant per sumar-se a l\u2019organitzaci\u00f3, com per aportar-hi suports diversos \u2014o fins i tot dissenyar el cartell de l\u2019edici\u00f3 d\u2019enguany. Perqu\u00e8 aquest festival \u00e9s, sobretot, col\u00b7lectiu.<\/span><\/p>\n\n\n\n<p class=\"Textbody\"><b><span style=\"font-size: 15.0pt; line-height: 115%; font-family: 'Arial',sans-serif;\">L\u2019empremta d\u2019un llegat<\/span><\/b><b><\/b><\/p>\n\n\n\n<p class=\"Textbody\"><span style=\"font-family: 'Arial',sans-serif;\">Cal recordar que darrere del naixement del festival hi havia tamb\u00e9 figures com el <span class=\"StrongEmphasis\">Rafa Juncadella<\/span>, activista cultural i somiador incansable, inspirat per una iniciativa similar viscuda a Fran\u00e7a. Des de llavors, el festival ha crescut i s\u2019ha mantingut com una mostra festiva, per\u00f2 tamb\u00e9 reivindicativa: <span class=\"StrongEmphasis\">una declaraci\u00f3 de la for\u00e7a de la diversitat, del valor de les arrels i del dret a viure en comunitat.<\/span><\/span><\/p>\n\n\n\n<p class=\"Textbody\"><span style=\"font-family: 'Arial',sans-serif;\">Aquest 26 d\u2019octubre, les olles tornaran a bullir, i amb elles, tornar\u00e0 tamb\u00e9 l\u2019esperit combatiu i acollidor que fa de Nou Barris un espai viu i plural. Preparem les culleres. La sopa torna a ser motiu de festa<\/span><\/p>\n\n\n","protected":false},"excerpt":{"rendered":"<p>Torna el Festival de Sopes del M\u00f3n: sabors, cultures i barri en una mateixa olla Despr\u00e9s d\u2019un any en silenci,<\/p>\n","protected":false},"author":2,"featured_media":85076,"comment_status":"closed","ping_status":"closed","sticky":false,"template":"","format":"standard","meta":{"colormag_page_layout":"default_layout","_monsterinsights_skip_tracking":false,"_monsterinsights_sitenote_active":false,"_monsterinsights_sitenote_note":"","_monsterinsights_sitenote_category":0,"footnotes":""},"categories":[129,484],"tags":[],"class_list":["post-85075","post","type-post","status-publish","format-standard","has-post-thumbnail","hentry","category-cultura","category-participacio"],"yoast_head":"<!-- This site is optimized with the Yoast SEO plugin v25.3 - https:\/\/yoast.com\/wordpress\/plugins\/seo\/ -->\n<title>Les sopes tornen a bullir a Nou Barris: torna el Festival de Sopes del M\u00f3n Mundial el 26 d\u2019octubre - NouBarris.Net<\/title>\n<meta name=\"robots\" content=\"index, follow, max-snippet:-1, max-image-preview:large, max-video-preview:-1\" \/>\n<link rel=\"canonical\" href=\"https:\/\/www.noubarris.net\/web40\/sopes-tornen-bullir-nou-barris-torna-festival-sopes-mon-mundial-26-doctubre\/\" \/>\n<meta property=\"og:locale\" content=\"ca_ES\" \/>\n<meta property=\"og:type\" content=\"article\" \/>\n<meta property=\"og:title\" content=\"Les sopes tornen a bullir a Nou Barris: torna el Festival de Sopes del M\u00f3n Mundial el 26 d\u2019octubre - NouBarris.Net\" \/>\n<meta property=\"og:description\" content=\"Torna el Festival de Sopes del M\u00f3n: sabors, cultures i barri en una mateixa olla Despr\u00e9s d\u2019un any en silenci,\" \/>\n<meta property=\"og:url\" content=\"https:\/\/www.noubarris.net\/web40\/sopes-tornen-bullir-nou-barris-torna-festival-sopes-mon-mundial-26-doctubre\/\" \/>\n<meta property=\"og:site_name\" content=\"NouBarris.Net\" \/>\n<meta property=\"article:publisher\" content=\"https:\/\/www.facebook.com\/NouBarris.net\/?locale=es_ES\" \/>\n<meta property=\"article:published_time\" content=\"2025-05-22T06:00:00+00:00\" \/>\n<meta property=\"og:image\" content=\"https:\/\/www.noubarris.net\/web40\/wp-content\/uploads\/2025\/05\/Imagen-de-WhatsApp-2025-05-20-a-las-12.22.03_3936523b.jpg\" \/>\n\t<meta property=\"og:image:width\" content=\"1350\" \/>\n\t<meta property=\"og:image:height\" content=\"900\" \/>\n\t<meta property=\"og:image:type\" content=\"image\/jpeg\" \/>\n<meta name=\"author\" content=\"Informatius\" \/>\n<meta name=\"twitter:card\" content=\"summary_large_image\" \/>\n<meta name=\"twitter:creator\" content=\"@9BTV\" \/>\n<meta name=\"twitter:site\" content=\"@9BTV\" \/>\n<meta name=\"twitter:label1\" content=\"Escrit per\" \/>\n\t<meta name=\"twitter:data1\" content=\"Informatius\" \/>\n\t<meta name=\"twitter:label2\" content=\"Temps estimat de lectura\" \/>\n\t<meta name=\"twitter:data2\" content=\"3 minuts\" \/>\n<script type=\"application\/ld+json\" class=\"yoast-schema-graph\">{\"@context\":\"https:\/\/schema.org\",\"@graph\":[{\"@type\":\"Article\",\"@id\":\"https:\/\/www.noubarris.net\/web40\/sopes-tornen-bullir-nou-barris-torna-festival-sopes-mon-mundial-26-doctubre\/#article\",\"isPartOf\":{\"@id\":\"https:\/\/www.noubarris.net\/web40\/sopes-tornen-bullir-nou-barris-torna-festival-sopes-mon-mundial-26-doctubre\/\"},\"author\":{\"name\":\"Informatius\",\"@id\":\"https:\/\/www.noubarris.net\/web40\/#\/schema\/person\/1827f92aaa316c54abbf4dac0de76069\"},\"headline\":\"Les sopes tornen a bullir a Nou Barris: torna el Festival de Sopes del M\u00f3n Mundial el 26 d\u2019octubre\",\"datePublished\":\"2025-05-22T06:00:00+00:00\",\"mainEntityOfPage\":{\"@id\":\"https:\/\/www.noubarris.net\/web40\/sopes-tornen-bullir-nou-barris-torna-festival-sopes-mon-mundial-26-doctubre\/\"},\"wordCount\":496,\"publisher\":{\"@id\":\"https:\/\/www.noubarris.net\/web40\/#organization\"},\"image\":{\"@id\":\"https:\/\/www.noubarris.net\/web40\/sopes-tornen-bullir-nou-barris-torna-festival-sopes-mon-mundial-26-doctubre\/#primaryimage\"},\"thumbnailUrl\":\"https:\/\/www.noubarris.net\/web40\/wp-content\/uploads\/2025\/05\/Imagen-de-WhatsApp-2025-05-20-a-las-12.22.03_3936523b.jpg\",\"articleSection\":[\"Cultura\",\"Participaci\u00f3\"],\"inLanguage\":\"ca\"},{\"@type\":\"WebPage\",\"@id\":\"https:\/\/www.noubarris.net\/web40\/sopes-tornen-bullir-nou-barris-torna-festival-sopes-mon-mundial-26-doctubre\/\",\"url\":\"https:\/\/www.noubarris.net\/web40\/sopes-tornen-bullir-nou-barris-torna-festival-sopes-mon-mundial-26-doctubre\/\",\"name\":\"Les sopes tornen a bullir a Nou Barris: torna el Festival de Sopes del M\u00f3n Mundial el 26 d\u2019octubre - NouBarris.Net\",\"isPartOf\":{\"@id\":\"https:\/\/www.noubarris.net\/web40\/#website\"},\"primaryImageOfPage\":{\"@id\":\"https:\/\/www.noubarris.net\/web40\/sopes-tornen-bullir-nou-barris-torna-festival-sopes-mon-mundial-26-doctubre\/#primaryimage\"},\"image\":{\"@id\":\"https:\/\/www.noubarris.net\/web40\/sopes-tornen-bullir-nou-barris-torna-festival-sopes-mon-mundial-26-doctubre\/#primaryimage\"},\"thumbnailUrl\":\"https:\/\/www.noubarris.net\/web40\/wp-content\/uploads\/2025\/05\/Imagen-de-WhatsApp-2025-05-20-a-las-12.22.03_3936523b.jpg\",\"datePublished\":\"2025-05-22T06:00:00+00:00\",\"breadcrumb\":{\"@id\":\"https:\/\/www.noubarris.net\/web40\/sopes-tornen-bullir-nou-barris-torna-festival-sopes-mon-mundial-26-doctubre\/#breadcrumb\"},\"inLanguage\":\"ca\",\"potentialAction\":[{\"@type\":\"ReadAction\",\"target\":[\"https:\/\/www.noubarris.net\/web40\/sopes-tornen-bullir-nou-barris-torna-festival-sopes-mon-mundial-26-doctubre\/\"]}]},{\"@type\":\"ImageObject\",\"inLanguage\":\"ca\",\"@id\":\"https:\/\/www.noubarris.net\/web40\/sopes-tornen-bullir-nou-barris-torna-festival-sopes-mon-mundial-26-doctubre\/#primaryimage\",\"url\":\"https:\/\/www.noubarris.net\/web40\/wp-content\/uploads\/2025\/05\/Imagen-de-WhatsApp-2025-05-20-a-las-12.22.03_3936523b.jpg\",\"contentUrl\":\"https:\/\/www.noubarris.net\/web40\/wp-content\/uploads\/2025\/05\/Imagen-de-WhatsApp-2025-05-20-a-las-12.22.03_3936523b.jpg\",\"width\":1350,\"height\":900},{\"@type\":\"BreadcrumbList\",\"@id\":\"https:\/\/www.noubarris.net\/web40\/sopes-tornen-bullir-nou-barris-torna-festival-sopes-mon-mundial-26-doctubre\/#breadcrumb\",\"itemListElement\":[{\"@type\":\"ListItem\",\"position\":1,\"name\":\"Inici\",\"item\":\"https:\/\/www.noubarris.net\/web40\/\"},{\"@type\":\"ListItem\",\"position\":2,\"name\":\"Les sopes tornen a bullir a Nou Barris: torna el Festival de Sopes del M\u00f3n Mundial el 26 d\u2019octubre\"}]},{\"@type\":\"WebSite\",\"@id\":\"https:\/\/www.noubarris.net\/web40\/#website\",\"url\":\"https:\/\/www.noubarris.net\/web40\/\",\"name\":\"NouBarris.Net\",\"description\":\"Seguint la vida de Nou Barris des de 1985\",\"publisher\":{\"@id\":\"https:\/\/www.noubarris.net\/web40\/#organization\"},\"potentialAction\":[{\"@type\":\"SearchAction\",\"target\":{\"@type\":\"EntryPoint\",\"urlTemplate\":\"https:\/\/www.noubarris.net\/web40\/?s={search_term_string}\"},\"query-input\":{\"@type\":\"PropertyValueSpecification\",\"valueRequired\":true,\"valueName\":\"search_term_string\"}}],\"inLanguage\":\"ca\"},{\"@type\":\"Organization\",\"@id\":\"https:\/\/www.noubarris.net\/web40\/#organization\",\"name\":\"NouBarris.Net\",\"url\":\"https:\/\/www.noubarris.net\/web40\/\",\"logo\":{\"@type\":\"ImageObject\",\"inLanguage\":\"ca\",\"@id\":\"https:\/\/www.noubarris.net\/web40\/#\/schema\/logo\/image\/\",\"url\":\"https:\/\/www.noubarris.net\/web40\/wp-content\/uploads\/2024\/11\/cropped-cropped-LOGO_9BTV-2024_Insta-1.jpg\",\"contentUrl\":\"https:\/\/www.noubarris.net\/web40\/wp-content\/uploads\/2024\/11\/cropped-cropped-LOGO_9BTV-2024_Insta-1.jpg\",\"width\":512,\"height\":512,\"caption\":\"NouBarris.Net\"},\"image\":{\"@id\":\"https:\/\/www.noubarris.net\/web40\/#\/schema\/logo\/image\/\"},\"sameAs\":[\"https:\/\/www.facebook.com\/NouBarris.net\/?locale=es_ES\",\"https:\/\/x.com\/9BTV\"]},{\"@type\":\"Person\",\"@id\":\"https:\/\/www.noubarris.net\/web40\/#\/schema\/person\/1827f92aaa316c54abbf4dac0de76069\",\"name\":\"Informatius\",\"image\":{\"@type\":\"ImageObject\",\"inLanguage\":\"ca\",\"@id\":\"https:\/\/www.noubarris.net\/web40\/#\/schema\/person\/image\/\",\"url\":\"https:\/\/secure.gravatar.com\/avatar\/87a3b47928835fc72c6ee5b0e1a7263ef0c2d05003a98189bc14926c5f11bcdb?s=96&d=mm&r=g\",\"contentUrl\":\"https:\/\/secure.gravatar.com\/avatar\/87a3b47928835fc72c6ee5b0e1a7263ef0c2d05003a98189bc14926c5f11bcdb?s=96&d=mm&r=g\",\"caption\":\"Informatius\"},\"url\":\"https:\/\/www.noubarris.net\/web40\/author\/tele\/\"}]}<\/script>\n<!-- \/ Yoast SEO plugin. -->","yoast_head_json":{"title":"Les sopes tornen a bullir a Nou Barris: torna el Festival de Sopes del M\u00f3n Mundial el 26 d\u2019octubre - NouBarris.Net","robots":{"index":"index","follow":"follow","max-snippet":"max-snippet:-1","max-image-preview":"max-image-preview:large","max-video-preview":"max-video-preview:-1"},"canonical":"https:\/\/www.noubarris.net\/web40\/sopes-tornen-bullir-nou-barris-torna-festival-sopes-mon-mundial-26-doctubre\/","og_locale":"ca_ES","og_type":"article","og_title":"Les sopes tornen a bullir a Nou Barris: torna el Festival de Sopes del M\u00f3n Mundial el 26 d\u2019octubre - NouBarris.Net","og_description":"Torna el Festival de Sopes del M\u00f3n: sabors, cultures i barri en una mateixa olla Despr\u00e9s d\u2019un any en silenci,","og_url":"https:\/\/www.noubarris.net\/web40\/sopes-tornen-bullir-nou-barris-torna-festival-sopes-mon-mundial-26-doctubre\/","og_site_name":"NouBarris.Net","article_publisher":"https:\/\/www.facebook.com\/NouBarris.net\/?locale=es_ES","article_published_time":"2025-05-22T06:00:00+00:00","og_image":[{"width":1350,"height":900,"url":"https:\/\/www.noubarris.net\/web40\/wp-content\/uploads\/2025\/05\/Imagen-de-WhatsApp-2025-05-20-a-las-12.22.03_3936523b.jpg","type":"image\/jpeg"}],"author":"Informatius","twitter_card":"summary_large_image","twitter_creator":"@9BTV","twitter_site":"@9BTV","twitter_misc":{"Escrit per":"Informatius","Temps estimat de lectura":"3 minuts"},"schema":{"@context":"https:\/\/schema.org","@graph":[{"@type":"Article","@id":"https:\/\/www.noubarris.net\/web40\/sopes-tornen-bullir-nou-barris-torna-festival-sopes-mon-mundial-26-doctubre\/#article","isPartOf":{"@id":"https:\/\/www.noubarris.net\/web40\/sopes-tornen-bullir-nou-barris-torna-festival-sopes-mon-mundial-26-doctubre\/"},"author":{"name":"Informatius","@id":"https:\/\/www.noubarris.net\/web40\/#\/schema\/person\/1827f92aaa316c54abbf4dac0de76069"},"headline":"Les sopes tornen a bullir a Nou Barris: torna el Festival de Sopes del M\u00f3n Mundial el 26 d\u2019octubre","datePublished":"2025-05-22T06:00:00+00:00","mainEntityOfPage":{"@id":"https:\/\/www.noubarris.net\/web40\/sopes-tornen-bullir-nou-barris-torna-festival-sopes-mon-mundial-26-doctubre\/"},"wordCount":496,"publisher":{"@id":"https:\/\/www.noubarris.net\/web40\/#organization"},"image":{"@id":"https:\/\/www.noubarris.net\/web40\/sopes-tornen-bullir-nou-barris-torna-festival-sopes-mon-mundial-26-doctubre\/#primaryimage"},"thumbnailUrl":"https:\/\/www.noubarris.net\/web40\/wp-content\/uploads\/2025\/05\/Imagen-de-WhatsApp-2025-05-20-a-las-12.22.03_3936523b.jpg","articleSection":["Cultura","Participaci\u00f3"],"inLanguage":"ca"},{"@type":"WebPage","@id":"https:\/\/www.noubarris.net\/web40\/sopes-tornen-bullir-nou-barris-torna-festival-sopes-mon-mundial-26-doctubre\/","url":"https:\/\/www.noubarris.net\/web40\/sopes-tornen-bullir-nou-barris-torna-festival-sopes-mon-mundial-26-doctubre\/","name":"Les sopes tornen a bullir a Nou Barris: torna el Festival de Sopes del M\u00f3n Mundial el 26 d\u2019octubre - NouBarris.Net","isPartOf":{"@id":"https:\/\/www.noubarris.net\/web40\/#website"},"primaryImageOfPage":{"@id":"https:\/\/www.noubarris.net\/web40\/sopes-tornen-bullir-nou-barris-torna-festival-sopes-mon-mundial-26-doctubre\/#primaryimage"},"image":{"@id":"https:\/\/www.noubarris.net\/web40\/sopes-tornen-bullir-nou-barris-torna-festival-sopes-mon-mundial-26-doctubre\/#primaryimage"},"thumbnailUrl":"https:\/\/www.noubarris.net\/web40\/wp-content\/uploads\/2025\/05\/Imagen-de-WhatsApp-2025-05-20-a-las-12.22.03_3936523b.jpg","datePublished":"2025-05-22T06:00:00+00:00","breadcrumb":{"@id":"https:\/\/www.noubarris.net\/web40\/sopes-tornen-bullir-nou-barris-torna-festival-sopes-mon-mundial-26-doctubre\/#breadcrumb"},"inLanguage":"ca","potentialAction":[{"@type":"ReadAction","target":["https:\/\/www.noubarris.net\/web40\/sopes-tornen-bullir-nou-barris-torna-festival-sopes-mon-mundial-26-doctubre\/"]}]},{"@type":"ImageObject","inLanguage":"ca","@id":"https:\/\/www.noubarris.net\/web40\/sopes-tornen-bullir-nou-barris-torna-festival-sopes-mon-mundial-26-doctubre\/#primaryimage","url":"https:\/\/www.noubarris.net\/web40\/wp-content\/uploads\/2025\/05\/Imagen-de-WhatsApp-2025-05-20-a-las-12.22.03_3936523b.jpg","contentUrl":"https:\/\/www.noubarris.net\/web40\/wp-content\/uploads\/2025\/05\/Imagen-de-WhatsApp-2025-05-20-a-las-12.22.03_3936523b.jpg","width":1350,"height":900},{"@type":"BreadcrumbList","@id":"https:\/\/www.noubarris.net\/web40\/sopes-tornen-bullir-nou-barris-torna-festival-sopes-mon-mundial-26-doctubre\/#breadcrumb","itemListElement":[{"@type":"ListItem","position":1,"name":"Inici","item":"https:\/\/www.noubarris.net\/web40\/"},{"@type":"ListItem","position":2,"name":"Les sopes tornen a bullir a Nou Barris: torna el Festival de Sopes del M\u00f3n Mundial el 26 d\u2019octubre"}]},{"@type":"WebSite","@id":"https:\/\/www.noubarris.net\/web40\/#website","url":"https:\/\/www.noubarris.net\/web40\/","name":"NouBarris.Net","description":"Seguint la vida de Nou Barris des de 1985","publisher":{"@id":"https:\/\/www.noubarris.net\/web40\/#organization"},"potentialAction":[{"@type":"SearchAction","target":{"@type":"EntryPoint","urlTemplate":"https:\/\/www.noubarris.net\/web40\/?s={search_term_string}"},"query-input":{"@type":"PropertyValueSpecification","valueRequired":true,"valueName":"search_term_string"}}],"inLanguage":"ca"},{"@type":"Organization","@id":"https:\/\/www.noubarris.net\/web40\/#organization","name":"NouBarris.Net","url":"https:\/\/www.noubarris.net\/web40\/","logo":{"@type":"ImageObject","inLanguage":"ca","@id":"https:\/\/www.noubarris.net\/web40\/#\/schema\/logo\/image\/","url":"https:\/\/www.noubarris.net\/web40\/wp-content\/uploads\/2024\/11\/cropped-cropped-LOGO_9BTV-2024_Insta-1.jpg","contentUrl":"https:\/\/www.noubarris.net\/web40\/wp-content\/uploads\/2024\/11\/cropped-cropped-LOGO_9BTV-2024_Insta-1.jpg","width":512,"height":512,"caption":"NouBarris.Net"},"image":{"@id":"https:\/\/www.noubarris.net\/web40\/#\/schema\/logo\/image\/"},"sameAs":["https:\/\/www.facebook.com\/NouBarris.net\/?locale=es_ES","https:\/\/x.com\/9BTV"]},{"@type":"Person","@id":"https:\/\/www.noubarris.net\/web40\/#\/schema\/person\/1827f92aaa316c54abbf4dac0de76069","name":"Informatius","image":{"@type":"ImageObject","inLanguage":"ca","@id":"https:\/\/www.noubarris.net\/web40\/#\/schema\/person\/image\/","url":"https:\/\/secure.gravatar.com\/avatar\/87a3b47928835fc72c6ee5b0e1a7263ef0c2d05003a98189bc14926c5f11bcdb?s=96&d=mm&r=g","contentUrl":"https:\/\/secure.gravatar.com\/avatar\/87a3b47928835fc72c6ee5b0e1a7263ef0c2d05003a98189bc14926c5f11bcdb?s=96&d=mm&r=g","caption":"Informatius"},"url":"https:\/\/www.noubarris.net\/web40\/author\/tele\/"}]}},"_links":{"self":[{"href":"https:\/\/www.noubarris.net\/web40\/wp-json\/wp\/v2\/posts\/85075","targetHints":{"allow":["GET"]}}],"collection":[{"href":"https:\/\/www.noubarris.net\/web40\/wp-json\/wp\/v2\/posts"}],"about":[{"href":"https:\/\/www.noubarris.net\/web40\/wp-json\/wp\/v2\/types\/post"}],"author":[{"embeddable":true,"href":"https:\/\/www.noubarris.net\/web40\/wp-json\/wp\/v2\/users\/2"}],"replies":[{"embeddable":true,"href":"https:\/\/www.noubarris.net\/web40\/wp-json\/wp\/v2\/comments?post=85075"}],"version-history":[{"count":2,"href":"https:\/\/www.noubarris.net\/web40\/wp-json\/wp\/v2\/posts\/85075\/revisions"}],"predecessor-version":[{"id":85082,"href":"https:\/\/www.noubarris.net\/web40\/wp-json\/wp\/v2\/posts\/85075\/revisions\/85082"}],"wp:featuredmedia":[{"embeddable":true,"href":"https:\/\/www.noubarris.net\/web40\/wp-json\/wp\/v2\/media\/85076"}],"wp:attachment":[{"href":"https:\/\/www.noubarris.net\/web40\/wp-json\/wp\/v2\/media?parent=85075"}],"wp:term":[{"taxonomy":"category","embeddable":true,"href":"https:\/\/www.noubarris.net\/web40\/wp-json\/wp\/v2\/categories?post=85075"},{"taxonomy":"post_tag","embeddable":true,"href":"https:\/\/www.noubarris.net\/web40\/wp-json\/wp\/v2\/tags?post=85075"}],"curies":[{"name":"wp","href":"https:\/\/api.w.org\/{rel}","templated":true}]}}