{"id":85226,"date":"2025-06-02T13:04:43","date_gmt":"2025-06-02T11:04:43","guid":{"rendered":"https:\/\/www.noubarris.net\/web40\/?p=85226"},"modified":"2025-06-02T13:04:51","modified_gmt":"2025-06-02T11:04:51","slug":"concentracio-ciutat-meridiana-memoria-dona-victima-feminicidi","status":"publish","type":"post","link":"https:\/\/www.noubarris.net\/web40\/concentracio-ciutat-meridiana-memoria-dona-victima-feminicidi\/","title":{"rendered":"Concentraci\u00f3 a Ciutat Meridiana en mem\u00f2ria d\u2019una dona v\u00edctima de feminicidi"},"content":{"rendered":"\n<p>Desenes de ve\u00efnes i ve\u00efns es van concentrar divendres passat davant de l\u2019Escola Mestre Morera, a Ciutat Meridiana, per retre homenatge a una dona assassinada presumptament per la seva parella. L\u2019acte, convocat pel ve\u00efnat i el teixit associatiu de la Zona Nord, ha volgut ser una mostra de dol, solidaritat i rebuig davant les viol\u00e8ncies masclistes.<\/p>\n\n\n\n<figure class=\"wp-block-image aligncenter size-large is-resized\"><img loading=\"lazy\" decoding=\"async\" width=\"768\" height=\"1024\" src=\"https:\/\/www.noubarris.net\/web40\/wp-content\/uploads\/2025\/06\/WhatsApp-Image-2025-05-30-at-12.32.23-1-768x1024.jpeg\" alt=\"concentracio feminicidi meridiana\" class=\"wp-image-85227\" style=\"width:408px;height:auto\" srcset=\"https:\/\/www.noubarris.net\/web40\/wp-content\/uploads\/2025\/06\/WhatsApp-Image-2025-05-30-at-12.32.23-1-768x1024.jpeg 768w, https:\/\/www.noubarris.net\/web40\/wp-content\/uploads\/2025\/06\/WhatsApp-Image-2025-05-30-at-12.32.23-1-225x300.jpeg 225w, https:\/\/www.noubarris.net\/web40\/wp-content\/uploads\/2025\/06\/WhatsApp-Image-2025-05-30-at-12.32.23-1-1152x1536.jpeg 1152w, https:\/\/www.noubarris.net\/web40\/wp-content\/uploads\/2025\/06\/WhatsApp-Image-2025-05-30-at-12.32.23-1.jpeg 1200w\" sizes=\"auto, (max-width: 768px) 100vw, 768px\" \/><\/figure>\n\n\n\n<p>Sota el lema &#8220;Acte de mem\u00f2ria a la v\u00edctima i de rebuig a les viol\u00e8ncies vers les dones. Diguem PROU!&#8221;, la concentraci\u00f3 ha omplert el carrer de color lila, s\u00edmbol de la lluita feminista. L\u2019acte ha incl\u00f2s minuts de silenci, parlaments de den\u00fancia i crides a l\u2019acci\u00f3 per part de col\u00b7lectius feministes i entitats del barri.<\/p>\n\n\n\n<p>La v\u00edctima, Leonor, de 56 anys, va ser trobada sense vida al pis on vivia amb la seva parella, a Ciutat Meridiana. Segons l\u2019associaci\u00f3 <em>Vestits Vermells<\/em>, aquest feminicidi \u00e9s el n\u00famero 28 registrat aquest any a l\u2019estat. Com a s\u00edmbol de protesta, l\u2019AVV Montcada Llevant ha penjat un vestit vermell amb el nom de la v\u00edctima a Montcada i Reixac, dins de la campanya per visibilitzar la viol\u00e8ncia masclista.<\/p>\n\n\n\n<p>Les entitats convocants han denunciat la manca de recursos i han exigit m\u00e9s mesures de prevenci\u00f3, protecci\u00f3 i atenci\u00f3 a les v\u00edctimes. \u201cNo \u00e9s un fet a\u00efllat, \u00e9s viol\u00e8ncia estructural que continua matant\u201d, han remarcat diverses portaveus.<\/p>\n\n\n\n<p>La concentraci\u00f3 d\u2019avui no nom\u00e9s ha servit per recordar Leonor, sin\u00f3 tamb\u00e9 per llan\u00e7ar un crit col\u00b7lectiu: ni una menys. La societat i les institucions han de respondre amb contund\u00e8ncia per erradicar aquesta xacra social.<\/p>\n<p><em>Redacci\u00f3: Joel Le\u00f3n<\/em><\/p>\n","protected":false},"excerpt":{"rendered":"<p>Desenes de ve\u00efnes i ve\u00efns es van concentrar divendres passat davant de l\u2019Escola Mestre Morera, a Ciutat Meridiana, per retre<\/p>\n","protected":false},"author":2,"featured_media":85228,"comment_status":"closed","ping_status":"closed","sticky":false,"template":"","format":"standard","meta":{"colormag_page_layout":"default_layout","_monsterinsights_skip_tracking":false,"_monsterinsights_sitenote_active":false,"_monsterinsights_sitenote_note":"","_monsterinsights_sitenote_category":0,"footnotes":""},"categories":[132,124],"tags":[],"class_list":["post-85226","post","type-post","status-publish","format-standard","has-post-thumbnail","hentry","category-ciutat-meridiana","category-societat"],"yoast_head":"<!-- This site is optimized with the Yoast SEO plugin v25.3 - https:\/\/yoast.com\/wordpress\/plugins\/seo\/ -->\n<title>Concentraci\u00f3 a Ciutat Meridiana en mem\u00f2ria d\u2019una dona v\u00edctima de feminicidi - NouBarris.Net<\/title>\n<meta name=\"robots\" content=\"index, follow, max-snippet:-1, max-image-preview:large, max-video-preview:-1\" \/>\n<link rel=\"canonical\" href=\"https:\/\/www.noubarris.net\/web40\/concentracio-ciutat-meridiana-memoria-dona-victima-feminicidi\/\" \/>\n<meta property=\"og:locale\" content=\"ca_ES\" \/>\n<meta property=\"og:type\" content=\"article\" \/>\n<meta property=\"og:title\" content=\"Concentraci\u00f3 a Ciutat Meridiana en mem\u00f2ria d\u2019una dona v\u00edctima de feminicidi - NouBarris.Net\" \/>\n<meta property=\"og:description\" content=\"Desenes de ve\u00efnes i ve\u00efns es van concentrar divendres passat davant de l\u2019Escola Mestre Morera, a Ciutat Meridiana, per retre\" \/>\n<meta property=\"og:url\" content=\"https:\/\/www.noubarris.net\/web40\/concentracio-ciutat-meridiana-memoria-dona-victima-feminicidi\/\" \/>\n<meta property=\"og:site_name\" content=\"NouBarris.Net\" \/>\n<meta property=\"article:publisher\" content=\"https:\/\/www.facebook.com\/NouBarris.net\/?locale=es_ES\" \/>\n<meta property=\"article:published_time\" content=\"2025-06-02T11:04:43+00:00\" \/>\n<meta property=\"article:modified_time\" content=\"2025-06-02T11:04:51+00:00\" \/>\n<meta property=\"og:image\" content=\"https:\/\/www.noubarris.net\/web40\/wp-content\/uploads\/2025\/06\/WhatsApp-Image-2025-05-28-at-17.34.34.jpeg\" \/>\n\t<meta property=\"og:image:width\" content=\"1080\" \/>\n\t<meta property=\"og:image:height\" content=\"1527\" \/>\n\t<meta property=\"og:image:type\" content=\"image\/jpeg\" \/>\n<meta name=\"author\" content=\"Informatius\" \/>\n<meta name=\"twitter:card\" content=\"summary_large_image\" \/>\n<meta name=\"twitter:creator\" content=\"@9BTV\" \/>\n<meta name=\"twitter:site\" content=\"@9BTV\" \/>\n<meta name=\"twitter:label1\" content=\"Escrit per\" \/>\n\t<meta name=\"twitter:data1\" content=\"Informatius\" \/>\n\t<meta name=\"twitter:label2\" content=\"Temps estimat de lectura\" \/>\n\t<meta name=\"twitter:data2\" content=\"2 minuts\" \/>\n<script type=\"application\/ld+json\" class=\"yoast-schema-graph\">{\"@context\":\"https:\/\/schema.org\",\"@graph\":[{\"@type\":\"Article\",\"@id\":\"https:\/\/www.noubarris.net\/web40\/concentracio-ciutat-meridiana-memoria-dona-victima-feminicidi\/#article\",\"isPartOf\":{\"@id\":\"https:\/\/www.noubarris.net\/web40\/concentracio-ciutat-meridiana-memoria-dona-victima-feminicidi\/\"},\"author\":{\"name\":\"Informatius\",\"@id\":\"https:\/\/www.noubarris.net\/web40\/#\/schema\/person\/1827f92aaa316c54abbf4dac0de76069\"},\"headline\":\"Concentraci\u00f3 a Ciutat Meridiana en mem\u00f2ria d\u2019una dona v\u00edctima de feminicidi\",\"datePublished\":\"2025-06-02T11:04:43+00:00\",\"dateModified\":\"2025-06-02T11:04:51+00:00\",\"mainEntityOfPage\":{\"@id\":\"https:\/\/www.noubarris.net\/web40\/concentracio-ciutat-meridiana-memoria-dona-victima-feminicidi\/\"},\"wordCount\":301,\"publisher\":{\"@id\":\"https:\/\/www.noubarris.net\/web40\/#organization\"},\"image\":{\"@id\":\"https:\/\/www.noubarris.net\/web40\/concentracio-ciutat-meridiana-memoria-dona-victima-feminicidi\/#primaryimage\"},\"thumbnailUrl\":\"https:\/\/www.noubarris.net\/web40\/wp-content\/uploads\/2025\/06\/WhatsApp-Image-2025-05-28-at-17.34.34.jpeg\",\"articleSection\":[\"Ciutat Meridiana\",\"Societat\"],\"inLanguage\":\"ca\"},{\"@type\":\"WebPage\",\"@id\":\"https:\/\/www.noubarris.net\/web40\/concentracio-ciutat-meridiana-memoria-dona-victima-feminicidi\/\",\"url\":\"https:\/\/www.noubarris.net\/web40\/concentracio-ciutat-meridiana-memoria-dona-victima-feminicidi\/\",\"name\":\"Concentraci\u00f3 a Ciutat Meridiana en mem\u00f2ria d\u2019una dona v\u00edctima de feminicidi - NouBarris.Net\",\"isPartOf\":{\"@id\":\"https:\/\/www.noubarris.net\/web40\/#website\"},\"primaryImageOfPage\":{\"@id\":\"https:\/\/www.noubarris.net\/web40\/concentracio-ciutat-meridiana-memoria-dona-victima-feminicidi\/#primaryimage\"},\"image\":{\"@id\":\"https:\/\/www.noubarris.net\/web40\/concentracio-ciutat-meridiana-memoria-dona-victima-feminicidi\/#primaryimage\"},\"thumbnailUrl\":\"https:\/\/www.noubarris.net\/web40\/wp-content\/uploads\/2025\/06\/WhatsApp-Image-2025-05-28-at-17.34.34.jpeg\",\"datePublished\":\"2025-06-02T11:04:43+00:00\",\"dateModified\":\"2025-06-02T11:04:51+00:00\",\"breadcrumb\":{\"@id\":\"https:\/\/www.noubarris.net\/web40\/concentracio-ciutat-meridiana-memoria-dona-victima-feminicidi\/#breadcrumb\"},\"inLanguage\":\"ca\",\"potentialAction\":[{\"@type\":\"ReadAction\",\"target\":[\"https:\/\/www.noubarris.net\/web40\/concentracio-ciutat-meridiana-memoria-dona-victima-feminicidi\/\"]}]},{\"@type\":\"ImageObject\",\"inLanguage\":\"ca\",\"@id\":\"https:\/\/www.noubarris.net\/web40\/concentracio-ciutat-meridiana-memoria-dona-victima-feminicidi\/#primaryimage\",\"url\":\"https:\/\/www.noubarris.net\/web40\/wp-content\/uploads\/2025\/06\/WhatsApp-Image-2025-05-28-at-17.34.34.jpeg\",\"contentUrl\":\"https:\/\/www.noubarris.net\/web40\/wp-content\/uploads\/2025\/06\/WhatsApp-Image-2025-05-28-at-17.34.34.jpeg\",\"width\":1080,\"height\":1527,\"caption\":\"concentracio feminicidi ciutat meridiana\"},{\"@type\":\"BreadcrumbList\",\"@id\":\"https:\/\/www.noubarris.net\/web40\/concentracio-ciutat-meridiana-memoria-dona-victima-feminicidi\/#breadcrumb\",\"itemListElement\":[{\"@type\":\"ListItem\",\"position\":1,\"name\":\"Inici\",\"item\":\"https:\/\/www.noubarris.net\/web40\/\"},{\"@type\":\"ListItem\",\"position\":2,\"name\":\"Concentraci\u00f3 a Ciutat Meridiana en mem\u00f2ria d\u2019una dona v\u00edctima de feminicidi\"}]},{\"@type\":\"WebSite\",\"@id\":\"https:\/\/www.noubarris.net\/web40\/#website\",\"url\":\"https:\/\/www.noubarris.net\/web40\/\",\"name\":\"NouBarris.Net\",\"description\":\"Seguint la vida de Nou Barris des de 1985\",\"publisher\":{\"@id\":\"https:\/\/www.noubarris.net\/web40\/#organization\"},\"potentialAction\":[{\"@type\":\"SearchAction\",\"target\":{\"@type\":\"EntryPoint\",\"urlTemplate\":\"https:\/\/www.noubarris.net\/web40\/?s={search_term_string}\"},\"query-input\":{\"@type\":\"PropertyValueSpecification\",\"valueRequired\":true,\"valueName\":\"search_term_string\"}}],\"inLanguage\":\"ca\"},{\"@type\":\"Organization\",\"@id\":\"https:\/\/www.noubarris.net\/web40\/#organization\",\"name\":\"NouBarris.Net\",\"url\":\"https:\/\/www.noubarris.net\/web40\/\",\"logo\":{\"@type\":\"ImageObject\",\"inLanguage\":\"ca\",\"@id\":\"https:\/\/www.noubarris.net\/web40\/#\/schema\/logo\/image\/\",\"url\":\"https:\/\/www.noubarris.net\/web40\/wp-content\/uploads\/2024\/11\/cropped-cropped-LOGO_9BTV-2024_Insta-1.jpg\",\"contentUrl\":\"https:\/\/www.noubarris.net\/web40\/wp-content\/uploads\/2024\/11\/cropped-cropped-LOGO_9BTV-2024_Insta-1.jpg\",\"width\":512,\"height\":512,\"caption\":\"NouBarris.Net\"},\"image\":{\"@id\":\"https:\/\/www.noubarris.net\/web40\/#\/schema\/logo\/image\/\"},\"sameAs\":[\"https:\/\/www.facebook.com\/NouBarris.net\/?locale=es_ES\",\"https:\/\/x.com\/9BTV\"]},{\"@type\":\"Person\",\"@id\":\"https:\/\/www.noubarris.net\/web40\/#\/schema\/person\/1827f92aaa316c54abbf4dac0de76069\",\"name\":\"Informatius\",\"image\":{\"@type\":\"ImageObject\",\"inLanguage\":\"ca\",\"@id\":\"https:\/\/www.noubarris.net\/web40\/#\/schema\/person\/image\/\",\"url\":\"https:\/\/secure.gravatar.com\/avatar\/87a3b47928835fc72c6ee5b0e1a7263ef0c2d05003a98189bc14926c5f11bcdb?s=96&d=mm&r=g\",\"contentUrl\":\"https:\/\/secure.gravatar.com\/avatar\/87a3b47928835fc72c6ee5b0e1a7263ef0c2d05003a98189bc14926c5f11bcdb?s=96&d=mm&r=g\",\"caption\":\"Informatius\"},\"url\":\"https:\/\/www.noubarris.net\/web40\/author\/tele\/\"}]}<\/script>\n<!-- \/ Yoast SEO plugin. -->","yoast_head_json":{"title":"Concentraci\u00f3 a Ciutat Meridiana en mem\u00f2ria d\u2019una dona v\u00edctima de feminicidi - NouBarris.Net","robots":{"index":"index","follow":"follow","max-snippet":"max-snippet:-1","max-image-preview":"max-image-preview:large","max-video-preview":"max-video-preview:-1"},"canonical":"https:\/\/www.noubarris.net\/web40\/concentracio-ciutat-meridiana-memoria-dona-victima-feminicidi\/","og_locale":"ca_ES","og_type":"article","og_title":"Concentraci\u00f3 a Ciutat Meridiana en mem\u00f2ria d\u2019una dona v\u00edctima de feminicidi - NouBarris.Net","og_description":"Desenes de ve\u00efnes i ve\u00efns es van concentrar divendres passat davant de l\u2019Escola Mestre Morera, a Ciutat Meridiana, per retre","og_url":"https:\/\/www.noubarris.net\/web40\/concentracio-ciutat-meridiana-memoria-dona-victima-feminicidi\/","og_site_name":"NouBarris.Net","article_publisher":"https:\/\/www.facebook.com\/NouBarris.net\/?locale=es_ES","article_published_time":"2025-06-02T11:04:43+00:00","article_modified_time":"2025-06-02T11:04:51+00:00","og_image":[{"width":1080,"height":1527,"url":"https:\/\/www.noubarris.net\/web40\/wp-content\/uploads\/2025\/06\/WhatsApp-Image-2025-05-28-at-17.34.34.jpeg","type":"image\/jpeg"}],"author":"Informatius","twitter_card":"summary_large_image","twitter_creator":"@9BTV","twitter_site":"@9BTV","twitter_misc":{"Escrit per":"Informatius","Temps estimat de lectura":"2 minuts"},"schema":{"@context":"https:\/\/schema.org","@graph":[{"@type":"Article","@id":"https:\/\/www.noubarris.net\/web40\/concentracio-ciutat-meridiana-memoria-dona-victima-feminicidi\/#article","isPartOf":{"@id":"https:\/\/www.noubarris.net\/web40\/concentracio-ciutat-meridiana-memoria-dona-victima-feminicidi\/"},"author":{"name":"Informatius","@id":"https:\/\/www.noubarris.net\/web40\/#\/schema\/person\/1827f92aaa316c54abbf4dac0de76069"},"headline":"Concentraci\u00f3 a Ciutat Meridiana en mem\u00f2ria d\u2019una dona v\u00edctima de feminicidi","datePublished":"2025-06-02T11:04:43+00:00","dateModified":"2025-06-02T11:04:51+00:00","mainEntityOfPage":{"@id":"https:\/\/www.noubarris.net\/web40\/concentracio-ciutat-meridiana-memoria-dona-victima-feminicidi\/"},"wordCount":301,"publisher":{"@id":"https:\/\/www.noubarris.net\/web40\/#organization"},"image":{"@id":"https:\/\/www.noubarris.net\/web40\/concentracio-ciutat-meridiana-memoria-dona-victima-feminicidi\/#primaryimage"},"thumbnailUrl":"https:\/\/www.noubarris.net\/web40\/wp-content\/uploads\/2025\/06\/WhatsApp-Image-2025-05-28-at-17.34.34.jpeg","articleSection":["Ciutat Meridiana","Societat"],"inLanguage":"ca"},{"@type":"WebPage","@id":"https:\/\/www.noubarris.net\/web40\/concentracio-ciutat-meridiana-memoria-dona-victima-feminicidi\/","url":"https:\/\/www.noubarris.net\/web40\/concentracio-ciutat-meridiana-memoria-dona-victima-feminicidi\/","name":"Concentraci\u00f3 a Ciutat Meridiana en mem\u00f2ria d\u2019una dona v\u00edctima de feminicidi - NouBarris.Net","isPartOf":{"@id":"https:\/\/www.noubarris.net\/web40\/#website"},"primaryImageOfPage":{"@id":"https:\/\/www.noubarris.net\/web40\/concentracio-ciutat-meridiana-memoria-dona-victima-feminicidi\/#primaryimage"},"image":{"@id":"https:\/\/www.noubarris.net\/web40\/concentracio-ciutat-meridiana-memoria-dona-victima-feminicidi\/#primaryimage"},"thumbnailUrl":"https:\/\/www.noubarris.net\/web40\/wp-content\/uploads\/2025\/06\/WhatsApp-Image-2025-05-28-at-17.34.34.jpeg","datePublished":"2025-06-02T11:04:43+00:00","dateModified":"2025-06-02T11:04:51+00:00","breadcrumb":{"@id":"https:\/\/www.noubarris.net\/web40\/concentracio-ciutat-meridiana-memoria-dona-victima-feminicidi\/#breadcrumb"},"inLanguage":"ca","potentialAction":[{"@type":"ReadAction","target":["https:\/\/www.noubarris.net\/web40\/concentracio-ciutat-meridiana-memoria-dona-victima-feminicidi\/"]}]},{"@type":"ImageObject","inLanguage":"ca","@id":"https:\/\/www.noubarris.net\/web40\/concentracio-ciutat-meridiana-memoria-dona-victima-feminicidi\/#primaryimage","url":"https:\/\/www.noubarris.net\/web40\/wp-content\/uploads\/2025\/06\/WhatsApp-Image-2025-05-28-at-17.34.34.jpeg","contentUrl":"https:\/\/www.noubarris.net\/web40\/wp-content\/uploads\/2025\/06\/WhatsApp-Image-2025-05-28-at-17.34.34.jpeg","width":1080,"height":1527,"caption":"concentracio feminicidi ciutat meridiana"},{"@type":"BreadcrumbList","@id":"https:\/\/www.noubarris.net\/web40\/concentracio-ciutat-meridiana-memoria-dona-victima-feminicidi\/#breadcrumb","itemListElement":[{"@type":"ListItem","position":1,"name":"Inici","item":"https:\/\/www.noubarris.net\/web40\/"},{"@type":"ListItem","position":2,"name":"Concentraci\u00f3 a Ciutat Meridiana en mem\u00f2ria d\u2019una dona v\u00edctima de feminicidi"}]},{"@type":"WebSite","@id":"https:\/\/www.noubarris.net\/web40\/#website","url":"https:\/\/www.noubarris.net\/web40\/","name":"NouBarris.Net","description":"Seguint la vida de Nou Barris des de 1985","publisher":{"@id":"https:\/\/www.noubarris.net\/web40\/#organization"},"potentialAction":[{"@type":"SearchAction","target":{"@type":"EntryPoint","urlTemplate":"https:\/\/www.noubarris.net\/web40\/?s={search_term_string}"},"query-input":{"@type":"PropertyValueSpecification","valueRequired":true,"valueName":"search_term_string"}}],"inLanguage":"ca"},{"@type":"Organization","@id":"https:\/\/www.noubarris.net\/web40\/#organization","name":"NouBarris.Net","url":"https:\/\/www.noubarris.net\/web40\/","logo":{"@type":"ImageObject","inLanguage":"ca","@id":"https:\/\/www.noubarris.net\/web40\/#\/schema\/logo\/image\/","url":"https:\/\/www.noubarris.net\/web40\/wp-content\/uploads\/2024\/11\/cropped-cropped-LOGO_9BTV-2024_Insta-1.jpg","contentUrl":"https:\/\/www.noubarris.net\/web40\/wp-content\/uploads\/2024\/11\/cropped-cropped-LOGO_9BTV-2024_Insta-1.jpg","width":512,"height":512,"caption":"NouBarris.Net"},"image":{"@id":"https:\/\/www.noubarris.net\/web40\/#\/schema\/logo\/image\/"},"sameAs":["https:\/\/www.facebook.com\/NouBarris.net\/?locale=es_ES","https:\/\/x.com\/9BTV"]},{"@type":"Person","@id":"https:\/\/www.noubarris.net\/web40\/#\/schema\/person\/1827f92aaa316c54abbf4dac0de76069","name":"Informatius","image":{"@type":"ImageObject","inLanguage":"ca","@id":"https:\/\/www.noubarris.net\/web40\/#\/schema\/person\/image\/","url":"https:\/\/secure.gravatar.com\/avatar\/87a3b47928835fc72c6ee5b0e1a7263ef0c2d05003a98189bc14926c5f11bcdb?s=96&d=mm&r=g","contentUrl":"https:\/\/secure.gravatar.com\/avatar\/87a3b47928835fc72c6ee5b0e1a7263ef0c2d05003a98189bc14926c5f11bcdb?s=96&d=mm&r=g","caption":"Informatius"},"url":"https:\/\/www.noubarris.net\/web40\/author\/tele\/"}]}},"_links":{"self":[{"href":"https:\/\/www.noubarris.net\/web40\/wp-json\/wp\/v2\/posts\/85226","targetHints":{"allow":["GET"]}}],"collection":[{"href":"https:\/\/www.noubarris.net\/web40\/wp-json\/wp\/v2\/posts"}],"about":[{"href":"https:\/\/www.noubarris.net\/web40\/wp-json\/wp\/v2\/types\/post"}],"author":[{"embeddable":true,"href":"https:\/\/www.noubarris.net\/web40\/wp-json\/wp\/v2\/users\/2"}],"replies":[{"embeddable":true,"href":"https:\/\/www.noubarris.net\/web40\/wp-json\/wp\/v2\/comments?post=85226"}],"version-history":[{"count":1,"href":"https:\/\/www.noubarris.net\/web40\/wp-json\/wp\/v2\/posts\/85226\/revisions"}],"predecessor-version":[{"id":85230,"href":"https:\/\/www.noubarris.net\/web40\/wp-json\/wp\/v2\/posts\/85226\/revisions\/85230"}],"wp:featuredmedia":[{"embeddable":true,"href":"https:\/\/www.noubarris.net\/web40\/wp-json\/wp\/v2\/media\/85228"}],"wp:attachment":[{"href":"https:\/\/www.noubarris.net\/web40\/wp-json\/wp\/v2\/media?parent=85226"}],"wp:term":[{"taxonomy":"category","embeddable":true,"href":"https:\/\/www.noubarris.net\/web40\/wp-json\/wp\/v2\/categories?post=85226"},{"taxonomy":"post_tag","embeddable":true,"href":"https:\/\/www.noubarris.net\/web40\/wp-json\/wp\/v2\/tags?post=85226"}],"curies":[{"name":"wp","href":"https:\/\/api.w.org\/{rel}","templated":true}]}}