{"id":85237,"date":"2025-06-04T07:24:00","date_gmt":"2025-06-04T05:24:00","guid":{"rendered":"https:\/\/www.noubarris.net\/web40\/?p=85237"},"modified":"2025-06-03T18:29:50","modified_gmt":"2025-06-03T16:29:50","slug":"remodelacio-placeta-carrer-llopis","status":"publish","type":"post","link":"https:\/\/www.noubarris.net\/web40\/remodelacio-placeta-carrer-llopis\/","title":{"rendered":"Remodelaci\u00f3 de la placeta del carrer Llopis"},"content":{"rendered":"\n<p>Ja han acabat les obres de remodelaci\u00f3 de la placeta del carrer de Llopis, al barri de les Roquetes i amb elles tamb\u00e9 ha desaparegut el pol\u00e8mic monticle que regnava al centre.\u00a0 Aquest petit monticle va ser protagonista de moltes cr\u00edtiques per part dels ve\u00efns, que lamentaven que suposava una p\u00e8rdua i desaprofitament de l\u2019espai prou considerable. Curiosament va estar rebatejat des del comen\u00e7ament amb alguns noms curiosos com \u201cla pla\u00e7a de l\u2019hemorroide\u201d, \u201cla pla\u00e7a del gra\u201d, o \u201cla pla\u00e7a de l\u2019ovni\u201d, entre d\u2019altres. Finalment l\u2019Ajuntament de Barcelona va impulsar la reforma de la pla\u00e7a a causa del reclam ve\u00efnal, unes queixes que es remuntaven quasi al primer moment en qu\u00e8 es va construir, ara fa ben b\u00e9 15 anys.<\/p>\n\n\n\n<figure class=\"wp-block-image aligncenter size-full\"><img loading=\"lazy\" decoding=\"async\" width=\"760\" height=\"428\" src=\"https:\/\/www.noubarris.net\/web40\/wp-content\/uploads\/2025\/06\/placeta-llopis-8-760x428-1.jpg\" alt=\"Remodelaci\u00f3 placeta llopis\" class=\"wp-image-85238\" srcset=\"https:\/\/www.noubarris.net\/web40\/wp-content\/uploads\/2025\/06\/placeta-llopis-8-760x428-1.jpg 760w, https:\/\/www.noubarris.net\/web40\/wp-content\/uploads\/2025\/06\/placeta-llopis-8-760x428-1-300x169.jpg 300w\" sizes=\"auto, (max-width: 760px) 100vw, 760px\" \/><\/figure>\n\n\n\n<p>El ve\u00efns de la zona reclamaven que aquest espai es reconvert\u00eds en una zona m\u00e9s d\u2019estada i accessible amb bancs i arbres, per exemple, i, aix\u00ed, poder gaudir-hi m\u00e9s del lloc. Aix\u00ed doncs, en l\u2019actualitat, s\u2019ha redistribu\u00eft l\u2019espai i els usos. S\u2019ha eliminat el monticle, aplanant la placeta i, tamb\u00e9, s\u2019hi han instal\u00b7lat algunes rampes amb barana per salvar el desnivell generalitzat que restava d\u2019aquest espai. Per \u00faltim, s\u2019han col\u00b7locat bancs per seure, arbres i una font d\u2019aigua potable.<\/p>\n<p><em>Redacci\u00f3: Laura Roa<\/em><\/p>\n\n\n","protected":false},"excerpt":{"rendered":"<p>Ja han acabat les obres de remodelaci\u00f3 de la placeta del carrer de Llopis, al barri de les Roquetes i<\/p>\n","protected":false},"author":2,"featured_media":85238,"comment_status":"closed","ping_status":"closed","sticky":false,"template":"","format":"standard","meta":{"colormag_page_layout":"default_layout","_monsterinsights_skip_tracking":false,"_monsterinsights_sitenote_active":false,"_monsterinsights_sitenote_note":"","_monsterinsights_sitenote_category":0,"footnotes":""},"categories":[1],"tags":[],"class_list":["post-85237","post","type-post","status-publish","format-standard","has-post-thumbnail","hentry","category-nou-barris"],"yoast_head":"<!-- This site is optimized with the Yoast SEO plugin v25.3 - https:\/\/yoast.com\/wordpress\/plugins\/seo\/ -->\n<title>Remodelaci\u00f3 de la placeta del carrer Llopis - NouBarris.Net<\/title>\n<meta name=\"robots\" content=\"index, follow, max-snippet:-1, max-image-preview:large, max-video-preview:-1\" \/>\n<link rel=\"canonical\" href=\"https:\/\/www.noubarris.net\/web40\/remodelacio-placeta-carrer-llopis\/\" \/>\n<meta property=\"og:locale\" content=\"ca_ES\" \/>\n<meta property=\"og:type\" content=\"article\" \/>\n<meta property=\"og:title\" content=\"Remodelaci\u00f3 de la placeta del carrer Llopis - NouBarris.Net\" \/>\n<meta property=\"og:description\" content=\"Ja han acabat les obres de remodelaci\u00f3 de la placeta del carrer de Llopis, al barri de les Roquetes i\" \/>\n<meta property=\"og:url\" content=\"https:\/\/www.noubarris.net\/web40\/remodelacio-placeta-carrer-llopis\/\" \/>\n<meta property=\"og:site_name\" content=\"NouBarris.Net\" \/>\n<meta property=\"article:publisher\" content=\"https:\/\/www.facebook.com\/NouBarris.net\/?locale=es_ES\" \/>\n<meta property=\"article:published_time\" content=\"2025-06-04T05:24:00+00:00\" \/>\n<meta property=\"og:image\" content=\"https:\/\/www.noubarris.net\/web40\/wp-content\/uploads\/2025\/06\/placeta-llopis-8-760x428-1.jpg\" \/>\n\t<meta property=\"og:image:width\" content=\"760\" \/>\n\t<meta property=\"og:image:height\" content=\"428\" \/>\n\t<meta property=\"og:image:type\" content=\"image\/jpeg\" \/>\n<meta name=\"author\" content=\"Informatius\" \/>\n<meta name=\"twitter:card\" content=\"summary_large_image\" \/>\n<meta name=\"twitter:creator\" content=\"@9BTV\" \/>\n<meta name=\"twitter:site\" content=\"@9BTV\" \/>\n<meta name=\"twitter:label1\" content=\"Escrit per\" \/>\n\t<meta name=\"twitter:data1\" content=\"Informatius\" \/>\n\t<meta name=\"twitter:label2\" content=\"Temps estimat de lectura\" \/>\n\t<meta name=\"twitter:data2\" content=\"2 minuts\" \/>\n<script type=\"application\/ld+json\" class=\"yoast-schema-graph\">{\"@context\":\"https:\/\/schema.org\",\"@graph\":[{\"@type\":\"Article\",\"@id\":\"https:\/\/www.noubarris.net\/web40\/remodelacio-placeta-carrer-llopis\/#article\",\"isPartOf\":{\"@id\":\"https:\/\/www.noubarris.net\/web40\/remodelacio-placeta-carrer-llopis\/\"},\"author\":{\"name\":\"Informatius\",\"@id\":\"https:\/\/www.noubarris.net\/web40\/#\/schema\/person\/1827f92aaa316c54abbf4dac0de76069\"},\"headline\":\"Remodelaci\u00f3 de la placeta del carrer Llopis\",\"datePublished\":\"2025-06-04T05:24:00+00:00\",\"mainEntityOfPage\":{\"@id\":\"https:\/\/www.noubarris.net\/web40\/remodelacio-placeta-carrer-llopis\/\"},\"wordCount\":239,\"publisher\":{\"@id\":\"https:\/\/www.noubarris.net\/web40\/#organization\"},\"image\":{\"@id\":\"https:\/\/www.noubarris.net\/web40\/remodelacio-placeta-carrer-llopis\/#primaryimage\"},\"thumbnailUrl\":\"https:\/\/www.noubarris.net\/web40\/wp-content\/uploads\/2025\/06\/placeta-llopis-8-760x428-1.jpg\",\"articleSection\":[\"Nou Barris\"],\"inLanguage\":\"ca\"},{\"@type\":\"WebPage\",\"@id\":\"https:\/\/www.noubarris.net\/web40\/remodelacio-placeta-carrer-llopis\/\",\"url\":\"https:\/\/www.noubarris.net\/web40\/remodelacio-placeta-carrer-llopis\/\",\"name\":\"Remodelaci\u00f3 de la placeta del carrer Llopis - NouBarris.Net\",\"isPartOf\":{\"@id\":\"https:\/\/www.noubarris.net\/web40\/#website\"},\"primaryImageOfPage\":{\"@id\":\"https:\/\/www.noubarris.net\/web40\/remodelacio-placeta-carrer-llopis\/#primaryimage\"},\"image\":{\"@id\":\"https:\/\/www.noubarris.net\/web40\/remodelacio-placeta-carrer-llopis\/#primaryimage\"},\"thumbnailUrl\":\"https:\/\/www.noubarris.net\/web40\/wp-content\/uploads\/2025\/06\/placeta-llopis-8-760x428-1.jpg\",\"datePublished\":\"2025-06-04T05:24:00+00:00\",\"breadcrumb\":{\"@id\":\"https:\/\/www.noubarris.net\/web40\/remodelacio-placeta-carrer-llopis\/#breadcrumb\"},\"inLanguage\":\"ca\",\"potentialAction\":[{\"@type\":\"ReadAction\",\"target\":[\"https:\/\/www.noubarris.net\/web40\/remodelacio-placeta-carrer-llopis\/\"]}]},{\"@type\":\"ImageObject\",\"inLanguage\":\"ca\",\"@id\":\"https:\/\/www.noubarris.net\/web40\/remodelacio-placeta-carrer-llopis\/#primaryimage\",\"url\":\"https:\/\/www.noubarris.net\/web40\/wp-content\/uploads\/2025\/06\/placeta-llopis-8-760x428-1.jpg\",\"contentUrl\":\"https:\/\/www.noubarris.net\/web40\/wp-content\/uploads\/2025\/06\/placeta-llopis-8-760x428-1.jpg\",\"width\":760,\"height\":428,\"caption\":\"Remodelaci\u00f3 placeta llopis\"},{\"@type\":\"BreadcrumbList\",\"@id\":\"https:\/\/www.noubarris.net\/web40\/remodelacio-placeta-carrer-llopis\/#breadcrumb\",\"itemListElement\":[{\"@type\":\"ListItem\",\"position\":1,\"name\":\"Inici\",\"item\":\"https:\/\/www.noubarris.net\/web40\/\"},{\"@type\":\"ListItem\",\"position\":2,\"name\":\"Remodelaci\u00f3 de la placeta del carrer Llopis\"}]},{\"@type\":\"WebSite\",\"@id\":\"https:\/\/www.noubarris.net\/web40\/#website\",\"url\":\"https:\/\/www.noubarris.net\/web40\/\",\"name\":\"NouBarris.Net\",\"description\":\"Seguint la vida de Nou Barris des de 1985\",\"publisher\":{\"@id\":\"https:\/\/www.noubarris.net\/web40\/#organization\"},\"potentialAction\":[{\"@type\":\"SearchAction\",\"target\":{\"@type\":\"EntryPoint\",\"urlTemplate\":\"https:\/\/www.noubarris.net\/web40\/?s={search_term_string}\"},\"query-input\":{\"@type\":\"PropertyValueSpecification\",\"valueRequired\":true,\"valueName\":\"search_term_string\"}}],\"inLanguage\":\"ca\"},{\"@type\":\"Organization\",\"@id\":\"https:\/\/www.noubarris.net\/web40\/#organization\",\"name\":\"NouBarris.Net\",\"url\":\"https:\/\/www.noubarris.net\/web40\/\",\"logo\":{\"@type\":\"ImageObject\",\"inLanguage\":\"ca\",\"@id\":\"https:\/\/www.noubarris.net\/web40\/#\/schema\/logo\/image\/\",\"url\":\"https:\/\/www.noubarris.net\/web40\/wp-content\/uploads\/2024\/11\/cropped-cropped-LOGO_9BTV-2024_Insta-1.jpg\",\"contentUrl\":\"https:\/\/www.noubarris.net\/web40\/wp-content\/uploads\/2024\/11\/cropped-cropped-LOGO_9BTV-2024_Insta-1.jpg\",\"width\":512,\"height\":512,\"caption\":\"NouBarris.Net\"},\"image\":{\"@id\":\"https:\/\/www.noubarris.net\/web40\/#\/schema\/logo\/image\/\"},\"sameAs\":[\"https:\/\/www.facebook.com\/NouBarris.net\/?locale=es_ES\",\"https:\/\/x.com\/9BTV\"]},{\"@type\":\"Person\",\"@id\":\"https:\/\/www.noubarris.net\/web40\/#\/schema\/person\/1827f92aaa316c54abbf4dac0de76069\",\"name\":\"Informatius\",\"image\":{\"@type\":\"ImageObject\",\"inLanguage\":\"ca\",\"@id\":\"https:\/\/www.noubarris.net\/web40\/#\/schema\/person\/image\/\",\"url\":\"https:\/\/secure.gravatar.com\/avatar\/87a3b47928835fc72c6ee5b0e1a7263ef0c2d05003a98189bc14926c5f11bcdb?s=96&d=mm&r=g\",\"contentUrl\":\"https:\/\/secure.gravatar.com\/avatar\/87a3b47928835fc72c6ee5b0e1a7263ef0c2d05003a98189bc14926c5f11bcdb?s=96&d=mm&r=g\",\"caption\":\"Informatius\"},\"url\":\"https:\/\/www.noubarris.net\/web40\/author\/tele\/\"}]}<\/script>\n<!-- \/ Yoast SEO plugin. -->","yoast_head_json":{"title":"Remodelaci\u00f3 de la placeta del carrer Llopis - NouBarris.Net","robots":{"index":"index","follow":"follow","max-snippet":"max-snippet:-1","max-image-preview":"max-image-preview:large","max-video-preview":"max-video-preview:-1"},"canonical":"https:\/\/www.noubarris.net\/web40\/remodelacio-placeta-carrer-llopis\/","og_locale":"ca_ES","og_type":"article","og_title":"Remodelaci\u00f3 de la placeta del carrer Llopis - NouBarris.Net","og_description":"Ja han acabat les obres de remodelaci\u00f3 de la placeta del carrer de Llopis, al barri de les Roquetes i","og_url":"https:\/\/www.noubarris.net\/web40\/remodelacio-placeta-carrer-llopis\/","og_site_name":"NouBarris.Net","article_publisher":"https:\/\/www.facebook.com\/NouBarris.net\/?locale=es_ES","article_published_time":"2025-06-04T05:24:00+00:00","og_image":[{"width":760,"height":428,"url":"https:\/\/www.noubarris.net\/web40\/wp-content\/uploads\/2025\/06\/placeta-llopis-8-760x428-1.jpg","type":"image\/jpeg"}],"author":"Informatius","twitter_card":"summary_large_image","twitter_creator":"@9BTV","twitter_site":"@9BTV","twitter_misc":{"Escrit per":"Informatius","Temps estimat de lectura":"2 minuts"},"schema":{"@context":"https:\/\/schema.org","@graph":[{"@type":"Article","@id":"https:\/\/www.noubarris.net\/web40\/remodelacio-placeta-carrer-llopis\/#article","isPartOf":{"@id":"https:\/\/www.noubarris.net\/web40\/remodelacio-placeta-carrer-llopis\/"},"author":{"name":"Informatius","@id":"https:\/\/www.noubarris.net\/web40\/#\/schema\/person\/1827f92aaa316c54abbf4dac0de76069"},"headline":"Remodelaci\u00f3 de la placeta del carrer Llopis","datePublished":"2025-06-04T05:24:00+00:00","mainEntityOfPage":{"@id":"https:\/\/www.noubarris.net\/web40\/remodelacio-placeta-carrer-llopis\/"},"wordCount":239,"publisher":{"@id":"https:\/\/www.noubarris.net\/web40\/#organization"},"image":{"@id":"https:\/\/www.noubarris.net\/web40\/remodelacio-placeta-carrer-llopis\/#primaryimage"},"thumbnailUrl":"https:\/\/www.noubarris.net\/web40\/wp-content\/uploads\/2025\/06\/placeta-llopis-8-760x428-1.jpg","articleSection":["Nou Barris"],"inLanguage":"ca"},{"@type":"WebPage","@id":"https:\/\/www.noubarris.net\/web40\/remodelacio-placeta-carrer-llopis\/","url":"https:\/\/www.noubarris.net\/web40\/remodelacio-placeta-carrer-llopis\/","name":"Remodelaci\u00f3 de la placeta del carrer Llopis - NouBarris.Net","isPartOf":{"@id":"https:\/\/www.noubarris.net\/web40\/#website"},"primaryImageOfPage":{"@id":"https:\/\/www.noubarris.net\/web40\/remodelacio-placeta-carrer-llopis\/#primaryimage"},"image":{"@id":"https:\/\/www.noubarris.net\/web40\/remodelacio-placeta-carrer-llopis\/#primaryimage"},"thumbnailUrl":"https:\/\/www.noubarris.net\/web40\/wp-content\/uploads\/2025\/06\/placeta-llopis-8-760x428-1.jpg","datePublished":"2025-06-04T05:24:00+00:00","breadcrumb":{"@id":"https:\/\/www.noubarris.net\/web40\/remodelacio-placeta-carrer-llopis\/#breadcrumb"},"inLanguage":"ca","potentialAction":[{"@type":"ReadAction","target":["https:\/\/www.noubarris.net\/web40\/remodelacio-placeta-carrer-llopis\/"]}]},{"@type":"ImageObject","inLanguage":"ca","@id":"https:\/\/www.noubarris.net\/web40\/remodelacio-placeta-carrer-llopis\/#primaryimage","url":"https:\/\/www.noubarris.net\/web40\/wp-content\/uploads\/2025\/06\/placeta-llopis-8-760x428-1.jpg","contentUrl":"https:\/\/www.noubarris.net\/web40\/wp-content\/uploads\/2025\/06\/placeta-llopis-8-760x428-1.jpg","width":760,"height":428,"caption":"Remodelaci\u00f3 placeta llopis"},{"@type":"BreadcrumbList","@id":"https:\/\/www.noubarris.net\/web40\/remodelacio-placeta-carrer-llopis\/#breadcrumb","itemListElement":[{"@type":"ListItem","position":1,"name":"Inici","item":"https:\/\/www.noubarris.net\/web40\/"},{"@type":"ListItem","position":2,"name":"Remodelaci\u00f3 de la placeta del carrer Llopis"}]},{"@type":"WebSite","@id":"https:\/\/www.noubarris.net\/web40\/#website","url":"https:\/\/www.noubarris.net\/web40\/","name":"NouBarris.Net","description":"Seguint la vida de Nou Barris des de 1985","publisher":{"@id":"https:\/\/www.noubarris.net\/web40\/#organization"},"potentialAction":[{"@type":"SearchAction","target":{"@type":"EntryPoint","urlTemplate":"https:\/\/www.noubarris.net\/web40\/?s={search_term_string}"},"query-input":{"@type":"PropertyValueSpecification","valueRequired":true,"valueName":"search_term_string"}}],"inLanguage":"ca"},{"@type":"Organization","@id":"https:\/\/www.noubarris.net\/web40\/#organization","name":"NouBarris.Net","url":"https:\/\/www.noubarris.net\/web40\/","logo":{"@type":"ImageObject","inLanguage":"ca","@id":"https:\/\/www.noubarris.net\/web40\/#\/schema\/logo\/image\/","url":"https:\/\/www.noubarris.net\/web40\/wp-content\/uploads\/2024\/11\/cropped-cropped-LOGO_9BTV-2024_Insta-1.jpg","contentUrl":"https:\/\/www.noubarris.net\/web40\/wp-content\/uploads\/2024\/11\/cropped-cropped-LOGO_9BTV-2024_Insta-1.jpg","width":512,"height":512,"caption":"NouBarris.Net"},"image":{"@id":"https:\/\/www.noubarris.net\/web40\/#\/schema\/logo\/image\/"},"sameAs":["https:\/\/www.facebook.com\/NouBarris.net\/?locale=es_ES","https:\/\/x.com\/9BTV"]},{"@type":"Person","@id":"https:\/\/www.noubarris.net\/web40\/#\/schema\/person\/1827f92aaa316c54abbf4dac0de76069","name":"Informatius","image":{"@type":"ImageObject","inLanguage":"ca","@id":"https:\/\/www.noubarris.net\/web40\/#\/schema\/person\/image\/","url":"https:\/\/secure.gravatar.com\/avatar\/87a3b47928835fc72c6ee5b0e1a7263ef0c2d05003a98189bc14926c5f11bcdb?s=96&d=mm&r=g","contentUrl":"https:\/\/secure.gravatar.com\/avatar\/87a3b47928835fc72c6ee5b0e1a7263ef0c2d05003a98189bc14926c5f11bcdb?s=96&d=mm&r=g","caption":"Informatius"},"url":"https:\/\/www.noubarris.net\/web40\/author\/tele\/"}]}},"_links":{"self":[{"href":"https:\/\/www.noubarris.net\/web40\/wp-json\/wp\/v2\/posts\/85237","targetHints":{"allow":["GET"]}}],"collection":[{"href":"https:\/\/www.noubarris.net\/web40\/wp-json\/wp\/v2\/posts"}],"about":[{"href":"https:\/\/www.noubarris.net\/web40\/wp-json\/wp\/v2\/types\/post"}],"author":[{"embeddable":true,"href":"https:\/\/www.noubarris.net\/web40\/wp-json\/wp\/v2\/users\/2"}],"replies":[{"embeddable":true,"href":"https:\/\/www.noubarris.net\/web40\/wp-json\/wp\/v2\/comments?post=85237"}],"version-history":[{"count":1,"href":"https:\/\/www.noubarris.net\/web40\/wp-json\/wp\/v2\/posts\/85237\/revisions"}],"predecessor-version":[{"id":85239,"href":"https:\/\/www.noubarris.net\/web40\/wp-json\/wp\/v2\/posts\/85237\/revisions\/85239"}],"wp:featuredmedia":[{"embeddable":true,"href":"https:\/\/www.noubarris.net\/web40\/wp-json\/wp\/v2\/media\/85238"}],"wp:attachment":[{"href":"https:\/\/www.noubarris.net\/web40\/wp-json\/wp\/v2\/media?parent=85237"}],"wp:term":[{"taxonomy":"category","embeddable":true,"href":"https:\/\/www.noubarris.net\/web40\/wp-json\/wp\/v2\/categories?post=85237"},{"taxonomy":"post_tag","embeddable":true,"href":"https:\/\/www.noubarris.net\/web40\/wp-json\/wp\/v2\/tags?post=85237"}],"curies":[{"name":"wp","href":"https:\/\/api.w.org\/{rel}","templated":true}]}}