{"id":85299,"date":"2025-06-10T12:45:19","date_gmt":"2025-06-10T10:45:19","guid":{"rendered":"https:\/\/www.noubarris.net\/web40\/?p=85299"},"modified":"2025-06-10T12:48:24","modified_gmt":"2025-06-10T10:48:24","slug":"festes-majors-trinitat-nova","status":"publish","type":"post","link":"https:\/\/www.noubarris.net\/web40\/festes-majors-trinitat-nova\/","title":{"rendered":"Festes Majors de Trinitat Nova"},"content":{"rendered":"\n\n\n<figure class=\"wp-block-image aligncenter size-full is-resized\"><img loading=\"lazy\" decoding=\"async\" width=\"707\" height=\"1000\" src=\"https:\/\/www.noubarris.net\/web40\/wp-content\/uploads\/2025\/06\/494887032_1264487745334692_5047182827966361019_n-1.jpg\" alt=\"Festa major Trinitat nova 2025\" class=\"wp-image-85263\" style=\"width:339px;height:auto\" srcset=\"https:\/\/www.noubarris.net\/web40\/wp-content\/uploads\/2025\/06\/494887032_1264487745334692_5047182827966361019_n-1.jpg 707w, https:\/\/www.noubarris.net\/web40\/wp-content\/uploads\/2025\/06\/494887032_1264487745334692_5047182827966361019_n-1-212x300.jpg 212w\" sizes=\"auto, (max-width: 707px) 100vw, 707px\" \/><\/figure>\n\n\n\n<p>Com cada any, el barri de La Trinitat Nova celebra les seves festes majors. Hi hauran actes i activitats distribu\u00efts al llarg de totes les places i carrers del barri. Les dates s\u00f3n del 7 al 15 de juny. A continuaci\u00f3, es detalla una mica de programaci\u00f3:<\/p>\n\n\n\n<p>El dissabte, 7 de juny , es va fer correbars pels carrers del barri i a les 20h el preg\u00f3 que donava el toc d\u2019inici oficial de les festes.<\/p>\n\n\n\n<p>El dia 8 de juny, dinar popular a les 14h amb paella i concert, i a les 17h DJ.<\/p>\n\n\n\n<p>Avui 10 de juny, es donar\u00e0 lloc a l\u2019activitat de cinema a la fresca a les 21h i dem\u00e0, espectacle de m\u00e0gia i berenar popular amb els millors dol\u00e7os i entrepans. Activitat programada a les 17h.<\/p>\n\n\n\n<p>A meitat de setmana , concretament el dijous 12 de juny a les 19h, es podr\u00e0 gaudir d\u2019un meravell\u00f3s espectacle teatral que no deixar\u00e0 indiferent a ning\u00fa. El divendres 13, sardinada i concerts per a posar en marxa el cap de setmana. Actes que es donaran a partir de les 21h.<\/p>\n\n\n\n<p>El dissabte 14 de juny, dia gros de les festes majors de Trinitat Nova, des de bon mat\u00ed i fins entrada la nit hi es trobaran diverses activitats com la \u201ctrinifira\u201d, a partir de les 10h, continuant amb una gran festa del confeti per als infants i, passant ja al vespre, sopar amb vestit rematant amb un bingo musical a les 22:30 seguidament de concerts.<\/p>\n\n\n\n<p>Donant pas, aix\u00ed, a l\u2019\u00faltim dia de la festa major, tamb\u00e9 hi hauran esdeveniments repartits al llarg de tot el dia com l\u2019espectacle de m\u00e0gia infantil a les 12:30h, vermut musical una hora despr\u00e9s i exhibici\u00f3 de sevillanes a las 18h. Darrerament i com a fermall final per a aquestes festes majors, hi haur\u00e0 el correfoc i castell de focs artificials.<\/p>\n\n\n\n<p>Tot plegat tradici\u00f3, diversi\u00f3 i germanor s\u2019uneixen, com sempre i des del 1979, per a fer unes festes majors que no deixar\u00e0 a ning\u00fa indiferent. Plenes de cultura, sobretot, i amb molta il\u00b7lusi\u00f3 per part del ve\u00efnat de la Trinitat Nova que, sens dubte, animen a tot aquell que vulgui passar una bona estada pels seus carrers i places encara que, no formin part del barri.<\/p>\n<p><em>Redacci\u00f3: Laura Rua<\/em><\/p>\n<p>\u00a0<\/p>\n\n\n","protected":false},"excerpt":{"rendered":"<p>Com cada any, el barri de La Trinitat Nova celebra les seves festes majors. Hi hauran actes i activitats distribu\u00efts<\/p>\n","protected":false},"author":2,"featured_media":85263,"comment_status":"closed","ping_status":"closed","sticky":false,"template":"","format":"standard","meta":{"colormag_page_layout":"default_layout","_monsterinsights_skip_tracking":false,"_monsterinsights_sitenote_active":false,"_monsterinsights_sitenote_note":"","_monsterinsights_sitenote_category":0,"footnotes":""},"categories":[138,1,126],"tags":[],"class_list":["post-85299","post","type-post","status-publish","format-standard","has-post-thumbnail","hentry","category-la-trinitat-nova","category-nou-barris","category-politica"],"yoast_head":"<!-- This site is optimized with the Yoast SEO plugin v25.3 - https:\/\/yoast.com\/wordpress\/plugins\/seo\/ -->\n<title>Festes Majors de Trinitat Nova - NouBarris.Net<\/title>\n<meta name=\"robots\" content=\"index, follow, max-snippet:-1, max-image-preview:large, max-video-preview:-1\" \/>\n<link rel=\"canonical\" href=\"https:\/\/www.noubarris.net\/web40\/festes-majors-trinitat-nova\/\" \/>\n<meta property=\"og:locale\" content=\"ca_ES\" \/>\n<meta property=\"og:type\" content=\"article\" \/>\n<meta property=\"og:title\" content=\"Festes Majors de Trinitat Nova - NouBarris.Net\" \/>\n<meta property=\"og:description\" content=\"Com cada any, el barri de La Trinitat Nova celebra les seves festes majors. Hi hauran actes i activitats distribu\u00efts\" \/>\n<meta property=\"og:url\" content=\"https:\/\/www.noubarris.net\/web40\/festes-majors-trinitat-nova\/\" \/>\n<meta property=\"og:site_name\" content=\"NouBarris.Net\" \/>\n<meta property=\"article:publisher\" content=\"https:\/\/www.facebook.com\/NouBarris.net\/?locale=es_ES\" \/>\n<meta property=\"article:published_time\" content=\"2025-06-10T10:45:19+00:00\" \/>\n<meta property=\"article:modified_time\" content=\"2025-06-10T10:48:24+00:00\" \/>\n<meta property=\"og:image\" content=\"https:\/\/www.noubarris.net\/web40\/wp-content\/uploads\/2025\/06\/494887032_1264487745334692_5047182827966361019_n-1.jpg\" \/>\n\t<meta property=\"og:image:width\" content=\"707\" \/>\n\t<meta property=\"og:image:height\" content=\"1000\" \/>\n\t<meta property=\"og:image:type\" content=\"image\/jpeg\" \/>\n<meta name=\"author\" content=\"Informatius\" \/>\n<meta name=\"twitter:card\" content=\"summary_large_image\" \/>\n<meta name=\"twitter:creator\" content=\"@9BTV\" \/>\n<meta name=\"twitter:site\" content=\"@9BTV\" \/>\n<meta name=\"twitter:label1\" content=\"Escrit per\" \/>\n\t<meta name=\"twitter:data1\" content=\"Informatius\" \/>\n\t<meta name=\"twitter:label2\" content=\"Temps estimat de lectura\" \/>\n\t<meta name=\"twitter:data2\" content=\"3 minuts\" \/>\n<script type=\"application\/ld+json\" class=\"yoast-schema-graph\">{\"@context\":\"https:\/\/schema.org\",\"@graph\":[{\"@type\":\"Article\",\"@id\":\"https:\/\/www.noubarris.net\/web40\/festes-majors-trinitat-nova\/#article\",\"isPartOf\":{\"@id\":\"https:\/\/www.noubarris.net\/web40\/festes-majors-trinitat-nova\/\"},\"author\":{\"name\":\"Informatius\",\"@id\":\"https:\/\/www.noubarris.net\/web40\/#\/schema\/person\/1827f92aaa316c54abbf4dac0de76069\"},\"headline\":\"Festes Majors de Trinitat Nova\",\"datePublished\":\"2025-06-10T10:45:19+00:00\",\"dateModified\":\"2025-06-10T10:48:24+00:00\",\"mainEntityOfPage\":{\"@id\":\"https:\/\/www.noubarris.net\/web40\/festes-majors-trinitat-nova\/\"},\"wordCount\":385,\"publisher\":{\"@id\":\"https:\/\/www.noubarris.net\/web40\/#organization\"},\"image\":{\"@id\":\"https:\/\/www.noubarris.net\/web40\/festes-majors-trinitat-nova\/#primaryimage\"},\"thumbnailUrl\":\"https:\/\/www.noubarris.net\/web40\/wp-content\/uploads\/2025\/06\/494887032_1264487745334692_5047182827966361019_n-1.jpg\",\"articleSection\":[\"La Trinitat Nova\",\"Nou Barris\",\"Pol\u00edtica\"],\"inLanguage\":\"ca\"},{\"@type\":\"WebPage\",\"@id\":\"https:\/\/www.noubarris.net\/web40\/festes-majors-trinitat-nova\/\",\"url\":\"https:\/\/www.noubarris.net\/web40\/festes-majors-trinitat-nova\/\",\"name\":\"Festes Majors de Trinitat Nova - NouBarris.Net\",\"isPartOf\":{\"@id\":\"https:\/\/www.noubarris.net\/web40\/#website\"},\"primaryImageOfPage\":{\"@id\":\"https:\/\/www.noubarris.net\/web40\/festes-majors-trinitat-nova\/#primaryimage\"},\"image\":{\"@id\":\"https:\/\/www.noubarris.net\/web40\/festes-majors-trinitat-nova\/#primaryimage\"},\"thumbnailUrl\":\"https:\/\/www.noubarris.net\/web40\/wp-content\/uploads\/2025\/06\/494887032_1264487745334692_5047182827966361019_n-1.jpg\",\"datePublished\":\"2025-06-10T10:45:19+00:00\",\"dateModified\":\"2025-06-10T10:48:24+00:00\",\"breadcrumb\":{\"@id\":\"https:\/\/www.noubarris.net\/web40\/festes-majors-trinitat-nova\/#breadcrumb\"},\"inLanguage\":\"ca\",\"potentialAction\":[{\"@type\":\"ReadAction\",\"target\":[\"https:\/\/www.noubarris.net\/web40\/festes-majors-trinitat-nova\/\"]}]},{\"@type\":\"ImageObject\",\"inLanguage\":\"ca\",\"@id\":\"https:\/\/www.noubarris.net\/web40\/festes-majors-trinitat-nova\/#primaryimage\",\"url\":\"https:\/\/www.noubarris.net\/web40\/wp-content\/uploads\/2025\/06\/494887032_1264487745334692_5047182827966361019_n-1.jpg\",\"contentUrl\":\"https:\/\/www.noubarris.net\/web40\/wp-content\/uploads\/2025\/06\/494887032_1264487745334692_5047182827966361019_n-1.jpg\",\"width\":707,\"height\":1000,\"caption\":\"Festa major Trinitat nova 2025\"},{\"@type\":\"BreadcrumbList\",\"@id\":\"https:\/\/www.noubarris.net\/web40\/festes-majors-trinitat-nova\/#breadcrumb\",\"itemListElement\":[{\"@type\":\"ListItem\",\"position\":1,\"name\":\"Inici\",\"item\":\"https:\/\/www.noubarris.net\/web40\/\"},{\"@type\":\"ListItem\",\"position\":2,\"name\":\"Festes Majors de Trinitat Nova\"}]},{\"@type\":\"WebSite\",\"@id\":\"https:\/\/www.noubarris.net\/web40\/#website\",\"url\":\"https:\/\/www.noubarris.net\/web40\/\",\"name\":\"NouBarris.Net\",\"description\":\"Seguint la vida de Nou Barris des de 1985\",\"publisher\":{\"@id\":\"https:\/\/www.noubarris.net\/web40\/#organization\"},\"potentialAction\":[{\"@type\":\"SearchAction\",\"target\":{\"@type\":\"EntryPoint\",\"urlTemplate\":\"https:\/\/www.noubarris.net\/web40\/?s={search_term_string}\"},\"query-input\":{\"@type\":\"PropertyValueSpecification\",\"valueRequired\":true,\"valueName\":\"search_term_string\"}}],\"inLanguage\":\"ca\"},{\"@type\":\"Organization\",\"@id\":\"https:\/\/www.noubarris.net\/web40\/#organization\",\"name\":\"NouBarris.Net\",\"url\":\"https:\/\/www.noubarris.net\/web40\/\",\"logo\":{\"@type\":\"ImageObject\",\"inLanguage\":\"ca\",\"@id\":\"https:\/\/www.noubarris.net\/web40\/#\/schema\/logo\/image\/\",\"url\":\"https:\/\/www.noubarris.net\/web40\/wp-content\/uploads\/2024\/11\/cropped-cropped-LOGO_9BTV-2024_Insta-1.jpg\",\"contentUrl\":\"https:\/\/www.noubarris.net\/web40\/wp-content\/uploads\/2024\/11\/cropped-cropped-LOGO_9BTV-2024_Insta-1.jpg\",\"width\":512,\"height\":512,\"caption\":\"NouBarris.Net\"},\"image\":{\"@id\":\"https:\/\/www.noubarris.net\/web40\/#\/schema\/logo\/image\/\"},\"sameAs\":[\"https:\/\/www.facebook.com\/NouBarris.net\/?locale=es_ES\",\"https:\/\/x.com\/9BTV\"]},{\"@type\":\"Person\",\"@id\":\"https:\/\/www.noubarris.net\/web40\/#\/schema\/person\/1827f92aaa316c54abbf4dac0de76069\",\"name\":\"Informatius\",\"image\":{\"@type\":\"ImageObject\",\"inLanguage\":\"ca\",\"@id\":\"https:\/\/www.noubarris.net\/web40\/#\/schema\/person\/image\/\",\"url\":\"https:\/\/secure.gravatar.com\/avatar\/87a3b47928835fc72c6ee5b0e1a7263ef0c2d05003a98189bc14926c5f11bcdb?s=96&d=mm&r=g\",\"contentUrl\":\"https:\/\/secure.gravatar.com\/avatar\/87a3b47928835fc72c6ee5b0e1a7263ef0c2d05003a98189bc14926c5f11bcdb?s=96&d=mm&r=g\",\"caption\":\"Informatius\"},\"url\":\"https:\/\/www.noubarris.net\/web40\/author\/tele\/\"}]}<\/script>\n<!-- \/ Yoast SEO plugin. -->","yoast_head_json":{"title":"Festes Majors de Trinitat Nova - NouBarris.Net","robots":{"index":"index","follow":"follow","max-snippet":"max-snippet:-1","max-image-preview":"max-image-preview:large","max-video-preview":"max-video-preview:-1"},"canonical":"https:\/\/www.noubarris.net\/web40\/festes-majors-trinitat-nova\/","og_locale":"ca_ES","og_type":"article","og_title":"Festes Majors de Trinitat Nova - NouBarris.Net","og_description":"Com cada any, el barri de La Trinitat Nova celebra les seves festes majors. Hi hauran actes i activitats distribu\u00efts","og_url":"https:\/\/www.noubarris.net\/web40\/festes-majors-trinitat-nova\/","og_site_name":"NouBarris.Net","article_publisher":"https:\/\/www.facebook.com\/NouBarris.net\/?locale=es_ES","article_published_time":"2025-06-10T10:45:19+00:00","article_modified_time":"2025-06-10T10:48:24+00:00","og_image":[{"width":707,"height":1000,"url":"https:\/\/www.noubarris.net\/web40\/wp-content\/uploads\/2025\/06\/494887032_1264487745334692_5047182827966361019_n-1.jpg","type":"image\/jpeg"}],"author":"Informatius","twitter_card":"summary_large_image","twitter_creator":"@9BTV","twitter_site":"@9BTV","twitter_misc":{"Escrit per":"Informatius","Temps estimat de lectura":"3 minuts"},"schema":{"@context":"https:\/\/schema.org","@graph":[{"@type":"Article","@id":"https:\/\/www.noubarris.net\/web40\/festes-majors-trinitat-nova\/#article","isPartOf":{"@id":"https:\/\/www.noubarris.net\/web40\/festes-majors-trinitat-nova\/"},"author":{"name":"Informatius","@id":"https:\/\/www.noubarris.net\/web40\/#\/schema\/person\/1827f92aaa316c54abbf4dac0de76069"},"headline":"Festes Majors de Trinitat Nova","datePublished":"2025-06-10T10:45:19+00:00","dateModified":"2025-06-10T10:48:24+00:00","mainEntityOfPage":{"@id":"https:\/\/www.noubarris.net\/web40\/festes-majors-trinitat-nova\/"},"wordCount":385,"publisher":{"@id":"https:\/\/www.noubarris.net\/web40\/#organization"},"image":{"@id":"https:\/\/www.noubarris.net\/web40\/festes-majors-trinitat-nova\/#primaryimage"},"thumbnailUrl":"https:\/\/www.noubarris.net\/web40\/wp-content\/uploads\/2025\/06\/494887032_1264487745334692_5047182827966361019_n-1.jpg","articleSection":["La Trinitat Nova","Nou Barris","Pol\u00edtica"],"inLanguage":"ca"},{"@type":"WebPage","@id":"https:\/\/www.noubarris.net\/web40\/festes-majors-trinitat-nova\/","url":"https:\/\/www.noubarris.net\/web40\/festes-majors-trinitat-nova\/","name":"Festes Majors de Trinitat Nova - NouBarris.Net","isPartOf":{"@id":"https:\/\/www.noubarris.net\/web40\/#website"},"primaryImageOfPage":{"@id":"https:\/\/www.noubarris.net\/web40\/festes-majors-trinitat-nova\/#primaryimage"},"image":{"@id":"https:\/\/www.noubarris.net\/web40\/festes-majors-trinitat-nova\/#primaryimage"},"thumbnailUrl":"https:\/\/www.noubarris.net\/web40\/wp-content\/uploads\/2025\/06\/494887032_1264487745334692_5047182827966361019_n-1.jpg","datePublished":"2025-06-10T10:45:19+00:00","dateModified":"2025-06-10T10:48:24+00:00","breadcrumb":{"@id":"https:\/\/www.noubarris.net\/web40\/festes-majors-trinitat-nova\/#breadcrumb"},"inLanguage":"ca","potentialAction":[{"@type":"ReadAction","target":["https:\/\/www.noubarris.net\/web40\/festes-majors-trinitat-nova\/"]}]},{"@type":"ImageObject","inLanguage":"ca","@id":"https:\/\/www.noubarris.net\/web40\/festes-majors-trinitat-nova\/#primaryimage","url":"https:\/\/www.noubarris.net\/web40\/wp-content\/uploads\/2025\/06\/494887032_1264487745334692_5047182827966361019_n-1.jpg","contentUrl":"https:\/\/www.noubarris.net\/web40\/wp-content\/uploads\/2025\/06\/494887032_1264487745334692_5047182827966361019_n-1.jpg","width":707,"height":1000,"caption":"Festa major Trinitat nova 2025"},{"@type":"BreadcrumbList","@id":"https:\/\/www.noubarris.net\/web40\/festes-majors-trinitat-nova\/#breadcrumb","itemListElement":[{"@type":"ListItem","position":1,"name":"Inici","item":"https:\/\/www.noubarris.net\/web40\/"},{"@type":"ListItem","position":2,"name":"Festes Majors de Trinitat Nova"}]},{"@type":"WebSite","@id":"https:\/\/www.noubarris.net\/web40\/#website","url":"https:\/\/www.noubarris.net\/web40\/","name":"NouBarris.Net","description":"Seguint la vida de Nou Barris des de 1985","publisher":{"@id":"https:\/\/www.noubarris.net\/web40\/#organization"},"potentialAction":[{"@type":"SearchAction","target":{"@type":"EntryPoint","urlTemplate":"https:\/\/www.noubarris.net\/web40\/?s={search_term_string}"},"query-input":{"@type":"PropertyValueSpecification","valueRequired":true,"valueName":"search_term_string"}}],"inLanguage":"ca"},{"@type":"Organization","@id":"https:\/\/www.noubarris.net\/web40\/#organization","name":"NouBarris.Net","url":"https:\/\/www.noubarris.net\/web40\/","logo":{"@type":"ImageObject","inLanguage":"ca","@id":"https:\/\/www.noubarris.net\/web40\/#\/schema\/logo\/image\/","url":"https:\/\/www.noubarris.net\/web40\/wp-content\/uploads\/2024\/11\/cropped-cropped-LOGO_9BTV-2024_Insta-1.jpg","contentUrl":"https:\/\/www.noubarris.net\/web40\/wp-content\/uploads\/2024\/11\/cropped-cropped-LOGO_9BTV-2024_Insta-1.jpg","width":512,"height":512,"caption":"NouBarris.Net"},"image":{"@id":"https:\/\/www.noubarris.net\/web40\/#\/schema\/logo\/image\/"},"sameAs":["https:\/\/www.facebook.com\/NouBarris.net\/?locale=es_ES","https:\/\/x.com\/9BTV"]},{"@type":"Person","@id":"https:\/\/www.noubarris.net\/web40\/#\/schema\/person\/1827f92aaa316c54abbf4dac0de76069","name":"Informatius","image":{"@type":"ImageObject","inLanguage":"ca","@id":"https:\/\/www.noubarris.net\/web40\/#\/schema\/person\/image\/","url":"https:\/\/secure.gravatar.com\/avatar\/87a3b47928835fc72c6ee5b0e1a7263ef0c2d05003a98189bc14926c5f11bcdb?s=96&d=mm&r=g","contentUrl":"https:\/\/secure.gravatar.com\/avatar\/87a3b47928835fc72c6ee5b0e1a7263ef0c2d05003a98189bc14926c5f11bcdb?s=96&d=mm&r=g","caption":"Informatius"},"url":"https:\/\/www.noubarris.net\/web40\/author\/tele\/"}]}},"_links":{"self":[{"href":"https:\/\/www.noubarris.net\/web40\/wp-json\/wp\/v2\/posts\/85299","targetHints":{"allow":["GET"]}}],"collection":[{"href":"https:\/\/www.noubarris.net\/web40\/wp-json\/wp\/v2\/posts"}],"about":[{"href":"https:\/\/www.noubarris.net\/web40\/wp-json\/wp\/v2\/types\/post"}],"author":[{"embeddable":true,"href":"https:\/\/www.noubarris.net\/web40\/wp-json\/wp\/v2\/users\/2"}],"replies":[{"embeddable":true,"href":"https:\/\/www.noubarris.net\/web40\/wp-json\/wp\/v2\/comments?post=85299"}],"version-history":[{"count":2,"href":"https:\/\/www.noubarris.net\/web40\/wp-json\/wp\/v2\/posts\/85299\/revisions"}],"predecessor-version":[{"id":85304,"href":"https:\/\/www.noubarris.net\/web40\/wp-json\/wp\/v2\/posts\/85299\/revisions\/85304"}],"wp:featuredmedia":[{"embeddable":true,"href":"https:\/\/www.noubarris.net\/web40\/wp-json\/wp\/v2\/media\/85263"}],"wp:attachment":[{"href":"https:\/\/www.noubarris.net\/web40\/wp-json\/wp\/v2\/media?parent=85299"}],"wp:term":[{"taxonomy":"category","embeddable":true,"href":"https:\/\/www.noubarris.net\/web40\/wp-json\/wp\/v2\/categories?post=85299"},{"taxonomy":"post_tag","embeddable":true,"href":"https:\/\/www.noubarris.net\/web40\/wp-json\/wp\/v2\/tags?post=85299"}],"curies":[{"name":"wp","href":"https:\/\/api.w.org\/{rel}","templated":true}]}}