{"id":85308,"date":"2025-06-10T17:49:24","date_gmt":"2025-06-10T15:49:24","guid":{"rendered":"https:\/\/www.noubarris.net\/web40\/?p=85308"},"modified":"2025-06-10T17:49:36","modified_gmt":"2025-06-10T15:49:36","slug":"art-fotografic-salut-mental","status":"publish","type":"post","link":"https:\/\/www.noubarris.net\/web40\/art-fotografic-salut-mental\/","title":{"rendered":"L\u2019art fotogr\u00e0fic i la salut mental s\u2019uneixen en un projecte participatiu i itinerant"},"content":{"rendered":"<p class=\"p1\">El passat 7 de juny, l\u2019Ateneu Popular de 9 Barris va acollir la cerim\u00f2nia de lliurament del Concurs de Fotografia 2025, organitzat per l&#8217;Hospital de dia de Nou Barris, una iniciativa que ha esdevingut molt m\u00e9s que una simple competici\u00f3 art\u00edstica. Amb el lema \u201cEls Altres\u201d, l\u2019edici\u00f3 d\u2019enguany ha reunit la creativitat i sensibilitat de joves amb patiment mental procedents de set hospitals de dia de Barcelona, Figueres i Andorra.<\/p>\n\n\n<figure class=\"wp-block-image size-large\"><img loading=\"lazy\" decoding=\"async\" width=\"1024\" height=\"669\" src=\"https:\/\/www.noubarris.net\/web40\/wp-content\/uploads\/2025\/06\/WhatsApp-Image-2025-06-06-at-13.27.56-1024x669.jpeg\" alt=\"Concurs fotografia Hospital de dia de Nou Barris\" class=\"wp-image-85309\" srcset=\"https:\/\/www.noubarris.net\/web40\/wp-content\/uploads\/2025\/06\/WhatsApp-Image-2025-06-06-at-13.27.56-1024x669.jpeg 1024w, https:\/\/www.noubarris.net\/web40\/wp-content\/uploads\/2025\/06\/WhatsApp-Image-2025-06-06-at-13.27.56-300x196.jpeg 300w, https:\/\/www.noubarris.net\/web40\/wp-content\/uploads\/2025\/06\/WhatsApp-Image-2025-06-06-at-13.27.56-768x502.jpeg 768w, https:\/\/www.noubarris.net\/web40\/wp-content\/uploads\/2025\/06\/WhatsApp-Image-2025-06-06-at-13.27.56-1536x1003.jpeg 1536w, https:\/\/www.noubarris.net\/web40\/wp-content\/uploads\/2025\/06\/WhatsApp-Image-2025-06-06-at-13.27.56-1320x862.jpeg 1320w, https:\/\/www.noubarris.net\/web40\/wp-content\/uploads\/2025\/06\/WhatsApp-Image-2025-06-06-at-13.27.56.jpeg 1600w\" sizes=\"auto, (max-width: 1024px) 100vw, 1024px\" \/><\/figure>\n\n\n\n<p>L\u2019acte va comptar amb la pres\u00e8ncia institucional de la presidenta Sra. Paloma Lago i les caps de servei Dra. Alejandra Elstein i Dra. Denise Jacobowitz, en una jornada marcada per l\u2019emoci\u00f3 i el reconeixement de l\u2019esfor\u00e7 col\u00b7lectiu.<\/p>\n\n\n\n<p>Els i les participants han treballat intensament per donar forma a una proposta visual que interpel\u00b7la el concepte de \u201cl\u2019altre\u201d: aquelles persones, identitats o situacions que sovint es perceben com a alienes, diferents, desconegudes. Mitjan\u00e7ant objectes, mirades, autoretrats o escenes quotidianes, els i les joves han resignificat aquest concepte des d\u2019una \u00f2ptica profunda, \u00edntima i transformadora.<\/p>\n\n\n\n<p class=\"p1\">Les fotografies guanyadores, que es poden visitar a l\u2019exposici\u00f3 instal\u00b7lada a l\u2019Ateneu fins despr\u00e9s de Sant Joan, formen part d\u2019una mostra itinerant que recorrer\u00e0 diversos punts del territori. La selecci\u00f3 destaca tant per la seva qualitat t\u00e8cnica com per la c\u00e0rrega expressiva, amb obres que aborden tem\u00e0tiques com la identitat, la mirada externa, la percepci\u00f3 social o l\u2019autoacceptaci\u00f3.<\/p>\n\n\n\n<figure class=\"wp-block-image size-large\"><img loading=\"lazy\" decoding=\"async\" width=\"1024\" height=\"585\" src=\"https:\/\/www.noubarris.net\/web40\/wp-content\/uploads\/2025\/06\/PANEL-GANADORAS-2025-1024x585.jpg\" alt=\"Concurs fotografia Hospital de dia de Nou Barris\" class=\"wp-image-85314\" srcset=\"https:\/\/www.noubarris.net\/web40\/wp-content\/uploads\/2025\/06\/PANEL-GANADORAS-2025-1024x585.jpg 1024w, https:\/\/www.noubarris.net\/web40\/wp-content\/uploads\/2025\/06\/PANEL-GANADORAS-2025-300x171.jpg 300w, https:\/\/www.noubarris.net\/web40\/wp-content\/uploads\/2025\/06\/PANEL-GANADORAS-2025-768x439.jpg 768w, https:\/\/www.noubarris.net\/web40\/wp-content\/uploads\/2025\/06\/PANEL-GANADORAS-2025-1536x878.jpg 1536w, https:\/\/www.noubarris.net\/web40\/wp-content\/uploads\/2025\/06\/PANEL-GANADORAS-2025-2048x1170.jpg 2048w, https:\/\/www.noubarris.net\/web40\/wp-content\/uploads\/2025\/06\/PANEL-GANADORAS-2025-1320x754.jpg 1320w\" sizes=\"auto, (max-width: 1024px) 100vw, 1024px\" \/><\/figure>\n\n\n\n<figure class=\"wp-block-image size-large\"><img loading=\"lazy\" decoding=\"async\" width=\"1024\" height=\"585\" src=\"https:\/\/www.noubarris.net\/web40\/wp-content\/uploads\/2025\/06\/GANADORA-ABSOLUTA-2025-1024x585.jpg\" alt=\"guanyador concurs fotografia hospital dia nou barris 2025\" class=\"wp-image-85315\" srcset=\"https:\/\/www.noubarris.net\/web40\/wp-content\/uploads\/2025\/06\/GANADORA-ABSOLUTA-2025-1024x585.jpg 1024w, https:\/\/www.noubarris.net\/web40\/wp-content\/uploads\/2025\/06\/GANADORA-ABSOLUTA-2025-300x171.jpg 300w, https:\/\/www.noubarris.net\/web40\/wp-content\/uploads\/2025\/06\/GANADORA-ABSOLUTA-2025-768x439.jpg 768w, https:\/\/www.noubarris.net\/web40\/wp-content\/uploads\/2025\/06\/GANADORA-ABSOLUTA-2025-1536x878.jpg 1536w, https:\/\/www.noubarris.net\/web40\/wp-content\/uploads\/2025\/06\/GANADORA-ABSOLUTA-2025-2048x1170.jpg 2048w, https:\/\/www.noubarris.net\/web40\/wp-content\/uploads\/2025\/06\/GANADORA-ABSOLUTA-2025-1320x754.jpg 1320w\" sizes=\"auto, (max-width: 1024px) 100vw, 1024px\" \/><\/figure>\n\n\n\n<p>M\u00e9s enll\u00e0 del concurs, aquest projecte es planteja com un espai comunitari i participatiu, lliure de judicis i condicionants previs, que connecta l\u2019art amb la salut mental. Un lloc segur i obert on els i les joves poden expressar-se, reflexionar i transformar la pr\u00f2pia experi\u00e8ncia mitjan\u00e7ant la fotografia.<\/p>\n\n\n\n<p>Iniciatives com aquesta posen en valor no nom\u00e9s el potencial art\u00edstic dels i les participants, sin\u00f3 tamb\u00e9 la necessitat de generar espais d\u2019encontre entre professionals, joves i comunitat. La proposta esdev\u00e9 aix\u00ed una eina potent de reconeixement, empoderament i lluita contra l\u2019estigma.<\/p>\n\n\n\n<p><em>Redacci\u00f3: Joel Le\u00f3n<\/em><\/p>\n<p>\u00a0<\/p>\n\n\n","protected":false},"excerpt":{"rendered":"<p>El passat 7 de juny, l\u2019Ateneu Popular de 9 Barris va acollir la cerim\u00f2nia de lliurament del Concurs de Fotografia<\/p>\n","protected":false},"author":2,"featured_media":85316,"comment_status":"closed","ping_status":"closed","sticky":false,"template":"","format":"standard","meta":{"colormag_page_layout":"default_layout","_monsterinsights_skip_tracking":false,"_monsterinsights_sitenote_active":false,"_monsterinsights_sitenote_note":"","_monsterinsights_sitenote_category":0,"footnotes":""},"categories":[129,136,1],"tags":[],"class_list":["post-85308","post","type-post","status-publish","format-standard","has-post-thumbnail","hentry","category-cultura","category-les-roquetes","category-nou-barris"],"yoast_head":"<!-- This site is optimized with the Yoast SEO plugin v25.3 - https:\/\/yoast.com\/wordpress\/plugins\/seo\/ -->\n<title>L\u2019art fotogr\u00e0fic i la salut mental s\u2019uneixen en un projecte participatiu i itinerant - NouBarris.Net<\/title>\n<meta name=\"robots\" content=\"index, follow, max-snippet:-1, max-image-preview:large, max-video-preview:-1\" \/>\n<link rel=\"canonical\" href=\"https:\/\/www.noubarris.net\/web40\/art-fotografic-salut-mental\/\" \/>\n<meta property=\"og:locale\" content=\"ca_ES\" \/>\n<meta property=\"og:type\" content=\"article\" \/>\n<meta property=\"og:title\" content=\"L\u2019art fotogr\u00e0fic i la salut mental s\u2019uneixen en un projecte participatiu i itinerant - NouBarris.Net\" \/>\n<meta property=\"og:description\" content=\"El passat 7 de juny, l\u2019Ateneu Popular de 9 Barris va acollir la cerim\u00f2nia de lliurament del Concurs de Fotografia\" \/>\n<meta property=\"og:url\" content=\"https:\/\/www.noubarris.net\/web40\/art-fotografic-salut-mental\/\" \/>\n<meta property=\"og:site_name\" content=\"NouBarris.Net\" \/>\n<meta property=\"article:publisher\" content=\"https:\/\/www.facebook.com\/NouBarris.net\/?locale=es_ES\" \/>\n<meta property=\"article:published_time\" content=\"2025-06-10T15:49:24+00:00\" \/>\n<meta property=\"article:modified_time\" content=\"2025-06-10T15:49:36+00:00\" \/>\n<meta property=\"og:image\" content=\"https:\/\/www.noubarris.net\/web40\/wp-content\/uploads\/2025\/06\/WhatsApp-Image-2025-06-06-at-14.05.52.jpeg\" \/>\n\t<meta property=\"og:image:width\" content=\"2000\" \/>\n\t<meta property=\"og:image:height\" content=\"1128\" \/>\n\t<meta property=\"og:image:type\" content=\"image\/jpeg\" \/>\n<meta name=\"author\" content=\"Informatius\" \/>\n<meta name=\"twitter:card\" content=\"summary_large_image\" \/>\n<meta name=\"twitter:creator\" content=\"@9BTV\" \/>\n<meta name=\"twitter:site\" content=\"@9BTV\" \/>\n<meta name=\"twitter:label1\" content=\"Escrit per\" \/>\n\t<meta name=\"twitter:data1\" content=\"Informatius\" \/>\n\t<meta name=\"twitter:label2\" content=\"Temps estimat de lectura\" \/>\n\t<meta name=\"twitter:data2\" content=\"3 minuts\" \/>\n<script type=\"application\/ld+json\" class=\"yoast-schema-graph\">{\"@context\":\"https:\/\/schema.org\",\"@graph\":[{\"@type\":\"Article\",\"@id\":\"https:\/\/www.noubarris.net\/web40\/art-fotografic-salut-mental\/#article\",\"isPartOf\":{\"@id\":\"https:\/\/www.noubarris.net\/web40\/art-fotografic-salut-mental\/\"},\"author\":{\"name\":\"Informatius\",\"@id\":\"https:\/\/www.noubarris.net\/web40\/#\/schema\/person\/1827f92aaa316c54abbf4dac0de76069\"},\"headline\":\"L\u2019art fotogr\u00e0fic i la salut mental s\u2019uneixen en un projecte participatiu i itinerant\",\"datePublished\":\"2025-06-10T15:49:24+00:00\",\"dateModified\":\"2025-06-10T15:49:36+00:00\",\"mainEntityOfPage\":{\"@id\":\"https:\/\/www.noubarris.net\/web40\/art-fotografic-salut-mental\/\"},\"wordCount\":362,\"publisher\":{\"@id\":\"https:\/\/www.noubarris.net\/web40\/#organization\"},\"image\":{\"@id\":\"https:\/\/www.noubarris.net\/web40\/art-fotografic-salut-mental\/#primaryimage\"},\"thumbnailUrl\":\"https:\/\/www.noubarris.net\/web40\/wp-content\/uploads\/2025\/06\/WhatsApp-Image-2025-06-06-at-14.05.52.jpeg\",\"articleSection\":[\"Cultura\",\"Les Roquetes\",\"Nou Barris\"],\"inLanguage\":\"ca\"},{\"@type\":\"WebPage\",\"@id\":\"https:\/\/www.noubarris.net\/web40\/art-fotografic-salut-mental\/\",\"url\":\"https:\/\/www.noubarris.net\/web40\/art-fotografic-salut-mental\/\",\"name\":\"L\u2019art fotogr\u00e0fic i la salut mental s\u2019uneixen en un projecte participatiu i itinerant - NouBarris.Net\",\"isPartOf\":{\"@id\":\"https:\/\/www.noubarris.net\/web40\/#website\"},\"primaryImageOfPage\":{\"@id\":\"https:\/\/www.noubarris.net\/web40\/art-fotografic-salut-mental\/#primaryimage\"},\"image\":{\"@id\":\"https:\/\/www.noubarris.net\/web40\/art-fotografic-salut-mental\/#primaryimage\"},\"thumbnailUrl\":\"https:\/\/www.noubarris.net\/web40\/wp-content\/uploads\/2025\/06\/WhatsApp-Image-2025-06-06-at-14.05.52.jpeg\",\"datePublished\":\"2025-06-10T15:49:24+00:00\",\"dateModified\":\"2025-06-10T15:49:36+00:00\",\"breadcrumb\":{\"@id\":\"https:\/\/www.noubarris.net\/web40\/art-fotografic-salut-mental\/#breadcrumb\"},\"inLanguage\":\"ca\",\"potentialAction\":[{\"@type\":\"ReadAction\",\"target\":[\"https:\/\/www.noubarris.net\/web40\/art-fotografic-salut-mental\/\"]}]},{\"@type\":\"ImageObject\",\"inLanguage\":\"ca\",\"@id\":\"https:\/\/www.noubarris.net\/web40\/art-fotografic-salut-mental\/#primaryimage\",\"url\":\"https:\/\/www.noubarris.net\/web40\/wp-content\/uploads\/2025\/06\/WhatsApp-Image-2025-06-06-at-14.05.52.jpeg\",\"contentUrl\":\"https:\/\/www.noubarris.net\/web40\/wp-content\/uploads\/2025\/06\/WhatsApp-Image-2025-06-06-at-14.05.52.jpeg\",\"width\":2000,\"height\":1128,\"caption\":\"concurs fotografia hospital dia nou barris 2025\"},{\"@type\":\"BreadcrumbList\",\"@id\":\"https:\/\/www.noubarris.net\/web40\/art-fotografic-salut-mental\/#breadcrumb\",\"itemListElement\":[{\"@type\":\"ListItem\",\"position\":1,\"name\":\"Inici\",\"item\":\"https:\/\/www.noubarris.net\/web40\/\"},{\"@type\":\"ListItem\",\"position\":2,\"name\":\"L\u2019art fotogr\u00e0fic i la salut mental s\u2019uneixen en un projecte participatiu i itinerant\"}]},{\"@type\":\"WebSite\",\"@id\":\"https:\/\/www.noubarris.net\/web40\/#website\",\"url\":\"https:\/\/www.noubarris.net\/web40\/\",\"name\":\"NouBarris.Net\",\"description\":\"Seguint la vida de Nou Barris des de 1985\",\"publisher\":{\"@id\":\"https:\/\/www.noubarris.net\/web40\/#organization\"},\"potentialAction\":[{\"@type\":\"SearchAction\",\"target\":{\"@type\":\"EntryPoint\",\"urlTemplate\":\"https:\/\/www.noubarris.net\/web40\/?s={search_term_string}\"},\"query-input\":{\"@type\":\"PropertyValueSpecification\",\"valueRequired\":true,\"valueName\":\"search_term_string\"}}],\"inLanguage\":\"ca\"},{\"@type\":\"Organization\",\"@id\":\"https:\/\/www.noubarris.net\/web40\/#organization\",\"name\":\"NouBarris.Net\",\"url\":\"https:\/\/www.noubarris.net\/web40\/\",\"logo\":{\"@type\":\"ImageObject\",\"inLanguage\":\"ca\",\"@id\":\"https:\/\/www.noubarris.net\/web40\/#\/schema\/logo\/image\/\",\"url\":\"https:\/\/www.noubarris.net\/web40\/wp-content\/uploads\/2024\/11\/cropped-cropped-LOGO_9BTV-2024_Insta-1.jpg\",\"contentUrl\":\"https:\/\/www.noubarris.net\/web40\/wp-content\/uploads\/2024\/11\/cropped-cropped-LOGO_9BTV-2024_Insta-1.jpg\",\"width\":512,\"height\":512,\"caption\":\"NouBarris.Net\"},\"image\":{\"@id\":\"https:\/\/www.noubarris.net\/web40\/#\/schema\/logo\/image\/\"},\"sameAs\":[\"https:\/\/www.facebook.com\/NouBarris.net\/?locale=es_ES\",\"https:\/\/x.com\/9BTV\"]},{\"@type\":\"Person\",\"@id\":\"https:\/\/www.noubarris.net\/web40\/#\/schema\/person\/1827f92aaa316c54abbf4dac0de76069\",\"name\":\"Informatius\",\"image\":{\"@type\":\"ImageObject\",\"inLanguage\":\"ca\",\"@id\":\"https:\/\/www.noubarris.net\/web40\/#\/schema\/person\/image\/\",\"url\":\"https:\/\/secure.gravatar.com\/avatar\/87a3b47928835fc72c6ee5b0e1a7263ef0c2d05003a98189bc14926c5f11bcdb?s=96&d=mm&r=g\",\"contentUrl\":\"https:\/\/secure.gravatar.com\/avatar\/87a3b47928835fc72c6ee5b0e1a7263ef0c2d05003a98189bc14926c5f11bcdb?s=96&d=mm&r=g\",\"caption\":\"Informatius\"},\"url\":\"https:\/\/www.noubarris.net\/web40\/author\/tele\/\"}]}<\/script>\n<!-- \/ Yoast SEO plugin. -->","yoast_head_json":{"title":"L\u2019art fotogr\u00e0fic i la salut mental s\u2019uneixen en un projecte participatiu i itinerant - NouBarris.Net","robots":{"index":"index","follow":"follow","max-snippet":"max-snippet:-1","max-image-preview":"max-image-preview:large","max-video-preview":"max-video-preview:-1"},"canonical":"https:\/\/www.noubarris.net\/web40\/art-fotografic-salut-mental\/","og_locale":"ca_ES","og_type":"article","og_title":"L\u2019art fotogr\u00e0fic i la salut mental s\u2019uneixen en un projecte participatiu i itinerant - NouBarris.Net","og_description":"El passat 7 de juny, l\u2019Ateneu Popular de 9 Barris va acollir la cerim\u00f2nia de lliurament del Concurs de Fotografia","og_url":"https:\/\/www.noubarris.net\/web40\/art-fotografic-salut-mental\/","og_site_name":"NouBarris.Net","article_publisher":"https:\/\/www.facebook.com\/NouBarris.net\/?locale=es_ES","article_published_time":"2025-06-10T15:49:24+00:00","article_modified_time":"2025-06-10T15:49:36+00:00","og_image":[{"width":2000,"height":1128,"url":"https:\/\/www.noubarris.net\/web40\/wp-content\/uploads\/2025\/06\/WhatsApp-Image-2025-06-06-at-14.05.52.jpeg","type":"image\/jpeg"}],"author":"Informatius","twitter_card":"summary_large_image","twitter_creator":"@9BTV","twitter_site":"@9BTV","twitter_misc":{"Escrit per":"Informatius","Temps estimat de lectura":"3 minuts"},"schema":{"@context":"https:\/\/schema.org","@graph":[{"@type":"Article","@id":"https:\/\/www.noubarris.net\/web40\/art-fotografic-salut-mental\/#article","isPartOf":{"@id":"https:\/\/www.noubarris.net\/web40\/art-fotografic-salut-mental\/"},"author":{"name":"Informatius","@id":"https:\/\/www.noubarris.net\/web40\/#\/schema\/person\/1827f92aaa316c54abbf4dac0de76069"},"headline":"L\u2019art fotogr\u00e0fic i la salut mental s\u2019uneixen en un projecte participatiu i itinerant","datePublished":"2025-06-10T15:49:24+00:00","dateModified":"2025-06-10T15:49:36+00:00","mainEntityOfPage":{"@id":"https:\/\/www.noubarris.net\/web40\/art-fotografic-salut-mental\/"},"wordCount":362,"publisher":{"@id":"https:\/\/www.noubarris.net\/web40\/#organization"},"image":{"@id":"https:\/\/www.noubarris.net\/web40\/art-fotografic-salut-mental\/#primaryimage"},"thumbnailUrl":"https:\/\/www.noubarris.net\/web40\/wp-content\/uploads\/2025\/06\/WhatsApp-Image-2025-06-06-at-14.05.52.jpeg","articleSection":["Cultura","Les Roquetes","Nou Barris"],"inLanguage":"ca"},{"@type":"WebPage","@id":"https:\/\/www.noubarris.net\/web40\/art-fotografic-salut-mental\/","url":"https:\/\/www.noubarris.net\/web40\/art-fotografic-salut-mental\/","name":"L\u2019art fotogr\u00e0fic i la salut mental s\u2019uneixen en un projecte participatiu i itinerant - NouBarris.Net","isPartOf":{"@id":"https:\/\/www.noubarris.net\/web40\/#website"},"primaryImageOfPage":{"@id":"https:\/\/www.noubarris.net\/web40\/art-fotografic-salut-mental\/#primaryimage"},"image":{"@id":"https:\/\/www.noubarris.net\/web40\/art-fotografic-salut-mental\/#primaryimage"},"thumbnailUrl":"https:\/\/www.noubarris.net\/web40\/wp-content\/uploads\/2025\/06\/WhatsApp-Image-2025-06-06-at-14.05.52.jpeg","datePublished":"2025-06-10T15:49:24+00:00","dateModified":"2025-06-10T15:49:36+00:00","breadcrumb":{"@id":"https:\/\/www.noubarris.net\/web40\/art-fotografic-salut-mental\/#breadcrumb"},"inLanguage":"ca","potentialAction":[{"@type":"ReadAction","target":["https:\/\/www.noubarris.net\/web40\/art-fotografic-salut-mental\/"]}]},{"@type":"ImageObject","inLanguage":"ca","@id":"https:\/\/www.noubarris.net\/web40\/art-fotografic-salut-mental\/#primaryimage","url":"https:\/\/www.noubarris.net\/web40\/wp-content\/uploads\/2025\/06\/WhatsApp-Image-2025-06-06-at-14.05.52.jpeg","contentUrl":"https:\/\/www.noubarris.net\/web40\/wp-content\/uploads\/2025\/06\/WhatsApp-Image-2025-06-06-at-14.05.52.jpeg","width":2000,"height":1128,"caption":"concurs fotografia hospital dia nou barris 2025"},{"@type":"BreadcrumbList","@id":"https:\/\/www.noubarris.net\/web40\/art-fotografic-salut-mental\/#breadcrumb","itemListElement":[{"@type":"ListItem","position":1,"name":"Inici","item":"https:\/\/www.noubarris.net\/web40\/"},{"@type":"ListItem","position":2,"name":"L\u2019art fotogr\u00e0fic i la salut mental s\u2019uneixen en un projecte participatiu i itinerant"}]},{"@type":"WebSite","@id":"https:\/\/www.noubarris.net\/web40\/#website","url":"https:\/\/www.noubarris.net\/web40\/","name":"NouBarris.Net","description":"Seguint la vida de Nou Barris des de 1985","publisher":{"@id":"https:\/\/www.noubarris.net\/web40\/#organization"},"potentialAction":[{"@type":"SearchAction","target":{"@type":"EntryPoint","urlTemplate":"https:\/\/www.noubarris.net\/web40\/?s={search_term_string}"},"query-input":{"@type":"PropertyValueSpecification","valueRequired":true,"valueName":"search_term_string"}}],"inLanguage":"ca"},{"@type":"Organization","@id":"https:\/\/www.noubarris.net\/web40\/#organization","name":"NouBarris.Net","url":"https:\/\/www.noubarris.net\/web40\/","logo":{"@type":"ImageObject","inLanguage":"ca","@id":"https:\/\/www.noubarris.net\/web40\/#\/schema\/logo\/image\/","url":"https:\/\/www.noubarris.net\/web40\/wp-content\/uploads\/2024\/11\/cropped-cropped-LOGO_9BTV-2024_Insta-1.jpg","contentUrl":"https:\/\/www.noubarris.net\/web40\/wp-content\/uploads\/2024\/11\/cropped-cropped-LOGO_9BTV-2024_Insta-1.jpg","width":512,"height":512,"caption":"NouBarris.Net"},"image":{"@id":"https:\/\/www.noubarris.net\/web40\/#\/schema\/logo\/image\/"},"sameAs":["https:\/\/www.facebook.com\/NouBarris.net\/?locale=es_ES","https:\/\/x.com\/9BTV"]},{"@type":"Person","@id":"https:\/\/www.noubarris.net\/web40\/#\/schema\/person\/1827f92aaa316c54abbf4dac0de76069","name":"Informatius","image":{"@type":"ImageObject","inLanguage":"ca","@id":"https:\/\/www.noubarris.net\/web40\/#\/schema\/person\/image\/","url":"https:\/\/secure.gravatar.com\/avatar\/87a3b47928835fc72c6ee5b0e1a7263ef0c2d05003a98189bc14926c5f11bcdb?s=96&d=mm&r=g","contentUrl":"https:\/\/secure.gravatar.com\/avatar\/87a3b47928835fc72c6ee5b0e1a7263ef0c2d05003a98189bc14926c5f11bcdb?s=96&d=mm&r=g","caption":"Informatius"},"url":"https:\/\/www.noubarris.net\/web40\/author\/tele\/"}]}},"_links":{"self":[{"href":"https:\/\/www.noubarris.net\/web40\/wp-json\/wp\/v2\/posts\/85308","targetHints":{"allow":["GET"]}}],"collection":[{"href":"https:\/\/www.noubarris.net\/web40\/wp-json\/wp\/v2\/posts"}],"about":[{"href":"https:\/\/www.noubarris.net\/web40\/wp-json\/wp\/v2\/types\/post"}],"author":[{"embeddable":true,"href":"https:\/\/www.noubarris.net\/web40\/wp-json\/wp\/v2\/users\/2"}],"replies":[{"embeddable":true,"href":"https:\/\/www.noubarris.net\/web40\/wp-json\/wp\/v2\/comments?post=85308"}],"version-history":[{"count":1,"href":"https:\/\/www.noubarris.net\/web40\/wp-json\/wp\/v2\/posts\/85308\/revisions"}],"predecessor-version":[{"id":85318,"href":"https:\/\/www.noubarris.net\/web40\/wp-json\/wp\/v2\/posts\/85308\/revisions\/85318"}],"wp:featuredmedia":[{"embeddable":true,"href":"https:\/\/www.noubarris.net\/web40\/wp-json\/wp\/v2\/media\/85316"}],"wp:attachment":[{"href":"https:\/\/www.noubarris.net\/web40\/wp-json\/wp\/v2\/media?parent=85308"}],"wp:term":[{"taxonomy":"category","embeddable":true,"href":"https:\/\/www.noubarris.net\/web40\/wp-json\/wp\/v2\/categories?post=85308"},{"taxonomy":"post_tag","embeddable":true,"href":"https:\/\/www.noubarris.net\/web40\/wp-json\/wp\/v2\/tags?post=85308"}],"curies":[{"name":"wp","href":"https:\/\/api.w.org\/{rel}","templated":true}]}}