{"id":85320,"date":"2025-06-12T07:24:00","date_gmt":"2025-06-12T05:24:00","guid":{"rendered":"https:\/\/www.noubarris.net\/web40\/?p=85320"},"modified":"2025-06-10T20:49:49","modified_gmt":"2025-06-10T18:49:49","slug":"ciutat-meridiana-renda-disponible-mes-baixa-barcelona","status":"publish","type":"post","link":"https:\/\/www.noubarris.net\/web40\/ciutat-meridiana-renda-disponible-mes-baixa-barcelona\/","title":{"rendered":"Ciutat Meridiana t\u00e9 la renda disponible m\u00e9s baixa de Barcelona, amb 11.789 \u20ac"},"content":{"rendered":"\n<p><strong>El barri de les Tres Torres multiplica per quatre aquesta quantitat<\/strong><\/p>\n\n\n\n<p>El Departament d&#8217;An\u00e0lisi de l&#8217;Oficina Municipal de Dades ha publicat aquests dies l&#8217;informe anual de la Renda Disponible de les Llars del 2022. La part positiva \u00e9s que revela que tots els barris de Barcelona van tenir augments positius de renda per c\u00e0pita el 2022. En conjunt va augmentar un 4,9% en relaci\u00f3 al 2021, seguint la tend\u00e8ncia creixent despr\u00e9s de la davallada que va suposar la pand\u00e8mia l&#8217;any 2020. Tanmateix, descomptant l&#8217;efecte de la inflaci\u00f3, el creixement real va ser negatiu (-2,6%).<\/p>\n<p>&nbsp;<\/p>\n\n\n\n<figure class=\"wp-block-image size-full is-resized\"><img loading=\"lazy\" decoding=\"async\" width=\"553\" height=\"200\" src=\"https:\/\/www.noubarris.net\/web40\/wp-content\/uploads\/2025\/06\/paronamica_ciutat_meridiana.jpg\" alt=\"renda disponible llars barcelona 2022\" class=\"wp-image-85328\" style=\"width:654px;height:auto\" srcset=\"https:\/\/www.noubarris.net\/web40\/wp-content\/uploads\/2025\/06\/paronamica_ciutat_meridiana.jpg 553w, https:\/\/www.noubarris.net\/web40\/wp-content\/uploads\/2025\/06\/paronamica_ciutat_meridiana-300x108.jpg 300w\" sizes=\"auto, (max-width: 553px) 100vw, 553px\" \/><\/figure>\n\n\n\n\n\n<p>Per\u00f2 si posem la lupa al nostre districte, veiem que en pr\u00e0cticament tots els casos som a la cua. Nou Barris, juntament amb Ciutat Vella, t\u00e9 la menor renda disponible per c\u00e0pita, prop dels 17.000 euros. Queden lluny de Sarri\u00e0-Sant Gervasi, el districte amb el nivell de RDLpc m\u00e9s alt (35.062\u20ac), superant el valor de Barcelona en un 52%.&nbsp;<\/p>\n\n\n\n<p>\u00c9s m\u00e9s, Ciutat Meridiana encap\u00e7ala la classificaci\u00f3 de barris amb menor renda per c\u00e0pita, amb 11.789\u20ac. A l&#8217;altre extrem, Les Tres Torres \u00e9s on hi ha la RDLpc m\u00e9s alta: 41.430\u20ac, pr\u00e0cticament quatre vegades m\u00e9s que a Ciutat Meridiana.&nbsp;<\/p>\n\n\n\n<p>No \u00e9s l&#8217;\u00fanic indicador que enfronta Nou Barris i Sarri\u00e0-Sant Gervasi a cada extrem de la llista. Tamb\u00e9 es dona en el cas de les Rendes Mixtes, que inclouen conceptes com s\u00f3n els rendiments del treball de professionals i aut\u00f2noms, els lloguers, les rendes de la propietat i d&#8217;altres conceptes, com les transfer\u00e8ncies entre les llars. Sarri\u00e0-Sant Gervasi \u00e9s el districte amb m\u00e9s proporci\u00f3 de Rendes Mixtes (36%) i menys de Prestacions Socials (12%). En canvi, Nou Barris te el valor m\u00e9s baix de Rendes Mixtes (19%) i el m\u00e9s alt de Prestacions Socials (25%). Aix\u00f2 est\u00e0 relacionat: major proporci\u00f3 de Rendes Mixtes comporten m\u00e9s nivell de RDLpc, mentre que m\u00e9s proporci\u00f3 de Prestacions Socials es relacionen amb una Renda Disponible menor.<\/p>\n<p>&nbsp;<\/p>\n\n\n","protected":false},"excerpt":{"rendered":"<p>El barri de les Tres Torres multiplica per quatre aquesta quantitat El Departament d&#8217;An\u00e0lisi de l&#8217;Oficina Municipal de Dades ha<\/p>\n","protected":false},"author":2,"featured_media":85328,"comment_status":"closed","ping_status":"closed","sticky":false,"template":"","format":"standard","meta":{"colormag_page_layout":"default_layout","_monsterinsights_skip_tracking":false,"_monsterinsights_sitenote_active":false,"_monsterinsights_sitenote_note":"","_monsterinsights_sitenote_category":0,"footnotes":""},"categories":[132,1,124],"tags":[],"class_list":["post-85320","post","type-post","status-publish","format-standard","has-post-thumbnail","hentry","category-ciutat-meridiana","category-nou-barris","category-societat"],"yoast_head":"<!-- This site is optimized with the Yoast SEO plugin v25.3 - https:\/\/yoast.com\/wordpress\/plugins\/seo\/ -->\n<title>Ciutat Meridiana t\u00e9 la renda disponible m\u00e9s baixa de Barcelona, amb 11.789 \u20ac - NouBarris.Net<\/title>\n<meta name=\"robots\" content=\"index, follow, max-snippet:-1, max-image-preview:large, max-video-preview:-1\" \/>\n<link rel=\"canonical\" href=\"https:\/\/www.noubarris.net\/web40\/ciutat-meridiana-renda-disponible-mes-baixa-barcelona\/\" \/>\n<meta property=\"og:locale\" content=\"ca_ES\" \/>\n<meta property=\"og:type\" content=\"article\" \/>\n<meta property=\"og:title\" content=\"Ciutat Meridiana t\u00e9 la renda disponible m\u00e9s baixa de Barcelona, amb 11.789 \u20ac - NouBarris.Net\" \/>\n<meta property=\"og:description\" content=\"El barri de les Tres Torres multiplica per quatre aquesta quantitat El Departament d&#8217;An\u00e0lisi de l&#8217;Oficina Municipal de Dades ha\" \/>\n<meta property=\"og:url\" content=\"https:\/\/www.noubarris.net\/web40\/ciutat-meridiana-renda-disponible-mes-baixa-barcelona\/\" \/>\n<meta property=\"og:site_name\" content=\"NouBarris.Net\" \/>\n<meta property=\"article:publisher\" content=\"https:\/\/www.facebook.com\/NouBarris.net\/?locale=es_ES\" \/>\n<meta property=\"article:published_time\" content=\"2025-06-12T05:24:00+00:00\" \/>\n<meta property=\"og:image\" content=\"https:\/\/www.noubarris.net\/web40\/wp-content\/uploads\/2025\/06\/paronamica_ciutat_meridiana.jpg\" \/>\n\t<meta property=\"og:image:width\" content=\"553\" \/>\n\t<meta property=\"og:image:height\" content=\"200\" \/>\n\t<meta property=\"og:image:type\" content=\"image\/jpeg\" \/>\n<meta name=\"author\" content=\"Informatius\" \/>\n<meta name=\"twitter:card\" content=\"summary_large_image\" \/>\n<meta name=\"twitter:creator\" content=\"@9BTV\" \/>\n<meta name=\"twitter:site\" content=\"@9BTV\" \/>\n<meta name=\"twitter:label1\" content=\"Escrit per\" \/>\n\t<meta name=\"twitter:data1\" content=\"Informatius\" \/>\n\t<meta name=\"twitter:label2\" content=\"Temps estimat de lectura\" \/>\n\t<meta name=\"twitter:data2\" content=\"3 minuts\" \/>\n<script type=\"application\/ld+json\" class=\"yoast-schema-graph\">{\"@context\":\"https:\/\/schema.org\",\"@graph\":[{\"@type\":\"Article\",\"@id\":\"https:\/\/www.noubarris.net\/web40\/ciutat-meridiana-renda-disponible-mes-baixa-barcelona\/#article\",\"isPartOf\":{\"@id\":\"https:\/\/www.noubarris.net\/web40\/ciutat-meridiana-renda-disponible-mes-baixa-barcelona\/\"},\"author\":{\"name\":\"Informatius\",\"@id\":\"https:\/\/www.noubarris.net\/web40\/#\/schema\/person\/1827f92aaa316c54abbf4dac0de76069\"},\"headline\":\"Ciutat Meridiana t\u00e9 la renda disponible m\u00e9s baixa de Barcelona, amb 11.789 \u20ac\",\"datePublished\":\"2025-06-12T05:24:00+00:00\",\"mainEntityOfPage\":{\"@id\":\"https:\/\/www.noubarris.net\/web40\/ciutat-meridiana-renda-disponible-mes-baixa-barcelona\/\"},\"wordCount\":349,\"publisher\":{\"@id\":\"https:\/\/www.noubarris.net\/web40\/#organization\"},\"image\":{\"@id\":\"https:\/\/www.noubarris.net\/web40\/ciutat-meridiana-renda-disponible-mes-baixa-barcelona\/#primaryimage\"},\"thumbnailUrl\":\"https:\/\/www.noubarris.net\/web40\/wp-content\/uploads\/2025\/06\/paronamica_ciutat_meridiana.jpg\",\"articleSection\":[\"Ciutat Meridiana\",\"Nou Barris\",\"Societat\"],\"inLanguage\":\"ca\"},{\"@type\":\"WebPage\",\"@id\":\"https:\/\/www.noubarris.net\/web40\/ciutat-meridiana-renda-disponible-mes-baixa-barcelona\/\",\"url\":\"https:\/\/www.noubarris.net\/web40\/ciutat-meridiana-renda-disponible-mes-baixa-barcelona\/\",\"name\":\"Ciutat Meridiana t\u00e9 la renda disponible m\u00e9s baixa de Barcelona, amb 11.789 \u20ac - NouBarris.Net\",\"isPartOf\":{\"@id\":\"https:\/\/www.noubarris.net\/web40\/#website\"},\"primaryImageOfPage\":{\"@id\":\"https:\/\/www.noubarris.net\/web40\/ciutat-meridiana-renda-disponible-mes-baixa-barcelona\/#primaryimage\"},\"image\":{\"@id\":\"https:\/\/www.noubarris.net\/web40\/ciutat-meridiana-renda-disponible-mes-baixa-barcelona\/#primaryimage\"},\"thumbnailUrl\":\"https:\/\/www.noubarris.net\/web40\/wp-content\/uploads\/2025\/06\/paronamica_ciutat_meridiana.jpg\",\"datePublished\":\"2025-06-12T05:24:00+00:00\",\"breadcrumb\":{\"@id\":\"https:\/\/www.noubarris.net\/web40\/ciutat-meridiana-renda-disponible-mes-baixa-barcelona\/#breadcrumb\"},\"inLanguage\":\"ca\",\"potentialAction\":[{\"@type\":\"ReadAction\",\"target\":[\"https:\/\/www.noubarris.net\/web40\/ciutat-meridiana-renda-disponible-mes-baixa-barcelona\/\"]}]},{\"@type\":\"ImageObject\",\"inLanguage\":\"ca\",\"@id\":\"https:\/\/www.noubarris.net\/web40\/ciutat-meridiana-renda-disponible-mes-baixa-barcelona\/#primaryimage\",\"url\":\"https:\/\/www.noubarris.net\/web40\/wp-content\/uploads\/2025\/06\/paronamica_ciutat_meridiana.jpg\",\"contentUrl\":\"https:\/\/www.noubarris.net\/web40\/wp-content\/uploads\/2025\/06\/paronamica_ciutat_meridiana.jpg\",\"width\":553,\"height\":200,\"caption\":\"renda disponible llars barcelona 2022\"},{\"@type\":\"BreadcrumbList\",\"@id\":\"https:\/\/www.noubarris.net\/web40\/ciutat-meridiana-renda-disponible-mes-baixa-barcelona\/#breadcrumb\",\"itemListElement\":[{\"@type\":\"ListItem\",\"position\":1,\"name\":\"Inici\",\"item\":\"https:\/\/www.noubarris.net\/web40\/\"},{\"@type\":\"ListItem\",\"position\":2,\"name\":\"Ciutat Meridiana t\u00e9 la renda disponible m\u00e9s baixa de Barcelona, amb 11.789 \u20ac\"}]},{\"@type\":\"WebSite\",\"@id\":\"https:\/\/www.noubarris.net\/web40\/#website\",\"url\":\"https:\/\/www.noubarris.net\/web40\/\",\"name\":\"NouBarris.Net\",\"description\":\"Seguint la vida de Nou Barris des de 1985\",\"publisher\":{\"@id\":\"https:\/\/www.noubarris.net\/web40\/#organization\"},\"potentialAction\":[{\"@type\":\"SearchAction\",\"target\":{\"@type\":\"EntryPoint\",\"urlTemplate\":\"https:\/\/www.noubarris.net\/web40\/?s={search_term_string}\"},\"query-input\":{\"@type\":\"PropertyValueSpecification\",\"valueRequired\":true,\"valueName\":\"search_term_string\"}}],\"inLanguage\":\"ca\"},{\"@type\":\"Organization\",\"@id\":\"https:\/\/www.noubarris.net\/web40\/#organization\",\"name\":\"NouBarris.Net\",\"url\":\"https:\/\/www.noubarris.net\/web40\/\",\"logo\":{\"@type\":\"ImageObject\",\"inLanguage\":\"ca\",\"@id\":\"https:\/\/www.noubarris.net\/web40\/#\/schema\/logo\/image\/\",\"url\":\"https:\/\/www.noubarris.net\/web40\/wp-content\/uploads\/2024\/11\/cropped-cropped-LOGO_9BTV-2024_Insta-1.jpg\",\"contentUrl\":\"https:\/\/www.noubarris.net\/web40\/wp-content\/uploads\/2024\/11\/cropped-cropped-LOGO_9BTV-2024_Insta-1.jpg\",\"width\":512,\"height\":512,\"caption\":\"NouBarris.Net\"},\"image\":{\"@id\":\"https:\/\/www.noubarris.net\/web40\/#\/schema\/logo\/image\/\"},\"sameAs\":[\"https:\/\/www.facebook.com\/NouBarris.net\/?locale=es_ES\",\"https:\/\/x.com\/9BTV\"]},{\"@type\":\"Person\",\"@id\":\"https:\/\/www.noubarris.net\/web40\/#\/schema\/person\/1827f92aaa316c54abbf4dac0de76069\",\"name\":\"Informatius\",\"image\":{\"@type\":\"ImageObject\",\"inLanguage\":\"ca\",\"@id\":\"https:\/\/www.noubarris.net\/web40\/#\/schema\/person\/image\/\",\"url\":\"https:\/\/secure.gravatar.com\/avatar\/87a3b47928835fc72c6ee5b0e1a7263ef0c2d05003a98189bc14926c5f11bcdb?s=96&d=mm&r=g\",\"contentUrl\":\"https:\/\/secure.gravatar.com\/avatar\/87a3b47928835fc72c6ee5b0e1a7263ef0c2d05003a98189bc14926c5f11bcdb?s=96&d=mm&r=g\",\"caption\":\"Informatius\"},\"url\":\"https:\/\/www.noubarris.net\/web40\/author\/tele\/\"}]}<\/script>\n<!-- \/ Yoast SEO plugin. -->","yoast_head_json":{"title":"Ciutat Meridiana t\u00e9 la renda disponible m\u00e9s baixa de Barcelona, amb 11.789 \u20ac - NouBarris.Net","robots":{"index":"index","follow":"follow","max-snippet":"max-snippet:-1","max-image-preview":"max-image-preview:large","max-video-preview":"max-video-preview:-1"},"canonical":"https:\/\/www.noubarris.net\/web40\/ciutat-meridiana-renda-disponible-mes-baixa-barcelona\/","og_locale":"ca_ES","og_type":"article","og_title":"Ciutat Meridiana t\u00e9 la renda disponible m\u00e9s baixa de Barcelona, amb 11.789 \u20ac - NouBarris.Net","og_description":"El barri de les Tres Torres multiplica per quatre aquesta quantitat El Departament d&#8217;An\u00e0lisi de l&#8217;Oficina Municipal de Dades ha","og_url":"https:\/\/www.noubarris.net\/web40\/ciutat-meridiana-renda-disponible-mes-baixa-barcelona\/","og_site_name":"NouBarris.Net","article_publisher":"https:\/\/www.facebook.com\/NouBarris.net\/?locale=es_ES","article_published_time":"2025-06-12T05:24:00+00:00","og_image":[{"width":553,"height":200,"url":"https:\/\/www.noubarris.net\/web40\/wp-content\/uploads\/2025\/06\/paronamica_ciutat_meridiana.jpg","type":"image\/jpeg"}],"author":"Informatius","twitter_card":"summary_large_image","twitter_creator":"@9BTV","twitter_site":"@9BTV","twitter_misc":{"Escrit per":"Informatius","Temps estimat de lectura":"3 minuts"},"schema":{"@context":"https:\/\/schema.org","@graph":[{"@type":"Article","@id":"https:\/\/www.noubarris.net\/web40\/ciutat-meridiana-renda-disponible-mes-baixa-barcelona\/#article","isPartOf":{"@id":"https:\/\/www.noubarris.net\/web40\/ciutat-meridiana-renda-disponible-mes-baixa-barcelona\/"},"author":{"name":"Informatius","@id":"https:\/\/www.noubarris.net\/web40\/#\/schema\/person\/1827f92aaa316c54abbf4dac0de76069"},"headline":"Ciutat Meridiana t\u00e9 la renda disponible m\u00e9s baixa de Barcelona, amb 11.789 \u20ac","datePublished":"2025-06-12T05:24:00+00:00","mainEntityOfPage":{"@id":"https:\/\/www.noubarris.net\/web40\/ciutat-meridiana-renda-disponible-mes-baixa-barcelona\/"},"wordCount":349,"publisher":{"@id":"https:\/\/www.noubarris.net\/web40\/#organization"},"image":{"@id":"https:\/\/www.noubarris.net\/web40\/ciutat-meridiana-renda-disponible-mes-baixa-barcelona\/#primaryimage"},"thumbnailUrl":"https:\/\/www.noubarris.net\/web40\/wp-content\/uploads\/2025\/06\/paronamica_ciutat_meridiana.jpg","articleSection":["Ciutat Meridiana","Nou Barris","Societat"],"inLanguage":"ca"},{"@type":"WebPage","@id":"https:\/\/www.noubarris.net\/web40\/ciutat-meridiana-renda-disponible-mes-baixa-barcelona\/","url":"https:\/\/www.noubarris.net\/web40\/ciutat-meridiana-renda-disponible-mes-baixa-barcelona\/","name":"Ciutat Meridiana t\u00e9 la renda disponible m\u00e9s baixa de Barcelona, amb 11.789 \u20ac - NouBarris.Net","isPartOf":{"@id":"https:\/\/www.noubarris.net\/web40\/#website"},"primaryImageOfPage":{"@id":"https:\/\/www.noubarris.net\/web40\/ciutat-meridiana-renda-disponible-mes-baixa-barcelona\/#primaryimage"},"image":{"@id":"https:\/\/www.noubarris.net\/web40\/ciutat-meridiana-renda-disponible-mes-baixa-barcelona\/#primaryimage"},"thumbnailUrl":"https:\/\/www.noubarris.net\/web40\/wp-content\/uploads\/2025\/06\/paronamica_ciutat_meridiana.jpg","datePublished":"2025-06-12T05:24:00+00:00","breadcrumb":{"@id":"https:\/\/www.noubarris.net\/web40\/ciutat-meridiana-renda-disponible-mes-baixa-barcelona\/#breadcrumb"},"inLanguage":"ca","potentialAction":[{"@type":"ReadAction","target":["https:\/\/www.noubarris.net\/web40\/ciutat-meridiana-renda-disponible-mes-baixa-barcelona\/"]}]},{"@type":"ImageObject","inLanguage":"ca","@id":"https:\/\/www.noubarris.net\/web40\/ciutat-meridiana-renda-disponible-mes-baixa-barcelona\/#primaryimage","url":"https:\/\/www.noubarris.net\/web40\/wp-content\/uploads\/2025\/06\/paronamica_ciutat_meridiana.jpg","contentUrl":"https:\/\/www.noubarris.net\/web40\/wp-content\/uploads\/2025\/06\/paronamica_ciutat_meridiana.jpg","width":553,"height":200,"caption":"renda disponible llars barcelona 2022"},{"@type":"BreadcrumbList","@id":"https:\/\/www.noubarris.net\/web40\/ciutat-meridiana-renda-disponible-mes-baixa-barcelona\/#breadcrumb","itemListElement":[{"@type":"ListItem","position":1,"name":"Inici","item":"https:\/\/www.noubarris.net\/web40\/"},{"@type":"ListItem","position":2,"name":"Ciutat Meridiana t\u00e9 la renda disponible m\u00e9s baixa de Barcelona, amb 11.789 \u20ac"}]},{"@type":"WebSite","@id":"https:\/\/www.noubarris.net\/web40\/#website","url":"https:\/\/www.noubarris.net\/web40\/","name":"NouBarris.Net","description":"Seguint la vida de Nou Barris des de 1985","publisher":{"@id":"https:\/\/www.noubarris.net\/web40\/#organization"},"potentialAction":[{"@type":"SearchAction","target":{"@type":"EntryPoint","urlTemplate":"https:\/\/www.noubarris.net\/web40\/?s={search_term_string}"},"query-input":{"@type":"PropertyValueSpecification","valueRequired":true,"valueName":"search_term_string"}}],"inLanguage":"ca"},{"@type":"Organization","@id":"https:\/\/www.noubarris.net\/web40\/#organization","name":"NouBarris.Net","url":"https:\/\/www.noubarris.net\/web40\/","logo":{"@type":"ImageObject","inLanguage":"ca","@id":"https:\/\/www.noubarris.net\/web40\/#\/schema\/logo\/image\/","url":"https:\/\/www.noubarris.net\/web40\/wp-content\/uploads\/2024\/11\/cropped-cropped-LOGO_9BTV-2024_Insta-1.jpg","contentUrl":"https:\/\/www.noubarris.net\/web40\/wp-content\/uploads\/2024\/11\/cropped-cropped-LOGO_9BTV-2024_Insta-1.jpg","width":512,"height":512,"caption":"NouBarris.Net"},"image":{"@id":"https:\/\/www.noubarris.net\/web40\/#\/schema\/logo\/image\/"},"sameAs":["https:\/\/www.facebook.com\/NouBarris.net\/?locale=es_ES","https:\/\/x.com\/9BTV"]},{"@type":"Person","@id":"https:\/\/www.noubarris.net\/web40\/#\/schema\/person\/1827f92aaa316c54abbf4dac0de76069","name":"Informatius","image":{"@type":"ImageObject","inLanguage":"ca","@id":"https:\/\/www.noubarris.net\/web40\/#\/schema\/person\/image\/","url":"https:\/\/secure.gravatar.com\/avatar\/87a3b47928835fc72c6ee5b0e1a7263ef0c2d05003a98189bc14926c5f11bcdb?s=96&d=mm&r=g","contentUrl":"https:\/\/secure.gravatar.com\/avatar\/87a3b47928835fc72c6ee5b0e1a7263ef0c2d05003a98189bc14926c5f11bcdb?s=96&d=mm&r=g","caption":"Informatius"},"url":"https:\/\/www.noubarris.net\/web40\/author\/tele\/"}]}},"_links":{"self":[{"href":"https:\/\/www.noubarris.net\/web40\/wp-json\/wp\/v2\/posts\/85320","targetHints":{"allow":["GET"]}}],"collection":[{"href":"https:\/\/www.noubarris.net\/web40\/wp-json\/wp\/v2\/posts"}],"about":[{"href":"https:\/\/www.noubarris.net\/web40\/wp-json\/wp\/v2\/types\/post"}],"author":[{"embeddable":true,"href":"https:\/\/www.noubarris.net\/web40\/wp-json\/wp\/v2\/users\/2"}],"replies":[{"embeddable":true,"href":"https:\/\/www.noubarris.net\/web40\/wp-json\/wp\/v2\/comments?post=85320"}],"version-history":[{"count":3,"href":"https:\/\/www.noubarris.net\/web40\/wp-json\/wp\/v2\/posts\/85320\/revisions"}],"predecessor-version":[{"id":85331,"href":"https:\/\/www.noubarris.net\/web40\/wp-json\/wp\/v2\/posts\/85320\/revisions\/85331"}],"wp:featuredmedia":[{"embeddable":true,"href":"https:\/\/www.noubarris.net\/web40\/wp-json\/wp\/v2\/media\/85328"}],"wp:attachment":[{"href":"https:\/\/www.noubarris.net\/web40\/wp-json\/wp\/v2\/media?parent=85320"}],"wp:term":[{"taxonomy":"category","embeddable":true,"href":"https:\/\/www.noubarris.net\/web40\/wp-json\/wp\/v2\/categories?post=85320"},{"taxonomy":"post_tag","embeddable":true,"href":"https:\/\/www.noubarris.net\/web40\/wp-json\/wp\/v2\/tags?post=85320"}],"curies":[{"name":"wp","href":"https:\/\/api.w.org\/{rel}","templated":true}]}}