{"id":85324,"date":"2025-06-13T07:39:00","date_gmt":"2025-06-13T05:39:00","guid":{"rendered":"https:\/\/www.noubarris.net\/web40\/?p=85324"},"modified":"2025-06-10T20:42:27","modified_gmt":"2025-06-10T18:42:27","slug":"placa-roquetes-reformara-finals-any","status":"publish","type":"post","link":"https:\/\/www.noubarris.net\/web40\/placa-roquetes-reformara-finals-any\/","title":{"rendered":"La pla\u00e7a de les Roquetes es reformar\u00e0 a finals d&#8217;aquest any"},"content":{"rendered":"<div>You need to add a widget, row, or prebuilt layout before you&#8217;ll see anything here. \ud83d\ude42<\/div>\n\n\n<p><strong>L&#8217;Ajuntament destinar\u00e0 1,8M\u20ac a reparar les filtracions al p\u00e0rquins de sota i alhora, millorar l&#8217;espai<\/strong><\/p>\n\n\n\n<p>L&#8217;Ajuntament de Barcelona ha aprovat inicialment el projecte per a la millora de la pla\u00e7a Roquetes, tamb\u00e9 coneguda com a la pla\u00e7a del P\u00e0rquing. I \u00e9s que just aquest punt emblem\u00e0tic del barri est\u00e0 constru\u00eft sobre un aparcament que gestiona BSM. Precisament aquest equipament necessita una actuaci\u00f3 per reparar les filtracions d&#8217;aigua que s&#8217;hi han detectat. A partir d&#8217;aqu\u00ed s&#8217;ha projectat tot de millores a la pla\u00e7a.<\/p>\n<p>\u00a0<\/p>\n\n\n\n<figure class=\"wp-block-image aligncenter size-full\"><img loading=\"lazy\" decoding=\"async\" width=\"900\" height=\"500\" src=\"https:\/\/www.noubarris.net\/web40\/wp-content\/uploads\/2025\/06\/obres-roquetes.jpeg\" alt=\"obres pla\u00e7a de les roquetes\" class=\"wp-image-85326\" srcset=\"https:\/\/www.noubarris.net\/web40\/wp-content\/uploads\/2025\/06\/obres-roquetes.jpeg 900w, https:\/\/www.noubarris.net\/web40\/wp-content\/uploads\/2025\/06\/obres-roquetes-300x167.jpeg 300w, https:\/\/www.noubarris.net\/web40\/wp-content\/uploads\/2025\/06\/obres-roquetes-768x427.jpeg 768w, https:\/\/www.noubarris.net\/web40\/wp-content\/uploads\/2025\/06\/obres-roquetes-800x445.jpeg 800w\" sizes=\"auto, (max-width: 900px) 100vw, 900px\" \/><\/figure>\n\n\n\n\n\n<p>L&#8217;obra s&#8217;executar\u00e0 amb c\u00e0rrec al Pla de Barris i, un cop finalitzi el per\u00edode de 30 dies d&#8217;informaci\u00f3 p\u00fablica que comen\u00e7a ara, es licitaran els treballs. L&#8217;actuaci\u00f3, que podria comen\u00e7ar l&#8217;\u00faltim trimestre del 2025, tindr\u00e0 una durada prevista de nou mesos.<\/p>\n\n\n\n<p>En primer lloc es retirar\u00e0 la pavimentaci\u00f3 i el mobiliari urb\u00e0 de la pla\u00e7a per tal d&#8217;accedir al forjat del p\u00e0rquing i executar una nova impermeabilitzaci\u00f3 a la coberta que ajudi a millorar patologies associades a les filtracions d&#8217;aigua.<\/p>\n\n\n\n<p>A banda de millorar el drenatge de la pla\u00e7a Roquetes, es remodelar\u00e0, a continuaci\u00f3, l&#8217;indret en el seu conjunt i s&#8217;hi incorporar\u00e0 mobiliari urb\u00e0 nou, com s\u00f3n cadires, bancs i jocs infantils, aix\u00ed com p\u00e8rgoles.<\/p>\n<p>\u00a0<\/p>\n\n\n","protected":false},"excerpt":{"rendered":"<p>L&#8217;Ajuntament destinar\u00e0 1,8M\u20ac a reparar les filtracions al p\u00e0rquins de sota i alhora, millorar l&#8217;espai L&#8217;Ajuntament de Barcelona ha aprovat<\/p>\n","protected":false},"author":2,"featured_media":85326,"comment_status":"closed","ping_status":"closed","sticky":false,"template":"","format":"standard","meta":{"colormag_page_layout":"default_layout","_monsterinsights_skip_tracking":false,"_monsterinsights_sitenote_active":false,"_monsterinsights_sitenote_note":"","_monsterinsights_sitenote_category":0,"footnotes":""},"categories":[1],"tags":[],"class_list":["post-85324","post","type-post","status-publish","format-standard","has-post-thumbnail","hentry","category-nou-barris"],"yoast_head":"<!-- This site is optimized with the Yoast SEO plugin v25.3 - https:\/\/yoast.com\/wordpress\/plugins\/seo\/ -->\n<title>La pla\u00e7a de les Roquetes es reformar\u00e0 a finals d&#039;aquest any - NouBarris.Net<\/title>\n<meta name=\"robots\" content=\"index, follow, max-snippet:-1, max-image-preview:large, max-video-preview:-1\" \/>\n<link rel=\"canonical\" href=\"https:\/\/www.noubarris.net\/web40\/placa-roquetes-reformara-finals-any\/\" \/>\n<meta property=\"og:locale\" content=\"ca_ES\" \/>\n<meta property=\"og:type\" content=\"article\" \/>\n<meta property=\"og:title\" content=\"La pla\u00e7a de les Roquetes es reformar\u00e0 a finals d&#039;aquest any - NouBarris.Net\" \/>\n<meta property=\"og:description\" content=\"L&#8217;Ajuntament destinar\u00e0 1,8M\u20ac a reparar les filtracions al p\u00e0rquins de sota i alhora, millorar l&#8217;espai L&#8217;Ajuntament de Barcelona ha aprovat\" \/>\n<meta property=\"og:url\" content=\"https:\/\/www.noubarris.net\/web40\/placa-roquetes-reformara-finals-any\/\" \/>\n<meta property=\"og:site_name\" content=\"NouBarris.Net\" \/>\n<meta property=\"article:publisher\" content=\"https:\/\/www.facebook.com\/NouBarris.net\/?locale=es_ES\" \/>\n<meta property=\"article:published_time\" content=\"2025-06-13T05:39:00+00:00\" \/>\n<meta property=\"og:image\" content=\"https:\/\/www.noubarris.net\/web40\/wp-content\/uploads\/2025\/06\/obres-roquetes.jpeg\" \/>\n\t<meta property=\"og:image:width\" content=\"900\" \/>\n\t<meta property=\"og:image:height\" content=\"500\" \/>\n\t<meta property=\"og:image:type\" content=\"image\/jpeg\" \/>\n<meta name=\"author\" content=\"Informatius\" \/>\n<meta name=\"twitter:card\" content=\"summary_large_image\" \/>\n<meta name=\"twitter:creator\" content=\"@9BTV\" \/>\n<meta name=\"twitter:site\" content=\"@9BTV\" \/>\n<meta name=\"twitter:label1\" content=\"Escrit per\" \/>\n\t<meta name=\"twitter:data1\" content=\"Informatius\" \/>\n\t<meta name=\"twitter:label2\" content=\"Temps estimat de lectura\" \/>\n\t<meta name=\"twitter:data2\" content=\"2 minuts\" \/>\n<script type=\"application\/ld+json\" class=\"yoast-schema-graph\">{\"@context\":\"https:\/\/schema.org\",\"@graph\":[{\"@type\":\"Article\",\"@id\":\"https:\/\/www.noubarris.net\/web40\/placa-roquetes-reformara-finals-any\/#article\",\"isPartOf\":{\"@id\":\"https:\/\/www.noubarris.net\/web40\/placa-roquetes-reformara-finals-any\/\"},\"author\":{\"name\":\"Informatius\",\"@id\":\"https:\/\/www.noubarris.net\/web40\/#\/schema\/person\/1827f92aaa316c54abbf4dac0de76069\"},\"headline\":\"La pla\u00e7a de les Roquetes es reformar\u00e0 a finals d&#8217;aquest any\",\"datePublished\":\"2025-06-13T05:39:00+00:00\",\"mainEntityOfPage\":{\"@id\":\"https:\/\/www.noubarris.net\/web40\/placa-roquetes-reformara-finals-any\/\"},\"wordCount\":241,\"publisher\":{\"@id\":\"https:\/\/www.noubarris.net\/web40\/#organization\"},\"image\":{\"@id\":\"https:\/\/www.noubarris.net\/web40\/placa-roquetes-reformara-finals-any\/#primaryimage\"},\"thumbnailUrl\":\"https:\/\/www.noubarris.net\/web40\/wp-content\/uploads\/2025\/06\/obres-roquetes.jpeg\",\"articleSection\":[\"Nou Barris\"],\"inLanguage\":\"ca\"},{\"@type\":\"WebPage\",\"@id\":\"https:\/\/www.noubarris.net\/web40\/placa-roquetes-reformara-finals-any\/\",\"url\":\"https:\/\/www.noubarris.net\/web40\/placa-roquetes-reformara-finals-any\/\",\"name\":\"La pla\u00e7a de les Roquetes es reformar\u00e0 a finals d'aquest any - NouBarris.Net\",\"isPartOf\":{\"@id\":\"https:\/\/www.noubarris.net\/web40\/#website\"},\"primaryImageOfPage\":{\"@id\":\"https:\/\/www.noubarris.net\/web40\/placa-roquetes-reformara-finals-any\/#primaryimage\"},\"image\":{\"@id\":\"https:\/\/www.noubarris.net\/web40\/placa-roquetes-reformara-finals-any\/#primaryimage\"},\"thumbnailUrl\":\"https:\/\/www.noubarris.net\/web40\/wp-content\/uploads\/2025\/06\/obres-roquetes.jpeg\",\"datePublished\":\"2025-06-13T05:39:00+00:00\",\"breadcrumb\":{\"@id\":\"https:\/\/www.noubarris.net\/web40\/placa-roquetes-reformara-finals-any\/#breadcrumb\"},\"inLanguage\":\"ca\",\"potentialAction\":[{\"@type\":\"ReadAction\",\"target\":[\"https:\/\/www.noubarris.net\/web40\/placa-roquetes-reformara-finals-any\/\"]}]},{\"@type\":\"ImageObject\",\"inLanguage\":\"ca\",\"@id\":\"https:\/\/www.noubarris.net\/web40\/placa-roquetes-reformara-finals-any\/#primaryimage\",\"url\":\"https:\/\/www.noubarris.net\/web40\/wp-content\/uploads\/2025\/06\/obres-roquetes.jpeg\",\"contentUrl\":\"https:\/\/www.noubarris.net\/web40\/wp-content\/uploads\/2025\/06\/obres-roquetes.jpeg\",\"width\":900,\"height\":500,\"caption\":\"obres pla\u00e7a de les roquetes\"},{\"@type\":\"BreadcrumbList\",\"@id\":\"https:\/\/www.noubarris.net\/web40\/placa-roquetes-reformara-finals-any\/#breadcrumb\",\"itemListElement\":[{\"@type\":\"ListItem\",\"position\":1,\"name\":\"Inici\",\"item\":\"https:\/\/www.noubarris.net\/web40\/\"},{\"@type\":\"ListItem\",\"position\":2,\"name\":\"La pla\u00e7a de les Roquetes es reformar\u00e0 a finals d&#8217;aquest any\"}]},{\"@type\":\"WebSite\",\"@id\":\"https:\/\/www.noubarris.net\/web40\/#website\",\"url\":\"https:\/\/www.noubarris.net\/web40\/\",\"name\":\"NouBarris.Net\",\"description\":\"Seguint la vida de Nou Barris des de 1985\",\"publisher\":{\"@id\":\"https:\/\/www.noubarris.net\/web40\/#organization\"},\"potentialAction\":[{\"@type\":\"SearchAction\",\"target\":{\"@type\":\"EntryPoint\",\"urlTemplate\":\"https:\/\/www.noubarris.net\/web40\/?s={search_term_string}\"},\"query-input\":{\"@type\":\"PropertyValueSpecification\",\"valueRequired\":true,\"valueName\":\"search_term_string\"}}],\"inLanguage\":\"ca\"},{\"@type\":\"Organization\",\"@id\":\"https:\/\/www.noubarris.net\/web40\/#organization\",\"name\":\"NouBarris.Net\",\"url\":\"https:\/\/www.noubarris.net\/web40\/\",\"logo\":{\"@type\":\"ImageObject\",\"inLanguage\":\"ca\",\"@id\":\"https:\/\/www.noubarris.net\/web40\/#\/schema\/logo\/image\/\",\"url\":\"https:\/\/www.noubarris.net\/web40\/wp-content\/uploads\/2024\/11\/cropped-cropped-LOGO_9BTV-2024_Insta-1.jpg\",\"contentUrl\":\"https:\/\/www.noubarris.net\/web40\/wp-content\/uploads\/2024\/11\/cropped-cropped-LOGO_9BTV-2024_Insta-1.jpg\",\"width\":512,\"height\":512,\"caption\":\"NouBarris.Net\"},\"image\":{\"@id\":\"https:\/\/www.noubarris.net\/web40\/#\/schema\/logo\/image\/\"},\"sameAs\":[\"https:\/\/www.facebook.com\/NouBarris.net\/?locale=es_ES\",\"https:\/\/x.com\/9BTV\"]},{\"@type\":\"Person\",\"@id\":\"https:\/\/www.noubarris.net\/web40\/#\/schema\/person\/1827f92aaa316c54abbf4dac0de76069\",\"name\":\"Informatius\",\"image\":{\"@type\":\"ImageObject\",\"inLanguage\":\"ca\",\"@id\":\"https:\/\/www.noubarris.net\/web40\/#\/schema\/person\/image\/\",\"url\":\"https:\/\/secure.gravatar.com\/avatar\/87a3b47928835fc72c6ee5b0e1a7263ef0c2d05003a98189bc14926c5f11bcdb?s=96&d=mm&r=g\",\"contentUrl\":\"https:\/\/secure.gravatar.com\/avatar\/87a3b47928835fc72c6ee5b0e1a7263ef0c2d05003a98189bc14926c5f11bcdb?s=96&d=mm&r=g\",\"caption\":\"Informatius\"},\"url\":\"https:\/\/www.noubarris.net\/web40\/author\/tele\/\"}]}<\/script>\n<!-- \/ Yoast SEO plugin. -->","yoast_head_json":{"title":"La pla\u00e7a de les Roquetes es reformar\u00e0 a finals d'aquest any - NouBarris.Net","robots":{"index":"index","follow":"follow","max-snippet":"max-snippet:-1","max-image-preview":"max-image-preview:large","max-video-preview":"max-video-preview:-1"},"canonical":"https:\/\/www.noubarris.net\/web40\/placa-roquetes-reformara-finals-any\/","og_locale":"ca_ES","og_type":"article","og_title":"La pla\u00e7a de les Roquetes es reformar\u00e0 a finals d'aquest any - NouBarris.Net","og_description":"L&#8217;Ajuntament destinar\u00e0 1,8M\u20ac a reparar les filtracions al p\u00e0rquins de sota i alhora, millorar l&#8217;espai L&#8217;Ajuntament de Barcelona ha aprovat","og_url":"https:\/\/www.noubarris.net\/web40\/placa-roquetes-reformara-finals-any\/","og_site_name":"NouBarris.Net","article_publisher":"https:\/\/www.facebook.com\/NouBarris.net\/?locale=es_ES","article_published_time":"2025-06-13T05:39:00+00:00","og_image":[{"width":900,"height":500,"url":"https:\/\/www.noubarris.net\/web40\/wp-content\/uploads\/2025\/06\/obres-roquetes.jpeg","type":"image\/jpeg"}],"author":"Informatius","twitter_card":"summary_large_image","twitter_creator":"@9BTV","twitter_site":"@9BTV","twitter_misc":{"Escrit per":"Informatius","Temps estimat de lectura":"2 minuts"},"schema":{"@context":"https:\/\/schema.org","@graph":[{"@type":"Article","@id":"https:\/\/www.noubarris.net\/web40\/placa-roquetes-reformara-finals-any\/#article","isPartOf":{"@id":"https:\/\/www.noubarris.net\/web40\/placa-roquetes-reformara-finals-any\/"},"author":{"name":"Informatius","@id":"https:\/\/www.noubarris.net\/web40\/#\/schema\/person\/1827f92aaa316c54abbf4dac0de76069"},"headline":"La pla\u00e7a de les Roquetes es reformar\u00e0 a finals d&#8217;aquest any","datePublished":"2025-06-13T05:39:00+00:00","mainEntityOfPage":{"@id":"https:\/\/www.noubarris.net\/web40\/placa-roquetes-reformara-finals-any\/"},"wordCount":241,"publisher":{"@id":"https:\/\/www.noubarris.net\/web40\/#organization"},"image":{"@id":"https:\/\/www.noubarris.net\/web40\/placa-roquetes-reformara-finals-any\/#primaryimage"},"thumbnailUrl":"https:\/\/www.noubarris.net\/web40\/wp-content\/uploads\/2025\/06\/obres-roquetes.jpeg","articleSection":["Nou Barris"],"inLanguage":"ca"},{"@type":"WebPage","@id":"https:\/\/www.noubarris.net\/web40\/placa-roquetes-reformara-finals-any\/","url":"https:\/\/www.noubarris.net\/web40\/placa-roquetes-reformara-finals-any\/","name":"La pla\u00e7a de les Roquetes es reformar\u00e0 a finals d'aquest any - NouBarris.Net","isPartOf":{"@id":"https:\/\/www.noubarris.net\/web40\/#website"},"primaryImageOfPage":{"@id":"https:\/\/www.noubarris.net\/web40\/placa-roquetes-reformara-finals-any\/#primaryimage"},"image":{"@id":"https:\/\/www.noubarris.net\/web40\/placa-roquetes-reformara-finals-any\/#primaryimage"},"thumbnailUrl":"https:\/\/www.noubarris.net\/web40\/wp-content\/uploads\/2025\/06\/obres-roquetes.jpeg","datePublished":"2025-06-13T05:39:00+00:00","breadcrumb":{"@id":"https:\/\/www.noubarris.net\/web40\/placa-roquetes-reformara-finals-any\/#breadcrumb"},"inLanguage":"ca","potentialAction":[{"@type":"ReadAction","target":["https:\/\/www.noubarris.net\/web40\/placa-roquetes-reformara-finals-any\/"]}]},{"@type":"ImageObject","inLanguage":"ca","@id":"https:\/\/www.noubarris.net\/web40\/placa-roquetes-reformara-finals-any\/#primaryimage","url":"https:\/\/www.noubarris.net\/web40\/wp-content\/uploads\/2025\/06\/obres-roquetes.jpeg","contentUrl":"https:\/\/www.noubarris.net\/web40\/wp-content\/uploads\/2025\/06\/obres-roquetes.jpeg","width":900,"height":500,"caption":"obres pla\u00e7a de les roquetes"},{"@type":"BreadcrumbList","@id":"https:\/\/www.noubarris.net\/web40\/placa-roquetes-reformara-finals-any\/#breadcrumb","itemListElement":[{"@type":"ListItem","position":1,"name":"Inici","item":"https:\/\/www.noubarris.net\/web40\/"},{"@type":"ListItem","position":2,"name":"La pla\u00e7a de les Roquetes es reformar\u00e0 a finals d&#8217;aquest any"}]},{"@type":"WebSite","@id":"https:\/\/www.noubarris.net\/web40\/#website","url":"https:\/\/www.noubarris.net\/web40\/","name":"NouBarris.Net","description":"Seguint la vida de Nou Barris des de 1985","publisher":{"@id":"https:\/\/www.noubarris.net\/web40\/#organization"},"potentialAction":[{"@type":"SearchAction","target":{"@type":"EntryPoint","urlTemplate":"https:\/\/www.noubarris.net\/web40\/?s={search_term_string}"},"query-input":{"@type":"PropertyValueSpecification","valueRequired":true,"valueName":"search_term_string"}}],"inLanguage":"ca"},{"@type":"Organization","@id":"https:\/\/www.noubarris.net\/web40\/#organization","name":"NouBarris.Net","url":"https:\/\/www.noubarris.net\/web40\/","logo":{"@type":"ImageObject","inLanguage":"ca","@id":"https:\/\/www.noubarris.net\/web40\/#\/schema\/logo\/image\/","url":"https:\/\/www.noubarris.net\/web40\/wp-content\/uploads\/2024\/11\/cropped-cropped-LOGO_9BTV-2024_Insta-1.jpg","contentUrl":"https:\/\/www.noubarris.net\/web40\/wp-content\/uploads\/2024\/11\/cropped-cropped-LOGO_9BTV-2024_Insta-1.jpg","width":512,"height":512,"caption":"NouBarris.Net"},"image":{"@id":"https:\/\/www.noubarris.net\/web40\/#\/schema\/logo\/image\/"},"sameAs":["https:\/\/www.facebook.com\/NouBarris.net\/?locale=es_ES","https:\/\/x.com\/9BTV"]},{"@type":"Person","@id":"https:\/\/www.noubarris.net\/web40\/#\/schema\/person\/1827f92aaa316c54abbf4dac0de76069","name":"Informatius","image":{"@type":"ImageObject","inLanguage":"ca","@id":"https:\/\/www.noubarris.net\/web40\/#\/schema\/person\/image\/","url":"https:\/\/secure.gravatar.com\/avatar\/87a3b47928835fc72c6ee5b0e1a7263ef0c2d05003a98189bc14926c5f11bcdb?s=96&d=mm&r=g","contentUrl":"https:\/\/secure.gravatar.com\/avatar\/87a3b47928835fc72c6ee5b0e1a7263ef0c2d05003a98189bc14926c5f11bcdb?s=96&d=mm&r=g","caption":"Informatius"},"url":"https:\/\/www.noubarris.net\/web40\/author\/tele\/"}]}},"_links":{"self":[{"href":"https:\/\/www.noubarris.net\/web40\/wp-json\/wp\/v2\/posts\/85324","targetHints":{"allow":["GET"]}}],"collection":[{"href":"https:\/\/www.noubarris.net\/web40\/wp-json\/wp\/v2\/posts"}],"about":[{"href":"https:\/\/www.noubarris.net\/web40\/wp-json\/wp\/v2\/types\/post"}],"author":[{"embeddable":true,"href":"https:\/\/www.noubarris.net\/web40\/wp-json\/wp\/v2\/users\/2"}],"replies":[{"embeddable":true,"href":"https:\/\/www.noubarris.net\/web40\/wp-json\/wp\/v2\/comments?post=85324"}],"version-history":[{"count":2,"href":"https:\/\/www.noubarris.net\/web40\/wp-json\/wp\/v2\/posts\/85324\/revisions"}],"predecessor-version":[{"id":85327,"href":"https:\/\/www.noubarris.net\/web40\/wp-json\/wp\/v2\/posts\/85324\/revisions\/85327"}],"wp:featuredmedia":[{"embeddable":true,"href":"https:\/\/www.noubarris.net\/web40\/wp-json\/wp\/v2\/media\/85326"}],"wp:attachment":[{"href":"https:\/\/www.noubarris.net\/web40\/wp-json\/wp\/v2\/media?parent=85324"}],"wp:term":[{"taxonomy":"category","embeddable":true,"href":"https:\/\/www.noubarris.net\/web40\/wp-json\/wp\/v2\/categories?post=85324"},{"taxonomy":"post_tag","embeddable":true,"href":"https:\/\/www.noubarris.net\/web40\/wp-json\/wp\/v2\/tags?post=85324"}],"curies":[{"name":"wp","href":"https:\/\/api.w.org\/{rel}","templated":true}]}}