{"id":85341,"date":"2025-06-16T12:51:02","date_gmt":"2025-06-16T10:51:02","guid":{"rendered":"https:\/\/www.noubarris.net\/web40\/?p=85341"},"modified":"2025-06-16T12:51:13","modified_gmt":"2025-06-16T10:51:13","slug":"trasllat-cdiap","status":"publish","type":"post","link":"https:\/\/www.noubarris.net\/web40\/trasllat-cdiap\/","title":{"rendered":"Trasllat del CDIAP"},"content":{"rendered":"\n<p>l&#8217;Ajuntament ha aprovat recentment la reforma d&#8217;un local a la Trinitat Nova per instal\u00b7lar-hi un nou centre CDIAP que aglutinar\u00e0 els tres actuals. El <a href=\"https:\/\/www.noubarris.net\/web40\/nou-barris-amplia-els-dispositius-per-atendre-els-problemes-de-desenvolupament-infantil\/\" target=\"_blank\" rel=\"noreferrer noopener\">CDIAP<\/a> (Centre de Desenvolupament Infantil i Atenci\u00f3 Preco\u00e7) \u00e9s un servei p\u00fablic concertat amb la Generalitat de Catalunya especialitzat en l\u2019atenci\u00f3 preco\u00e7 i adre\u00e7at a infants de 0 a 6 anys amb trastorns en el desenvolupament o en risc de patir-ne, aix\u00ed com a les fam\u00edlies. El seu objectiu \u00e9s prevenir, detectar i intervenir de manera integral per afavorir el desenvolupament global de l\u2019infant en col\u00b7laboraci\u00f3 amb la fam\u00edlia i l\u2019entorn.<\/p>\n\n\n\n<figure class=\"wp-block-image aligncenter size-full\"><img loading=\"lazy\" decoding=\"async\" width=\"760\" height=\"428\" src=\"https:\/\/www.noubarris.net\/web40\/wp-content\/uploads\/2025\/06\/HPHI3576-760x428-1.jpg\" alt=\"CDIAP Nou Barris\" class=\"wp-image-85342\" srcset=\"https:\/\/www.noubarris.net\/web40\/wp-content\/uploads\/2025\/06\/HPHI3576-760x428-1.jpg 760w, https:\/\/www.noubarris.net\/web40\/wp-content\/uploads\/2025\/06\/HPHI3576-760x428-1-300x169.jpg 300w\" sizes=\"auto, (max-width: 760px) 100vw, 760px\" \/><\/figure>\n\n\n\n<p>A Nou Barris es troba repartit en tres punts: al carrer Luz Casanova (al Verdum), a <a href=\"https:\/\/www.noubarris.net\/web40\/reobre-reformat-el-centre-de-desenvolupament-infantil-i-atencio-precoc-cdiap-del-carrer-dantonio-machado\/\" target=\"_blank\" rel=\"noreferrer noopener\">Antonio Machado (Canyelles<\/a>) i al Casal de Barri de Torre Bar\u00f3. Aquests tres es traslladaran al nou local, al carrer d\u2019Aiguablava, 68. La intenci\u00f3 del trasllat \u00e9s aconseguir m\u00e9s amplitud, amb una millor adaptaci\u00f3 per l\u2019atenci\u00f3 i el treball diari que es fa, facilitant tamb\u00e9, l\u2019acc\u00e9s dels usuaris de la zona de Trinitat Nova.<\/p>\n\n\n\n<p>El CDIAP compta amb un equip interdisciplinari format per 26 professionals entre els quals es troben fisioterapeutes, logopedes, psic\u00f2logues, treballadores socials, neuropediatres, psicomotricistes, administratives i una directora. El servei en si mateix tamb\u00e9 es coordina amb centres de salut com la Vall d\u2019Hebron i els CAPS del districte, escoles bressol i serveis socials. Alhora tamb\u00e9 hi participa en diferents taules comunit\u00e0ries del districte relacionades amb la petita inf\u00e0ncia i la salut mental.<\/p>\n<p>Redacci\u00f3: Laura Roa<\/p>\n<p>&nbsp;<\/p>\n\n\n\n\n","protected":false},"excerpt":{"rendered":"<p>l&#8217;Ajuntament ha aprovat recentment la reforma d&#8217;un local a la Trinitat Nova per instal\u00b7lar-hi un nou centre CDIAP que aglutinar\u00e0<\/p>\n","protected":false},"author":2,"featured_media":85344,"comment_status":"closed","ping_status":"closed","sticky":false,"template":"","format":"standard","meta":{"colormag_page_layout":"default_layout","_monsterinsights_skip_tracking":false,"_monsterinsights_sitenote_active":false,"_monsterinsights_sitenote_note":"","_monsterinsights_sitenote_category":0,"footnotes":""},"categories":[1],"tags":[],"class_list":["post-85341","post","type-post","status-publish","format-standard","has-post-thumbnail","hentry","category-nou-barris"],"yoast_head":"<!-- This site is optimized with the Yoast SEO plugin v25.3 - https:\/\/yoast.com\/wordpress\/plugins\/seo\/ -->\n<title>Trasllat del CDIAP - NouBarris.Net<\/title>\n<meta name=\"robots\" content=\"index, follow, max-snippet:-1, max-image-preview:large, max-video-preview:-1\" \/>\n<link rel=\"canonical\" href=\"https:\/\/www.noubarris.net\/web40\/trasllat-cdiap\/\" \/>\n<meta property=\"og:locale\" content=\"ca_ES\" \/>\n<meta property=\"og:type\" content=\"article\" \/>\n<meta property=\"og:title\" content=\"Trasllat del CDIAP - NouBarris.Net\" \/>\n<meta property=\"og:description\" content=\"l&#8217;Ajuntament ha aprovat recentment la reforma d&#8217;un local a la Trinitat Nova per instal\u00b7lar-hi un nou centre CDIAP que aglutinar\u00e0\" \/>\n<meta property=\"og:url\" content=\"https:\/\/www.noubarris.net\/web40\/trasllat-cdiap\/\" \/>\n<meta property=\"og:site_name\" content=\"NouBarris.Net\" \/>\n<meta property=\"article:publisher\" content=\"https:\/\/www.facebook.com\/NouBarris.net\/?locale=es_ES\" \/>\n<meta property=\"article:published_time\" content=\"2025-06-16T10:51:02+00:00\" \/>\n<meta property=\"article:modified_time\" content=\"2025-06-16T10:51:13+00:00\" \/>\n<meta property=\"og:image\" content=\"https:\/\/www.noubarris.net\/web40\/wp-content\/uploads\/2025\/06\/baner_cdiap_eipi_noubarris_ca_1920x1080_0.jpg\" \/>\n\t<meta property=\"og:image:width\" content=\"750\" \/>\n\t<meta property=\"og:image:height\" content=\"422\" \/>\n\t<meta property=\"og:image:type\" content=\"image\/jpeg\" \/>\n<meta name=\"author\" content=\"Informatius\" \/>\n<meta name=\"twitter:card\" content=\"summary_large_image\" \/>\n<meta name=\"twitter:creator\" content=\"@9BTV\" \/>\n<meta name=\"twitter:site\" content=\"@9BTV\" \/>\n<meta name=\"twitter:label1\" content=\"Escrit per\" \/>\n\t<meta name=\"twitter:data1\" content=\"Informatius\" \/>\n\t<meta name=\"twitter:label2\" content=\"Temps estimat de lectura\" \/>\n\t<meta name=\"twitter:data2\" content=\"2 minuts\" \/>\n<script type=\"application\/ld+json\" class=\"yoast-schema-graph\">{\"@context\":\"https:\/\/schema.org\",\"@graph\":[{\"@type\":\"Article\",\"@id\":\"https:\/\/www.noubarris.net\/web40\/trasllat-cdiap\/#article\",\"isPartOf\":{\"@id\":\"https:\/\/www.noubarris.net\/web40\/trasllat-cdiap\/\"},\"author\":{\"name\":\"Informatius\",\"@id\":\"https:\/\/www.noubarris.net\/web40\/#\/schema\/person\/1827f92aaa316c54abbf4dac0de76069\"},\"headline\":\"Trasllat del CDIAP\",\"datePublished\":\"2025-06-16T10:51:02+00:00\",\"dateModified\":\"2025-06-16T10:51:13+00:00\",\"mainEntityOfPage\":{\"@id\":\"https:\/\/www.noubarris.net\/web40\/trasllat-cdiap\/\"},\"wordCount\":260,\"publisher\":{\"@id\":\"https:\/\/www.noubarris.net\/web40\/#organization\"},\"image\":{\"@id\":\"https:\/\/www.noubarris.net\/web40\/trasllat-cdiap\/#primaryimage\"},\"thumbnailUrl\":\"https:\/\/www.noubarris.net\/web40\/wp-content\/uploads\/2025\/06\/baner_cdiap_eipi_noubarris_ca_1920x1080_0.jpg\",\"articleSection\":[\"Nou Barris\"],\"inLanguage\":\"ca\"},{\"@type\":\"WebPage\",\"@id\":\"https:\/\/www.noubarris.net\/web40\/trasllat-cdiap\/\",\"url\":\"https:\/\/www.noubarris.net\/web40\/trasllat-cdiap\/\",\"name\":\"Trasllat del CDIAP - NouBarris.Net\",\"isPartOf\":{\"@id\":\"https:\/\/www.noubarris.net\/web40\/#website\"},\"primaryImageOfPage\":{\"@id\":\"https:\/\/www.noubarris.net\/web40\/trasllat-cdiap\/#primaryimage\"},\"image\":{\"@id\":\"https:\/\/www.noubarris.net\/web40\/trasllat-cdiap\/#primaryimage\"},\"thumbnailUrl\":\"https:\/\/www.noubarris.net\/web40\/wp-content\/uploads\/2025\/06\/baner_cdiap_eipi_noubarris_ca_1920x1080_0.jpg\",\"datePublished\":\"2025-06-16T10:51:02+00:00\",\"dateModified\":\"2025-06-16T10:51:13+00:00\",\"breadcrumb\":{\"@id\":\"https:\/\/www.noubarris.net\/web40\/trasllat-cdiap\/#breadcrumb\"},\"inLanguage\":\"ca\",\"potentialAction\":[{\"@type\":\"ReadAction\",\"target\":[\"https:\/\/www.noubarris.net\/web40\/trasllat-cdiap\/\"]}]},{\"@type\":\"ImageObject\",\"inLanguage\":\"ca\",\"@id\":\"https:\/\/www.noubarris.net\/web40\/trasllat-cdiap\/#primaryimage\",\"url\":\"https:\/\/www.noubarris.net\/web40\/wp-content\/uploads\/2025\/06\/baner_cdiap_eipi_noubarris_ca_1920x1080_0.jpg\",\"contentUrl\":\"https:\/\/www.noubarris.net\/web40\/wp-content\/uploads\/2025\/06\/baner_cdiap_eipi_noubarris_ca_1920x1080_0.jpg\",\"width\":750,\"height\":422,\"caption\":\"CDIAP Nou Barris\"},{\"@type\":\"BreadcrumbList\",\"@id\":\"https:\/\/www.noubarris.net\/web40\/trasllat-cdiap\/#breadcrumb\",\"itemListElement\":[{\"@type\":\"ListItem\",\"position\":1,\"name\":\"Inici\",\"item\":\"https:\/\/www.noubarris.net\/web40\/\"},{\"@type\":\"ListItem\",\"position\":2,\"name\":\"Trasllat del CDIAP\"}]},{\"@type\":\"WebSite\",\"@id\":\"https:\/\/www.noubarris.net\/web40\/#website\",\"url\":\"https:\/\/www.noubarris.net\/web40\/\",\"name\":\"NouBarris.Net\",\"description\":\"Seguint la vida de Nou Barris des de 1985\",\"publisher\":{\"@id\":\"https:\/\/www.noubarris.net\/web40\/#organization\"},\"potentialAction\":[{\"@type\":\"SearchAction\",\"target\":{\"@type\":\"EntryPoint\",\"urlTemplate\":\"https:\/\/www.noubarris.net\/web40\/?s={search_term_string}\"},\"query-input\":{\"@type\":\"PropertyValueSpecification\",\"valueRequired\":true,\"valueName\":\"search_term_string\"}}],\"inLanguage\":\"ca\"},{\"@type\":\"Organization\",\"@id\":\"https:\/\/www.noubarris.net\/web40\/#organization\",\"name\":\"NouBarris.Net\",\"url\":\"https:\/\/www.noubarris.net\/web40\/\",\"logo\":{\"@type\":\"ImageObject\",\"inLanguage\":\"ca\",\"@id\":\"https:\/\/www.noubarris.net\/web40\/#\/schema\/logo\/image\/\",\"url\":\"https:\/\/www.noubarris.net\/web40\/wp-content\/uploads\/2024\/11\/cropped-cropped-LOGO_9BTV-2024_Insta-1.jpg\",\"contentUrl\":\"https:\/\/www.noubarris.net\/web40\/wp-content\/uploads\/2024\/11\/cropped-cropped-LOGO_9BTV-2024_Insta-1.jpg\",\"width\":512,\"height\":512,\"caption\":\"NouBarris.Net\"},\"image\":{\"@id\":\"https:\/\/www.noubarris.net\/web40\/#\/schema\/logo\/image\/\"},\"sameAs\":[\"https:\/\/www.facebook.com\/NouBarris.net\/?locale=es_ES\",\"https:\/\/x.com\/9BTV\"]},{\"@type\":\"Person\",\"@id\":\"https:\/\/www.noubarris.net\/web40\/#\/schema\/person\/1827f92aaa316c54abbf4dac0de76069\",\"name\":\"Informatius\",\"image\":{\"@type\":\"ImageObject\",\"inLanguage\":\"ca\",\"@id\":\"https:\/\/www.noubarris.net\/web40\/#\/schema\/person\/image\/\",\"url\":\"https:\/\/secure.gravatar.com\/avatar\/87a3b47928835fc72c6ee5b0e1a7263ef0c2d05003a98189bc14926c5f11bcdb?s=96&d=mm&r=g\",\"contentUrl\":\"https:\/\/secure.gravatar.com\/avatar\/87a3b47928835fc72c6ee5b0e1a7263ef0c2d05003a98189bc14926c5f11bcdb?s=96&d=mm&r=g\",\"caption\":\"Informatius\"},\"url\":\"https:\/\/www.noubarris.net\/web40\/author\/tele\/\"}]}<\/script>\n<!-- \/ Yoast SEO plugin. -->","yoast_head_json":{"title":"Trasllat del CDIAP - NouBarris.Net","robots":{"index":"index","follow":"follow","max-snippet":"max-snippet:-1","max-image-preview":"max-image-preview:large","max-video-preview":"max-video-preview:-1"},"canonical":"https:\/\/www.noubarris.net\/web40\/trasllat-cdiap\/","og_locale":"ca_ES","og_type":"article","og_title":"Trasllat del CDIAP - NouBarris.Net","og_description":"l&#8217;Ajuntament ha aprovat recentment la reforma d&#8217;un local a la Trinitat Nova per instal\u00b7lar-hi un nou centre CDIAP que aglutinar\u00e0","og_url":"https:\/\/www.noubarris.net\/web40\/trasllat-cdiap\/","og_site_name":"NouBarris.Net","article_publisher":"https:\/\/www.facebook.com\/NouBarris.net\/?locale=es_ES","article_published_time":"2025-06-16T10:51:02+00:00","article_modified_time":"2025-06-16T10:51:13+00:00","og_image":[{"width":750,"height":422,"url":"https:\/\/www.noubarris.net\/web40\/wp-content\/uploads\/2025\/06\/baner_cdiap_eipi_noubarris_ca_1920x1080_0.jpg","type":"image\/jpeg"}],"author":"Informatius","twitter_card":"summary_large_image","twitter_creator":"@9BTV","twitter_site":"@9BTV","twitter_misc":{"Escrit per":"Informatius","Temps estimat de lectura":"2 minuts"},"schema":{"@context":"https:\/\/schema.org","@graph":[{"@type":"Article","@id":"https:\/\/www.noubarris.net\/web40\/trasllat-cdiap\/#article","isPartOf":{"@id":"https:\/\/www.noubarris.net\/web40\/trasllat-cdiap\/"},"author":{"name":"Informatius","@id":"https:\/\/www.noubarris.net\/web40\/#\/schema\/person\/1827f92aaa316c54abbf4dac0de76069"},"headline":"Trasllat del CDIAP","datePublished":"2025-06-16T10:51:02+00:00","dateModified":"2025-06-16T10:51:13+00:00","mainEntityOfPage":{"@id":"https:\/\/www.noubarris.net\/web40\/trasllat-cdiap\/"},"wordCount":260,"publisher":{"@id":"https:\/\/www.noubarris.net\/web40\/#organization"},"image":{"@id":"https:\/\/www.noubarris.net\/web40\/trasllat-cdiap\/#primaryimage"},"thumbnailUrl":"https:\/\/www.noubarris.net\/web40\/wp-content\/uploads\/2025\/06\/baner_cdiap_eipi_noubarris_ca_1920x1080_0.jpg","articleSection":["Nou Barris"],"inLanguage":"ca"},{"@type":"WebPage","@id":"https:\/\/www.noubarris.net\/web40\/trasllat-cdiap\/","url":"https:\/\/www.noubarris.net\/web40\/trasllat-cdiap\/","name":"Trasllat del CDIAP - NouBarris.Net","isPartOf":{"@id":"https:\/\/www.noubarris.net\/web40\/#website"},"primaryImageOfPage":{"@id":"https:\/\/www.noubarris.net\/web40\/trasllat-cdiap\/#primaryimage"},"image":{"@id":"https:\/\/www.noubarris.net\/web40\/trasllat-cdiap\/#primaryimage"},"thumbnailUrl":"https:\/\/www.noubarris.net\/web40\/wp-content\/uploads\/2025\/06\/baner_cdiap_eipi_noubarris_ca_1920x1080_0.jpg","datePublished":"2025-06-16T10:51:02+00:00","dateModified":"2025-06-16T10:51:13+00:00","breadcrumb":{"@id":"https:\/\/www.noubarris.net\/web40\/trasllat-cdiap\/#breadcrumb"},"inLanguage":"ca","potentialAction":[{"@type":"ReadAction","target":["https:\/\/www.noubarris.net\/web40\/trasllat-cdiap\/"]}]},{"@type":"ImageObject","inLanguage":"ca","@id":"https:\/\/www.noubarris.net\/web40\/trasllat-cdiap\/#primaryimage","url":"https:\/\/www.noubarris.net\/web40\/wp-content\/uploads\/2025\/06\/baner_cdiap_eipi_noubarris_ca_1920x1080_0.jpg","contentUrl":"https:\/\/www.noubarris.net\/web40\/wp-content\/uploads\/2025\/06\/baner_cdiap_eipi_noubarris_ca_1920x1080_0.jpg","width":750,"height":422,"caption":"CDIAP Nou Barris"},{"@type":"BreadcrumbList","@id":"https:\/\/www.noubarris.net\/web40\/trasllat-cdiap\/#breadcrumb","itemListElement":[{"@type":"ListItem","position":1,"name":"Inici","item":"https:\/\/www.noubarris.net\/web40\/"},{"@type":"ListItem","position":2,"name":"Trasllat del CDIAP"}]},{"@type":"WebSite","@id":"https:\/\/www.noubarris.net\/web40\/#website","url":"https:\/\/www.noubarris.net\/web40\/","name":"NouBarris.Net","description":"Seguint la vida de Nou Barris des de 1985","publisher":{"@id":"https:\/\/www.noubarris.net\/web40\/#organization"},"potentialAction":[{"@type":"SearchAction","target":{"@type":"EntryPoint","urlTemplate":"https:\/\/www.noubarris.net\/web40\/?s={search_term_string}"},"query-input":{"@type":"PropertyValueSpecification","valueRequired":true,"valueName":"search_term_string"}}],"inLanguage":"ca"},{"@type":"Organization","@id":"https:\/\/www.noubarris.net\/web40\/#organization","name":"NouBarris.Net","url":"https:\/\/www.noubarris.net\/web40\/","logo":{"@type":"ImageObject","inLanguage":"ca","@id":"https:\/\/www.noubarris.net\/web40\/#\/schema\/logo\/image\/","url":"https:\/\/www.noubarris.net\/web40\/wp-content\/uploads\/2024\/11\/cropped-cropped-LOGO_9BTV-2024_Insta-1.jpg","contentUrl":"https:\/\/www.noubarris.net\/web40\/wp-content\/uploads\/2024\/11\/cropped-cropped-LOGO_9BTV-2024_Insta-1.jpg","width":512,"height":512,"caption":"NouBarris.Net"},"image":{"@id":"https:\/\/www.noubarris.net\/web40\/#\/schema\/logo\/image\/"},"sameAs":["https:\/\/www.facebook.com\/NouBarris.net\/?locale=es_ES","https:\/\/x.com\/9BTV"]},{"@type":"Person","@id":"https:\/\/www.noubarris.net\/web40\/#\/schema\/person\/1827f92aaa316c54abbf4dac0de76069","name":"Informatius","image":{"@type":"ImageObject","inLanguage":"ca","@id":"https:\/\/www.noubarris.net\/web40\/#\/schema\/person\/image\/","url":"https:\/\/secure.gravatar.com\/avatar\/87a3b47928835fc72c6ee5b0e1a7263ef0c2d05003a98189bc14926c5f11bcdb?s=96&d=mm&r=g","contentUrl":"https:\/\/secure.gravatar.com\/avatar\/87a3b47928835fc72c6ee5b0e1a7263ef0c2d05003a98189bc14926c5f11bcdb?s=96&d=mm&r=g","caption":"Informatius"},"url":"https:\/\/www.noubarris.net\/web40\/author\/tele\/"}]}},"_links":{"self":[{"href":"https:\/\/www.noubarris.net\/web40\/wp-json\/wp\/v2\/posts\/85341","targetHints":{"allow":["GET"]}}],"collection":[{"href":"https:\/\/www.noubarris.net\/web40\/wp-json\/wp\/v2\/posts"}],"about":[{"href":"https:\/\/www.noubarris.net\/web40\/wp-json\/wp\/v2\/types\/post"}],"author":[{"embeddable":true,"href":"https:\/\/www.noubarris.net\/web40\/wp-json\/wp\/v2\/users\/2"}],"replies":[{"embeddable":true,"href":"https:\/\/www.noubarris.net\/web40\/wp-json\/wp\/v2\/comments?post=85341"}],"version-history":[{"count":1,"href":"https:\/\/www.noubarris.net\/web40\/wp-json\/wp\/v2\/posts\/85341\/revisions"}],"predecessor-version":[{"id":85346,"href":"https:\/\/www.noubarris.net\/web40\/wp-json\/wp\/v2\/posts\/85341\/revisions\/85346"}],"wp:featuredmedia":[{"embeddable":true,"href":"https:\/\/www.noubarris.net\/web40\/wp-json\/wp\/v2\/media\/85344"}],"wp:attachment":[{"href":"https:\/\/www.noubarris.net\/web40\/wp-json\/wp\/v2\/media?parent=85341"}],"wp:term":[{"taxonomy":"category","embeddable":true,"href":"https:\/\/www.noubarris.net\/web40\/wp-json\/wp\/v2\/categories?post=85341"},{"taxonomy":"post_tag","embeddable":true,"href":"https:\/\/www.noubarris.net\/web40\/wp-json\/wp\/v2\/tags?post=85341"}],"curies":[{"name":"wp","href":"https:\/\/api.w.org\/{rel}","templated":true}]}}