{"id":85348,"date":"2025-06-16T16:42:18","date_gmt":"2025-06-16T14:42:18","guid":{"rendered":"https:\/\/www.noubarris.net\/web40\/?p=85348"},"modified":"2025-06-16T16:42:27","modified_gmt":"2025-06-16T14:42:27","slug":"festa-major-2025-can-peguera","status":"publish","type":"post","link":"https:\/\/www.noubarris.net\/web40\/festa-major-2025-can-peguera\/","title":{"rendered":"Festa Major 2025 a Can Peguera: barri, cultura i futur en marxa"},"content":{"rendered":"\n<p><strong>Can Peguera ja ha enc\u00e8s els motors de la seva Festa Major 2025, que t\u00e9 lloc del 14 al 23 de juny.<\/strong><\/p>\n\n\n\n<p>Durant deu dies, aquest barri hist\u00f2ric de Nou Barris s\u2019omplir\u00e0 d\u2019activitats per a totes les edats: <a class=\"keychainify-checked\" href=\"https:\/\/youtu.be\/zvuADR7Cf7Q\" target=\"_blank\" rel=\"noopener\">baixada de carros<\/a>, espectacles de dansa, tornejos de ping-pong i v\u00f2lei, festes de l\u2019escuma, concerts, havaneres amb rom cremat i la botifarrada popular.<\/p>\n<p>\u00a0<\/p>\n\n\n\n<figure class=\"wp-block-image size-full\"><img loading=\"lazy\" decoding=\"async\" width=\"760\" height=\"428\" src=\"https:\/\/www.noubarris.net\/web40\/wp-content\/uploads\/2025\/06\/festa_major_can_peguera.760x428.913fbea3.jpg\" alt=\"Festa Major Can Peguera 2025\" class=\"wp-image-85349\" srcset=\"https:\/\/www.noubarris.net\/web40\/wp-content\/uploads\/2025\/06\/festa_major_can_peguera.760x428.913fbea3.jpg 760w, https:\/\/www.noubarris.net\/web40\/wp-content\/uploads\/2025\/06\/festa_major_can_peguera.760x428.913fbea3-300x169.jpg 300w\" sizes=\"auto, (max-width: 760px) 100vw, 760px\" \/><\/figure>\n\n\n\n\n\n<p>Un dels moments m\u00e9s esperats ser\u00e0 la revetlla de Sant Joan del 23 de juny, amb sopar de germanor i m\u00fasica en directe per tancar la festa amb bon ritme.<\/p>\n\n\n\n<p>Aquest any, la festa no nom\u00e9s \u00e9s celebraci\u00f3. En paral\u00b7lel, ve\u00efns i ve\u00efnes continuen debatent i treballant pel Pla de Futur de Can Peguera, un projecte que vol rehabilitar els habitatges i espais p\u00fablics, millorant la qualitat de vida del ve\u00efnat. Des de l\u2019Associaci\u00f3 de Ve\u00efns i Ve\u00efnes, es destaca que aquest pla nom\u00e9s tindr\u00e0 \u00e8xit amb participaci\u00f3 ciutadana activa.<\/p>\n\n\n\n<p>La festa \u00e9s possible gr\u00e0cies a la implicaci\u00f3 de col\u00b7lectius com La Cosa Nostra, la Penya Blaugrana, el Casal de Gent Gran, aix\u00ed com joves, fam\u00edlies i infants vinculats a espais com el Centre Obert, la Ciberaula i l\u2019Espai Familiar Tr\u00e8vol. L\u2019objectiu com\u00fa: fer del barri un espai viu, inclusiu i amb futur.<\/p>\n\n\n\n<p>La Festa Major de Can Peguera \u00e9s, com sempre, molt m\u00e9s que una festa: \u00e9s la mostra viva d\u2019un barri que estima la seva gent, la seva hist\u00f2ria i el seu dem\u00e0.<\/p>\n\n\n\n<p><em>Redacci\u00f3: Joel Le\u00f3n<\/em><\/p>\n\n\n\n<p data-start=\"219\" data-end=\"244\"><strong>Dissabte 14 de juny<\/strong><\/p>\n<p data-start=\"245\" data-end=\"320\"><strong data-start=\"245\" data-end=\"266\">Baixada de carros<\/strong> al Parc del Tur\u00f3 de la Peira (esplanada de b\u00e0squet)<\/p>\n<ul data-start=\"321\" data-end=\"394\">\n<li data-start=\"321\" data-end=\"362\">\n<p data-start=\"323\" data-end=\"362\">11:00 h: convocat\u00f2ria de participants<\/p>\n<\/li>\n<li data-start=\"363\" data-end=\"394\">\n<p data-start=\"365\" data-end=\"394\">12:00 h: inici de l\u2019activitat<\/p>\n<\/li>\n<\/ul>\n<hr data-start=\"396\" data-end=\"399\" \/>\n<p data-start=\"401\" data-end=\"425\"><strong>Dilluns 16 de juny<\/strong><\/p>\n<p data-start=\"426\" data-end=\"495\"><strong data-start=\"426\" data-end=\"446\">Danses del barri<\/strong> amb agrupacions de Can Peguera i altres barris<\/p>\n<ul data-start=\"496\" data-end=\"538\">\n<li data-start=\"496\" data-end=\"538\">\n<p data-start=\"498\" data-end=\"538\">17:30 h al Casal de Barri La Cosa Nostra<\/p>\n<\/li>\n<\/ul>\n<hr data-start=\"540\" data-end=\"543\" \/>\n<p data-start=\"545\" data-end=\"569\"><strong>Dimarts 17 de juny<\/strong><\/p>\n<p data-start=\"570\" data-end=\"625\"><strong data-start=\"570\" data-end=\"599\">Tarda infantil i familiar<\/strong> amb circuit d\u2019inflables<\/p>\n<ul data-start=\"626\" data-end=\"765\">\n<li data-start=\"626\" data-end=\"739\">\n<p data-start=\"628\" data-end=\"739\">17:30 h al Casal de Barri La Cosa Nostra<br data-start=\"668\" data-end=\"671\" \/><strong data-start=\"671\" data-end=\"695\">Torneig de ping\u2011pong<\/strong> per a totes les edats (inscripci\u00f3 pr\u00e8via)<\/p>\n<\/li>\n<li data-start=\"740\" data-end=\"765\">\n<p data-start=\"742\" data-end=\"765\">18:00 h al mateix espai<\/p>\n<\/li>\n<\/ul>\n<hr data-start=\"767\" data-end=\"770\" \/>\n<p data-start=\"772\" data-end=\"797\"><strong>Dimecres 18 de juny<\/strong><\/p>\n<p data-start=\"798\" data-end=\"910\"><strong data-start=\"798\" data-end=\"822\">Berenar de gent gran<\/strong> amb m\u00fasica del duet \u201cKamelot\u201d i obsequi per als majors de 80 anys (inscripci\u00f3 pr\u00e8via)<\/p>\n<ul data-start=\"911\" data-end=\"1187\">\n<li data-start=\"911\" data-end=\"1017\">\n<p data-start=\"913\" data-end=\"1017\">18:00 h al Casal de Barri La Cosa Nostra<br data-start=\"953\" data-end=\"956\" \/><strong data-start=\"956\" data-end=\"977\">Festa de l\u2019escuma<\/strong> per a infants, adolescents i fam\u00edlies<\/p>\n<\/li>\n<li data-start=\"1018\" data-end=\"1154\">\n<p data-start=\"1020\" data-end=\"1154\">18:00 h a la cru\u00eflla dels carrers Darnius i Vilaseca<br data-start=\"1072\" data-end=\"1075\" \/><strong data-start=\"1075\" data-end=\"1108\">Torneig de triples de b\u00e0squet<\/strong> per a joves (13\u201325 anys, inscripci\u00f3 pr\u00e8via)<\/p>\n<\/li>\n<li data-start=\"1155\" data-end=\"1187\">\n<p data-start=\"1157\" data-end=\"1187\">18:00 h a les pistes del Casal<\/p>\n<\/li>\n<\/ul>\n<hr data-start=\"1189\" data-end=\"1192\" \/>\n<p data-start=\"1194\" data-end=\"1217\"><strong>Dijous 19 de juny<\/strong><\/p>\n<p data-start=\"1218\" data-end=\"1271\"><strong data-start=\"1218\" data-end=\"1239\">Passejada popular<\/strong> guiada pels carrers del barri<\/p>\n<ul data-start=\"1272\" data-end=\"1560\">\n<li data-start=\"1272\" data-end=\"1419\">\n<p data-start=\"1274\" data-end=\"1419\">10:00 h, sortida des de la pla\u00e7a Sant Francesc Xavier<br data-start=\"1327\" data-end=\"1330\" \/><strong data-start=\"1330\" data-end=\"1373\">Torneig de voleibol (fase eliminat\u00f2ria)<\/strong> per a joves (12\u201330 anys, inscripci\u00f3 pr\u00e8via)<\/p>\n<\/li>\n<li data-start=\"1420\" data-end=\"1517\">\n<p data-start=\"1422\" data-end=\"1517\">16:00 h a les pistes del Casal<br data-start=\"1452\" data-end=\"1455\" \/><strong data-start=\"1455\" data-end=\"1477\">Varietats musicals<\/strong> a c\u00e0rrec del grup de teatre del Casal<\/p>\n<\/li>\n<li data-start=\"1518\" data-end=\"1560\">\n<p data-start=\"1520\" data-end=\"1560\">18:00 h al Casal de Barri La Cosa Nostra<\/p>\n<\/li>\n<\/ul>\n<hr data-start=\"1562\" data-end=\"1565\" \/>\n<p data-start=\"1567\" data-end=\"1593\"><strong>Divendres 20 de juny<\/strong><\/p>\n<p data-start=\"1594\" data-end=\"1640\"><strong data-start=\"1594\" data-end=\"1638\">Torneig de voleibol (semifinals i final)<\/strong><\/p>\n<ul data-start=\"1641\" data-end=\"1861\">\n<li data-start=\"1641\" data-end=\"1747\">\n<p data-start=\"1643\" data-end=\"1747\">16:00 h a les pistes del Casal<br data-start=\"1673\" data-end=\"1676\" \/><strong data-start=\"1676\" data-end=\"1689\">Havaneres<\/strong> amb el grup \u201cSon de l\u2019Havana\u201d i rom cremat (tiquet 1\u202f\u20ac)<\/p>\n<\/li>\n<li data-start=\"1748\" data-end=\"1842\">\n<p data-start=\"1750\" data-end=\"1842\">19:00 h a la Placeta Josep Maria Ja\u00e9n<br data-start=\"1787\" data-end=\"1790\" \/><strong data-start=\"1790\" data-end=\"1806\">Nit de rumba<\/strong> amb el duet \u201cLos Killos del Coro\u201d<\/p>\n<\/li>\n<li data-start=\"1843\" data-end=\"1861\">\n<p data-start=\"1845\" data-end=\"1861\">A La Cosa Nostra<\/p>\n<\/li>\n<\/ul>\n<hr data-start=\"1863\" data-end=\"1866\" \/>\n<p data-start=\"1868\" data-end=\"1893\"><strong>Dissabte 21 de juny<\/strong><\/p>\n<p data-start=\"1894\" data-end=\"1941\"><strong data-start=\"1894\" data-end=\"1939\">Concert de la Banda Simf\u00f2nica de Roquetes<\/strong><\/p>\n<ul data-start=\"1942\" data-end=\"1970\">\n<li data-start=\"1942\" data-end=\"1970\">\n<p data-start=\"1944\" data-end=\"1970\">19:00 h a la Pla\u00e7a Darnius<\/p>\n<\/li>\n<\/ul>\n<hr data-start=\"1972\" data-end=\"1975\" \/>\n<p data-start=\"1977\" data-end=\"2002\"><strong>Diumenge 22 de juny<\/strong><\/p>\n<p data-start=\"2003\" data-end=\"2060\"><strong data-start=\"2003\" data-end=\"2026\">Botifarrada popular<\/strong>: pa, botifarra i beguda per 2\u202f\u20ac<\/p>\n<ul data-start=\"2061\" data-end=\"2089\">\n<li data-start=\"2061\" data-end=\"2089\">\n<p data-start=\"2063\" data-end=\"2089\">12:00 h a la Pla\u00e7a Darnius<\/p>\n<\/li>\n<\/ul>\n<hr data-start=\"2091\" data-end=\"2094\" \/>\n<p data-start=\"2096\" data-end=\"2120\"><strong>Dilluns 23 de juny<\/strong><\/p>\n<p data-start=\"2121\" data-end=\"2200\"><strong data-start=\"2121\" data-end=\"2146\">Revetlla de Sant Joan<\/strong> amb sopar de germanor i actuaci\u00f3 musical de cloenda<\/p>\n<ul data-start=\"2201\" data-end=\"2256\">\n<li data-start=\"2201\" data-end=\"2256\">\n<p data-start=\"2203\" data-end=\"2256\">21:00 h a la pista de futbol del Casal La Cosa Nostra<\/p>\n<\/li>\n<\/ul>\n<p>\u00a0<\/p>\n","protected":false},"excerpt":{"rendered":"<p>Can Peguera ja ha enc\u00e8s els motors de la seva Festa Major 2025, que t\u00e9 lloc del 14 al 23<\/p>\n","protected":false},"author":2,"featured_media":85349,"comment_status":"closed","ping_status":"closed","sticky":false,"template":"","format":"standard","meta":{"colormag_page_layout":"default_layout","_monsterinsights_skip_tracking":false,"_monsterinsights_sitenote_active":false,"_monsterinsights_sitenote_note":"","_monsterinsights_sitenote_category":0,"footnotes":""},"categories":[1],"tags":[],"class_list":["post-85348","post","type-post","status-publish","format-standard","has-post-thumbnail","hentry","category-nou-barris"],"yoast_head":"<!-- This site is optimized with the Yoast SEO plugin v25.3 - https:\/\/yoast.com\/wordpress\/plugins\/seo\/ -->\n<title>Festa Major 2025 a Can Peguera: barri, cultura i futur en marxa - NouBarris.Net<\/title>\n<meta name=\"robots\" content=\"index, follow, max-snippet:-1, max-image-preview:large, max-video-preview:-1\" \/>\n<link rel=\"canonical\" href=\"https:\/\/www.noubarris.net\/web40\/festa-major-2025-can-peguera\/\" \/>\n<meta property=\"og:locale\" content=\"ca_ES\" \/>\n<meta property=\"og:type\" content=\"article\" \/>\n<meta property=\"og:title\" content=\"Festa Major 2025 a Can Peguera: barri, cultura i futur en marxa - NouBarris.Net\" \/>\n<meta property=\"og:description\" content=\"Can Peguera ja ha enc\u00e8s els motors de la seva Festa Major 2025, que t\u00e9 lloc del 14 al 23\" \/>\n<meta property=\"og:url\" content=\"https:\/\/www.noubarris.net\/web40\/festa-major-2025-can-peguera\/\" \/>\n<meta property=\"og:site_name\" content=\"NouBarris.Net\" \/>\n<meta property=\"article:publisher\" content=\"https:\/\/www.facebook.com\/NouBarris.net\/?locale=es_ES\" \/>\n<meta property=\"article:published_time\" content=\"2025-06-16T14:42:18+00:00\" \/>\n<meta property=\"article:modified_time\" content=\"2025-06-16T14:42:27+00:00\" \/>\n<meta property=\"og:image\" content=\"https:\/\/www.noubarris.net\/web40\/wp-content\/uploads\/2025\/06\/festa_major_can_peguera.760x428.913fbea3.jpg\" \/>\n\t<meta property=\"og:image:width\" content=\"760\" \/>\n\t<meta property=\"og:image:height\" content=\"428\" \/>\n\t<meta property=\"og:image:type\" content=\"image\/jpeg\" \/>\n<meta name=\"author\" content=\"Informatius\" \/>\n<meta name=\"twitter:card\" content=\"summary_large_image\" \/>\n<meta name=\"twitter:creator\" content=\"@9BTV\" \/>\n<meta name=\"twitter:site\" content=\"@9BTV\" \/>\n<meta name=\"twitter:label1\" content=\"Escrit per\" \/>\n\t<meta name=\"twitter:data1\" content=\"Informatius\" \/>\n\t<meta name=\"twitter:label2\" content=\"Temps estimat de lectura\" \/>\n\t<meta name=\"twitter:data2\" content=\"4 minuts\" \/>\n<script type=\"application\/ld+json\" class=\"yoast-schema-graph\">{\"@context\":\"https:\/\/schema.org\",\"@graph\":[{\"@type\":\"Article\",\"@id\":\"https:\/\/www.noubarris.net\/web40\/festa-major-2025-can-peguera\/#article\",\"isPartOf\":{\"@id\":\"https:\/\/www.noubarris.net\/web40\/festa-major-2025-can-peguera\/\"},\"author\":{\"name\":\"Informatius\",\"@id\":\"https:\/\/www.noubarris.net\/web40\/#\/schema\/person\/1827f92aaa316c54abbf4dac0de76069\"},\"headline\":\"Festa Major 2025 a Can Peguera: barri, cultura i futur en marxa\",\"datePublished\":\"2025-06-16T14:42:18+00:00\",\"dateModified\":\"2025-06-16T14:42:27+00:00\",\"mainEntityOfPage\":{\"@id\":\"https:\/\/www.noubarris.net\/web40\/festa-major-2025-can-peguera\/\"},\"wordCount\":596,\"publisher\":{\"@id\":\"https:\/\/www.noubarris.net\/web40\/#organization\"},\"image\":{\"@id\":\"https:\/\/www.noubarris.net\/web40\/festa-major-2025-can-peguera\/#primaryimage\"},\"thumbnailUrl\":\"https:\/\/www.noubarris.net\/web40\/wp-content\/uploads\/2025\/06\/festa_major_can_peguera.760x428.913fbea3.jpg\",\"articleSection\":[\"Nou Barris\"],\"inLanguage\":\"ca\"},{\"@type\":\"WebPage\",\"@id\":\"https:\/\/www.noubarris.net\/web40\/festa-major-2025-can-peguera\/\",\"url\":\"https:\/\/www.noubarris.net\/web40\/festa-major-2025-can-peguera\/\",\"name\":\"Festa Major 2025 a Can Peguera: barri, cultura i futur en marxa - NouBarris.Net\",\"isPartOf\":{\"@id\":\"https:\/\/www.noubarris.net\/web40\/#website\"},\"primaryImageOfPage\":{\"@id\":\"https:\/\/www.noubarris.net\/web40\/festa-major-2025-can-peguera\/#primaryimage\"},\"image\":{\"@id\":\"https:\/\/www.noubarris.net\/web40\/festa-major-2025-can-peguera\/#primaryimage\"},\"thumbnailUrl\":\"https:\/\/www.noubarris.net\/web40\/wp-content\/uploads\/2025\/06\/festa_major_can_peguera.760x428.913fbea3.jpg\",\"datePublished\":\"2025-06-16T14:42:18+00:00\",\"dateModified\":\"2025-06-16T14:42:27+00:00\",\"breadcrumb\":{\"@id\":\"https:\/\/www.noubarris.net\/web40\/festa-major-2025-can-peguera\/#breadcrumb\"},\"inLanguage\":\"ca\",\"potentialAction\":[{\"@type\":\"ReadAction\",\"target\":[\"https:\/\/www.noubarris.net\/web40\/festa-major-2025-can-peguera\/\"]}]},{\"@type\":\"ImageObject\",\"inLanguage\":\"ca\",\"@id\":\"https:\/\/www.noubarris.net\/web40\/festa-major-2025-can-peguera\/#primaryimage\",\"url\":\"https:\/\/www.noubarris.net\/web40\/wp-content\/uploads\/2025\/06\/festa_major_can_peguera.760x428.913fbea3.jpg\",\"contentUrl\":\"https:\/\/www.noubarris.net\/web40\/wp-content\/uploads\/2025\/06\/festa_major_can_peguera.760x428.913fbea3.jpg\",\"width\":760,\"height\":428,\"caption\":\"Festa Major Can Peguera 2025\"},{\"@type\":\"BreadcrumbList\",\"@id\":\"https:\/\/www.noubarris.net\/web40\/festa-major-2025-can-peguera\/#breadcrumb\",\"itemListElement\":[{\"@type\":\"ListItem\",\"position\":1,\"name\":\"Inici\",\"item\":\"https:\/\/www.noubarris.net\/web40\/\"},{\"@type\":\"ListItem\",\"position\":2,\"name\":\"Festa Major 2025 a Can Peguera: barri, cultura i futur en marxa\"}]},{\"@type\":\"WebSite\",\"@id\":\"https:\/\/www.noubarris.net\/web40\/#website\",\"url\":\"https:\/\/www.noubarris.net\/web40\/\",\"name\":\"NouBarris.Net\",\"description\":\"Seguint la vida de Nou Barris des de 1985\",\"publisher\":{\"@id\":\"https:\/\/www.noubarris.net\/web40\/#organization\"},\"potentialAction\":[{\"@type\":\"SearchAction\",\"target\":{\"@type\":\"EntryPoint\",\"urlTemplate\":\"https:\/\/www.noubarris.net\/web40\/?s={search_term_string}\"},\"query-input\":{\"@type\":\"PropertyValueSpecification\",\"valueRequired\":true,\"valueName\":\"search_term_string\"}}],\"inLanguage\":\"ca\"},{\"@type\":\"Organization\",\"@id\":\"https:\/\/www.noubarris.net\/web40\/#organization\",\"name\":\"NouBarris.Net\",\"url\":\"https:\/\/www.noubarris.net\/web40\/\",\"logo\":{\"@type\":\"ImageObject\",\"inLanguage\":\"ca\",\"@id\":\"https:\/\/www.noubarris.net\/web40\/#\/schema\/logo\/image\/\",\"url\":\"https:\/\/www.noubarris.net\/web40\/wp-content\/uploads\/2024\/11\/cropped-cropped-LOGO_9BTV-2024_Insta-1.jpg\",\"contentUrl\":\"https:\/\/www.noubarris.net\/web40\/wp-content\/uploads\/2024\/11\/cropped-cropped-LOGO_9BTV-2024_Insta-1.jpg\",\"width\":512,\"height\":512,\"caption\":\"NouBarris.Net\"},\"image\":{\"@id\":\"https:\/\/www.noubarris.net\/web40\/#\/schema\/logo\/image\/\"},\"sameAs\":[\"https:\/\/www.facebook.com\/NouBarris.net\/?locale=es_ES\",\"https:\/\/x.com\/9BTV\"]},{\"@type\":\"Person\",\"@id\":\"https:\/\/www.noubarris.net\/web40\/#\/schema\/person\/1827f92aaa316c54abbf4dac0de76069\",\"name\":\"Informatius\",\"image\":{\"@type\":\"ImageObject\",\"inLanguage\":\"ca\",\"@id\":\"https:\/\/www.noubarris.net\/web40\/#\/schema\/person\/image\/\",\"url\":\"https:\/\/secure.gravatar.com\/avatar\/87a3b47928835fc72c6ee5b0e1a7263ef0c2d05003a98189bc14926c5f11bcdb?s=96&d=mm&r=g\",\"contentUrl\":\"https:\/\/secure.gravatar.com\/avatar\/87a3b47928835fc72c6ee5b0e1a7263ef0c2d05003a98189bc14926c5f11bcdb?s=96&d=mm&r=g\",\"caption\":\"Informatius\"},\"url\":\"https:\/\/www.noubarris.net\/web40\/author\/tele\/\"}]}<\/script>\n<!-- \/ Yoast SEO plugin. -->","yoast_head_json":{"title":"Festa Major 2025 a Can Peguera: barri, cultura i futur en marxa - NouBarris.Net","robots":{"index":"index","follow":"follow","max-snippet":"max-snippet:-1","max-image-preview":"max-image-preview:large","max-video-preview":"max-video-preview:-1"},"canonical":"https:\/\/www.noubarris.net\/web40\/festa-major-2025-can-peguera\/","og_locale":"ca_ES","og_type":"article","og_title":"Festa Major 2025 a Can Peguera: barri, cultura i futur en marxa - NouBarris.Net","og_description":"Can Peguera ja ha enc\u00e8s els motors de la seva Festa Major 2025, que t\u00e9 lloc del 14 al 23","og_url":"https:\/\/www.noubarris.net\/web40\/festa-major-2025-can-peguera\/","og_site_name":"NouBarris.Net","article_publisher":"https:\/\/www.facebook.com\/NouBarris.net\/?locale=es_ES","article_published_time":"2025-06-16T14:42:18+00:00","article_modified_time":"2025-06-16T14:42:27+00:00","og_image":[{"width":760,"height":428,"url":"https:\/\/www.noubarris.net\/web40\/wp-content\/uploads\/2025\/06\/festa_major_can_peguera.760x428.913fbea3.jpg","type":"image\/jpeg"}],"author":"Informatius","twitter_card":"summary_large_image","twitter_creator":"@9BTV","twitter_site":"@9BTV","twitter_misc":{"Escrit per":"Informatius","Temps estimat de lectura":"4 minuts"},"schema":{"@context":"https:\/\/schema.org","@graph":[{"@type":"Article","@id":"https:\/\/www.noubarris.net\/web40\/festa-major-2025-can-peguera\/#article","isPartOf":{"@id":"https:\/\/www.noubarris.net\/web40\/festa-major-2025-can-peguera\/"},"author":{"name":"Informatius","@id":"https:\/\/www.noubarris.net\/web40\/#\/schema\/person\/1827f92aaa316c54abbf4dac0de76069"},"headline":"Festa Major 2025 a Can Peguera: barri, cultura i futur en marxa","datePublished":"2025-06-16T14:42:18+00:00","dateModified":"2025-06-16T14:42:27+00:00","mainEntityOfPage":{"@id":"https:\/\/www.noubarris.net\/web40\/festa-major-2025-can-peguera\/"},"wordCount":596,"publisher":{"@id":"https:\/\/www.noubarris.net\/web40\/#organization"},"image":{"@id":"https:\/\/www.noubarris.net\/web40\/festa-major-2025-can-peguera\/#primaryimage"},"thumbnailUrl":"https:\/\/www.noubarris.net\/web40\/wp-content\/uploads\/2025\/06\/festa_major_can_peguera.760x428.913fbea3.jpg","articleSection":["Nou Barris"],"inLanguage":"ca"},{"@type":"WebPage","@id":"https:\/\/www.noubarris.net\/web40\/festa-major-2025-can-peguera\/","url":"https:\/\/www.noubarris.net\/web40\/festa-major-2025-can-peguera\/","name":"Festa Major 2025 a Can Peguera: barri, cultura i futur en marxa - NouBarris.Net","isPartOf":{"@id":"https:\/\/www.noubarris.net\/web40\/#website"},"primaryImageOfPage":{"@id":"https:\/\/www.noubarris.net\/web40\/festa-major-2025-can-peguera\/#primaryimage"},"image":{"@id":"https:\/\/www.noubarris.net\/web40\/festa-major-2025-can-peguera\/#primaryimage"},"thumbnailUrl":"https:\/\/www.noubarris.net\/web40\/wp-content\/uploads\/2025\/06\/festa_major_can_peguera.760x428.913fbea3.jpg","datePublished":"2025-06-16T14:42:18+00:00","dateModified":"2025-06-16T14:42:27+00:00","breadcrumb":{"@id":"https:\/\/www.noubarris.net\/web40\/festa-major-2025-can-peguera\/#breadcrumb"},"inLanguage":"ca","potentialAction":[{"@type":"ReadAction","target":["https:\/\/www.noubarris.net\/web40\/festa-major-2025-can-peguera\/"]}]},{"@type":"ImageObject","inLanguage":"ca","@id":"https:\/\/www.noubarris.net\/web40\/festa-major-2025-can-peguera\/#primaryimage","url":"https:\/\/www.noubarris.net\/web40\/wp-content\/uploads\/2025\/06\/festa_major_can_peguera.760x428.913fbea3.jpg","contentUrl":"https:\/\/www.noubarris.net\/web40\/wp-content\/uploads\/2025\/06\/festa_major_can_peguera.760x428.913fbea3.jpg","width":760,"height":428,"caption":"Festa Major Can Peguera 2025"},{"@type":"BreadcrumbList","@id":"https:\/\/www.noubarris.net\/web40\/festa-major-2025-can-peguera\/#breadcrumb","itemListElement":[{"@type":"ListItem","position":1,"name":"Inici","item":"https:\/\/www.noubarris.net\/web40\/"},{"@type":"ListItem","position":2,"name":"Festa Major 2025 a Can Peguera: barri, cultura i futur en marxa"}]},{"@type":"WebSite","@id":"https:\/\/www.noubarris.net\/web40\/#website","url":"https:\/\/www.noubarris.net\/web40\/","name":"NouBarris.Net","description":"Seguint la vida de Nou Barris des de 1985","publisher":{"@id":"https:\/\/www.noubarris.net\/web40\/#organization"},"potentialAction":[{"@type":"SearchAction","target":{"@type":"EntryPoint","urlTemplate":"https:\/\/www.noubarris.net\/web40\/?s={search_term_string}"},"query-input":{"@type":"PropertyValueSpecification","valueRequired":true,"valueName":"search_term_string"}}],"inLanguage":"ca"},{"@type":"Organization","@id":"https:\/\/www.noubarris.net\/web40\/#organization","name":"NouBarris.Net","url":"https:\/\/www.noubarris.net\/web40\/","logo":{"@type":"ImageObject","inLanguage":"ca","@id":"https:\/\/www.noubarris.net\/web40\/#\/schema\/logo\/image\/","url":"https:\/\/www.noubarris.net\/web40\/wp-content\/uploads\/2024\/11\/cropped-cropped-LOGO_9BTV-2024_Insta-1.jpg","contentUrl":"https:\/\/www.noubarris.net\/web40\/wp-content\/uploads\/2024\/11\/cropped-cropped-LOGO_9BTV-2024_Insta-1.jpg","width":512,"height":512,"caption":"NouBarris.Net"},"image":{"@id":"https:\/\/www.noubarris.net\/web40\/#\/schema\/logo\/image\/"},"sameAs":["https:\/\/www.facebook.com\/NouBarris.net\/?locale=es_ES","https:\/\/x.com\/9BTV"]},{"@type":"Person","@id":"https:\/\/www.noubarris.net\/web40\/#\/schema\/person\/1827f92aaa316c54abbf4dac0de76069","name":"Informatius","image":{"@type":"ImageObject","inLanguage":"ca","@id":"https:\/\/www.noubarris.net\/web40\/#\/schema\/person\/image\/","url":"https:\/\/secure.gravatar.com\/avatar\/87a3b47928835fc72c6ee5b0e1a7263ef0c2d05003a98189bc14926c5f11bcdb?s=96&d=mm&r=g","contentUrl":"https:\/\/secure.gravatar.com\/avatar\/87a3b47928835fc72c6ee5b0e1a7263ef0c2d05003a98189bc14926c5f11bcdb?s=96&d=mm&r=g","caption":"Informatius"},"url":"https:\/\/www.noubarris.net\/web40\/author\/tele\/"}]}},"_links":{"self":[{"href":"https:\/\/www.noubarris.net\/web40\/wp-json\/wp\/v2\/posts\/85348","targetHints":{"allow":["GET"]}}],"collection":[{"href":"https:\/\/www.noubarris.net\/web40\/wp-json\/wp\/v2\/posts"}],"about":[{"href":"https:\/\/www.noubarris.net\/web40\/wp-json\/wp\/v2\/types\/post"}],"author":[{"embeddable":true,"href":"https:\/\/www.noubarris.net\/web40\/wp-json\/wp\/v2\/users\/2"}],"replies":[{"embeddable":true,"href":"https:\/\/www.noubarris.net\/web40\/wp-json\/wp\/v2\/comments?post=85348"}],"version-history":[{"count":1,"href":"https:\/\/www.noubarris.net\/web40\/wp-json\/wp\/v2\/posts\/85348\/revisions"}],"predecessor-version":[{"id":85351,"href":"https:\/\/www.noubarris.net\/web40\/wp-json\/wp\/v2\/posts\/85348\/revisions\/85351"}],"wp:featuredmedia":[{"embeddable":true,"href":"https:\/\/www.noubarris.net\/web40\/wp-json\/wp\/v2\/media\/85349"}],"wp:attachment":[{"href":"https:\/\/www.noubarris.net\/web40\/wp-json\/wp\/v2\/media?parent=85348"}],"wp:term":[{"taxonomy":"category","embeddable":true,"href":"https:\/\/www.noubarris.net\/web40\/wp-json\/wp\/v2\/categories?post=85348"},{"taxonomy":"post_tag","embeddable":true,"href":"https:\/\/www.noubarris.net\/web40\/wp-json\/wp\/v2\/tags?post=85348"}],"curies":[{"name":"wp","href":"https:\/\/api.w.org\/{rel}","templated":true}]}}