{"id":85409,"date":"2025-07-03T09:46:17","date_gmt":"2025-07-03T07:46:17","guid":{"rendered":"https:\/\/www.noubarris.net\/web40\/?p=85409"},"modified":"2025-07-03T09:46:26","modified_gmt":"2025-07-03T07:46:26","slug":"nou-barris-reivindica-historia-artistica","status":"publish","type":"post","link":"https:\/\/www.noubarris.net\/web40\/nou-barris-reivindica-historia-artistica\/","title":{"rendered":"Nou Barris reivindica la seva hist\u00f2ria art\u00edstica"},"content":{"rendered":"\n<p>El dijous 19 de juny, a les 19 h, es va inaugurar a l\u2019Espai Via Fav\u00e8ncia una exposici\u00f3 dedicada al Grup de Pintors i Pintores de Nou Barris, un col\u00b7lectiu creat als anys vuitanta a les Roquetes, impulsat per ve\u00efns i ve\u00efnes amb inquietuds culturals.<\/p>\n<p>L\u2019acte, presentat per Arnaldo Gil, president de l\u2019Arxiu Hist\u00f2ric, va recordar figures com Manuel Rodr\u00edguez, Encarna C\u00e1novas i Jes\u00fas M. Gonz\u00e1lez, autors de les 18 obres que formen la mostra, i que van saber reflectir la realitat social del barri a trav\u00e9s de la pintura.<\/p>\n<p>C\u00e1novas, que ha cedit part de la seva obra, va rememorar la traject\u00f2ria del grup i el seu paper en moviments culturals i ve\u00efnals. Es van llegir textos de Gonz\u00e1lez, plens de sensibilitat i reflexi\u00f3.<\/p>\n<p>L\u2019exposici\u00f3 \u00e9s gratu\u00efta i oberta a tothom, i vol recuperar la mem\u00f2ria art\u00edstica i col\u00b7lectiva d\u2019un barri que sempre ha sabut fer cultura des de la base.<\/p>\n<p>\u00a0<\/p>\n\n\n\n<div class=\"wp-block-jetpack-slideshow aligncenter\" data-effect=\"slide\"><div class=\"wp-block-jetpack-slideshow_container swiper-container\"><ul class=\"wp-block-jetpack-slideshow_swiper-wrapper swiper-wrapper\"><li class=\"wp-block-jetpack-slideshow_slide swiper-slide\"><figure><img loading=\"lazy\" decoding=\"async\" width=\"1024\" height=\"682\" alt=\"\" class=\"wp-block-jetpack-slideshow_image wp-image-85425\" data-id=\"85425\" src=\"https:\/\/www.noubarris.net\/web40\/wp-content\/uploads\/2025\/07\/WhatsApp-Image-2025-07-02-at-22.35.18-2-1024x682.jpeg\" srcset=\"https:\/\/www.noubarris.net\/web40\/wp-content\/uploads\/2025\/07\/WhatsApp-Image-2025-07-02-at-22.35.18-2-1024x682.jpeg 1024w, https:\/\/www.noubarris.net\/web40\/wp-content\/uploads\/2025\/07\/WhatsApp-Image-2025-07-02-at-22.35.18-2-300x200.jpeg 300w, https:\/\/www.noubarris.net\/web40\/wp-content\/uploads\/2025\/07\/WhatsApp-Image-2025-07-02-at-22.35.18-2-768x512.jpeg 768w, https:\/\/www.noubarris.net\/web40\/wp-content\/uploads\/2025\/07\/WhatsApp-Image-2025-07-02-at-22.35.18-2-1536x1023.jpeg 1536w, https:\/\/www.noubarris.net\/web40\/wp-content\/uploads\/2025\/07\/WhatsApp-Image-2025-07-02-at-22.35.18-2-1320x879.jpeg 1320w, https:\/\/www.noubarris.net\/web40\/wp-content\/uploads\/2025\/07\/WhatsApp-Image-2025-07-02-at-22.35.18-2-272x182.jpeg 272w, https:\/\/www.noubarris.net\/web40\/wp-content\/uploads\/2025\/07\/WhatsApp-Image-2025-07-02-at-22.35.18-2.jpeg 1600w\" sizes=\"auto, (max-width: 1024px) 100vw, 1024px\" \/><figcaption class=\"wp-block-jetpack-slideshow_caption gallery-caption\">Font: Jose Maria Medina<\/figcaption><\/figure><\/li><li class=\"wp-block-jetpack-slideshow_slide swiper-slide\"><figure><img loading=\"lazy\" decoding=\"async\" width=\"1024\" height=\"747\" alt=\"\" class=\"wp-block-jetpack-slideshow_image wp-image-85424\" data-id=\"85424\" src=\"https:\/\/www.noubarris.net\/web40\/wp-content\/uploads\/2025\/07\/WhatsApp-Image-2025-07-02-at-22.35.18-5-1024x747.jpeg\" srcset=\"https:\/\/www.noubarris.net\/web40\/wp-content\/uploads\/2025\/07\/WhatsApp-Image-2025-07-02-at-22.35.18-5-1024x747.jpeg 1024w, https:\/\/www.noubarris.net\/web40\/wp-content\/uploads\/2025\/07\/WhatsApp-Image-2025-07-02-at-22.35.18-5-300x219.jpeg 300w, https:\/\/www.noubarris.net\/web40\/wp-content\/uploads\/2025\/07\/WhatsApp-Image-2025-07-02-at-22.35.18-5-768x560.jpeg 768w, https:\/\/www.noubarris.net\/web40\/wp-content\/uploads\/2025\/07\/WhatsApp-Image-2025-07-02-at-22.35.18-5-1536x1120.jpeg 1536w, https:\/\/www.noubarris.net\/web40\/wp-content\/uploads\/2025\/07\/WhatsApp-Image-2025-07-02-at-22.35.18-5-1320x963.jpeg 1320w, https:\/\/www.noubarris.net\/web40\/wp-content\/uploads\/2025\/07\/WhatsApp-Image-2025-07-02-at-22.35.18-5.jpeg 1600w\" sizes=\"auto, (max-width: 1024px) 100vw, 1024px\" \/><figcaption class=\"wp-block-jetpack-slideshow_caption gallery-caption\">Font: Jose Maria Medina<\/figcaption><\/figure><\/li><li class=\"wp-block-jetpack-slideshow_slide swiper-slide\"><figure><img loading=\"lazy\" decoding=\"async\" width=\"1024\" height=\"682\" alt=\"\" class=\"wp-block-jetpack-slideshow_image wp-image-85423\" data-id=\"85423\" src=\"https:\/\/www.noubarris.net\/web40\/wp-content\/uploads\/2025\/07\/WhatsApp-Image-2025-07-02-at-22.35.18-4-1024x682.jpeg\" srcset=\"https:\/\/www.noubarris.net\/web40\/wp-content\/uploads\/2025\/07\/WhatsApp-Image-2025-07-02-at-22.35.18-4-1024x682.jpeg 1024w, https:\/\/www.noubarris.net\/web40\/wp-content\/uploads\/2025\/07\/WhatsApp-Image-2025-07-02-at-22.35.18-4-300x200.jpeg 300w, https:\/\/www.noubarris.net\/web40\/wp-content\/uploads\/2025\/07\/WhatsApp-Image-2025-07-02-at-22.35.18-4-768x512.jpeg 768w, https:\/\/www.noubarris.net\/web40\/wp-content\/uploads\/2025\/07\/WhatsApp-Image-2025-07-02-at-22.35.18-4-1536x1023.jpeg 1536w, https:\/\/www.noubarris.net\/web40\/wp-content\/uploads\/2025\/07\/WhatsApp-Image-2025-07-02-at-22.35.18-4-1320x879.jpeg 1320w, https:\/\/www.noubarris.net\/web40\/wp-content\/uploads\/2025\/07\/WhatsApp-Image-2025-07-02-at-22.35.18-4-272x182.jpeg 272w, https:\/\/www.noubarris.net\/web40\/wp-content\/uploads\/2025\/07\/WhatsApp-Image-2025-07-02-at-22.35.18-4.jpeg 1600w\" sizes=\"auto, (max-width: 1024px) 100vw, 1024px\" \/><figcaption class=\"wp-block-jetpack-slideshow_caption gallery-caption\">Font: Jose Maria Medina<\/figcaption><\/figure><\/li><li class=\"wp-block-jetpack-slideshow_slide swiper-slide\"><figure><img loading=\"lazy\" decoding=\"async\" width=\"1024\" height=\"682\" alt=\"\" class=\"wp-block-jetpack-slideshow_image wp-image-85422\" data-id=\"85422\" src=\"https:\/\/www.noubarris.net\/web40\/wp-content\/uploads\/2025\/07\/WhatsApp-Image-2025-07-02-at-22.35.18-1-1024x682.jpeg\" srcset=\"https:\/\/www.noubarris.net\/web40\/wp-content\/uploads\/2025\/07\/WhatsApp-Image-2025-07-02-at-22.35.18-1-1024x682.jpeg 1024w, https:\/\/www.noubarris.net\/web40\/wp-content\/uploads\/2025\/07\/WhatsApp-Image-2025-07-02-at-22.35.18-1-300x200.jpeg 300w, https:\/\/www.noubarris.net\/web40\/wp-content\/uploads\/2025\/07\/WhatsApp-Image-2025-07-02-at-22.35.18-1-768x512.jpeg 768w, https:\/\/www.noubarris.net\/web40\/wp-content\/uploads\/2025\/07\/WhatsApp-Image-2025-07-02-at-22.35.18-1-1536x1023.jpeg 1536w, https:\/\/www.noubarris.net\/web40\/wp-content\/uploads\/2025\/07\/WhatsApp-Image-2025-07-02-at-22.35.18-1-1320x879.jpeg 1320w, https:\/\/www.noubarris.net\/web40\/wp-content\/uploads\/2025\/07\/WhatsApp-Image-2025-07-02-at-22.35.18-1-272x182.jpeg 272w, https:\/\/www.noubarris.net\/web40\/wp-content\/uploads\/2025\/07\/WhatsApp-Image-2025-07-02-at-22.35.18-1.jpeg 1600w\" sizes=\"auto, (max-width: 1024px) 100vw, 1024px\" \/><figcaption class=\"wp-block-jetpack-slideshow_caption gallery-caption\">Font: Jose Maria Medina<\/figcaption><\/figure><\/li><li class=\"wp-block-jetpack-slideshow_slide swiper-slide\"><figure><img loading=\"lazy\" decoding=\"async\" width=\"1024\" height=\"682\" alt=\"\" class=\"wp-block-jetpack-slideshow_image wp-image-85421\" data-id=\"85421\" src=\"https:\/\/www.noubarris.net\/web40\/wp-content\/uploads\/2025\/07\/WhatsApp-Image-2025-07-02-at-22.35.18-3-1024x682.jpeg\" srcset=\"https:\/\/www.noubarris.net\/web40\/wp-content\/uploads\/2025\/07\/WhatsApp-Image-2025-07-02-at-22.35.18-3-1024x682.jpeg 1024w, https:\/\/www.noubarris.net\/web40\/wp-content\/uploads\/2025\/07\/WhatsApp-Image-2025-07-02-at-22.35.18-3-300x200.jpeg 300w, https:\/\/www.noubarris.net\/web40\/wp-content\/uploads\/2025\/07\/WhatsApp-Image-2025-07-02-at-22.35.18-3-768x512.jpeg 768w, https:\/\/www.noubarris.net\/web40\/wp-content\/uploads\/2025\/07\/WhatsApp-Image-2025-07-02-at-22.35.18-3-1536x1023.jpeg 1536w, https:\/\/www.noubarris.net\/web40\/wp-content\/uploads\/2025\/07\/WhatsApp-Image-2025-07-02-at-22.35.18-3-1320x879.jpeg 1320w, https:\/\/www.noubarris.net\/web40\/wp-content\/uploads\/2025\/07\/WhatsApp-Image-2025-07-02-at-22.35.18-3-272x182.jpeg 272w, https:\/\/www.noubarris.net\/web40\/wp-content\/uploads\/2025\/07\/WhatsApp-Image-2025-07-02-at-22.35.18-3.jpeg 1600w\" sizes=\"auto, (max-width: 1024px) 100vw, 1024px\" \/><figcaption class=\"wp-block-jetpack-slideshow_caption gallery-caption\">Font: Jose Maria Medina<\/figcaption><\/figure><\/li><li class=\"wp-block-jetpack-slideshow_slide swiper-slide\"><figure><img loading=\"lazy\" decoding=\"async\" width=\"1024\" height=\"723\" alt=\"\" class=\"wp-block-jetpack-slideshow_image wp-image-85420\" data-id=\"85420\" src=\"https:\/\/www.noubarris.net\/web40\/wp-content\/uploads\/2025\/07\/WhatsApp-Image-2025-07-02-at-22.35.18-1024x723.jpeg\" srcset=\"https:\/\/www.noubarris.net\/web40\/wp-content\/uploads\/2025\/07\/WhatsApp-Image-2025-07-02-at-22.35.18-1024x723.jpeg 1024w, https:\/\/www.noubarris.net\/web40\/wp-content\/uploads\/2025\/07\/WhatsApp-Image-2025-07-02-at-22.35.18-300x212.jpeg 300w, https:\/\/www.noubarris.net\/web40\/wp-content\/uploads\/2025\/07\/WhatsApp-Image-2025-07-02-at-22.35.18-768x542.jpeg 768w, https:\/\/www.noubarris.net\/web40\/wp-content\/uploads\/2025\/07\/WhatsApp-Image-2025-07-02-at-22.35.18-1536x1085.jpeg 1536w, https:\/\/www.noubarris.net\/web40\/wp-content\/uploads\/2025\/07\/WhatsApp-Image-2025-07-02-at-22.35.18-1320x932.jpeg 1320w, https:\/\/www.noubarris.net\/web40\/wp-content\/uploads\/2025\/07\/WhatsApp-Image-2025-07-02-at-22.35.18.jpeg 1600w\" sizes=\"auto, (max-width: 1024px) 100vw, 1024px\" \/><figcaption class=\"wp-block-jetpack-slideshow_caption gallery-caption\">Font: Jose Maria Medina<\/figcaption><\/figure><\/li><li class=\"wp-block-jetpack-slideshow_slide swiper-slide\"><figure><img loading=\"lazy\" decoding=\"async\" width=\"1024\" height=\"682\" alt=\"\" class=\"wp-block-jetpack-slideshow_image wp-image-85419\" data-id=\"85419\" src=\"https:\/\/www.noubarris.net\/web40\/wp-content\/uploads\/2025\/07\/WhatsApp-Image-2025-07-02-at-22.35.18-6-1024x682.jpeg\" srcset=\"https:\/\/www.noubarris.net\/web40\/wp-content\/uploads\/2025\/07\/WhatsApp-Image-2025-07-02-at-22.35.18-6-1024x682.jpeg 1024w, https:\/\/www.noubarris.net\/web40\/wp-content\/uploads\/2025\/07\/WhatsApp-Image-2025-07-02-at-22.35.18-6-300x200.jpeg 300w, https:\/\/www.noubarris.net\/web40\/wp-content\/uploads\/2025\/07\/WhatsApp-Image-2025-07-02-at-22.35.18-6-768x512.jpeg 768w, https:\/\/www.noubarris.net\/web40\/wp-content\/uploads\/2025\/07\/WhatsApp-Image-2025-07-02-at-22.35.18-6-1536x1023.jpeg 1536w, https:\/\/www.noubarris.net\/web40\/wp-content\/uploads\/2025\/07\/WhatsApp-Image-2025-07-02-at-22.35.18-6-1320x879.jpeg 1320w, https:\/\/www.noubarris.net\/web40\/wp-content\/uploads\/2025\/07\/WhatsApp-Image-2025-07-02-at-22.35.18-6-272x182.jpeg 272w, https:\/\/www.noubarris.net\/web40\/wp-content\/uploads\/2025\/07\/WhatsApp-Image-2025-07-02-at-22.35.18-6.jpeg 1600w\" sizes=\"auto, (max-width: 1024px) 100vw, 1024px\" \/><figcaption class=\"wp-block-jetpack-slideshow_caption gallery-caption\">Font: Jose Maria Medina<\/figcaption><\/figure><\/li><\/ul><a class=\"wp-block-jetpack-slideshow_button-prev swiper-button-prev swiper-button-white\" role=\"button\"><\/a><a class=\"wp-block-jetpack-slideshow_button-next swiper-button-next swiper-button-white\" role=\"button\"><\/a><a aria-label=\"Pause Slideshow\" class=\"wp-block-jetpack-slideshow_button-pause\" role=\"button\"><\/a><div class=\"wp-block-jetpack-slideshow_pagination swiper-pagination swiper-pagination-white\"><\/div><\/div><\/div>\n\n\n\n<p><\/p>\n\n\n","protected":false},"excerpt":{"rendered":"<p>El dijous 19 de juny, a les 19 h, es va inaugurar a l\u2019Espai Via Fav\u00e8ncia una exposici\u00f3 dedicada al<\/p>\n","protected":false},"author":2,"featured_media":85423,"comment_status":"closed","ping_status":"closed","sticky":false,"template":"","format":"standard","meta":{"colormag_page_layout":"default_layout","_monsterinsights_skip_tracking":false,"_monsterinsights_sitenote_active":false,"_monsterinsights_sitenote_note":"","_monsterinsights_sitenote_category":0,"footnotes":""},"categories":[1],"tags":[],"class_list":["post-85409","post","type-post","status-publish","format-standard","has-post-thumbnail","hentry","category-nou-barris"],"yoast_head":"<!-- This site is optimized with the Yoast SEO plugin v25.3 - https:\/\/yoast.com\/wordpress\/plugins\/seo\/ -->\n<title>Nou Barris reivindica la seva hist\u00f2ria art\u00edstica - NouBarris.Net<\/title>\n<meta name=\"robots\" content=\"index, follow, max-snippet:-1, max-image-preview:large, max-video-preview:-1\" \/>\n<link rel=\"canonical\" href=\"https:\/\/www.noubarris.net\/web40\/nou-barris-reivindica-historia-artistica\/\" \/>\n<meta property=\"og:locale\" content=\"ca_ES\" \/>\n<meta property=\"og:type\" content=\"article\" \/>\n<meta property=\"og:title\" content=\"Nou Barris reivindica la seva hist\u00f2ria art\u00edstica - NouBarris.Net\" \/>\n<meta property=\"og:description\" content=\"El dijous 19 de juny, a les 19 h, es va inaugurar a l\u2019Espai Via Fav\u00e8ncia una exposici\u00f3 dedicada al\" \/>\n<meta property=\"og:url\" content=\"https:\/\/www.noubarris.net\/web40\/nou-barris-reivindica-historia-artistica\/\" \/>\n<meta property=\"og:site_name\" content=\"NouBarris.Net\" \/>\n<meta property=\"article:publisher\" content=\"https:\/\/www.facebook.com\/NouBarris.net\/?locale=es_ES\" \/>\n<meta property=\"article:published_time\" content=\"2025-07-03T07:46:17+00:00\" \/>\n<meta property=\"article:modified_time\" content=\"2025-07-03T07:46:26+00:00\" \/>\n<meta property=\"og:image\" content=\"https:\/\/www.noubarris.net\/web40\/wp-content\/uploads\/2025\/07\/WhatsApp-Image-2025-07-02-at-22.35.18-4.jpeg\" \/>\n\t<meta property=\"og:image:width\" content=\"1600\" \/>\n\t<meta property=\"og:image:height\" content=\"1066\" \/>\n\t<meta property=\"og:image:type\" content=\"image\/jpeg\" \/>\n<meta name=\"author\" content=\"Informatius\" \/>\n<meta name=\"twitter:card\" content=\"summary_large_image\" \/>\n<meta name=\"twitter:creator\" content=\"@9BTV\" \/>\n<meta name=\"twitter:site\" content=\"@9BTV\" \/>\n<meta name=\"twitter:label1\" content=\"Escrit per\" \/>\n\t<meta name=\"twitter:data1\" content=\"Informatius\" \/>\n\t<meta name=\"twitter:label2\" content=\"Temps estimat de lectura\" \/>\n\t<meta name=\"twitter:data2\" content=\"3 minuts\" \/>\n<script type=\"application\/ld+json\" class=\"yoast-schema-graph\">{\"@context\":\"https:\/\/schema.org\",\"@graph\":[{\"@type\":\"Article\",\"@id\":\"https:\/\/www.noubarris.net\/web40\/nou-barris-reivindica-historia-artistica\/#article\",\"isPartOf\":{\"@id\":\"https:\/\/www.noubarris.net\/web40\/nou-barris-reivindica-historia-artistica\/\"},\"author\":{\"name\":\"Informatius\",\"@id\":\"https:\/\/www.noubarris.net\/web40\/#\/schema\/person\/1827f92aaa316c54abbf4dac0de76069\"},\"headline\":\"Nou Barris reivindica la seva hist\u00f2ria art\u00edstica\",\"datePublished\":\"2025-07-03T07:46:17+00:00\",\"dateModified\":\"2025-07-03T07:46:26+00:00\",\"mainEntityOfPage\":{\"@id\":\"https:\/\/www.noubarris.net\/web40\/nou-barris-reivindica-historia-artistica\/\"},\"wordCount\":209,\"publisher\":{\"@id\":\"https:\/\/www.noubarris.net\/web40\/#organization\"},\"image\":{\"@id\":\"https:\/\/www.noubarris.net\/web40\/nou-barris-reivindica-historia-artistica\/#primaryimage\"},\"thumbnailUrl\":\"https:\/\/www.noubarris.net\/web40\/wp-content\/uploads\/2025\/07\/WhatsApp-Image-2025-07-02-at-22.35.18-4.jpeg\",\"articleSection\":[\"Nou Barris\"],\"inLanguage\":\"ca\"},{\"@type\":\"WebPage\",\"@id\":\"https:\/\/www.noubarris.net\/web40\/nou-barris-reivindica-historia-artistica\/\",\"url\":\"https:\/\/www.noubarris.net\/web40\/nou-barris-reivindica-historia-artistica\/\",\"name\":\"Nou Barris reivindica la seva hist\u00f2ria art\u00edstica - NouBarris.Net\",\"isPartOf\":{\"@id\":\"https:\/\/www.noubarris.net\/web40\/#website\"},\"primaryImageOfPage\":{\"@id\":\"https:\/\/www.noubarris.net\/web40\/nou-barris-reivindica-historia-artistica\/#primaryimage\"},\"image\":{\"@id\":\"https:\/\/www.noubarris.net\/web40\/nou-barris-reivindica-historia-artistica\/#primaryimage\"},\"thumbnailUrl\":\"https:\/\/www.noubarris.net\/web40\/wp-content\/uploads\/2025\/07\/WhatsApp-Image-2025-07-02-at-22.35.18-4.jpeg\",\"datePublished\":\"2025-07-03T07:46:17+00:00\",\"dateModified\":\"2025-07-03T07:46:26+00:00\",\"breadcrumb\":{\"@id\":\"https:\/\/www.noubarris.net\/web40\/nou-barris-reivindica-historia-artistica\/#breadcrumb\"},\"inLanguage\":\"ca\",\"potentialAction\":[{\"@type\":\"ReadAction\",\"target\":[\"https:\/\/www.noubarris.net\/web40\/nou-barris-reivindica-historia-artistica\/\"]}]},{\"@type\":\"ImageObject\",\"inLanguage\":\"ca\",\"@id\":\"https:\/\/www.noubarris.net\/web40\/nou-barris-reivindica-historia-artistica\/#primaryimage\",\"url\":\"https:\/\/www.noubarris.net\/web40\/wp-content\/uploads\/2025\/07\/WhatsApp-Image-2025-07-02-at-22.35.18-4.jpeg\",\"contentUrl\":\"https:\/\/www.noubarris.net\/web40\/wp-content\/uploads\/2025\/07\/WhatsApp-Image-2025-07-02-at-22.35.18-4.jpeg\",\"width\":1600,\"height\":1066,\"caption\":\"Font: Jose Maria Medina\"},{\"@type\":\"BreadcrumbList\",\"@id\":\"https:\/\/www.noubarris.net\/web40\/nou-barris-reivindica-historia-artistica\/#breadcrumb\",\"itemListElement\":[{\"@type\":\"ListItem\",\"position\":1,\"name\":\"Inici\",\"item\":\"https:\/\/www.noubarris.net\/web40\/\"},{\"@type\":\"ListItem\",\"position\":2,\"name\":\"Nou Barris reivindica la seva hist\u00f2ria art\u00edstica\"}]},{\"@type\":\"WebSite\",\"@id\":\"https:\/\/www.noubarris.net\/web40\/#website\",\"url\":\"https:\/\/www.noubarris.net\/web40\/\",\"name\":\"NouBarris.Net\",\"description\":\"Seguint la vida de Nou Barris des de 1985\",\"publisher\":{\"@id\":\"https:\/\/www.noubarris.net\/web40\/#organization\"},\"potentialAction\":[{\"@type\":\"SearchAction\",\"target\":{\"@type\":\"EntryPoint\",\"urlTemplate\":\"https:\/\/www.noubarris.net\/web40\/?s={search_term_string}\"},\"query-input\":{\"@type\":\"PropertyValueSpecification\",\"valueRequired\":true,\"valueName\":\"search_term_string\"}}],\"inLanguage\":\"ca\"},{\"@type\":\"Organization\",\"@id\":\"https:\/\/www.noubarris.net\/web40\/#organization\",\"name\":\"NouBarris.Net\",\"url\":\"https:\/\/www.noubarris.net\/web40\/\",\"logo\":{\"@type\":\"ImageObject\",\"inLanguage\":\"ca\",\"@id\":\"https:\/\/www.noubarris.net\/web40\/#\/schema\/logo\/image\/\",\"url\":\"https:\/\/www.noubarris.net\/web40\/wp-content\/uploads\/2024\/11\/cropped-cropped-LOGO_9BTV-2024_Insta-1.jpg\",\"contentUrl\":\"https:\/\/www.noubarris.net\/web40\/wp-content\/uploads\/2024\/11\/cropped-cropped-LOGO_9BTV-2024_Insta-1.jpg\",\"width\":512,\"height\":512,\"caption\":\"NouBarris.Net\"},\"image\":{\"@id\":\"https:\/\/www.noubarris.net\/web40\/#\/schema\/logo\/image\/\"},\"sameAs\":[\"https:\/\/www.facebook.com\/NouBarris.net\/?locale=es_ES\",\"https:\/\/x.com\/9BTV\"]},{\"@type\":\"Person\",\"@id\":\"https:\/\/www.noubarris.net\/web40\/#\/schema\/person\/1827f92aaa316c54abbf4dac0de76069\",\"name\":\"Informatius\",\"image\":{\"@type\":\"ImageObject\",\"inLanguage\":\"ca\",\"@id\":\"https:\/\/www.noubarris.net\/web40\/#\/schema\/person\/image\/\",\"url\":\"https:\/\/secure.gravatar.com\/avatar\/87a3b47928835fc72c6ee5b0e1a7263ef0c2d05003a98189bc14926c5f11bcdb?s=96&d=mm&r=g\",\"contentUrl\":\"https:\/\/secure.gravatar.com\/avatar\/87a3b47928835fc72c6ee5b0e1a7263ef0c2d05003a98189bc14926c5f11bcdb?s=96&d=mm&r=g\",\"caption\":\"Informatius\"},\"url\":\"https:\/\/www.noubarris.net\/web40\/author\/tele\/\"}]}<\/script>\n<!-- \/ Yoast SEO plugin. -->","yoast_head_json":{"title":"Nou Barris reivindica la seva hist\u00f2ria art\u00edstica - NouBarris.Net","robots":{"index":"index","follow":"follow","max-snippet":"max-snippet:-1","max-image-preview":"max-image-preview:large","max-video-preview":"max-video-preview:-1"},"canonical":"https:\/\/www.noubarris.net\/web40\/nou-barris-reivindica-historia-artistica\/","og_locale":"ca_ES","og_type":"article","og_title":"Nou Barris reivindica la seva hist\u00f2ria art\u00edstica - NouBarris.Net","og_description":"El dijous 19 de juny, a les 19 h, es va inaugurar a l\u2019Espai Via Fav\u00e8ncia una exposici\u00f3 dedicada al","og_url":"https:\/\/www.noubarris.net\/web40\/nou-barris-reivindica-historia-artistica\/","og_site_name":"NouBarris.Net","article_publisher":"https:\/\/www.facebook.com\/NouBarris.net\/?locale=es_ES","article_published_time":"2025-07-03T07:46:17+00:00","article_modified_time":"2025-07-03T07:46:26+00:00","og_image":[{"width":1600,"height":1066,"url":"https:\/\/www.noubarris.net\/web40\/wp-content\/uploads\/2025\/07\/WhatsApp-Image-2025-07-02-at-22.35.18-4.jpeg","type":"image\/jpeg"}],"author":"Informatius","twitter_card":"summary_large_image","twitter_creator":"@9BTV","twitter_site":"@9BTV","twitter_misc":{"Escrit per":"Informatius","Temps estimat de lectura":"3 minuts"},"schema":{"@context":"https:\/\/schema.org","@graph":[{"@type":"Article","@id":"https:\/\/www.noubarris.net\/web40\/nou-barris-reivindica-historia-artistica\/#article","isPartOf":{"@id":"https:\/\/www.noubarris.net\/web40\/nou-barris-reivindica-historia-artistica\/"},"author":{"name":"Informatius","@id":"https:\/\/www.noubarris.net\/web40\/#\/schema\/person\/1827f92aaa316c54abbf4dac0de76069"},"headline":"Nou Barris reivindica la seva hist\u00f2ria art\u00edstica","datePublished":"2025-07-03T07:46:17+00:00","dateModified":"2025-07-03T07:46:26+00:00","mainEntityOfPage":{"@id":"https:\/\/www.noubarris.net\/web40\/nou-barris-reivindica-historia-artistica\/"},"wordCount":209,"publisher":{"@id":"https:\/\/www.noubarris.net\/web40\/#organization"},"image":{"@id":"https:\/\/www.noubarris.net\/web40\/nou-barris-reivindica-historia-artistica\/#primaryimage"},"thumbnailUrl":"https:\/\/www.noubarris.net\/web40\/wp-content\/uploads\/2025\/07\/WhatsApp-Image-2025-07-02-at-22.35.18-4.jpeg","articleSection":["Nou Barris"],"inLanguage":"ca"},{"@type":"WebPage","@id":"https:\/\/www.noubarris.net\/web40\/nou-barris-reivindica-historia-artistica\/","url":"https:\/\/www.noubarris.net\/web40\/nou-barris-reivindica-historia-artistica\/","name":"Nou Barris reivindica la seva hist\u00f2ria art\u00edstica - NouBarris.Net","isPartOf":{"@id":"https:\/\/www.noubarris.net\/web40\/#website"},"primaryImageOfPage":{"@id":"https:\/\/www.noubarris.net\/web40\/nou-barris-reivindica-historia-artistica\/#primaryimage"},"image":{"@id":"https:\/\/www.noubarris.net\/web40\/nou-barris-reivindica-historia-artistica\/#primaryimage"},"thumbnailUrl":"https:\/\/www.noubarris.net\/web40\/wp-content\/uploads\/2025\/07\/WhatsApp-Image-2025-07-02-at-22.35.18-4.jpeg","datePublished":"2025-07-03T07:46:17+00:00","dateModified":"2025-07-03T07:46:26+00:00","breadcrumb":{"@id":"https:\/\/www.noubarris.net\/web40\/nou-barris-reivindica-historia-artistica\/#breadcrumb"},"inLanguage":"ca","potentialAction":[{"@type":"ReadAction","target":["https:\/\/www.noubarris.net\/web40\/nou-barris-reivindica-historia-artistica\/"]}]},{"@type":"ImageObject","inLanguage":"ca","@id":"https:\/\/www.noubarris.net\/web40\/nou-barris-reivindica-historia-artistica\/#primaryimage","url":"https:\/\/www.noubarris.net\/web40\/wp-content\/uploads\/2025\/07\/WhatsApp-Image-2025-07-02-at-22.35.18-4.jpeg","contentUrl":"https:\/\/www.noubarris.net\/web40\/wp-content\/uploads\/2025\/07\/WhatsApp-Image-2025-07-02-at-22.35.18-4.jpeg","width":1600,"height":1066,"caption":"Font: Jose Maria Medina"},{"@type":"BreadcrumbList","@id":"https:\/\/www.noubarris.net\/web40\/nou-barris-reivindica-historia-artistica\/#breadcrumb","itemListElement":[{"@type":"ListItem","position":1,"name":"Inici","item":"https:\/\/www.noubarris.net\/web40\/"},{"@type":"ListItem","position":2,"name":"Nou Barris reivindica la seva hist\u00f2ria art\u00edstica"}]},{"@type":"WebSite","@id":"https:\/\/www.noubarris.net\/web40\/#website","url":"https:\/\/www.noubarris.net\/web40\/","name":"NouBarris.Net","description":"Seguint la vida de Nou Barris des de 1985","publisher":{"@id":"https:\/\/www.noubarris.net\/web40\/#organization"},"potentialAction":[{"@type":"SearchAction","target":{"@type":"EntryPoint","urlTemplate":"https:\/\/www.noubarris.net\/web40\/?s={search_term_string}"},"query-input":{"@type":"PropertyValueSpecification","valueRequired":true,"valueName":"search_term_string"}}],"inLanguage":"ca"},{"@type":"Organization","@id":"https:\/\/www.noubarris.net\/web40\/#organization","name":"NouBarris.Net","url":"https:\/\/www.noubarris.net\/web40\/","logo":{"@type":"ImageObject","inLanguage":"ca","@id":"https:\/\/www.noubarris.net\/web40\/#\/schema\/logo\/image\/","url":"https:\/\/www.noubarris.net\/web40\/wp-content\/uploads\/2024\/11\/cropped-cropped-LOGO_9BTV-2024_Insta-1.jpg","contentUrl":"https:\/\/www.noubarris.net\/web40\/wp-content\/uploads\/2024\/11\/cropped-cropped-LOGO_9BTV-2024_Insta-1.jpg","width":512,"height":512,"caption":"NouBarris.Net"},"image":{"@id":"https:\/\/www.noubarris.net\/web40\/#\/schema\/logo\/image\/"},"sameAs":["https:\/\/www.facebook.com\/NouBarris.net\/?locale=es_ES","https:\/\/x.com\/9BTV"]},{"@type":"Person","@id":"https:\/\/www.noubarris.net\/web40\/#\/schema\/person\/1827f92aaa316c54abbf4dac0de76069","name":"Informatius","image":{"@type":"ImageObject","inLanguage":"ca","@id":"https:\/\/www.noubarris.net\/web40\/#\/schema\/person\/image\/","url":"https:\/\/secure.gravatar.com\/avatar\/87a3b47928835fc72c6ee5b0e1a7263ef0c2d05003a98189bc14926c5f11bcdb?s=96&d=mm&r=g","contentUrl":"https:\/\/secure.gravatar.com\/avatar\/87a3b47928835fc72c6ee5b0e1a7263ef0c2d05003a98189bc14926c5f11bcdb?s=96&d=mm&r=g","caption":"Informatius"},"url":"https:\/\/www.noubarris.net\/web40\/author\/tele\/"}]}},"_links":{"self":[{"href":"https:\/\/www.noubarris.net\/web40\/wp-json\/wp\/v2\/posts\/85409","targetHints":{"allow":["GET"]}}],"collection":[{"href":"https:\/\/www.noubarris.net\/web40\/wp-json\/wp\/v2\/posts"}],"about":[{"href":"https:\/\/www.noubarris.net\/web40\/wp-json\/wp\/v2\/types\/post"}],"author":[{"embeddable":true,"href":"https:\/\/www.noubarris.net\/web40\/wp-json\/wp\/v2\/users\/2"}],"replies":[{"embeddable":true,"href":"https:\/\/www.noubarris.net\/web40\/wp-json\/wp\/v2\/comments?post=85409"}],"version-history":[{"count":2,"href":"https:\/\/www.noubarris.net\/web40\/wp-json\/wp\/v2\/posts\/85409\/revisions"}],"predecessor-version":[{"id":85427,"href":"https:\/\/www.noubarris.net\/web40\/wp-json\/wp\/v2\/posts\/85409\/revisions\/85427"}],"wp:featuredmedia":[{"embeddable":true,"href":"https:\/\/www.noubarris.net\/web40\/wp-json\/wp\/v2\/media\/85423"}],"wp:attachment":[{"href":"https:\/\/www.noubarris.net\/web40\/wp-json\/wp\/v2\/media?parent=85409"}],"wp:term":[{"taxonomy":"category","embeddable":true,"href":"https:\/\/www.noubarris.net\/web40\/wp-json\/wp\/v2\/categories?post=85409"},{"taxonomy":"post_tag","embeddable":true,"href":"https:\/\/www.noubarris.net\/web40\/wp-json\/wp\/v2\/tags?post=85409"}],"curies":[{"name":"wp","href":"https:\/\/api.w.org\/{rel}","templated":true}]}}