{"id":85439,"date":"2025-07-08T07:19:00","date_gmt":"2025-07-08T05:19:00","guid":{"rendered":"https:\/\/www.noubarris.net\/web40\/?p=85439"},"modified":"2025-07-03T10:29:52","modified_gmt":"2025-07-03T08:29:52","slug":"que-portara-pla-de-barris-2025-28-zona-nord","status":"publish","type":"post","link":"https:\/\/www.noubarris.net\/web40\/que-portara-pla-de-barris-2025-28-zona-nord\/","title":{"rendered":"Qu\u00e8 portar\u00e0 el Pla de Barris 2025-28\u00a0 a la Zona Nord?"},"content":{"rendered":"\n<p>L&#8217;Ajuntament ja ha presentat les l\u00ednies generals de la tercera edici\u00f3 del Pla de Barris de la Zona Nord (2025-208), un pla que ve amb un pressupost previst d\u201911,3 M\u20ac i la intenci\u00f3 de treballar per revertir les desigualtats als barris de Vallbona, Ciutat Meridiana i Torre Bar\u00f3.\u00a0 Per aix\u00f2 s&#8217;estableixen tres eixos prioritaris: Educaci\u00f3 i cultura; Espai p\u00fablic i accessibilitat; i Habitatge i rehabilitaci\u00f3.<\/p>\n\n\n\n<figure class=\"wp-block-image aligncenter size-full\"><img loading=\"lazy\" decoding=\"async\" width=\"900\" height=\"506\" src=\"https:\/\/www.noubarris.net\/web40\/wp-content\/uploads\/2025\/07\/cnow4xl35jf0l1jott84buv0yupx.jpeg\" alt=\"Pla de barris Zona nord\" class=\"wp-image-85440\" srcset=\"https:\/\/www.noubarris.net\/web40\/wp-content\/uploads\/2025\/07\/cnow4xl35jf0l1jott84buv0yupx.jpeg 900w, https:\/\/www.noubarris.net\/web40\/wp-content\/uploads\/2025\/07\/cnow4xl35jf0l1jott84buv0yupx-300x169.jpeg 300w, https:\/\/www.noubarris.net\/web40\/wp-content\/uploads\/2025\/07\/cnow4xl35jf0l1jott84buv0yupx-768x432.jpeg 768w\" sizes=\"auto, (max-width: 900px) 100vw, 900px\" \/><\/figure>\n\n\n\n<p><strong>Educaci\u00f3 i cultura<\/strong><\/p>\n\n\n\n<p>El Pla de Barris defensa que per tenir millors oportunitats, una de les eines \u00e9s la formaci\u00f3. Molts esfor\u00e7os es tornen a concentrar en la base, en l&#8217;educaci\u00f3. D&#8217;una banda, es continuaran les tasques de millora i condicionament dels equipaments educatius que l&#8217;any passat van passar d&#8217;escoles a institut escola. Una aposta que tenia com a objectiu principal reduir l&#8217;abondament, mantenir els alumnes dins el seu cercle de confian\u00e7a i millorar-ne els resultats.<\/p>\n\n\n\n<p>Per\u00f2 encara m\u00e9s important, hi ha previst impulsar projectes pedag\u00f2gics orientats a la millora de l\u2019\u00e8xit educatiu, amb una atenci\u00f3 integral a l\u2019alumnat per ajudar-los a enfocar el seu cam\u00ed educatiu-fomatiu. Ente aquests projectes destaquen el de refor\u00e7 de les compet\u00e8ncies b\u00e0siques de les habilitats personals de l\u2019alumnat, a trav\u00e9s de la l\u00ednia d\u2019ensenyaments art\u00edstics i cient\u00edfics; el programa \u201cEducArts\u201d, de promoci\u00f3 d\u2019ensenyaments art\u00edstics i esc\u00e8nics; o el programa d\u2019activitats extraescolars cient\u00edfiques a la Zona Nord; o el \u201cMenja Llibres 2.0\u201d refor\u00e7 de la lectoescriptura en catal\u00e0.<\/p>\n\n\n\n<p>Tamb\u00e9 hi ha previst actuacions per ajudar les fam\u00edlies a fer un millor acompanyament en l\u2019\u00e8xit educatiu i per sostenir situacions i moments vitals importants.<\/p>\n\n\n\n<p><strong>Espai p\u00fablic i accessibilitat<\/strong><\/p>\n\n\n\n<p>Contra els pendents del barri es proposa la millora de la connectivitat i l\u2019accessibilitat a peu i en transport p\u00fablic dins dels barris per facilitar l\u2019acc\u00e9s a equipaments i serveis.<\/p>\n\n\n\n<p>A m\u00e9s, es treballar\u00e0 la millora de la mobilitat interna al barri de Torre Bar\u00f3, amb la remodelaci\u00f3 de carrers centrals com Sant Feliu de Codines, la generaci\u00f3 d\u2019espais d\u2019estada i socialitzaci\u00f3 en solars actualment en des\u00fas o la continuaci\u00f3 d\u2019obres com les del Torrent de Font Magu\u00e9s.<\/p>\n\n\n\n<p>Per potenciar la pr\u00e0ctica esportiva a l\u2019aire lliure, s&#8217;instal\u00b7lar\u00e0 una cal\u00b7list\u00e8nia a l\u2019Avinguda de Vallbona. I s\u2019estudiaran altres espais per a millora dels seus usos comunitaris.<\/p>\n\n\n\n<p><strong>Habitatge i rehabilitaci\u00f3<\/strong><\/p>\n\n\n\n<p>En aquest eix es dona continu\u00eftat i amplia el programa de rehabilitaci\u00f3 de Finques d\u2019Alta Complexitat. A hores d&#8217;ara, segons l&#8217;Ajuntament, ja s&#8217;han finalitzat les obres en dues finques i est\u00e0 treballant en els expedients de tres edificis m\u00e9s.<\/p>\n\n\n\n<p>A m\u00e9s, en aquesta edici\u00f3 es proposa explorar una nova l\u00ednia de treball per promoure projectes enfocats a la prevenci\u00f3, la millora de la conviv\u00e8ncia, el foment de la cohesi\u00f3 social, les relacions ve\u00efnals i l\u2019enxarxament als barris a partir de projectes del treball s\u00f2cio-comunitari amb les comunitats de ve\u00efns i ve\u00efnes. Es posar\u00e0 la mirada especialment en els col\u00b7lectius amb major necessitar de vinculaci\u00f3, com poden ser persones grans (amb possibles situacions de soledat no volguda&#8230;) o les persones migrades, amb m\u00e9s risc de patir soledat no desitjada.<\/p>\n\n\n\n<p>I \u00e9s que l\u2019\u00e0mbit estrat\u00e8gic de salut, benestar i comunitat vol actuar precisament en la potenciaci\u00f3 d&#8217;espais de lleure, acollida i socialitzaci\u00f3 saludable. Un primer pas ha estat&nbsp; l\u2019obertura del nou local jove ZN, gestionat pel Casal de joves Zona Nord.<\/p>\n\n\n\n<p>Pel que fa a l\u2019\u00e0mbit de desenvolupament s\u00f2cioecon\u00f2mic i ocupaci\u00f3 es continua treballant en la formaci\u00f3 i capacitaci\u00f3 ocupacional, especialment de persones joves i aquelles que no disposen de documentaci\u00f3, i persones adultes que han quedat fora del mercat laboral.<\/p>\n\n\n\n<p>I en l\u2019\u00e0mbit d\u2019adaptaci\u00f3 clim\u00e0tica, transici\u00f3 energ\u00e8tica i verd urb\u00e0, al marge de l\u2019increment dels espais d\u2019ombra estacional i de l\u2019obertura de nous refugis clim\u00e0tics, a la Zona Nord s\u2019avan\u00e7ar\u00e0 en la generaci\u00f3 d\u2019energia compartida, amb la teulada solar del Campillo de la Virgen.<\/p>\n<p>\u00a0<\/p>\n\n\n","protected":false},"excerpt":{"rendered":"<p>L&#8217;Ajuntament ja ha presentat les l\u00ednies generals de la tercera edici\u00f3 del Pla de Barris de la Zona Nord (2025-208),<\/p>\n","protected":false},"author":2,"featured_media":85440,"comment_status":"closed","ping_status":"closed","sticky":false,"template":"","format":"standard","meta":{"colormag_page_layout":"default_layout","_monsterinsights_skip_tracking":false,"_monsterinsights_sitenote_active":false,"_monsterinsights_sitenote_note":"","_monsterinsights_sitenote_category":0,"footnotes":""},"categories":[1],"tags":[],"class_list":["post-85439","post","type-post","status-publish","format-standard","has-post-thumbnail","hentry","category-nou-barris"],"yoast_head":"<!-- This site is optimized with the Yoast SEO plugin v25.3 - https:\/\/yoast.com\/wordpress\/plugins\/seo\/ -->\n<title>Qu\u00e8 portar\u00e0 el Pla de Barris 2025-28\u00a0 a la Zona Nord? - NouBarris.Net<\/title>\n<meta name=\"robots\" content=\"index, follow, max-snippet:-1, max-image-preview:large, max-video-preview:-1\" \/>\n<link rel=\"canonical\" href=\"https:\/\/www.noubarris.net\/web40\/que-portara-pla-de-barris-2025-28-zona-nord\/\" \/>\n<meta property=\"og:locale\" content=\"ca_ES\" \/>\n<meta property=\"og:type\" content=\"article\" \/>\n<meta property=\"og:title\" content=\"Qu\u00e8 portar\u00e0 el Pla de Barris 2025-28\u00a0 a la Zona Nord? - NouBarris.Net\" \/>\n<meta property=\"og:description\" content=\"L&#8217;Ajuntament ja ha presentat les l\u00ednies generals de la tercera edici\u00f3 del Pla de Barris de la Zona Nord (2025-208),\" \/>\n<meta property=\"og:url\" content=\"https:\/\/www.noubarris.net\/web40\/que-portara-pla-de-barris-2025-28-zona-nord\/\" \/>\n<meta property=\"og:site_name\" content=\"NouBarris.Net\" \/>\n<meta property=\"article:publisher\" content=\"https:\/\/www.facebook.com\/NouBarris.net\/?locale=es_ES\" \/>\n<meta property=\"article:published_time\" content=\"2025-07-08T05:19:00+00:00\" \/>\n<meta property=\"og:image\" content=\"https:\/\/www.noubarris.net\/web40\/wp-content\/uploads\/2025\/07\/cnow4xl35jf0l1jott84buv0yupx.jpeg\" \/>\n\t<meta property=\"og:image:width\" content=\"900\" \/>\n\t<meta property=\"og:image:height\" content=\"506\" \/>\n\t<meta property=\"og:image:type\" content=\"image\/jpeg\" \/>\n<meta name=\"author\" content=\"Informatius\" \/>\n<meta name=\"twitter:card\" content=\"summary_large_image\" \/>\n<meta name=\"twitter:creator\" content=\"@9BTV\" \/>\n<meta name=\"twitter:site\" content=\"@9BTV\" \/>\n<meta name=\"twitter:label1\" content=\"Escrit per\" \/>\n\t<meta name=\"twitter:data1\" content=\"Informatius\" \/>\n\t<meta name=\"twitter:label2\" content=\"Temps estimat de lectura\" \/>\n\t<meta name=\"twitter:data2\" content=\"4 minuts\" \/>\n<script type=\"application\/ld+json\" class=\"yoast-schema-graph\">{\"@context\":\"https:\/\/schema.org\",\"@graph\":[{\"@type\":\"Article\",\"@id\":\"https:\/\/www.noubarris.net\/web40\/que-portara-pla-de-barris-2025-28-zona-nord\/#article\",\"isPartOf\":{\"@id\":\"https:\/\/www.noubarris.net\/web40\/que-portara-pla-de-barris-2025-28-zona-nord\/\"},\"author\":{\"name\":\"Informatius\",\"@id\":\"https:\/\/www.noubarris.net\/web40\/#\/schema\/person\/1827f92aaa316c54abbf4dac0de76069\"},\"headline\":\"Qu\u00e8 portar\u00e0 el Pla de Barris 2025-28\u00a0 a la Zona Nord?\",\"datePublished\":\"2025-07-08T05:19:00+00:00\",\"mainEntityOfPage\":{\"@id\":\"https:\/\/www.noubarris.net\/web40\/que-portara-pla-de-barris-2025-28-zona-nord\/\"},\"wordCount\":711,\"publisher\":{\"@id\":\"https:\/\/www.noubarris.net\/web40\/#organization\"},\"image\":{\"@id\":\"https:\/\/www.noubarris.net\/web40\/que-portara-pla-de-barris-2025-28-zona-nord\/#primaryimage\"},\"thumbnailUrl\":\"https:\/\/www.noubarris.net\/web40\/wp-content\/uploads\/2025\/07\/cnow4xl35jf0l1jott84buv0yupx.jpeg\",\"articleSection\":[\"Nou Barris\"],\"inLanguage\":\"ca\"},{\"@type\":\"WebPage\",\"@id\":\"https:\/\/www.noubarris.net\/web40\/que-portara-pla-de-barris-2025-28-zona-nord\/\",\"url\":\"https:\/\/www.noubarris.net\/web40\/que-portara-pla-de-barris-2025-28-zona-nord\/\",\"name\":\"Qu\u00e8 portar\u00e0 el Pla de Barris 2025-28\u00a0 a la Zona Nord? - NouBarris.Net\",\"isPartOf\":{\"@id\":\"https:\/\/www.noubarris.net\/web40\/#website\"},\"primaryImageOfPage\":{\"@id\":\"https:\/\/www.noubarris.net\/web40\/que-portara-pla-de-barris-2025-28-zona-nord\/#primaryimage\"},\"image\":{\"@id\":\"https:\/\/www.noubarris.net\/web40\/que-portara-pla-de-barris-2025-28-zona-nord\/#primaryimage\"},\"thumbnailUrl\":\"https:\/\/www.noubarris.net\/web40\/wp-content\/uploads\/2025\/07\/cnow4xl35jf0l1jott84buv0yupx.jpeg\",\"datePublished\":\"2025-07-08T05:19:00+00:00\",\"breadcrumb\":{\"@id\":\"https:\/\/www.noubarris.net\/web40\/que-portara-pla-de-barris-2025-28-zona-nord\/#breadcrumb\"},\"inLanguage\":\"ca\",\"potentialAction\":[{\"@type\":\"ReadAction\",\"target\":[\"https:\/\/www.noubarris.net\/web40\/que-portara-pla-de-barris-2025-28-zona-nord\/\"]}]},{\"@type\":\"ImageObject\",\"inLanguage\":\"ca\",\"@id\":\"https:\/\/www.noubarris.net\/web40\/que-portara-pla-de-barris-2025-28-zona-nord\/#primaryimage\",\"url\":\"https:\/\/www.noubarris.net\/web40\/wp-content\/uploads\/2025\/07\/cnow4xl35jf0l1jott84buv0yupx.jpeg\",\"contentUrl\":\"https:\/\/www.noubarris.net\/web40\/wp-content\/uploads\/2025\/07\/cnow4xl35jf0l1jott84buv0yupx.jpeg\",\"width\":900,\"height\":506,\"caption\":\"Pla de barris Zona nord\"},{\"@type\":\"BreadcrumbList\",\"@id\":\"https:\/\/www.noubarris.net\/web40\/que-portara-pla-de-barris-2025-28-zona-nord\/#breadcrumb\",\"itemListElement\":[{\"@type\":\"ListItem\",\"position\":1,\"name\":\"Inici\",\"item\":\"https:\/\/www.noubarris.net\/web40\/\"},{\"@type\":\"ListItem\",\"position\":2,\"name\":\"Qu\u00e8 portar\u00e0 el Pla de Barris 2025-28\u00a0 a la Zona Nord?\"}]},{\"@type\":\"WebSite\",\"@id\":\"https:\/\/www.noubarris.net\/web40\/#website\",\"url\":\"https:\/\/www.noubarris.net\/web40\/\",\"name\":\"NouBarris.Net\",\"description\":\"Seguint la vida de Nou Barris des de 1985\",\"publisher\":{\"@id\":\"https:\/\/www.noubarris.net\/web40\/#organization\"},\"potentialAction\":[{\"@type\":\"SearchAction\",\"target\":{\"@type\":\"EntryPoint\",\"urlTemplate\":\"https:\/\/www.noubarris.net\/web40\/?s={search_term_string}\"},\"query-input\":{\"@type\":\"PropertyValueSpecification\",\"valueRequired\":true,\"valueName\":\"search_term_string\"}}],\"inLanguage\":\"ca\"},{\"@type\":\"Organization\",\"@id\":\"https:\/\/www.noubarris.net\/web40\/#organization\",\"name\":\"NouBarris.Net\",\"url\":\"https:\/\/www.noubarris.net\/web40\/\",\"logo\":{\"@type\":\"ImageObject\",\"inLanguage\":\"ca\",\"@id\":\"https:\/\/www.noubarris.net\/web40\/#\/schema\/logo\/image\/\",\"url\":\"https:\/\/www.noubarris.net\/web40\/wp-content\/uploads\/2024\/11\/cropped-cropped-LOGO_9BTV-2024_Insta-1.jpg\",\"contentUrl\":\"https:\/\/www.noubarris.net\/web40\/wp-content\/uploads\/2024\/11\/cropped-cropped-LOGO_9BTV-2024_Insta-1.jpg\",\"width\":512,\"height\":512,\"caption\":\"NouBarris.Net\"},\"image\":{\"@id\":\"https:\/\/www.noubarris.net\/web40\/#\/schema\/logo\/image\/\"},\"sameAs\":[\"https:\/\/www.facebook.com\/NouBarris.net\/?locale=es_ES\",\"https:\/\/x.com\/9BTV\"]},{\"@type\":\"Person\",\"@id\":\"https:\/\/www.noubarris.net\/web40\/#\/schema\/person\/1827f92aaa316c54abbf4dac0de76069\",\"name\":\"Informatius\",\"image\":{\"@type\":\"ImageObject\",\"inLanguage\":\"ca\",\"@id\":\"https:\/\/www.noubarris.net\/web40\/#\/schema\/person\/image\/\",\"url\":\"https:\/\/secure.gravatar.com\/avatar\/87a3b47928835fc72c6ee5b0e1a7263ef0c2d05003a98189bc14926c5f11bcdb?s=96&d=mm&r=g\",\"contentUrl\":\"https:\/\/secure.gravatar.com\/avatar\/87a3b47928835fc72c6ee5b0e1a7263ef0c2d05003a98189bc14926c5f11bcdb?s=96&d=mm&r=g\",\"caption\":\"Informatius\"},\"url\":\"https:\/\/www.noubarris.net\/web40\/author\/tele\/\"}]}<\/script>\n<!-- \/ Yoast SEO plugin. -->","yoast_head_json":{"title":"Qu\u00e8 portar\u00e0 el Pla de Barris 2025-28\u00a0 a la Zona Nord? - NouBarris.Net","robots":{"index":"index","follow":"follow","max-snippet":"max-snippet:-1","max-image-preview":"max-image-preview:large","max-video-preview":"max-video-preview:-1"},"canonical":"https:\/\/www.noubarris.net\/web40\/que-portara-pla-de-barris-2025-28-zona-nord\/","og_locale":"ca_ES","og_type":"article","og_title":"Qu\u00e8 portar\u00e0 el Pla de Barris 2025-28\u00a0 a la Zona Nord? - NouBarris.Net","og_description":"L&#8217;Ajuntament ja ha presentat les l\u00ednies generals de la tercera edici\u00f3 del Pla de Barris de la Zona Nord (2025-208),","og_url":"https:\/\/www.noubarris.net\/web40\/que-portara-pla-de-barris-2025-28-zona-nord\/","og_site_name":"NouBarris.Net","article_publisher":"https:\/\/www.facebook.com\/NouBarris.net\/?locale=es_ES","article_published_time":"2025-07-08T05:19:00+00:00","og_image":[{"width":900,"height":506,"url":"https:\/\/www.noubarris.net\/web40\/wp-content\/uploads\/2025\/07\/cnow4xl35jf0l1jott84buv0yupx.jpeg","type":"image\/jpeg"}],"author":"Informatius","twitter_card":"summary_large_image","twitter_creator":"@9BTV","twitter_site":"@9BTV","twitter_misc":{"Escrit per":"Informatius","Temps estimat de lectura":"4 minuts"},"schema":{"@context":"https:\/\/schema.org","@graph":[{"@type":"Article","@id":"https:\/\/www.noubarris.net\/web40\/que-portara-pla-de-barris-2025-28-zona-nord\/#article","isPartOf":{"@id":"https:\/\/www.noubarris.net\/web40\/que-portara-pla-de-barris-2025-28-zona-nord\/"},"author":{"name":"Informatius","@id":"https:\/\/www.noubarris.net\/web40\/#\/schema\/person\/1827f92aaa316c54abbf4dac0de76069"},"headline":"Qu\u00e8 portar\u00e0 el Pla de Barris 2025-28\u00a0 a la Zona Nord?","datePublished":"2025-07-08T05:19:00+00:00","mainEntityOfPage":{"@id":"https:\/\/www.noubarris.net\/web40\/que-portara-pla-de-barris-2025-28-zona-nord\/"},"wordCount":711,"publisher":{"@id":"https:\/\/www.noubarris.net\/web40\/#organization"},"image":{"@id":"https:\/\/www.noubarris.net\/web40\/que-portara-pla-de-barris-2025-28-zona-nord\/#primaryimage"},"thumbnailUrl":"https:\/\/www.noubarris.net\/web40\/wp-content\/uploads\/2025\/07\/cnow4xl35jf0l1jott84buv0yupx.jpeg","articleSection":["Nou Barris"],"inLanguage":"ca"},{"@type":"WebPage","@id":"https:\/\/www.noubarris.net\/web40\/que-portara-pla-de-barris-2025-28-zona-nord\/","url":"https:\/\/www.noubarris.net\/web40\/que-portara-pla-de-barris-2025-28-zona-nord\/","name":"Qu\u00e8 portar\u00e0 el Pla de Barris 2025-28\u00a0 a la Zona Nord? - NouBarris.Net","isPartOf":{"@id":"https:\/\/www.noubarris.net\/web40\/#website"},"primaryImageOfPage":{"@id":"https:\/\/www.noubarris.net\/web40\/que-portara-pla-de-barris-2025-28-zona-nord\/#primaryimage"},"image":{"@id":"https:\/\/www.noubarris.net\/web40\/que-portara-pla-de-barris-2025-28-zona-nord\/#primaryimage"},"thumbnailUrl":"https:\/\/www.noubarris.net\/web40\/wp-content\/uploads\/2025\/07\/cnow4xl35jf0l1jott84buv0yupx.jpeg","datePublished":"2025-07-08T05:19:00+00:00","breadcrumb":{"@id":"https:\/\/www.noubarris.net\/web40\/que-portara-pla-de-barris-2025-28-zona-nord\/#breadcrumb"},"inLanguage":"ca","potentialAction":[{"@type":"ReadAction","target":["https:\/\/www.noubarris.net\/web40\/que-portara-pla-de-barris-2025-28-zona-nord\/"]}]},{"@type":"ImageObject","inLanguage":"ca","@id":"https:\/\/www.noubarris.net\/web40\/que-portara-pla-de-barris-2025-28-zona-nord\/#primaryimage","url":"https:\/\/www.noubarris.net\/web40\/wp-content\/uploads\/2025\/07\/cnow4xl35jf0l1jott84buv0yupx.jpeg","contentUrl":"https:\/\/www.noubarris.net\/web40\/wp-content\/uploads\/2025\/07\/cnow4xl35jf0l1jott84buv0yupx.jpeg","width":900,"height":506,"caption":"Pla de barris Zona nord"},{"@type":"BreadcrumbList","@id":"https:\/\/www.noubarris.net\/web40\/que-portara-pla-de-barris-2025-28-zona-nord\/#breadcrumb","itemListElement":[{"@type":"ListItem","position":1,"name":"Inici","item":"https:\/\/www.noubarris.net\/web40\/"},{"@type":"ListItem","position":2,"name":"Qu\u00e8 portar\u00e0 el Pla de Barris 2025-28\u00a0 a la Zona Nord?"}]},{"@type":"WebSite","@id":"https:\/\/www.noubarris.net\/web40\/#website","url":"https:\/\/www.noubarris.net\/web40\/","name":"NouBarris.Net","description":"Seguint la vida de Nou Barris des de 1985","publisher":{"@id":"https:\/\/www.noubarris.net\/web40\/#organization"},"potentialAction":[{"@type":"SearchAction","target":{"@type":"EntryPoint","urlTemplate":"https:\/\/www.noubarris.net\/web40\/?s={search_term_string}"},"query-input":{"@type":"PropertyValueSpecification","valueRequired":true,"valueName":"search_term_string"}}],"inLanguage":"ca"},{"@type":"Organization","@id":"https:\/\/www.noubarris.net\/web40\/#organization","name":"NouBarris.Net","url":"https:\/\/www.noubarris.net\/web40\/","logo":{"@type":"ImageObject","inLanguage":"ca","@id":"https:\/\/www.noubarris.net\/web40\/#\/schema\/logo\/image\/","url":"https:\/\/www.noubarris.net\/web40\/wp-content\/uploads\/2024\/11\/cropped-cropped-LOGO_9BTV-2024_Insta-1.jpg","contentUrl":"https:\/\/www.noubarris.net\/web40\/wp-content\/uploads\/2024\/11\/cropped-cropped-LOGO_9BTV-2024_Insta-1.jpg","width":512,"height":512,"caption":"NouBarris.Net"},"image":{"@id":"https:\/\/www.noubarris.net\/web40\/#\/schema\/logo\/image\/"},"sameAs":["https:\/\/www.facebook.com\/NouBarris.net\/?locale=es_ES","https:\/\/x.com\/9BTV"]},{"@type":"Person","@id":"https:\/\/www.noubarris.net\/web40\/#\/schema\/person\/1827f92aaa316c54abbf4dac0de76069","name":"Informatius","image":{"@type":"ImageObject","inLanguage":"ca","@id":"https:\/\/www.noubarris.net\/web40\/#\/schema\/person\/image\/","url":"https:\/\/secure.gravatar.com\/avatar\/87a3b47928835fc72c6ee5b0e1a7263ef0c2d05003a98189bc14926c5f11bcdb?s=96&d=mm&r=g","contentUrl":"https:\/\/secure.gravatar.com\/avatar\/87a3b47928835fc72c6ee5b0e1a7263ef0c2d05003a98189bc14926c5f11bcdb?s=96&d=mm&r=g","caption":"Informatius"},"url":"https:\/\/www.noubarris.net\/web40\/author\/tele\/"}]}},"_links":{"self":[{"href":"https:\/\/www.noubarris.net\/web40\/wp-json\/wp\/v2\/posts\/85439","targetHints":{"allow":["GET"]}}],"collection":[{"href":"https:\/\/www.noubarris.net\/web40\/wp-json\/wp\/v2\/posts"}],"about":[{"href":"https:\/\/www.noubarris.net\/web40\/wp-json\/wp\/v2\/types\/post"}],"author":[{"embeddable":true,"href":"https:\/\/www.noubarris.net\/web40\/wp-json\/wp\/v2\/users\/2"}],"replies":[{"embeddable":true,"href":"https:\/\/www.noubarris.net\/web40\/wp-json\/wp\/v2\/comments?post=85439"}],"version-history":[{"count":1,"href":"https:\/\/www.noubarris.net\/web40\/wp-json\/wp\/v2\/posts\/85439\/revisions"}],"predecessor-version":[{"id":85441,"href":"https:\/\/www.noubarris.net\/web40\/wp-json\/wp\/v2\/posts\/85439\/revisions\/85441"}],"wp:featuredmedia":[{"embeddable":true,"href":"https:\/\/www.noubarris.net\/web40\/wp-json\/wp\/v2\/media\/85440"}],"wp:attachment":[{"href":"https:\/\/www.noubarris.net\/web40\/wp-json\/wp\/v2\/media?parent=85439"}],"wp:term":[{"taxonomy":"category","embeddable":true,"href":"https:\/\/www.noubarris.net\/web40\/wp-json\/wp\/v2\/categories?post=85439"},{"taxonomy":"post_tag","embeddable":true,"href":"https:\/\/www.noubarris.net\/web40\/wp-json\/wp\/v2\/tags?post=85439"}],"curies":[{"name":"wp","href":"https:\/\/api.w.org\/{rel}","templated":true}]}}