{"id":85465,"date":"2025-07-14T07:30:00","date_gmt":"2025-07-14T05:30:00","guid":{"rendered":"https:\/\/www.noubarris.net\/web40\/?p=85465"},"modified":"2025-07-10T15:52:25","modified_gmt":"2025-07-10T13:52:25","slug":"quatre-projectes-pactats-acord-dinversions-govern-collboni-erc","status":"publish","type":"post","link":"https:\/\/www.noubarris.net\/web40\/quatre-projectes-pactats-acord-dinversions-govern-collboni-erc\/","title":{"rendered":"Els quatre projectes pactats a l&#8217;acord d&#8217;inversions entre el govern de Collboni i ERC"},"content":{"rendered":"\n<p>El Govern Municipal de Jaume Collboni i ERC han acordat un paquet de 58 projectes de proximitat que s\u2019executaran als districtes aquest 2025, amb una inversi\u00f3 prevista de gaireb\u00e9 20M\u20ac, i que donen compliment a l\u2019acord assolit en el marc de la negociaci\u00f3 pressupost\u00e0ria, en concret a les reivindicacions territorials.&nbsp;<\/p>\n\n\n\n<p>D&#8217;entre aquests 58 projectes, n&#8217;hi ha 4 que es faran a Nou Barris. S\u00f3n aquests:\u00a0<\/p>\n\n\n\n<figure class=\"wp-block-image aligncenter size-large\"><img loading=\"lazy\" decoding=\"async\" width=\"1024\" height=\"684\" src=\"https:\/\/www.noubarris.net\/web40\/wp-content\/uploads\/2025\/07\/pexels-cytonn-955395-1024x684.jpg\" alt=\"Acord govern municipal i erc\" class=\"wp-image-85466\" srcset=\"https:\/\/www.noubarris.net\/web40\/wp-content\/uploads\/2025\/07\/pexels-cytonn-955395-1024x684.jpg 1024w, https:\/\/www.noubarris.net\/web40\/wp-content\/uploads\/2025\/07\/pexels-cytonn-955395-300x200.jpg 300w, https:\/\/www.noubarris.net\/web40\/wp-content\/uploads\/2025\/07\/pexels-cytonn-955395-768x513.jpg 768w, https:\/\/www.noubarris.net\/web40\/wp-content\/uploads\/2025\/07\/pexels-cytonn-955395-1536x1025.jpg 1536w, https:\/\/www.noubarris.net\/web40\/wp-content\/uploads\/2025\/07\/pexels-cytonn-955395-2048x1367.jpg 2048w, https:\/\/www.noubarris.net\/web40\/wp-content\/uploads\/2025\/07\/pexels-cytonn-955395-1320x881.jpg 1320w, https:\/\/www.noubarris.net\/web40\/wp-content\/uploads\/2025\/07\/pexels-cytonn-955395-272x182.jpg 272w\" sizes=\"auto, (max-width: 1024px) 100vw, 1024px\" \/><\/figure>\n\n\n\n<p><br \/>1. Instal\u00b7laci\u00f3 d&#8217;un ascensor a Canyelles, al carrer de Miguel Hern\u00e1ndez, 5. El pressupost serien uns 525.000 \u20ac per millorar l\u2019accessibilitat entre el carrer de Juan Ramon Jim\u00e9nez i el carrer de Miguel Hern\u00e1ndez. L&#8217;ascensor afavoriria la connexi\u00f3 amb el Casal de Gent Gran Pau Casals, la resid\u00e8ncia de gent gran situada en aquest mateix edifici, i tamb\u00e9 amb la placeta arbrada amb jocs infantils\u00a0 i ara amb jocs d&#8217;aigua sobre l\u2019aparcament de residents del carrer Miguel Hern\u00e1ndez.\u00a0<br \/><br \/>\u00a02. Nou carril bici als carrers d&#8217;Arnau d\u2019Oms i Piferrer. Es tractaria de baixar a la cal\u00e7ada el carril bici des del carrer d\u2019Arnau d\u2019Oms amb Felip II fins a Piferrer amb Pintor Alsamora. L\u2019\u00c0rea es compromet a incrementar el pressupost fins a 490.000\u20ac per complementar la inversi\u00f3 acordada amb aquest pacte tenint en compte que el projecte executiu ja redactat \u00e9s de 847.000\u20ac per\u00f2 est\u00e0 pendent de revisi\u00f3 t\u00e8cnica.\u00a0<br \/><br \/>3. Redacci\u00f3 del projecte de remodelaci\u00f3 del camp de futbol de Ciutat Meridiana. Es preveu \u00a0 300.000 \u20ac. Amb el canvi de planejament de Ciutat Meridiana el camp de futbol ha deixat de ser provisional despr\u00e9s de molts anys. Aix\u00f2 permet refer les instal\u00b7lacions i construir unes grades aprofitant el lateral del camp amb el carrer de Rasos de Peguera. La intenci\u00f3 \u00e9s\u00a0 iniciar la redacci\u00f3 del projecte (estudis previs, avantprojecte&#8230;) i avan\u00e7ar l m\u00e0xim possible dins d\u2019aquest mandat. Districte de Nou Barris i l&#8217;IBE han acordat aprofitar la dotaci\u00f3 PIM de la redacci\u00f3 del projecte del CEM Can Cui\u00e0s.\u00a0<br \/><br \/>4. Reforma de les voreres del carrer d&#8217;Artesania\u00a0<br \/>El carrer d&#8217;Artesania t\u00e9 unes voreres molt estretes i, en alguns trams, presenta obstacles com fanals o papereres. Fa anys que se&#8217;n reclama una soluci\u00f3. Ara es planteja en aquest acord l&#8217;adequaci\u00f3 de les voreres. Ser\u00e0, per\u00f2, un primer impuls, amb 700.000 \u20ac, d&#8217;una intervenci\u00f3 d&#8217;un valor de 2.000.000\u20ac en una primera fase.\u00a0<\/p>\n","protected":false},"excerpt":{"rendered":"<p>El Govern Municipal de Jaume Collboni i ERC han acordat un paquet de 58 projectes de proximitat que s\u2019executaran als<\/p>\n","protected":false},"author":2,"featured_media":85466,"comment_status":"closed","ping_status":"closed","sticky":false,"template":"","format":"standard","meta":{"colormag_page_layout":"default_layout","_monsterinsights_skip_tracking":false,"_monsterinsights_sitenote_active":false,"_monsterinsights_sitenote_note":"","_monsterinsights_sitenote_category":0,"footnotes":""},"categories":[1,126],"tags":[],"class_list":["post-85465","post","type-post","status-publish","format-standard","has-post-thumbnail","hentry","category-nou-barris","category-politica"],"yoast_head":"<!-- This site is optimized with the Yoast SEO plugin v25.3 - https:\/\/yoast.com\/wordpress\/plugins\/seo\/ -->\n<title>Els quatre projectes pactats a l&#039;acord d&#039;inversions entre el govern de Collboni i ERC - NouBarris.Net<\/title>\n<meta name=\"robots\" content=\"index, follow, max-snippet:-1, max-image-preview:large, max-video-preview:-1\" \/>\n<link rel=\"canonical\" href=\"https:\/\/www.noubarris.net\/web40\/quatre-projectes-pactats-acord-dinversions-govern-collboni-erc\/\" \/>\n<meta property=\"og:locale\" content=\"ca_ES\" \/>\n<meta property=\"og:type\" content=\"article\" \/>\n<meta property=\"og:title\" content=\"Els quatre projectes pactats a l&#039;acord d&#039;inversions entre el govern de Collboni i ERC - NouBarris.Net\" \/>\n<meta property=\"og:description\" content=\"El Govern Municipal de Jaume Collboni i ERC han acordat un paquet de 58 projectes de proximitat que s\u2019executaran als\" \/>\n<meta property=\"og:url\" content=\"https:\/\/www.noubarris.net\/web40\/quatre-projectes-pactats-acord-dinversions-govern-collboni-erc\/\" \/>\n<meta property=\"og:site_name\" content=\"NouBarris.Net\" \/>\n<meta property=\"article:publisher\" content=\"https:\/\/www.facebook.com\/NouBarris.net\/?locale=es_ES\" \/>\n<meta property=\"article:published_time\" content=\"2025-07-14T05:30:00+00:00\" \/>\n<meta property=\"og:image\" content=\"https:\/\/www.noubarris.net\/web40\/wp-content\/uploads\/2025\/07\/pexels-cytonn-955395-scaled.jpg\" \/>\n\t<meta property=\"og:image:width\" content=\"2560\" \/>\n\t<meta property=\"og:image:height\" content=\"1709\" \/>\n\t<meta property=\"og:image:type\" content=\"image\/jpeg\" \/>\n<meta name=\"author\" content=\"Informatius\" \/>\n<meta name=\"twitter:card\" content=\"summary_large_image\" \/>\n<meta name=\"twitter:creator\" content=\"@9BTV\" \/>\n<meta name=\"twitter:site\" content=\"@9BTV\" \/>\n<meta name=\"twitter:label1\" content=\"Escrit per\" \/>\n\t<meta name=\"twitter:data1\" content=\"Informatius\" \/>\n\t<meta name=\"twitter:label2\" content=\"Temps estimat de lectura\" \/>\n\t<meta name=\"twitter:data2\" content=\"3 minuts\" \/>\n<script type=\"application\/ld+json\" class=\"yoast-schema-graph\">{\"@context\":\"https:\/\/schema.org\",\"@graph\":[{\"@type\":\"Article\",\"@id\":\"https:\/\/www.noubarris.net\/web40\/quatre-projectes-pactats-acord-dinversions-govern-collboni-erc\/#article\",\"isPartOf\":{\"@id\":\"https:\/\/www.noubarris.net\/web40\/quatre-projectes-pactats-acord-dinversions-govern-collboni-erc\/\"},\"author\":{\"name\":\"Informatius\",\"@id\":\"https:\/\/www.noubarris.net\/web40\/#\/schema\/person\/1827f92aaa316c54abbf4dac0de76069\"},\"headline\":\"Els quatre projectes pactats a l&#8217;acord d&#8217;inversions entre el govern de Collboni i ERC\",\"datePublished\":\"2025-07-14T05:30:00+00:00\",\"mainEntityOfPage\":{\"@id\":\"https:\/\/www.noubarris.net\/web40\/quatre-projectes-pactats-acord-dinversions-govern-collboni-erc\/\"},\"wordCount\":409,\"publisher\":{\"@id\":\"https:\/\/www.noubarris.net\/web40\/#organization\"},\"image\":{\"@id\":\"https:\/\/www.noubarris.net\/web40\/quatre-projectes-pactats-acord-dinversions-govern-collboni-erc\/#primaryimage\"},\"thumbnailUrl\":\"https:\/\/www.noubarris.net\/web40\/wp-content\/uploads\/2025\/07\/pexels-cytonn-955395-scaled.jpg\",\"articleSection\":[\"Nou Barris\",\"Pol\u00edtica\"],\"inLanguage\":\"ca\"},{\"@type\":\"WebPage\",\"@id\":\"https:\/\/www.noubarris.net\/web40\/quatre-projectes-pactats-acord-dinversions-govern-collboni-erc\/\",\"url\":\"https:\/\/www.noubarris.net\/web40\/quatre-projectes-pactats-acord-dinversions-govern-collboni-erc\/\",\"name\":\"Els quatre projectes pactats a l'acord d'inversions entre el govern de Collboni i ERC - NouBarris.Net\",\"isPartOf\":{\"@id\":\"https:\/\/www.noubarris.net\/web40\/#website\"},\"primaryImageOfPage\":{\"@id\":\"https:\/\/www.noubarris.net\/web40\/quatre-projectes-pactats-acord-dinversions-govern-collboni-erc\/#primaryimage\"},\"image\":{\"@id\":\"https:\/\/www.noubarris.net\/web40\/quatre-projectes-pactats-acord-dinversions-govern-collboni-erc\/#primaryimage\"},\"thumbnailUrl\":\"https:\/\/www.noubarris.net\/web40\/wp-content\/uploads\/2025\/07\/pexels-cytonn-955395-scaled.jpg\",\"datePublished\":\"2025-07-14T05:30:00+00:00\",\"breadcrumb\":{\"@id\":\"https:\/\/www.noubarris.net\/web40\/quatre-projectes-pactats-acord-dinversions-govern-collboni-erc\/#breadcrumb\"},\"inLanguage\":\"ca\",\"potentialAction\":[{\"@type\":\"ReadAction\",\"target\":[\"https:\/\/www.noubarris.net\/web40\/quatre-projectes-pactats-acord-dinversions-govern-collboni-erc\/\"]}]},{\"@type\":\"ImageObject\",\"inLanguage\":\"ca\",\"@id\":\"https:\/\/www.noubarris.net\/web40\/quatre-projectes-pactats-acord-dinversions-govern-collboni-erc\/#primaryimage\",\"url\":\"https:\/\/www.noubarris.net\/web40\/wp-content\/uploads\/2025\/07\/pexels-cytonn-955395-scaled.jpg\",\"contentUrl\":\"https:\/\/www.noubarris.net\/web40\/wp-content\/uploads\/2025\/07\/pexels-cytonn-955395-scaled.jpg\",\"width\":2560,\"height\":1709,\"caption\":\"Acord govern municipal i erc\"},{\"@type\":\"BreadcrumbList\",\"@id\":\"https:\/\/www.noubarris.net\/web40\/quatre-projectes-pactats-acord-dinversions-govern-collboni-erc\/#breadcrumb\",\"itemListElement\":[{\"@type\":\"ListItem\",\"position\":1,\"name\":\"Inici\",\"item\":\"https:\/\/www.noubarris.net\/web40\/\"},{\"@type\":\"ListItem\",\"position\":2,\"name\":\"Els quatre projectes pactats a l&#8217;acord d&#8217;inversions entre el govern de Collboni i ERC\"}]},{\"@type\":\"WebSite\",\"@id\":\"https:\/\/www.noubarris.net\/web40\/#website\",\"url\":\"https:\/\/www.noubarris.net\/web40\/\",\"name\":\"NouBarris.Net\",\"description\":\"Seguint la vida de Nou Barris des de 1985\",\"publisher\":{\"@id\":\"https:\/\/www.noubarris.net\/web40\/#organization\"},\"potentialAction\":[{\"@type\":\"SearchAction\",\"target\":{\"@type\":\"EntryPoint\",\"urlTemplate\":\"https:\/\/www.noubarris.net\/web40\/?s={search_term_string}\"},\"query-input\":{\"@type\":\"PropertyValueSpecification\",\"valueRequired\":true,\"valueName\":\"search_term_string\"}}],\"inLanguage\":\"ca\"},{\"@type\":\"Organization\",\"@id\":\"https:\/\/www.noubarris.net\/web40\/#organization\",\"name\":\"NouBarris.Net\",\"url\":\"https:\/\/www.noubarris.net\/web40\/\",\"logo\":{\"@type\":\"ImageObject\",\"inLanguage\":\"ca\",\"@id\":\"https:\/\/www.noubarris.net\/web40\/#\/schema\/logo\/image\/\",\"url\":\"https:\/\/www.noubarris.net\/web40\/wp-content\/uploads\/2024\/11\/cropped-cropped-LOGO_9BTV-2024_Insta-1.jpg\",\"contentUrl\":\"https:\/\/www.noubarris.net\/web40\/wp-content\/uploads\/2024\/11\/cropped-cropped-LOGO_9BTV-2024_Insta-1.jpg\",\"width\":512,\"height\":512,\"caption\":\"NouBarris.Net\"},\"image\":{\"@id\":\"https:\/\/www.noubarris.net\/web40\/#\/schema\/logo\/image\/\"},\"sameAs\":[\"https:\/\/www.facebook.com\/NouBarris.net\/?locale=es_ES\",\"https:\/\/x.com\/9BTV\"]},{\"@type\":\"Person\",\"@id\":\"https:\/\/www.noubarris.net\/web40\/#\/schema\/person\/1827f92aaa316c54abbf4dac0de76069\",\"name\":\"Informatius\",\"image\":{\"@type\":\"ImageObject\",\"inLanguage\":\"ca\",\"@id\":\"https:\/\/www.noubarris.net\/web40\/#\/schema\/person\/image\/\",\"url\":\"https:\/\/secure.gravatar.com\/avatar\/87a3b47928835fc72c6ee5b0e1a7263ef0c2d05003a98189bc14926c5f11bcdb?s=96&d=mm&r=g\",\"contentUrl\":\"https:\/\/secure.gravatar.com\/avatar\/87a3b47928835fc72c6ee5b0e1a7263ef0c2d05003a98189bc14926c5f11bcdb?s=96&d=mm&r=g\",\"caption\":\"Informatius\"},\"url\":\"https:\/\/www.noubarris.net\/web40\/author\/tele\/\"}]}<\/script>\n<!-- \/ Yoast SEO plugin. -->","yoast_head_json":{"title":"Els quatre projectes pactats a l'acord d'inversions entre el govern de Collboni i ERC - NouBarris.Net","robots":{"index":"index","follow":"follow","max-snippet":"max-snippet:-1","max-image-preview":"max-image-preview:large","max-video-preview":"max-video-preview:-1"},"canonical":"https:\/\/www.noubarris.net\/web40\/quatre-projectes-pactats-acord-dinversions-govern-collboni-erc\/","og_locale":"ca_ES","og_type":"article","og_title":"Els quatre projectes pactats a l'acord d'inversions entre el govern de Collboni i ERC - NouBarris.Net","og_description":"El Govern Municipal de Jaume Collboni i ERC han acordat un paquet de 58 projectes de proximitat que s\u2019executaran als","og_url":"https:\/\/www.noubarris.net\/web40\/quatre-projectes-pactats-acord-dinversions-govern-collboni-erc\/","og_site_name":"NouBarris.Net","article_publisher":"https:\/\/www.facebook.com\/NouBarris.net\/?locale=es_ES","article_published_time":"2025-07-14T05:30:00+00:00","og_image":[{"width":2560,"height":1709,"url":"https:\/\/www.noubarris.net\/web40\/wp-content\/uploads\/2025\/07\/pexels-cytonn-955395-scaled.jpg","type":"image\/jpeg"}],"author":"Informatius","twitter_card":"summary_large_image","twitter_creator":"@9BTV","twitter_site":"@9BTV","twitter_misc":{"Escrit per":"Informatius","Temps estimat de lectura":"3 minuts"},"schema":{"@context":"https:\/\/schema.org","@graph":[{"@type":"Article","@id":"https:\/\/www.noubarris.net\/web40\/quatre-projectes-pactats-acord-dinversions-govern-collboni-erc\/#article","isPartOf":{"@id":"https:\/\/www.noubarris.net\/web40\/quatre-projectes-pactats-acord-dinversions-govern-collboni-erc\/"},"author":{"name":"Informatius","@id":"https:\/\/www.noubarris.net\/web40\/#\/schema\/person\/1827f92aaa316c54abbf4dac0de76069"},"headline":"Els quatre projectes pactats a l&#8217;acord d&#8217;inversions entre el govern de Collboni i ERC","datePublished":"2025-07-14T05:30:00+00:00","mainEntityOfPage":{"@id":"https:\/\/www.noubarris.net\/web40\/quatre-projectes-pactats-acord-dinversions-govern-collboni-erc\/"},"wordCount":409,"publisher":{"@id":"https:\/\/www.noubarris.net\/web40\/#organization"},"image":{"@id":"https:\/\/www.noubarris.net\/web40\/quatre-projectes-pactats-acord-dinversions-govern-collboni-erc\/#primaryimage"},"thumbnailUrl":"https:\/\/www.noubarris.net\/web40\/wp-content\/uploads\/2025\/07\/pexels-cytonn-955395-scaled.jpg","articleSection":["Nou Barris","Pol\u00edtica"],"inLanguage":"ca"},{"@type":"WebPage","@id":"https:\/\/www.noubarris.net\/web40\/quatre-projectes-pactats-acord-dinversions-govern-collboni-erc\/","url":"https:\/\/www.noubarris.net\/web40\/quatre-projectes-pactats-acord-dinversions-govern-collboni-erc\/","name":"Els quatre projectes pactats a l'acord d'inversions entre el govern de Collboni i ERC - NouBarris.Net","isPartOf":{"@id":"https:\/\/www.noubarris.net\/web40\/#website"},"primaryImageOfPage":{"@id":"https:\/\/www.noubarris.net\/web40\/quatre-projectes-pactats-acord-dinversions-govern-collboni-erc\/#primaryimage"},"image":{"@id":"https:\/\/www.noubarris.net\/web40\/quatre-projectes-pactats-acord-dinversions-govern-collboni-erc\/#primaryimage"},"thumbnailUrl":"https:\/\/www.noubarris.net\/web40\/wp-content\/uploads\/2025\/07\/pexels-cytonn-955395-scaled.jpg","datePublished":"2025-07-14T05:30:00+00:00","breadcrumb":{"@id":"https:\/\/www.noubarris.net\/web40\/quatre-projectes-pactats-acord-dinversions-govern-collboni-erc\/#breadcrumb"},"inLanguage":"ca","potentialAction":[{"@type":"ReadAction","target":["https:\/\/www.noubarris.net\/web40\/quatre-projectes-pactats-acord-dinversions-govern-collboni-erc\/"]}]},{"@type":"ImageObject","inLanguage":"ca","@id":"https:\/\/www.noubarris.net\/web40\/quatre-projectes-pactats-acord-dinversions-govern-collboni-erc\/#primaryimage","url":"https:\/\/www.noubarris.net\/web40\/wp-content\/uploads\/2025\/07\/pexels-cytonn-955395-scaled.jpg","contentUrl":"https:\/\/www.noubarris.net\/web40\/wp-content\/uploads\/2025\/07\/pexels-cytonn-955395-scaled.jpg","width":2560,"height":1709,"caption":"Acord govern municipal i erc"},{"@type":"BreadcrumbList","@id":"https:\/\/www.noubarris.net\/web40\/quatre-projectes-pactats-acord-dinversions-govern-collboni-erc\/#breadcrumb","itemListElement":[{"@type":"ListItem","position":1,"name":"Inici","item":"https:\/\/www.noubarris.net\/web40\/"},{"@type":"ListItem","position":2,"name":"Els quatre projectes pactats a l&#8217;acord d&#8217;inversions entre el govern de Collboni i ERC"}]},{"@type":"WebSite","@id":"https:\/\/www.noubarris.net\/web40\/#website","url":"https:\/\/www.noubarris.net\/web40\/","name":"NouBarris.Net","description":"Seguint la vida de Nou Barris des de 1985","publisher":{"@id":"https:\/\/www.noubarris.net\/web40\/#organization"},"potentialAction":[{"@type":"SearchAction","target":{"@type":"EntryPoint","urlTemplate":"https:\/\/www.noubarris.net\/web40\/?s={search_term_string}"},"query-input":{"@type":"PropertyValueSpecification","valueRequired":true,"valueName":"search_term_string"}}],"inLanguage":"ca"},{"@type":"Organization","@id":"https:\/\/www.noubarris.net\/web40\/#organization","name":"NouBarris.Net","url":"https:\/\/www.noubarris.net\/web40\/","logo":{"@type":"ImageObject","inLanguage":"ca","@id":"https:\/\/www.noubarris.net\/web40\/#\/schema\/logo\/image\/","url":"https:\/\/www.noubarris.net\/web40\/wp-content\/uploads\/2024\/11\/cropped-cropped-LOGO_9BTV-2024_Insta-1.jpg","contentUrl":"https:\/\/www.noubarris.net\/web40\/wp-content\/uploads\/2024\/11\/cropped-cropped-LOGO_9BTV-2024_Insta-1.jpg","width":512,"height":512,"caption":"NouBarris.Net"},"image":{"@id":"https:\/\/www.noubarris.net\/web40\/#\/schema\/logo\/image\/"},"sameAs":["https:\/\/www.facebook.com\/NouBarris.net\/?locale=es_ES","https:\/\/x.com\/9BTV"]},{"@type":"Person","@id":"https:\/\/www.noubarris.net\/web40\/#\/schema\/person\/1827f92aaa316c54abbf4dac0de76069","name":"Informatius","image":{"@type":"ImageObject","inLanguage":"ca","@id":"https:\/\/www.noubarris.net\/web40\/#\/schema\/person\/image\/","url":"https:\/\/secure.gravatar.com\/avatar\/87a3b47928835fc72c6ee5b0e1a7263ef0c2d05003a98189bc14926c5f11bcdb?s=96&d=mm&r=g","contentUrl":"https:\/\/secure.gravatar.com\/avatar\/87a3b47928835fc72c6ee5b0e1a7263ef0c2d05003a98189bc14926c5f11bcdb?s=96&d=mm&r=g","caption":"Informatius"},"url":"https:\/\/www.noubarris.net\/web40\/author\/tele\/"}]}},"_links":{"self":[{"href":"https:\/\/www.noubarris.net\/web40\/wp-json\/wp\/v2\/posts\/85465","targetHints":{"allow":["GET"]}}],"collection":[{"href":"https:\/\/www.noubarris.net\/web40\/wp-json\/wp\/v2\/posts"}],"about":[{"href":"https:\/\/www.noubarris.net\/web40\/wp-json\/wp\/v2\/types\/post"}],"author":[{"embeddable":true,"href":"https:\/\/www.noubarris.net\/web40\/wp-json\/wp\/v2\/users\/2"}],"replies":[{"embeddable":true,"href":"https:\/\/www.noubarris.net\/web40\/wp-json\/wp\/v2\/comments?post=85465"}],"version-history":[{"count":2,"href":"https:\/\/www.noubarris.net\/web40\/wp-json\/wp\/v2\/posts\/85465\/revisions"}],"predecessor-version":[{"id":85471,"href":"https:\/\/www.noubarris.net\/web40\/wp-json\/wp\/v2\/posts\/85465\/revisions\/85471"}],"wp:featuredmedia":[{"embeddable":true,"href":"https:\/\/www.noubarris.net\/web40\/wp-json\/wp\/v2\/media\/85466"}],"wp:attachment":[{"href":"https:\/\/www.noubarris.net\/web40\/wp-json\/wp\/v2\/media?parent=85465"}],"wp:term":[{"taxonomy":"category","embeddable":true,"href":"https:\/\/www.noubarris.net\/web40\/wp-json\/wp\/v2\/categories?post=85465"},{"taxonomy":"post_tag","embeddable":true,"href":"https:\/\/www.noubarris.net\/web40\/wp-json\/wp\/v2\/tags?post=85465"}],"curies":[{"name":"wp","href":"https:\/\/api.w.org\/{rel}","templated":true}]}}