{"id":85501,"date":"2025-07-18T07:00:00","date_gmt":"2025-07-18T05:00:00","guid":{"rendered":"https:\/\/www.noubarris.net\/web40\/?p=85501"},"modified":"2025-07-17T10:23:05","modified_gmt":"2025-07-17T08:23:05","slug":"finalitzades-obres-mirador-ponderosa-rec-comtal","status":"publish","type":"post","link":"https:\/\/www.noubarris.net\/web40\/finalitzades-obres-mirador-ponderosa-rec-comtal\/","title":{"rendered":"Finalitzades les obres del tram del Mirador de la Ponderosa al Rec Comtal"},"content":{"rendered":"\n<p>L\u2019Ajuntament de Barcelona ha enllestit les obres d\u2019adequaci\u00f3 del tram del Mirador de la Ponderosa, al barri de Vallbona, dins del projecte de recuperaci\u00f3 del <a href=\"https:\/\/www.noubarris.net\/web40\/que-es-el-rec-comtal\/\" target=\"_blank\" rel=\"noreferrer noopener\">Rec Comtal<\/a>. Els treballs, <a href=\"https:\/\/www.noubarris.net\/web40\/arrenca-la-primera-fase-dobres-del-nou-passeig-del-rec-comtal-entre-vallbona-i-la-trinitat-vella\/\" target=\"_blank\" rel=\"noreferrer noopener\">iniciats l\u2019agost de 2024<\/a>, han tingut un cost de 877.055,19\u202f\u20ac, finan\u00e7ats pel Ministeri d\u2019Ind\u00fastria i Turisme a trav\u00e9s dels Plans de Sostenibilitat Tur\u00edstica en Destinaci\u00f3.<\/p>\n\n\n\n<figure class=\"wp-block-image aligncenter size-full\"><img loading=\"lazy\" decoding=\"async\" width=\"900\" height=\"500\" src=\"https:\/\/www.noubarris.net\/web40\/wp-content\/uploads\/2025\/07\/1000x550-35-900x500-1.jpg\" alt=\"Finalitzaci\u00f3 obres Rec Comptal\" class=\"wp-image-85502\" srcset=\"https:\/\/www.noubarris.net\/web40\/wp-content\/uploads\/2025\/07\/1000x550-35-900x500-1.jpg 900w, https:\/\/www.noubarris.net\/web40\/wp-content\/uploads\/2025\/07\/1000x550-35-900x500-1-300x167.jpg 300w, https:\/\/www.noubarris.net\/web40\/wp-content\/uploads\/2025\/07\/1000x550-35-900x500-1-768x427.jpg 768w, https:\/\/www.noubarris.net\/web40\/wp-content\/uploads\/2025\/07\/1000x550-35-900x500-1-800x445.jpg 800w\" sizes=\"auto, (max-width: 900px) 100vw, 900px\" \/><\/figure>\n\n\n\n<p>L\u2019actuaci\u00f3 ha incl\u00f2s mesures de millora ambiental i d\u2019accessibilitat. S\u2019ha eliminat vegetaci\u00f3 invasora i s\u2019han plantat esp\u00e8cies aut\u00f2ctones, com el lliri groc i joncs, per afavorir la biodiversitat i la qualitat de l\u2019aigua. El revestiment de formig\u00f3 del canal s\u2019ha substitu\u00eft per biorotlles de fibra de coco amb vegetaci\u00f3 de ribera, amb funci\u00f3 depuradora.<\/p>\n\n\n\n<p>Tamb\u00e9 s\u2019ha creat un cam\u00ed per a vianants i ciclistes amb paviment permeable de saul\u00f3 i grava, i s\u2019han aplicat sistemes de drenatge urb\u00e0 sostenible als accessos als horts de La Ponderosa. El cam\u00ed connecta Vallbona amb Trinitat Vella i s\u2019integra dins la xarxa de recorreguts verds urbans.<\/p>\n\n\n\n<p>Els murs i baranes s\u2019han constru\u00eft amb materials reaprofitats de la mateixa obra. S\u2019ha habilitat un mirador i diversos punts d\u2019observaci\u00f3 paisatg\u00edstica. A m\u00e9s, s\u2019ha constru\u00eft un dip\u00f2sit d\u2019aigua soterrat de 200\u202fm\u00b3 per a futurs sistemes de reg per degoteig als horts urbans de la zona.<\/p>\n\n\n\n<p>L\u2019actuaci\u00f3 forma part del pla de posada en valor del Rec Comtal i compta amb finan\u00e7ament europeu Next Generation, coordinat per la Diputaci\u00f3 de Barcelona.<\/p>\n<p>\u00a0<\/p>\n\n\n\n<figure class=\"wp-block-embed is-type-video is-provider-youtube wp-block-embed-youtube wp-embed-aspect-16-9 wp-has-aspect-ratio\"><div class=\"wp-block-embed__wrapper\">\n<iframe loading=\"lazy\" title=\"El Rec Comtal\" width=\"800\" height=\"450\" src=\"https:\/\/www.youtube.com\/embed\/YL_8jPe9bz8?start=13&#038;feature=oembed\" frameborder=\"0\" allow=\"accelerometer; autoplay; clipboard-write; encrypted-media; gyroscope; picture-in-picture; web-share\" referrerpolicy=\"strict-origin-when-cross-origin\" allowfullscreen><\/iframe>\n<\/div><\/figure>\n","protected":false},"excerpt":{"rendered":"<p>L\u2019Ajuntament de Barcelona ha enllestit les obres d\u2019adequaci\u00f3 del tram del Mirador de la Ponderosa, al barri de Vallbona, dins<\/p>\n","protected":false},"author":2,"featured_media":0,"comment_status":"closed","ping_status":"closed","sticky":false,"template":"","format":"standard","meta":{"colormag_page_layout":"default_layout","_monsterinsights_skip_tracking":false,"_monsterinsights_sitenote_active":false,"_monsterinsights_sitenote_note":"","_monsterinsights_sitenote_category":0,"footnotes":""},"categories":[302,140],"tags":[],"class_list":["post-85501","post","type-post","status-publish","format-standard","hentry","category-urbanisme","category-vallbona"],"yoast_head":"<!-- This site is optimized with the Yoast SEO plugin v25.3 - https:\/\/yoast.com\/wordpress\/plugins\/seo\/ -->\n<title>Finalitzades les obres del tram del Mirador de la Ponderosa al Rec Comtal - NouBarris.Net<\/title>\n<meta name=\"robots\" content=\"index, follow, max-snippet:-1, max-image-preview:large, max-video-preview:-1\" \/>\n<link rel=\"canonical\" href=\"https:\/\/www.noubarris.net\/web40\/finalitzades-obres-mirador-ponderosa-rec-comtal\/\" \/>\n<meta property=\"og:locale\" content=\"ca_ES\" \/>\n<meta property=\"og:type\" content=\"article\" \/>\n<meta property=\"og:title\" content=\"Finalitzades les obres del tram del Mirador de la Ponderosa al Rec Comtal - NouBarris.Net\" \/>\n<meta property=\"og:description\" content=\"L\u2019Ajuntament de Barcelona ha enllestit les obres d\u2019adequaci\u00f3 del tram del Mirador de la Ponderosa, al barri de Vallbona, dins\" \/>\n<meta property=\"og:url\" content=\"https:\/\/www.noubarris.net\/web40\/finalitzades-obres-mirador-ponderosa-rec-comtal\/\" \/>\n<meta property=\"og:site_name\" content=\"NouBarris.Net\" \/>\n<meta property=\"article:publisher\" content=\"https:\/\/www.facebook.com\/NouBarris.net\/?locale=es_ES\" \/>\n<meta property=\"article:published_time\" content=\"2025-07-18T05:00:00+00:00\" \/>\n<meta property=\"og:image\" content=\"https:\/\/www.noubarris.net\/web40\/wp-content\/uploads\/2025\/07\/Mirador-Ponderosa-Rec-Comptal-\u00a9Albert-Miro-Diutacio-de-Barcelona13-scaled-1.jpg\" \/>\n\t<meta property=\"og:image:width\" content=\"2560\" \/>\n\t<meta property=\"og:image:height\" content=\"1707\" \/>\n\t<meta property=\"og:image:type\" content=\"image\/jpeg\" \/>\n<meta name=\"author\" content=\"Informatius\" \/>\n<meta name=\"twitter:card\" content=\"summary_large_image\" \/>\n<meta name=\"twitter:creator\" content=\"@9BTV\" \/>\n<meta name=\"twitter:site\" content=\"@9BTV\" \/>\n<meta name=\"twitter:label1\" content=\"Escrit per\" \/>\n\t<meta name=\"twitter:data1\" content=\"Informatius\" \/>\n\t<meta name=\"twitter:label2\" content=\"Temps estimat de lectura\" \/>\n\t<meta name=\"twitter:data2\" content=\"2 minuts\" \/>\n<script type=\"application\/ld+json\" class=\"yoast-schema-graph\">{\"@context\":\"https:\/\/schema.org\",\"@graph\":[{\"@type\":\"Article\",\"@id\":\"https:\/\/www.noubarris.net\/web40\/finalitzades-obres-mirador-ponderosa-rec-comtal\/#article\",\"isPartOf\":{\"@id\":\"https:\/\/www.noubarris.net\/web40\/finalitzades-obres-mirador-ponderosa-rec-comtal\/\"},\"author\":{\"name\":\"Informatius\",\"@id\":\"https:\/\/www.noubarris.net\/web40\/#\/schema\/person\/1827f92aaa316c54abbf4dac0de76069\"},\"headline\":\"Finalitzades les obres del tram del Mirador de la Ponderosa al Rec Comtal\",\"datePublished\":\"2025-07-18T05:00:00+00:00\",\"mainEntityOfPage\":{\"@id\":\"https:\/\/www.noubarris.net\/web40\/finalitzades-obres-mirador-ponderosa-rec-comtal\/\"},\"wordCount\":283,\"publisher\":{\"@id\":\"https:\/\/www.noubarris.net\/web40\/#organization\"},\"image\":{\"@id\":\"https:\/\/www.noubarris.net\/web40\/finalitzades-obres-mirador-ponderosa-rec-comtal\/#primaryimage\"},\"thumbnailUrl\":\"https:\/\/www.noubarris.net\/web40\/wp-content\/uploads\/2025\/07\/1000x550-35-900x500-1.jpg\",\"articleSection\":[\"Urbanisme\",\"Vallbona\"],\"inLanguage\":\"ca\"},{\"@type\":\"WebPage\",\"@id\":\"https:\/\/www.noubarris.net\/web40\/finalitzades-obres-mirador-ponderosa-rec-comtal\/\",\"url\":\"https:\/\/www.noubarris.net\/web40\/finalitzades-obres-mirador-ponderosa-rec-comtal\/\",\"name\":\"Finalitzades les obres del tram del Mirador de la Ponderosa al Rec Comtal - NouBarris.Net\",\"isPartOf\":{\"@id\":\"https:\/\/www.noubarris.net\/web40\/#website\"},\"primaryImageOfPage\":{\"@id\":\"https:\/\/www.noubarris.net\/web40\/finalitzades-obres-mirador-ponderosa-rec-comtal\/#primaryimage\"},\"image\":{\"@id\":\"https:\/\/www.noubarris.net\/web40\/finalitzades-obres-mirador-ponderosa-rec-comtal\/#primaryimage\"},\"thumbnailUrl\":\"https:\/\/www.noubarris.net\/web40\/wp-content\/uploads\/2025\/07\/1000x550-35-900x500-1.jpg\",\"datePublished\":\"2025-07-18T05:00:00+00:00\",\"breadcrumb\":{\"@id\":\"https:\/\/www.noubarris.net\/web40\/finalitzades-obres-mirador-ponderosa-rec-comtal\/#breadcrumb\"},\"inLanguage\":\"ca\",\"potentialAction\":[{\"@type\":\"ReadAction\",\"target\":[\"https:\/\/www.noubarris.net\/web40\/finalitzades-obres-mirador-ponderosa-rec-comtal\/\"]}]},{\"@type\":\"ImageObject\",\"inLanguage\":\"ca\",\"@id\":\"https:\/\/www.noubarris.net\/web40\/finalitzades-obres-mirador-ponderosa-rec-comtal\/#primaryimage\",\"url\":\"https:\/\/www.noubarris.net\/web40\/wp-content\/uploads\/2025\/07\/1000x550-35-900x500-1.jpg\",\"contentUrl\":\"https:\/\/www.noubarris.net\/web40\/wp-content\/uploads\/2025\/07\/1000x550-35-900x500-1.jpg\",\"width\":900,\"height\":500,\"caption\":\"Finalitzaci\u00f3 obres Rec Comptal\"},{\"@type\":\"BreadcrumbList\",\"@id\":\"https:\/\/www.noubarris.net\/web40\/finalitzades-obres-mirador-ponderosa-rec-comtal\/#breadcrumb\",\"itemListElement\":[{\"@type\":\"ListItem\",\"position\":1,\"name\":\"Inici\",\"item\":\"https:\/\/www.noubarris.net\/web40\/\"},{\"@type\":\"ListItem\",\"position\":2,\"name\":\"Finalitzades les obres del tram del Mirador de la Ponderosa al Rec Comtal\"}]},{\"@type\":\"WebSite\",\"@id\":\"https:\/\/www.noubarris.net\/web40\/#website\",\"url\":\"https:\/\/www.noubarris.net\/web40\/\",\"name\":\"NouBarris.Net\",\"description\":\"Seguint la vida de Nou Barris des de 1985\",\"publisher\":{\"@id\":\"https:\/\/www.noubarris.net\/web40\/#organization\"},\"potentialAction\":[{\"@type\":\"SearchAction\",\"target\":{\"@type\":\"EntryPoint\",\"urlTemplate\":\"https:\/\/www.noubarris.net\/web40\/?s={search_term_string}\"},\"query-input\":{\"@type\":\"PropertyValueSpecification\",\"valueRequired\":true,\"valueName\":\"search_term_string\"}}],\"inLanguage\":\"ca\"},{\"@type\":\"Organization\",\"@id\":\"https:\/\/www.noubarris.net\/web40\/#organization\",\"name\":\"NouBarris.Net\",\"url\":\"https:\/\/www.noubarris.net\/web40\/\",\"logo\":{\"@type\":\"ImageObject\",\"inLanguage\":\"ca\",\"@id\":\"https:\/\/www.noubarris.net\/web40\/#\/schema\/logo\/image\/\",\"url\":\"https:\/\/www.noubarris.net\/web40\/wp-content\/uploads\/2024\/11\/cropped-cropped-LOGO_9BTV-2024_Insta-1.jpg\",\"contentUrl\":\"https:\/\/www.noubarris.net\/web40\/wp-content\/uploads\/2024\/11\/cropped-cropped-LOGO_9BTV-2024_Insta-1.jpg\",\"width\":512,\"height\":512,\"caption\":\"NouBarris.Net\"},\"image\":{\"@id\":\"https:\/\/www.noubarris.net\/web40\/#\/schema\/logo\/image\/\"},\"sameAs\":[\"https:\/\/www.facebook.com\/NouBarris.net\/?locale=es_ES\",\"https:\/\/x.com\/9BTV\"]},{\"@type\":\"Person\",\"@id\":\"https:\/\/www.noubarris.net\/web40\/#\/schema\/person\/1827f92aaa316c54abbf4dac0de76069\",\"name\":\"Informatius\",\"image\":{\"@type\":\"ImageObject\",\"inLanguage\":\"ca\",\"@id\":\"https:\/\/www.noubarris.net\/web40\/#\/schema\/person\/image\/\",\"url\":\"https:\/\/secure.gravatar.com\/avatar\/87a3b47928835fc72c6ee5b0e1a7263ef0c2d05003a98189bc14926c5f11bcdb?s=96&d=mm&r=g\",\"contentUrl\":\"https:\/\/secure.gravatar.com\/avatar\/87a3b47928835fc72c6ee5b0e1a7263ef0c2d05003a98189bc14926c5f11bcdb?s=96&d=mm&r=g\",\"caption\":\"Informatius\"},\"url\":\"https:\/\/www.noubarris.net\/web40\/author\/tele\/\"}]}<\/script>\n<!-- \/ Yoast SEO plugin. -->","yoast_head_json":{"title":"Finalitzades les obres del tram del Mirador de la Ponderosa al Rec Comtal - NouBarris.Net","robots":{"index":"index","follow":"follow","max-snippet":"max-snippet:-1","max-image-preview":"max-image-preview:large","max-video-preview":"max-video-preview:-1"},"canonical":"https:\/\/www.noubarris.net\/web40\/finalitzades-obres-mirador-ponderosa-rec-comtal\/","og_locale":"ca_ES","og_type":"article","og_title":"Finalitzades les obres del tram del Mirador de la Ponderosa al Rec Comtal - NouBarris.Net","og_description":"L\u2019Ajuntament de Barcelona ha enllestit les obres d\u2019adequaci\u00f3 del tram del Mirador de la Ponderosa, al barri de Vallbona, dins","og_url":"https:\/\/www.noubarris.net\/web40\/finalitzades-obres-mirador-ponderosa-rec-comtal\/","og_site_name":"NouBarris.Net","article_publisher":"https:\/\/www.facebook.com\/NouBarris.net\/?locale=es_ES","article_published_time":"2025-07-18T05:00:00+00:00","og_image":[{"width":2560,"height":1707,"url":"https:\/\/www.noubarris.net\/web40\/wp-content\/uploads\/2025\/07\/Mirador-Ponderosa-Rec-Comptal-\u00a9Albert-Miro-Diutacio-de-Barcelona13-scaled-1.jpg","type":"image\/jpeg"}],"author":"Informatius","twitter_card":"summary_large_image","twitter_creator":"@9BTV","twitter_site":"@9BTV","twitter_misc":{"Escrit per":"Informatius","Temps estimat de lectura":"2 minuts"},"schema":{"@context":"https:\/\/schema.org","@graph":[{"@type":"Article","@id":"https:\/\/www.noubarris.net\/web40\/finalitzades-obres-mirador-ponderosa-rec-comtal\/#article","isPartOf":{"@id":"https:\/\/www.noubarris.net\/web40\/finalitzades-obres-mirador-ponderosa-rec-comtal\/"},"author":{"name":"Informatius","@id":"https:\/\/www.noubarris.net\/web40\/#\/schema\/person\/1827f92aaa316c54abbf4dac0de76069"},"headline":"Finalitzades les obres del tram del Mirador de la Ponderosa al Rec Comtal","datePublished":"2025-07-18T05:00:00+00:00","mainEntityOfPage":{"@id":"https:\/\/www.noubarris.net\/web40\/finalitzades-obres-mirador-ponderosa-rec-comtal\/"},"wordCount":283,"publisher":{"@id":"https:\/\/www.noubarris.net\/web40\/#organization"},"image":{"@id":"https:\/\/www.noubarris.net\/web40\/finalitzades-obres-mirador-ponderosa-rec-comtal\/#primaryimage"},"thumbnailUrl":"https:\/\/www.noubarris.net\/web40\/wp-content\/uploads\/2025\/07\/1000x550-35-900x500-1.jpg","articleSection":["Urbanisme","Vallbona"],"inLanguage":"ca"},{"@type":"WebPage","@id":"https:\/\/www.noubarris.net\/web40\/finalitzades-obres-mirador-ponderosa-rec-comtal\/","url":"https:\/\/www.noubarris.net\/web40\/finalitzades-obres-mirador-ponderosa-rec-comtal\/","name":"Finalitzades les obres del tram del Mirador de la Ponderosa al Rec Comtal - NouBarris.Net","isPartOf":{"@id":"https:\/\/www.noubarris.net\/web40\/#website"},"primaryImageOfPage":{"@id":"https:\/\/www.noubarris.net\/web40\/finalitzades-obres-mirador-ponderosa-rec-comtal\/#primaryimage"},"image":{"@id":"https:\/\/www.noubarris.net\/web40\/finalitzades-obres-mirador-ponderosa-rec-comtal\/#primaryimage"},"thumbnailUrl":"https:\/\/www.noubarris.net\/web40\/wp-content\/uploads\/2025\/07\/1000x550-35-900x500-1.jpg","datePublished":"2025-07-18T05:00:00+00:00","breadcrumb":{"@id":"https:\/\/www.noubarris.net\/web40\/finalitzades-obres-mirador-ponderosa-rec-comtal\/#breadcrumb"},"inLanguage":"ca","potentialAction":[{"@type":"ReadAction","target":["https:\/\/www.noubarris.net\/web40\/finalitzades-obres-mirador-ponderosa-rec-comtal\/"]}]},{"@type":"ImageObject","inLanguage":"ca","@id":"https:\/\/www.noubarris.net\/web40\/finalitzades-obres-mirador-ponderosa-rec-comtal\/#primaryimage","url":"https:\/\/www.noubarris.net\/web40\/wp-content\/uploads\/2025\/07\/1000x550-35-900x500-1.jpg","contentUrl":"https:\/\/www.noubarris.net\/web40\/wp-content\/uploads\/2025\/07\/1000x550-35-900x500-1.jpg","width":900,"height":500,"caption":"Finalitzaci\u00f3 obres Rec Comptal"},{"@type":"BreadcrumbList","@id":"https:\/\/www.noubarris.net\/web40\/finalitzades-obres-mirador-ponderosa-rec-comtal\/#breadcrumb","itemListElement":[{"@type":"ListItem","position":1,"name":"Inici","item":"https:\/\/www.noubarris.net\/web40\/"},{"@type":"ListItem","position":2,"name":"Finalitzades les obres del tram del Mirador de la Ponderosa al Rec Comtal"}]},{"@type":"WebSite","@id":"https:\/\/www.noubarris.net\/web40\/#website","url":"https:\/\/www.noubarris.net\/web40\/","name":"NouBarris.Net","description":"Seguint la vida de Nou Barris des de 1985","publisher":{"@id":"https:\/\/www.noubarris.net\/web40\/#organization"},"potentialAction":[{"@type":"SearchAction","target":{"@type":"EntryPoint","urlTemplate":"https:\/\/www.noubarris.net\/web40\/?s={search_term_string}"},"query-input":{"@type":"PropertyValueSpecification","valueRequired":true,"valueName":"search_term_string"}}],"inLanguage":"ca"},{"@type":"Organization","@id":"https:\/\/www.noubarris.net\/web40\/#organization","name":"NouBarris.Net","url":"https:\/\/www.noubarris.net\/web40\/","logo":{"@type":"ImageObject","inLanguage":"ca","@id":"https:\/\/www.noubarris.net\/web40\/#\/schema\/logo\/image\/","url":"https:\/\/www.noubarris.net\/web40\/wp-content\/uploads\/2024\/11\/cropped-cropped-LOGO_9BTV-2024_Insta-1.jpg","contentUrl":"https:\/\/www.noubarris.net\/web40\/wp-content\/uploads\/2024\/11\/cropped-cropped-LOGO_9BTV-2024_Insta-1.jpg","width":512,"height":512,"caption":"NouBarris.Net"},"image":{"@id":"https:\/\/www.noubarris.net\/web40\/#\/schema\/logo\/image\/"},"sameAs":["https:\/\/www.facebook.com\/NouBarris.net\/?locale=es_ES","https:\/\/x.com\/9BTV"]},{"@type":"Person","@id":"https:\/\/www.noubarris.net\/web40\/#\/schema\/person\/1827f92aaa316c54abbf4dac0de76069","name":"Informatius","image":{"@type":"ImageObject","inLanguage":"ca","@id":"https:\/\/www.noubarris.net\/web40\/#\/schema\/person\/image\/","url":"https:\/\/secure.gravatar.com\/avatar\/87a3b47928835fc72c6ee5b0e1a7263ef0c2d05003a98189bc14926c5f11bcdb?s=96&d=mm&r=g","contentUrl":"https:\/\/secure.gravatar.com\/avatar\/87a3b47928835fc72c6ee5b0e1a7263ef0c2d05003a98189bc14926c5f11bcdb?s=96&d=mm&r=g","caption":"Informatius"},"url":"https:\/\/www.noubarris.net\/web40\/author\/tele\/"}]}},"_links":{"self":[{"href":"https:\/\/www.noubarris.net\/web40\/wp-json\/wp\/v2\/posts\/85501","targetHints":{"allow":["GET"]}}],"collection":[{"href":"https:\/\/www.noubarris.net\/web40\/wp-json\/wp\/v2\/posts"}],"about":[{"href":"https:\/\/www.noubarris.net\/web40\/wp-json\/wp\/v2\/types\/post"}],"author":[{"embeddable":true,"href":"https:\/\/www.noubarris.net\/web40\/wp-json\/wp\/v2\/users\/2"}],"replies":[{"embeddable":true,"href":"https:\/\/www.noubarris.net\/web40\/wp-json\/wp\/v2\/comments?post=85501"}],"version-history":[{"count":1,"href":"https:\/\/www.noubarris.net\/web40\/wp-json\/wp\/v2\/posts\/85501\/revisions"}],"predecessor-version":[{"id":85504,"href":"https:\/\/www.noubarris.net\/web40\/wp-json\/wp\/v2\/posts\/85501\/revisions\/85504"}],"wp:attachment":[{"href":"https:\/\/www.noubarris.net\/web40\/wp-json\/wp\/v2\/media?parent=85501"}],"wp:term":[{"taxonomy":"category","embeddable":true,"href":"https:\/\/www.noubarris.net\/web40\/wp-json\/wp\/v2\/categories?post=85501"},{"taxonomy":"post_tag","embeddable":true,"href":"https:\/\/www.noubarris.net\/web40\/wp-json\/wp\/v2\/tags?post=85501"}],"curies":[{"name":"wp","href":"https:\/\/api.w.org\/{rel}","templated":true}]}}