{"id":85505,"date":"2025-07-17T19:08:25","date_gmt":"2025-07-17T17:08:25","guid":{"rendered":"https:\/\/www.noubarris.net\/web40\/?p=85505"},"modified":"2025-07-17T20:54:18","modified_gmt":"2025-07-17T18:54:18","slug":"accio-veinal-roquetes-contra-hostal-turistic","status":"publish","type":"post","link":"https:\/\/www.noubarris.net\/web40\/accio-veinal-roquetes-contra-hostal-turistic\/","title":{"rendered":"Acci\u00f3 ve\u00efnal a Roquetes contra un hostal tur\u00edstic"},"content":{"rendered":"\n\n\n<p><strong>Dimecres 16 de juliol, desenes de ve\u00efnes es van concentrar al carrer Mina de la Ciutat 75 per denunciar l&#8217;exist\u00e8ncia d\u2019un hostal tur\u00edstic al barri. <\/strong><\/p>\n\n\n\n<p>Ho van fer amb una acci\u00f3 simb\u00f2lica i contundent: deixar trastos vells davant de l\u2019establiment com a mostra del desnonament invisible que pateixen moltes fam\u00edlies.<\/p>\n\n\n\n<figure class=\"wp-block-image size-large\"><img loading=\"lazy\" decoding=\"async\" width=\"1024\" height=\"576\" src=\"https:\/\/www.noubarris.net\/web40\/wp-content\/uploads\/2025\/07\/WhatsApp-Image-2025-07-17-at-19.03.23-1-1024x576.jpeg\" alt=\"acci\u00f3 contra hostal turistic roquetes\" class=\"wp-image-85509\" srcset=\"https:\/\/www.noubarris.net\/web40\/wp-content\/uploads\/2025\/07\/WhatsApp-Image-2025-07-17-at-19.03.23-1-1024x576.jpeg 1024w, https:\/\/www.noubarris.net\/web40\/wp-content\/uploads\/2025\/07\/WhatsApp-Image-2025-07-17-at-19.03.23-1-300x169.jpeg 300w, https:\/\/www.noubarris.net\/web40\/wp-content\/uploads\/2025\/07\/WhatsApp-Image-2025-07-17-at-19.03.23-1-768x432.jpeg 768w, https:\/\/www.noubarris.net\/web40\/wp-content\/uploads\/2025\/07\/WhatsApp-Image-2025-07-17-at-19.03.23-1-1320x743.jpeg 1320w, https:\/\/www.noubarris.net\/web40\/wp-content\/uploads\/2025\/07\/WhatsApp-Image-2025-07-17-at-19.03.23-1.jpeg 1536w\" sizes=\"auto, (max-width: 1024px) 100vw, 1024px\" \/><figcaption class=\"wp-element-caption\">Font: Paula (ve\u00efna de Roquetes)<\/figcaption><\/figure>\n\n\n\n<p>Amb el lema \u201cI sense casa, on deixem els nostres mobles?\u201d, la convocat\u00f2ria assenyalava la responsabilitat dels hostals i pisos tur\u00edstics en l\u2019expulsi\u00f3 progressiva del ve\u00efnat de tota la vida. Segons denuncien les organitzadores, la pres\u00e8ncia d\u2019aquests allotjaments fa pujar el preu del lloguer, afavoreix la gentrificaci\u00f3 i genera tensions en l\u2019\u00fas de l\u2019espai p\u00fablic.<\/p>\n\n\n\n<p>L\u2019acci\u00f3 s\u2019inscriu en un context m\u00e9s ampli de resist\u00e8ncia al projecte municipal del Laboratori d\u2019Art Urb\u00e0, que preveu invertir un mili\u00f3 d\u2019euros en murals d\u2019artistes internacionals per atreure visitants a Nou Barris. Des de Roquetes, diversos col\u00b7lectius ve\u00efnals alerten que aquesta aposta institucional fomenta el turisme en detriment de les necessitats reals dels barris: habitatge digne, serveis p\u00fablics i inversi\u00f3 social.<\/p>\n\n\n\n<p>Durant l\u2019acci\u00f3 es va llegir un manifest col\u00b7lectiu en qu\u00e8 les ve\u00efnes denunciaven la turistificaci\u00f3 creixent dels barris i reclamaven mesures urgents per garantir el dret a l\u2019habitatge. A continuaci\u00f3, es van deixar diversos mobles antics davant de l\u2019entrada del \u201chostel\u201d com a s\u00edmbol de les vides expulsades per l\u2019especulaci\u00f3. Amb aquesta acci\u00f3, les ve\u00efnes van voler fer visible el que consideren una realitat quotidiana: que el negoci tur\u00edstic avan\u00e7a mentre moltes fam\u00edlies han de marxar del barri.<\/p>\n<p><em>Redacci\u00f3: Joel Le\u00f3n<\/em><\/p>\n","protected":false},"excerpt":{"rendered":"<p>Dimecres 16 de juliol, desenes de ve\u00efnes es van concentrar al carrer Mina de la Ciutat 75 per denunciar l&#8217;exist\u00e8ncia<\/p>\n","protected":false},"author":2,"featured_media":85507,"comment_status":"closed","ping_status":"closed","sticky":false,"template":"","format":"standard","meta":{"colormag_page_layout":"default_layout","_monsterinsights_skip_tracking":false,"_monsterinsights_sitenote_active":false,"_monsterinsights_sitenote_note":"","_monsterinsights_sitenote_category":0,"footnotes":""},"categories":[136,124],"tags":[],"class_list":["post-85505","post","type-post","status-publish","format-standard","has-post-thumbnail","hentry","category-les-roquetes","category-societat"],"yoast_head":"<!-- This site is optimized with the Yoast SEO plugin v25.3 - https:\/\/yoast.com\/wordpress\/plugins\/seo\/ -->\n<title>Acci\u00f3 ve\u00efnal a Roquetes contra un hostal tur\u00edstic - NouBarris.Net<\/title>\n<meta name=\"robots\" content=\"index, follow, max-snippet:-1, max-image-preview:large, max-video-preview:-1\" \/>\n<link rel=\"canonical\" href=\"https:\/\/www.noubarris.net\/web40\/accio-veinal-roquetes-contra-hostal-turistic\/\" \/>\n<meta property=\"og:locale\" content=\"ca_ES\" \/>\n<meta property=\"og:type\" content=\"article\" \/>\n<meta property=\"og:title\" content=\"Acci\u00f3 ve\u00efnal a Roquetes contra un hostal tur\u00edstic - NouBarris.Net\" \/>\n<meta property=\"og:description\" content=\"Dimecres 16 de juliol, desenes de ve\u00efnes es van concentrar al carrer Mina de la Ciutat 75 per denunciar l&#8217;exist\u00e8ncia\" \/>\n<meta property=\"og:url\" content=\"https:\/\/www.noubarris.net\/web40\/accio-veinal-roquetes-contra-hostal-turistic\/\" \/>\n<meta property=\"og:site_name\" content=\"NouBarris.Net\" \/>\n<meta property=\"article:publisher\" content=\"https:\/\/www.facebook.com\/NouBarris.net\/?locale=es_ES\" \/>\n<meta property=\"article:published_time\" content=\"2025-07-17T17:08:25+00:00\" \/>\n<meta property=\"article:modified_time\" content=\"2025-07-17T18:54:18+00:00\" \/>\n<meta property=\"og:image\" content=\"https:\/\/www.noubarris.net\/web40\/wp-content\/uploads\/2025\/07\/WhatsApp-Image-2025-07-17-at-14.04.31.jpeg\" \/>\n\t<meta property=\"og:image:width\" content=\"899\" \/>\n\t<meta property=\"og:image:height\" content=\"984\" \/>\n\t<meta property=\"og:image:type\" content=\"image\/jpeg\" \/>\n<meta name=\"author\" content=\"Informatius\" \/>\n<meta name=\"twitter:card\" content=\"summary_large_image\" \/>\n<meta name=\"twitter:creator\" content=\"@9BTV\" \/>\n<meta name=\"twitter:site\" content=\"@9BTV\" \/>\n<meta name=\"twitter:label1\" content=\"Escrit per\" \/>\n\t<meta name=\"twitter:data1\" content=\"Informatius\" \/>\n\t<meta name=\"twitter:label2\" content=\"Temps estimat de lectura\" \/>\n\t<meta name=\"twitter:data2\" content=\"2 minuts\" \/>\n<script type=\"application\/ld+json\" class=\"yoast-schema-graph\">{\"@context\":\"https:\/\/schema.org\",\"@graph\":[{\"@type\":\"Article\",\"@id\":\"https:\/\/www.noubarris.net\/web40\/accio-veinal-roquetes-contra-hostal-turistic\/#article\",\"isPartOf\":{\"@id\":\"https:\/\/www.noubarris.net\/web40\/accio-veinal-roquetes-contra-hostal-turistic\/\"},\"author\":{\"name\":\"Informatius\",\"@id\":\"https:\/\/www.noubarris.net\/web40\/#\/schema\/person\/1827f92aaa316c54abbf4dac0de76069\"},\"headline\":\"Acci\u00f3 ve\u00efnal a Roquetes contra un hostal tur\u00edstic\",\"datePublished\":\"2025-07-17T17:08:25+00:00\",\"dateModified\":\"2025-07-17T18:54:18+00:00\",\"mainEntityOfPage\":{\"@id\":\"https:\/\/www.noubarris.net\/web40\/accio-veinal-roquetes-contra-hostal-turistic\/\"},\"wordCount\":300,\"publisher\":{\"@id\":\"https:\/\/www.noubarris.net\/web40\/#organization\"},\"image\":{\"@id\":\"https:\/\/www.noubarris.net\/web40\/accio-veinal-roquetes-contra-hostal-turistic\/#primaryimage\"},\"thumbnailUrl\":\"https:\/\/www.noubarris.net\/web40\/wp-content\/uploads\/2025\/07\/WhatsApp-Image-2025-07-17-at-14.04.31.jpeg\",\"articleSection\":[\"Les Roquetes\",\"Societat\"],\"inLanguage\":\"ca\"},{\"@type\":\"WebPage\",\"@id\":\"https:\/\/www.noubarris.net\/web40\/accio-veinal-roquetes-contra-hostal-turistic\/\",\"url\":\"https:\/\/www.noubarris.net\/web40\/accio-veinal-roquetes-contra-hostal-turistic\/\",\"name\":\"Acci\u00f3 ve\u00efnal a Roquetes contra un hostal tur\u00edstic - NouBarris.Net\",\"isPartOf\":{\"@id\":\"https:\/\/www.noubarris.net\/web40\/#website\"},\"primaryImageOfPage\":{\"@id\":\"https:\/\/www.noubarris.net\/web40\/accio-veinal-roquetes-contra-hostal-turistic\/#primaryimage\"},\"image\":{\"@id\":\"https:\/\/www.noubarris.net\/web40\/accio-veinal-roquetes-contra-hostal-turistic\/#primaryimage\"},\"thumbnailUrl\":\"https:\/\/www.noubarris.net\/web40\/wp-content\/uploads\/2025\/07\/WhatsApp-Image-2025-07-17-at-14.04.31.jpeg\",\"datePublished\":\"2025-07-17T17:08:25+00:00\",\"dateModified\":\"2025-07-17T18:54:18+00:00\",\"breadcrumb\":{\"@id\":\"https:\/\/www.noubarris.net\/web40\/accio-veinal-roquetes-contra-hostal-turistic\/#breadcrumb\"},\"inLanguage\":\"ca\",\"potentialAction\":[{\"@type\":\"ReadAction\",\"target\":[\"https:\/\/www.noubarris.net\/web40\/accio-veinal-roquetes-contra-hostal-turistic\/\"]}]},{\"@type\":\"ImageObject\",\"inLanguage\":\"ca\",\"@id\":\"https:\/\/www.noubarris.net\/web40\/accio-veinal-roquetes-contra-hostal-turistic\/#primaryimage\",\"url\":\"https:\/\/www.noubarris.net\/web40\/wp-content\/uploads\/2025\/07\/WhatsApp-Image-2025-07-17-at-14.04.31.jpeg\",\"contentUrl\":\"https:\/\/www.noubarris.net\/web40\/wp-content\/uploads\/2025\/07\/WhatsApp-Image-2025-07-17-at-14.04.31.jpeg\",\"width\":899,\"height\":984,\"caption\":\"acci\u00f3 contra hostal turistic a roquetes\"},{\"@type\":\"BreadcrumbList\",\"@id\":\"https:\/\/www.noubarris.net\/web40\/accio-veinal-roquetes-contra-hostal-turistic\/#breadcrumb\",\"itemListElement\":[{\"@type\":\"ListItem\",\"position\":1,\"name\":\"Inici\",\"item\":\"https:\/\/www.noubarris.net\/web40\/\"},{\"@type\":\"ListItem\",\"position\":2,\"name\":\"Acci\u00f3 ve\u00efnal a Roquetes contra un hostal tur\u00edstic\"}]},{\"@type\":\"WebSite\",\"@id\":\"https:\/\/www.noubarris.net\/web40\/#website\",\"url\":\"https:\/\/www.noubarris.net\/web40\/\",\"name\":\"NouBarris.Net\",\"description\":\"Seguint la vida de Nou Barris des de 1985\",\"publisher\":{\"@id\":\"https:\/\/www.noubarris.net\/web40\/#organization\"},\"potentialAction\":[{\"@type\":\"SearchAction\",\"target\":{\"@type\":\"EntryPoint\",\"urlTemplate\":\"https:\/\/www.noubarris.net\/web40\/?s={search_term_string}\"},\"query-input\":{\"@type\":\"PropertyValueSpecification\",\"valueRequired\":true,\"valueName\":\"search_term_string\"}}],\"inLanguage\":\"ca\"},{\"@type\":\"Organization\",\"@id\":\"https:\/\/www.noubarris.net\/web40\/#organization\",\"name\":\"NouBarris.Net\",\"url\":\"https:\/\/www.noubarris.net\/web40\/\",\"logo\":{\"@type\":\"ImageObject\",\"inLanguage\":\"ca\",\"@id\":\"https:\/\/www.noubarris.net\/web40\/#\/schema\/logo\/image\/\",\"url\":\"https:\/\/www.noubarris.net\/web40\/wp-content\/uploads\/2024\/11\/cropped-cropped-LOGO_9BTV-2024_Insta-1.jpg\",\"contentUrl\":\"https:\/\/www.noubarris.net\/web40\/wp-content\/uploads\/2024\/11\/cropped-cropped-LOGO_9BTV-2024_Insta-1.jpg\",\"width\":512,\"height\":512,\"caption\":\"NouBarris.Net\"},\"image\":{\"@id\":\"https:\/\/www.noubarris.net\/web40\/#\/schema\/logo\/image\/\"},\"sameAs\":[\"https:\/\/www.facebook.com\/NouBarris.net\/?locale=es_ES\",\"https:\/\/x.com\/9BTV\"]},{\"@type\":\"Person\",\"@id\":\"https:\/\/www.noubarris.net\/web40\/#\/schema\/person\/1827f92aaa316c54abbf4dac0de76069\",\"name\":\"Informatius\",\"image\":{\"@type\":\"ImageObject\",\"inLanguage\":\"ca\",\"@id\":\"https:\/\/www.noubarris.net\/web40\/#\/schema\/person\/image\/\",\"url\":\"https:\/\/secure.gravatar.com\/avatar\/87a3b47928835fc72c6ee5b0e1a7263ef0c2d05003a98189bc14926c5f11bcdb?s=96&d=mm&r=g\",\"contentUrl\":\"https:\/\/secure.gravatar.com\/avatar\/87a3b47928835fc72c6ee5b0e1a7263ef0c2d05003a98189bc14926c5f11bcdb?s=96&d=mm&r=g\",\"caption\":\"Informatius\"},\"url\":\"https:\/\/www.noubarris.net\/web40\/author\/tele\/\"}]}<\/script>\n<!-- \/ Yoast SEO plugin. -->","yoast_head_json":{"title":"Acci\u00f3 ve\u00efnal a Roquetes contra un hostal tur\u00edstic - NouBarris.Net","robots":{"index":"index","follow":"follow","max-snippet":"max-snippet:-1","max-image-preview":"max-image-preview:large","max-video-preview":"max-video-preview:-1"},"canonical":"https:\/\/www.noubarris.net\/web40\/accio-veinal-roquetes-contra-hostal-turistic\/","og_locale":"ca_ES","og_type":"article","og_title":"Acci\u00f3 ve\u00efnal a Roquetes contra un hostal tur\u00edstic - NouBarris.Net","og_description":"Dimecres 16 de juliol, desenes de ve\u00efnes es van concentrar al carrer Mina de la Ciutat 75 per denunciar l&#8217;exist\u00e8ncia","og_url":"https:\/\/www.noubarris.net\/web40\/accio-veinal-roquetes-contra-hostal-turistic\/","og_site_name":"NouBarris.Net","article_publisher":"https:\/\/www.facebook.com\/NouBarris.net\/?locale=es_ES","article_published_time":"2025-07-17T17:08:25+00:00","article_modified_time":"2025-07-17T18:54:18+00:00","og_image":[{"width":899,"height":984,"url":"https:\/\/www.noubarris.net\/web40\/wp-content\/uploads\/2025\/07\/WhatsApp-Image-2025-07-17-at-14.04.31.jpeg","type":"image\/jpeg"}],"author":"Informatius","twitter_card":"summary_large_image","twitter_creator":"@9BTV","twitter_site":"@9BTV","twitter_misc":{"Escrit per":"Informatius","Temps estimat de lectura":"2 minuts"},"schema":{"@context":"https:\/\/schema.org","@graph":[{"@type":"Article","@id":"https:\/\/www.noubarris.net\/web40\/accio-veinal-roquetes-contra-hostal-turistic\/#article","isPartOf":{"@id":"https:\/\/www.noubarris.net\/web40\/accio-veinal-roquetes-contra-hostal-turistic\/"},"author":{"name":"Informatius","@id":"https:\/\/www.noubarris.net\/web40\/#\/schema\/person\/1827f92aaa316c54abbf4dac0de76069"},"headline":"Acci\u00f3 ve\u00efnal a Roquetes contra un hostal tur\u00edstic","datePublished":"2025-07-17T17:08:25+00:00","dateModified":"2025-07-17T18:54:18+00:00","mainEntityOfPage":{"@id":"https:\/\/www.noubarris.net\/web40\/accio-veinal-roquetes-contra-hostal-turistic\/"},"wordCount":300,"publisher":{"@id":"https:\/\/www.noubarris.net\/web40\/#organization"},"image":{"@id":"https:\/\/www.noubarris.net\/web40\/accio-veinal-roquetes-contra-hostal-turistic\/#primaryimage"},"thumbnailUrl":"https:\/\/www.noubarris.net\/web40\/wp-content\/uploads\/2025\/07\/WhatsApp-Image-2025-07-17-at-14.04.31.jpeg","articleSection":["Les Roquetes","Societat"],"inLanguage":"ca"},{"@type":"WebPage","@id":"https:\/\/www.noubarris.net\/web40\/accio-veinal-roquetes-contra-hostal-turistic\/","url":"https:\/\/www.noubarris.net\/web40\/accio-veinal-roquetes-contra-hostal-turistic\/","name":"Acci\u00f3 ve\u00efnal a Roquetes contra un hostal tur\u00edstic - NouBarris.Net","isPartOf":{"@id":"https:\/\/www.noubarris.net\/web40\/#website"},"primaryImageOfPage":{"@id":"https:\/\/www.noubarris.net\/web40\/accio-veinal-roquetes-contra-hostal-turistic\/#primaryimage"},"image":{"@id":"https:\/\/www.noubarris.net\/web40\/accio-veinal-roquetes-contra-hostal-turistic\/#primaryimage"},"thumbnailUrl":"https:\/\/www.noubarris.net\/web40\/wp-content\/uploads\/2025\/07\/WhatsApp-Image-2025-07-17-at-14.04.31.jpeg","datePublished":"2025-07-17T17:08:25+00:00","dateModified":"2025-07-17T18:54:18+00:00","breadcrumb":{"@id":"https:\/\/www.noubarris.net\/web40\/accio-veinal-roquetes-contra-hostal-turistic\/#breadcrumb"},"inLanguage":"ca","potentialAction":[{"@type":"ReadAction","target":["https:\/\/www.noubarris.net\/web40\/accio-veinal-roquetes-contra-hostal-turistic\/"]}]},{"@type":"ImageObject","inLanguage":"ca","@id":"https:\/\/www.noubarris.net\/web40\/accio-veinal-roquetes-contra-hostal-turistic\/#primaryimage","url":"https:\/\/www.noubarris.net\/web40\/wp-content\/uploads\/2025\/07\/WhatsApp-Image-2025-07-17-at-14.04.31.jpeg","contentUrl":"https:\/\/www.noubarris.net\/web40\/wp-content\/uploads\/2025\/07\/WhatsApp-Image-2025-07-17-at-14.04.31.jpeg","width":899,"height":984,"caption":"acci\u00f3 contra hostal turistic a roquetes"},{"@type":"BreadcrumbList","@id":"https:\/\/www.noubarris.net\/web40\/accio-veinal-roquetes-contra-hostal-turistic\/#breadcrumb","itemListElement":[{"@type":"ListItem","position":1,"name":"Inici","item":"https:\/\/www.noubarris.net\/web40\/"},{"@type":"ListItem","position":2,"name":"Acci\u00f3 ve\u00efnal a Roquetes contra un hostal tur\u00edstic"}]},{"@type":"WebSite","@id":"https:\/\/www.noubarris.net\/web40\/#website","url":"https:\/\/www.noubarris.net\/web40\/","name":"NouBarris.Net","description":"Seguint la vida de Nou Barris des de 1985","publisher":{"@id":"https:\/\/www.noubarris.net\/web40\/#organization"},"potentialAction":[{"@type":"SearchAction","target":{"@type":"EntryPoint","urlTemplate":"https:\/\/www.noubarris.net\/web40\/?s={search_term_string}"},"query-input":{"@type":"PropertyValueSpecification","valueRequired":true,"valueName":"search_term_string"}}],"inLanguage":"ca"},{"@type":"Organization","@id":"https:\/\/www.noubarris.net\/web40\/#organization","name":"NouBarris.Net","url":"https:\/\/www.noubarris.net\/web40\/","logo":{"@type":"ImageObject","inLanguage":"ca","@id":"https:\/\/www.noubarris.net\/web40\/#\/schema\/logo\/image\/","url":"https:\/\/www.noubarris.net\/web40\/wp-content\/uploads\/2024\/11\/cropped-cropped-LOGO_9BTV-2024_Insta-1.jpg","contentUrl":"https:\/\/www.noubarris.net\/web40\/wp-content\/uploads\/2024\/11\/cropped-cropped-LOGO_9BTV-2024_Insta-1.jpg","width":512,"height":512,"caption":"NouBarris.Net"},"image":{"@id":"https:\/\/www.noubarris.net\/web40\/#\/schema\/logo\/image\/"},"sameAs":["https:\/\/www.facebook.com\/NouBarris.net\/?locale=es_ES","https:\/\/x.com\/9BTV"]},{"@type":"Person","@id":"https:\/\/www.noubarris.net\/web40\/#\/schema\/person\/1827f92aaa316c54abbf4dac0de76069","name":"Informatius","image":{"@type":"ImageObject","inLanguage":"ca","@id":"https:\/\/www.noubarris.net\/web40\/#\/schema\/person\/image\/","url":"https:\/\/secure.gravatar.com\/avatar\/87a3b47928835fc72c6ee5b0e1a7263ef0c2d05003a98189bc14926c5f11bcdb?s=96&d=mm&r=g","contentUrl":"https:\/\/secure.gravatar.com\/avatar\/87a3b47928835fc72c6ee5b0e1a7263ef0c2d05003a98189bc14926c5f11bcdb?s=96&d=mm&r=g","caption":"Informatius"},"url":"https:\/\/www.noubarris.net\/web40\/author\/tele\/"}]}},"_links":{"self":[{"href":"https:\/\/www.noubarris.net\/web40\/wp-json\/wp\/v2\/posts\/85505","targetHints":{"allow":["GET"]}}],"collection":[{"href":"https:\/\/www.noubarris.net\/web40\/wp-json\/wp\/v2\/posts"}],"about":[{"href":"https:\/\/www.noubarris.net\/web40\/wp-json\/wp\/v2\/types\/post"}],"author":[{"embeddable":true,"href":"https:\/\/www.noubarris.net\/web40\/wp-json\/wp\/v2\/users\/2"}],"replies":[{"embeddable":true,"href":"https:\/\/www.noubarris.net\/web40\/wp-json\/wp\/v2\/comments?post=85505"}],"version-history":[{"count":3,"href":"https:\/\/www.noubarris.net\/web40\/wp-json\/wp\/v2\/posts\/85505\/revisions"}],"predecessor-version":[{"id":85515,"href":"https:\/\/www.noubarris.net\/web40\/wp-json\/wp\/v2\/posts\/85505\/revisions\/85515"}],"wp:featuredmedia":[{"embeddable":true,"href":"https:\/\/www.noubarris.net\/web40\/wp-json\/wp\/v2\/media\/85507"}],"wp:attachment":[{"href":"https:\/\/www.noubarris.net\/web40\/wp-json\/wp\/v2\/media?parent=85505"}],"wp:term":[{"taxonomy":"category","embeddable":true,"href":"https:\/\/www.noubarris.net\/web40\/wp-json\/wp\/v2\/categories?post=85505"},{"taxonomy":"post_tag","embeddable":true,"href":"https:\/\/www.noubarris.net\/web40\/wp-json\/wp\/v2\/tags?post=85505"}],"curies":[{"name":"wp","href":"https:\/\/api.w.org\/{rel}","templated":true}]}}