{"id":85663,"date":"2025-09-26T07:00:00","date_gmt":"2025-09-26T05:00:00","guid":{"rendered":"https:\/\/www.noubarris.net\/web40\/?p=85663"},"modified":"2025-09-24T12:40:44","modified_gmt":"2025-09-24T10:40:44","slug":"turo-amunt-dedica-ltrobada-dissabte-cridar-contra-racisme","status":"publish","type":"post","link":"https:\/\/www.noubarris.net\/web40\/turo-amunt-dedica-ltrobada-dissabte-cridar-contra-racisme\/","title":{"rendered":"Tur\u00f3 Amunt dedica la trobada d&#8217;aquest dissabte a cridar contra el racisme despr\u00e9s de la batuda policial del mes passat"},"content":{"rendered":"\n<p><strong>Aquest dissabte 27 de setembre hi ha convocada una nova edici\u00f3 de Tur\u00f3 Amunt, marcada els esdeveniments de la darrera festa, el 28 d&#8217;agost. <\/strong><\/p>\n\n\n\n<p>Tur\u00f3 Amunt \u00e9s un esdeveniment que peri\u00f2dicament reuneix al parc del Tur\u00f3 de la Peira nombrosos ve\u00efns i ve\u00efnes dels barris del voltant, amb la intenci\u00f3 de compartir estona, cultures i fer comunitat. \u00c9s una de les accions del Pla Comunitari del Tur\u00f3 de la Peira i Can Peguera amb Districte de Nou Barris al darrere. Per\u00f2 la festa del 28 d&#8217;agost, tot i ser a la tarda i tenir un caire familiar, amb concerts i tallers de manualitats, va coincidir amb una \u201c<a href=\"https:\/\/www.noubarris.net\/web40\/protesta-veinal-turo-peira-contra-batuda-policial-racista\/\" target=\"_blank\" rel=\"noopener\">batuda policial<\/a>\u201d amb la intenci\u00f3 de buscar delinq\u00fcents multireincidents.<\/p>\n<p>Segons el comunicat ve\u00efnal, agents de Mosos d&#8217;Esquadra, Gu\u00e0rdia Urbana i Policia Nacional van demanar identificar-se a determinades persones \u201cper perfil \u00e8tnic, i van \u201cretenir\u201d i portar a comissaria dos ve\u00efns en situaci\u00f3 administrativa no regularitzada. A tots dos se&#8217;ls ha comunicat que s\u2019obre el procediment administratiu d\u2019expulsi\u00f3\u201d. La festa es va acabar cancel\u00b7lant.<\/p>\n\n\n\n<figure class=\"wp-block-image aligncenter size-large is-resized\"><img loading=\"lazy\" decoding=\"async\" width=\"724\" height=\"1024\" src=\"https:\/\/www.noubarris.net\/web40\/wp-content\/uploads\/2025\/09\/c6191cb5-7137-4702-bc04-b85adb8a9225-724x1024.jpeg\" alt=\"Tur\u00f3 amunt convocatoria antiracista\" class=\"wp-image-85664\" style=\"width:376px;height:auto\" srcset=\"https:\/\/www.noubarris.net\/web40\/wp-content\/uploads\/2025\/09\/c6191cb5-7137-4702-bc04-b85adb8a9225-724x1024.jpeg 724w, https:\/\/www.noubarris.net\/web40\/wp-content\/uploads\/2025\/09\/c6191cb5-7137-4702-bc04-b85adb8a9225-212x300.jpeg 212w, https:\/\/www.noubarris.net\/web40\/wp-content\/uploads\/2025\/09\/c6191cb5-7137-4702-bc04-b85adb8a9225-768x1086.jpeg 768w, https:\/\/www.noubarris.net\/web40\/wp-content\/uploads\/2025\/09\/c6191cb5-7137-4702-bc04-b85adb8a9225-1086x1536.jpeg 1086w, https:\/\/www.noubarris.net\/web40\/wp-content\/uploads\/2025\/09\/c6191cb5-7137-4702-bc04-b85adb8a9225.jpeg 1131w\" sizes=\"auto, (max-width: 724px) 100vw, 724px\" \/><\/figure>\n\n\n\n<p>El comunicat explica que des de Districte se&#8217;ls va indicar que no en tenien const\u00e0ncia i que \u201cels operatius policials s\u00f3n habituals en -cita textual- \u201czones i barris conflictius\u201d i tenen com a objectiu la incautaci\u00f3 d\u2019armes\u201d. La indignaci\u00f3 ve\u00efnal ha derivat en protestes i en la creaci\u00f3 de la plataforma\u00a0 \u201cEscombrem el Racisme\u201d (espai d&#8217;autoorganitzaci\u00f3 ve\u00efnal, on participen persones i entitats), que en el Tur\u00f3 Amunt d&#8217;aquest dissabte llegiran un manifest en qu\u00e8 reclamen responsabilitats i disculpes, acabar amb la criminalitzaci\u00f3 per \u00e8tnia, i revocar les sancions i expedients d&#8217;aquell dia. Podeu consultar el manifest \u00edntegre al <a href=\"https:\/\/favb.cat\/comunicat\/manifest-veinal-sobre-la-intervencio-policial-al-parc-del-turo-de-la-peira-del-28-dagost\/?fbclid=PAb21jcANAfQ9leHRuA2FlbQIxMQABpy_0UP1voKU6Pi7-JseLKiBe027KgnhCP73A4zYqDODNwnpIDRq8Gsyohf4f_aem_Kb-_FpIDYGpaP52fwMCG8A\" target=\"_blank\" rel=\"noopener\">web de la favb<\/a>.<\/p>\n<p>A continuaci\u00f3 us oferim un fragment de les demandes:<\/p>\n<p>\u201ccom a barri exigim:<\/p>\n<ul>\n<li>Explicacions clares i disculpes p\u00fabliques de l\u2019Ajuntament, i la depuraci\u00f3 de responsabilitats derivades del dispositiu policial del 28 d\u2019agost.<\/li>\n<li>L\u2019assumpci\u00f3 de responsabilitat pol\u00edtica del tinent d\u2019alcalde Albert Batlle i el regidor Xavier Marc\u00e9, aix\u00ed com de tots els comandaments pol\u00edtics i t\u00e8cnics que van autoritzar i coordinar l\u2019operatiu.<\/li>\n<li>La fi definitiva de les batudes racistes i dels controls basats en perfils racials, amb el compliment efectiu del protocol per erradicar identificacions i registres per perfil \u00e8tnic i racial impulsat per l\u2019Oficina de Drets Civils i Pol\u00edtics.<\/li>\n<li>Protocols d\u2019actuaci\u00f3 actualitzats i vinculants que garanteixin el respecte a la diversitat i als drets humans.<\/li>\n<li>Formaci\u00f3 real i efectiva en drets humans i antiracisme per a tots els agents policials que actuen a l\u2019espai p\u00fablic i arreu, amb instruments socials participatius i institucionals que avalu\u00efn i verifiquin el compliment del respecte dels cossos policials.<\/li>\n<li>La revocaci\u00f3 immediata de totes les sancions administratives imposades en aquest operatiu.<\/li>\n<li>La defensa i preservaci\u00f3 de l\u2019espai p\u00fablic com a lloc de trobada, conviv\u00e8ncia i autogesti\u00f3 ve\u00efnal, oposant-nos a qualsevol intent de privatitzaci\u00f3, control o \u00fas excloent sota el paraigua del \u201cPla Endre\u00e7a\u201d o d\u2019altres pol\u00edtiques similars.<\/li>\n<\/ul>\n<p>El que va passar el 28 d\u2019agost al Parc del Tur\u00f3 no pot quedar impune. Exigeix la uni\u00f3 ve\u00efnal davant la viol\u00e8ncia institucional. El Tur\u00f3 \u00e9s un barri divers, solidari i viu. La nostra diversitat no \u00e9s un problema, \u00e9s la nostra major riquesa. I no permetrem que es criminalitzi a ning\u00fa.<\/p>\n<p>Ve\u00efnes i ve\u00efns, escombrem el racisme! No al racisme institucional, s\u00ed a la conviv\u00e8ncia!\u201d<\/p>\n<p>\u00a0<\/p>\n","protected":false},"excerpt":{"rendered":"<p>Aquest dissabte 27 de setembre hi ha convocada una nova edici\u00f3 de Tur\u00f3 Amunt, marcada els esdeveniments de la darrera<\/p>\n","protected":false},"author":2,"featured_media":85664,"comment_status":"closed","ping_status":"closed","sticky":false,"template":"","format":"standard","meta":{"colormag_page_layout":"default_layout","_monsterinsights_skip_tracking":false,"_monsterinsights_sitenote_active":false,"_monsterinsights_sitenote_note":"","_monsterinsights_sitenote_category":0,"footnotes":""},"categories":[139,484],"tags":[],"class_list":["post-85663","post","type-post","status-publish","format-standard","has-post-thumbnail","hentry","category-el-turo-de-la-peira","category-participacio"],"yoast_head":"<!-- This site is optimized with the Yoast SEO plugin v25.3 - https:\/\/yoast.com\/wordpress\/plugins\/seo\/ -->\n<title>Tur\u00f3 Amunt dedica la trobada d&#039;aquest dissabte a cridar contra el racisme despr\u00e9s de la batuda policial del mes passat - NouBarris.Net<\/title>\n<meta name=\"robots\" content=\"index, follow, max-snippet:-1, max-image-preview:large, max-video-preview:-1\" \/>\n<link rel=\"canonical\" href=\"https:\/\/www.noubarris.net\/web40\/turo-amunt-dedica-ltrobada-dissabte-cridar-contra-racisme\/\" \/>\n<meta property=\"og:locale\" content=\"ca_ES\" \/>\n<meta property=\"og:type\" content=\"article\" \/>\n<meta property=\"og:title\" content=\"Tur\u00f3 Amunt dedica la trobada d&#039;aquest dissabte a cridar contra el racisme despr\u00e9s de la batuda policial del mes passat - NouBarris.Net\" \/>\n<meta property=\"og:description\" content=\"Aquest dissabte 27 de setembre hi ha convocada una nova edici\u00f3 de Tur\u00f3 Amunt, marcada els esdeveniments de la darrera\" \/>\n<meta property=\"og:url\" content=\"https:\/\/www.noubarris.net\/web40\/turo-amunt-dedica-ltrobada-dissabte-cridar-contra-racisme\/\" \/>\n<meta property=\"og:site_name\" content=\"NouBarris.Net\" \/>\n<meta property=\"article:publisher\" content=\"https:\/\/www.facebook.com\/NouBarris.net\/?locale=es_ES\" \/>\n<meta property=\"article:published_time\" content=\"2025-09-26T05:00:00+00:00\" \/>\n<meta property=\"og:image\" content=\"https:\/\/www.noubarris.net\/web40\/wp-content\/uploads\/2025\/09\/c6191cb5-7137-4702-bc04-b85adb8a9225.jpeg\" \/>\n\t<meta property=\"og:image:width\" content=\"1131\" \/>\n\t<meta property=\"og:image:height\" content=\"1600\" \/>\n\t<meta property=\"og:image:type\" content=\"image\/jpeg\" \/>\n<meta name=\"author\" content=\"Informatius\" \/>\n<meta name=\"twitter:card\" content=\"summary_large_image\" \/>\n<meta name=\"twitter:creator\" content=\"@9BTV\" \/>\n<meta name=\"twitter:site\" content=\"@9BTV\" \/>\n<meta name=\"twitter:label1\" content=\"Escrit per\" \/>\n\t<meta name=\"twitter:data1\" content=\"Informatius\" \/>\n\t<meta name=\"twitter:label2\" content=\"Temps estimat de lectura\" \/>\n\t<meta name=\"twitter:data2\" content=\"4 minuts\" \/>\n<script type=\"application\/ld+json\" class=\"yoast-schema-graph\">{\"@context\":\"https:\/\/schema.org\",\"@graph\":[{\"@type\":\"Article\",\"@id\":\"https:\/\/www.noubarris.net\/web40\/turo-amunt-dedica-ltrobada-dissabte-cridar-contra-racisme\/#article\",\"isPartOf\":{\"@id\":\"https:\/\/www.noubarris.net\/web40\/turo-amunt-dedica-ltrobada-dissabte-cridar-contra-racisme\/\"},\"author\":{\"name\":\"Informatius\",\"@id\":\"https:\/\/www.noubarris.net\/web40\/#\/schema\/person\/1827f92aaa316c54abbf4dac0de76069\"},\"headline\":\"Tur\u00f3 Amunt dedica la trobada d&#8217;aquest dissabte a cridar contra el racisme despr\u00e9s de la batuda policial del mes passat\",\"datePublished\":\"2025-09-26T05:00:00+00:00\",\"mainEntityOfPage\":{\"@id\":\"https:\/\/www.noubarris.net\/web40\/turo-amunt-dedica-ltrobada-dissabte-cridar-contra-racisme\/\"},\"wordCount\":608,\"publisher\":{\"@id\":\"https:\/\/www.noubarris.net\/web40\/#organization\"},\"image\":{\"@id\":\"https:\/\/www.noubarris.net\/web40\/turo-amunt-dedica-ltrobada-dissabte-cridar-contra-racisme\/#primaryimage\"},\"thumbnailUrl\":\"https:\/\/www.noubarris.net\/web40\/wp-content\/uploads\/2025\/09\/c6191cb5-7137-4702-bc04-b85adb8a9225.jpeg\",\"articleSection\":[\"El Tur\u00f3 de la Peira\",\"Participaci\u00f3\"],\"inLanguage\":\"ca\"},{\"@type\":\"WebPage\",\"@id\":\"https:\/\/www.noubarris.net\/web40\/turo-amunt-dedica-ltrobada-dissabte-cridar-contra-racisme\/\",\"url\":\"https:\/\/www.noubarris.net\/web40\/turo-amunt-dedica-ltrobada-dissabte-cridar-contra-racisme\/\",\"name\":\"Tur\u00f3 Amunt dedica la trobada d'aquest dissabte a cridar contra el racisme despr\u00e9s de la batuda policial del mes passat - NouBarris.Net\",\"isPartOf\":{\"@id\":\"https:\/\/www.noubarris.net\/web40\/#website\"},\"primaryImageOfPage\":{\"@id\":\"https:\/\/www.noubarris.net\/web40\/turo-amunt-dedica-ltrobada-dissabte-cridar-contra-racisme\/#primaryimage\"},\"image\":{\"@id\":\"https:\/\/www.noubarris.net\/web40\/turo-amunt-dedica-ltrobada-dissabte-cridar-contra-racisme\/#primaryimage\"},\"thumbnailUrl\":\"https:\/\/www.noubarris.net\/web40\/wp-content\/uploads\/2025\/09\/c6191cb5-7137-4702-bc04-b85adb8a9225.jpeg\",\"datePublished\":\"2025-09-26T05:00:00+00:00\",\"breadcrumb\":{\"@id\":\"https:\/\/www.noubarris.net\/web40\/turo-amunt-dedica-ltrobada-dissabte-cridar-contra-racisme\/#breadcrumb\"},\"inLanguage\":\"ca\",\"potentialAction\":[{\"@type\":\"ReadAction\",\"target\":[\"https:\/\/www.noubarris.net\/web40\/turo-amunt-dedica-ltrobada-dissabte-cridar-contra-racisme\/\"]}]},{\"@type\":\"ImageObject\",\"inLanguage\":\"ca\",\"@id\":\"https:\/\/www.noubarris.net\/web40\/turo-amunt-dedica-ltrobada-dissabte-cridar-contra-racisme\/#primaryimage\",\"url\":\"https:\/\/www.noubarris.net\/web40\/wp-content\/uploads\/2025\/09\/c6191cb5-7137-4702-bc04-b85adb8a9225.jpeg\",\"contentUrl\":\"https:\/\/www.noubarris.net\/web40\/wp-content\/uploads\/2025\/09\/c6191cb5-7137-4702-bc04-b85adb8a9225.jpeg\",\"width\":1131,\"height\":1600,\"caption\":\"Tur\u00f3 amunt convocatoria antiracista\"},{\"@type\":\"BreadcrumbList\",\"@id\":\"https:\/\/www.noubarris.net\/web40\/turo-amunt-dedica-ltrobada-dissabte-cridar-contra-racisme\/#breadcrumb\",\"itemListElement\":[{\"@type\":\"ListItem\",\"position\":1,\"name\":\"Inici\",\"item\":\"https:\/\/www.noubarris.net\/web40\/\"},{\"@type\":\"ListItem\",\"position\":2,\"name\":\"Tur\u00f3 Amunt dedica la trobada d&#8217;aquest dissabte a cridar contra el racisme despr\u00e9s de la batuda policial del mes passat\"}]},{\"@type\":\"WebSite\",\"@id\":\"https:\/\/www.noubarris.net\/web40\/#website\",\"url\":\"https:\/\/www.noubarris.net\/web40\/\",\"name\":\"NouBarris.Net\",\"description\":\"Seguint la vida de Nou Barris des de 1985\",\"publisher\":{\"@id\":\"https:\/\/www.noubarris.net\/web40\/#organization\"},\"potentialAction\":[{\"@type\":\"SearchAction\",\"target\":{\"@type\":\"EntryPoint\",\"urlTemplate\":\"https:\/\/www.noubarris.net\/web40\/?s={search_term_string}\"},\"query-input\":{\"@type\":\"PropertyValueSpecification\",\"valueRequired\":true,\"valueName\":\"search_term_string\"}}],\"inLanguage\":\"ca\"},{\"@type\":\"Organization\",\"@id\":\"https:\/\/www.noubarris.net\/web40\/#organization\",\"name\":\"NouBarris.Net\",\"url\":\"https:\/\/www.noubarris.net\/web40\/\",\"logo\":{\"@type\":\"ImageObject\",\"inLanguage\":\"ca\",\"@id\":\"https:\/\/www.noubarris.net\/web40\/#\/schema\/logo\/image\/\",\"url\":\"https:\/\/www.noubarris.net\/web40\/wp-content\/uploads\/2024\/11\/cropped-cropped-LOGO_9BTV-2024_Insta-1.jpg\",\"contentUrl\":\"https:\/\/www.noubarris.net\/web40\/wp-content\/uploads\/2024\/11\/cropped-cropped-LOGO_9BTV-2024_Insta-1.jpg\",\"width\":512,\"height\":512,\"caption\":\"NouBarris.Net\"},\"image\":{\"@id\":\"https:\/\/www.noubarris.net\/web40\/#\/schema\/logo\/image\/\"},\"sameAs\":[\"https:\/\/www.facebook.com\/NouBarris.net\/?locale=es_ES\",\"https:\/\/x.com\/9BTV\"]},{\"@type\":\"Person\",\"@id\":\"https:\/\/www.noubarris.net\/web40\/#\/schema\/person\/1827f92aaa316c54abbf4dac0de76069\",\"name\":\"Informatius\",\"image\":{\"@type\":\"ImageObject\",\"inLanguage\":\"ca\",\"@id\":\"https:\/\/www.noubarris.net\/web40\/#\/schema\/person\/image\/\",\"url\":\"https:\/\/secure.gravatar.com\/avatar\/87a3b47928835fc72c6ee5b0e1a7263ef0c2d05003a98189bc14926c5f11bcdb?s=96&d=mm&r=g\",\"contentUrl\":\"https:\/\/secure.gravatar.com\/avatar\/87a3b47928835fc72c6ee5b0e1a7263ef0c2d05003a98189bc14926c5f11bcdb?s=96&d=mm&r=g\",\"caption\":\"Informatius\"},\"url\":\"https:\/\/www.noubarris.net\/web40\/author\/tele\/\"}]}<\/script>\n<!-- \/ Yoast SEO plugin. -->","yoast_head_json":{"title":"Tur\u00f3 Amunt dedica la trobada d'aquest dissabte a cridar contra el racisme despr\u00e9s de la batuda policial del mes passat - NouBarris.Net","robots":{"index":"index","follow":"follow","max-snippet":"max-snippet:-1","max-image-preview":"max-image-preview:large","max-video-preview":"max-video-preview:-1"},"canonical":"https:\/\/www.noubarris.net\/web40\/turo-amunt-dedica-ltrobada-dissabte-cridar-contra-racisme\/","og_locale":"ca_ES","og_type":"article","og_title":"Tur\u00f3 Amunt dedica la trobada d'aquest dissabte a cridar contra el racisme despr\u00e9s de la batuda policial del mes passat - NouBarris.Net","og_description":"Aquest dissabte 27 de setembre hi ha convocada una nova edici\u00f3 de Tur\u00f3 Amunt, marcada els esdeveniments de la darrera","og_url":"https:\/\/www.noubarris.net\/web40\/turo-amunt-dedica-ltrobada-dissabte-cridar-contra-racisme\/","og_site_name":"NouBarris.Net","article_publisher":"https:\/\/www.facebook.com\/NouBarris.net\/?locale=es_ES","article_published_time":"2025-09-26T05:00:00+00:00","og_image":[{"width":1131,"height":1600,"url":"https:\/\/www.noubarris.net\/web40\/wp-content\/uploads\/2025\/09\/c6191cb5-7137-4702-bc04-b85adb8a9225.jpeg","type":"image\/jpeg"}],"author":"Informatius","twitter_card":"summary_large_image","twitter_creator":"@9BTV","twitter_site":"@9BTV","twitter_misc":{"Escrit per":"Informatius","Temps estimat de lectura":"4 minuts"},"schema":{"@context":"https:\/\/schema.org","@graph":[{"@type":"Article","@id":"https:\/\/www.noubarris.net\/web40\/turo-amunt-dedica-ltrobada-dissabte-cridar-contra-racisme\/#article","isPartOf":{"@id":"https:\/\/www.noubarris.net\/web40\/turo-amunt-dedica-ltrobada-dissabte-cridar-contra-racisme\/"},"author":{"name":"Informatius","@id":"https:\/\/www.noubarris.net\/web40\/#\/schema\/person\/1827f92aaa316c54abbf4dac0de76069"},"headline":"Tur\u00f3 Amunt dedica la trobada d&#8217;aquest dissabte a cridar contra el racisme despr\u00e9s de la batuda policial del mes passat","datePublished":"2025-09-26T05:00:00+00:00","mainEntityOfPage":{"@id":"https:\/\/www.noubarris.net\/web40\/turo-amunt-dedica-ltrobada-dissabte-cridar-contra-racisme\/"},"wordCount":608,"publisher":{"@id":"https:\/\/www.noubarris.net\/web40\/#organization"},"image":{"@id":"https:\/\/www.noubarris.net\/web40\/turo-amunt-dedica-ltrobada-dissabte-cridar-contra-racisme\/#primaryimage"},"thumbnailUrl":"https:\/\/www.noubarris.net\/web40\/wp-content\/uploads\/2025\/09\/c6191cb5-7137-4702-bc04-b85adb8a9225.jpeg","articleSection":["El Tur\u00f3 de la Peira","Participaci\u00f3"],"inLanguage":"ca"},{"@type":"WebPage","@id":"https:\/\/www.noubarris.net\/web40\/turo-amunt-dedica-ltrobada-dissabte-cridar-contra-racisme\/","url":"https:\/\/www.noubarris.net\/web40\/turo-amunt-dedica-ltrobada-dissabte-cridar-contra-racisme\/","name":"Tur\u00f3 Amunt dedica la trobada d'aquest dissabte a cridar contra el racisme despr\u00e9s de la batuda policial del mes passat - NouBarris.Net","isPartOf":{"@id":"https:\/\/www.noubarris.net\/web40\/#website"},"primaryImageOfPage":{"@id":"https:\/\/www.noubarris.net\/web40\/turo-amunt-dedica-ltrobada-dissabte-cridar-contra-racisme\/#primaryimage"},"image":{"@id":"https:\/\/www.noubarris.net\/web40\/turo-amunt-dedica-ltrobada-dissabte-cridar-contra-racisme\/#primaryimage"},"thumbnailUrl":"https:\/\/www.noubarris.net\/web40\/wp-content\/uploads\/2025\/09\/c6191cb5-7137-4702-bc04-b85adb8a9225.jpeg","datePublished":"2025-09-26T05:00:00+00:00","breadcrumb":{"@id":"https:\/\/www.noubarris.net\/web40\/turo-amunt-dedica-ltrobada-dissabte-cridar-contra-racisme\/#breadcrumb"},"inLanguage":"ca","potentialAction":[{"@type":"ReadAction","target":["https:\/\/www.noubarris.net\/web40\/turo-amunt-dedica-ltrobada-dissabte-cridar-contra-racisme\/"]}]},{"@type":"ImageObject","inLanguage":"ca","@id":"https:\/\/www.noubarris.net\/web40\/turo-amunt-dedica-ltrobada-dissabte-cridar-contra-racisme\/#primaryimage","url":"https:\/\/www.noubarris.net\/web40\/wp-content\/uploads\/2025\/09\/c6191cb5-7137-4702-bc04-b85adb8a9225.jpeg","contentUrl":"https:\/\/www.noubarris.net\/web40\/wp-content\/uploads\/2025\/09\/c6191cb5-7137-4702-bc04-b85adb8a9225.jpeg","width":1131,"height":1600,"caption":"Tur\u00f3 amunt convocatoria antiracista"},{"@type":"BreadcrumbList","@id":"https:\/\/www.noubarris.net\/web40\/turo-amunt-dedica-ltrobada-dissabte-cridar-contra-racisme\/#breadcrumb","itemListElement":[{"@type":"ListItem","position":1,"name":"Inici","item":"https:\/\/www.noubarris.net\/web40\/"},{"@type":"ListItem","position":2,"name":"Tur\u00f3 Amunt dedica la trobada d&#8217;aquest dissabte a cridar contra el racisme despr\u00e9s de la batuda policial del mes passat"}]},{"@type":"WebSite","@id":"https:\/\/www.noubarris.net\/web40\/#website","url":"https:\/\/www.noubarris.net\/web40\/","name":"NouBarris.Net","description":"Seguint la vida de Nou Barris des de 1985","publisher":{"@id":"https:\/\/www.noubarris.net\/web40\/#organization"},"potentialAction":[{"@type":"SearchAction","target":{"@type":"EntryPoint","urlTemplate":"https:\/\/www.noubarris.net\/web40\/?s={search_term_string}"},"query-input":{"@type":"PropertyValueSpecification","valueRequired":true,"valueName":"search_term_string"}}],"inLanguage":"ca"},{"@type":"Organization","@id":"https:\/\/www.noubarris.net\/web40\/#organization","name":"NouBarris.Net","url":"https:\/\/www.noubarris.net\/web40\/","logo":{"@type":"ImageObject","inLanguage":"ca","@id":"https:\/\/www.noubarris.net\/web40\/#\/schema\/logo\/image\/","url":"https:\/\/www.noubarris.net\/web40\/wp-content\/uploads\/2024\/11\/cropped-cropped-LOGO_9BTV-2024_Insta-1.jpg","contentUrl":"https:\/\/www.noubarris.net\/web40\/wp-content\/uploads\/2024\/11\/cropped-cropped-LOGO_9BTV-2024_Insta-1.jpg","width":512,"height":512,"caption":"NouBarris.Net"},"image":{"@id":"https:\/\/www.noubarris.net\/web40\/#\/schema\/logo\/image\/"},"sameAs":["https:\/\/www.facebook.com\/NouBarris.net\/?locale=es_ES","https:\/\/x.com\/9BTV"]},{"@type":"Person","@id":"https:\/\/www.noubarris.net\/web40\/#\/schema\/person\/1827f92aaa316c54abbf4dac0de76069","name":"Informatius","image":{"@type":"ImageObject","inLanguage":"ca","@id":"https:\/\/www.noubarris.net\/web40\/#\/schema\/person\/image\/","url":"https:\/\/secure.gravatar.com\/avatar\/87a3b47928835fc72c6ee5b0e1a7263ef0c2d05003a98189bc14926c5f11bcdb?s=96&d=mm&r=g","contentUrl":"https:\/\/secure.gravatar.com\/avatar\/87a3b47928835fc72c6ee5b0e1a7263ef0c2d05003a98189bc14926c5f11bcdb?s=96&d=mm&r=g","caption":"Informatius"},"url":"https:\/\/www.noubarris.net\/web40\/author\/tele\/"}]}},"_links":{"self":[{"href":"https:\/\/www.noubarris.net\/web40\/wp-json\/wp\/v2\/posts\/85663","targetHints":{"allow":["GET"]}}],"collection":[{"href":"https:\/\/www.noubarris.net\/web40\/wp-json\/wp\/v2\/posts"}],"about":[{"href":"https:\/\/www.noubarris.net\/web40\/wp-json\/wp\/v2\/types\/post"}],"author":[{"embeddable":true,"href":"https:\/\/www.noubarris.net\/web40\/wp-json\/wp\/v2\/users\/2"}],"replies":[{"embeddable":true,"href":"https:\/\/www.noubarris.net\/web40\/wp-json\/wp\/v2\/comments?post=85663"}],"version-history":[{"count":1,"href":"https:\/\/www.noubarris.net\/web40\/wp-json\/wp\/v2\/posts\/85663\/revisions"}],"predecessor-version":[{"id":85665,"href":"https:\/\/www.noubarris.net\/web40\/wp-json\/wp\/v2\/posts\/85663\/revisions\/85665"}],"wp:featuredmedia":[{"embeddable":true,"href":"https:\/\/www.noubarris.net\/web40\/wp-json\/wp\/v2\/media\/85664"}],"wp:attachment":[{"href":"https:\/\/www.noubarris.net\/web40\/wp-json\/wp\/v2\/media?parent=85663"}],"wp:term":[{"taxonomy":"category","embeddable":true,"href":"https:\/\/www.noubarris.net\/web40\/wp-json\/wp\/v2\/categories?post=85663"},{"taxonomy":"post_tag","embeddable":true,"href":"https:\/\/www.noubarris.net\/web40\/wp-json\/wp\/v2\/tags?post=85663"}],"curies":[{"name":"wp","href":"https:\/\/api.w.org\/{rel}","templated":true}]}}