{"id":85672,"date":"2025-09-26T07:00:00","date_gmt":"2025-09-26T05:00:00","guid":{"rendered":"https:\/\/www.noubarris.net\/web40\/?p=85672"},"modified":"2025-09-26T07:28:29","modified_gmt":"2025-09-26T05:28:29","slug":"tornen-espectacles-font-magica-canyelles","status":"publish","type":"post","link":"https:\/\/www.noubarris.net\/web40\/tornen-espectacles-font-magica-canyelles\/","title":{"rendered":"Tornen els espectacles a la Font M\u00e0gica de Canyelles des d&#8217;aquest divendres"},"content":{"rendered":"\n<p>Ja ha acabat la sequera i les seves restriccions. De mica en mica es van omplint i posant en marxa les fonts ornamentals i al nostre districte tenim una de ben especial: la Font M\u00e0gica de Canyelles, tamb\u00e9 coneguda com a de Manuel de Falla. Ja fa mesos que hi ha aigua i avui divendres a les 21h ser\u00e0 el moment de recuperar els espectacles de la font m\u00e0gica, amb iluminaci\u00f3 de colors i moviments que acompanyen la m\u00fasica.<\/p>\n\n\n\n<figure class=\"wp-block-image size-full\"><img loading=\"lazy\" decoding=\"async\" width=\"768\" height=\"432\" src=\"https:\/\/www.noubarris.net\/web40\/wp-content\/uploads\/2025\/09\/WhatsApp-Image-2025-09-25-at-14.55.16.jpeg\" alt=\"Font m\u00e0gica de canyelles\" class=\"wp-image-85673\" srcset=\"https:\/\/www.noubarris.net\/web40\/wp-content\/uploads\/2025\/09\/WhatsApp-Image-2025-09-25-at-14.55.16.jpeg 768w, https:\/\/www.noubarris.net\/web40\/wp-content\/uploads\/2025\/09\/WhatsApp-Image-2025-09-25-at-14.55.16-300x169.jpeg 300w\" sizes=\"auto, (max-width: 768px) 100vw, 768px\" \/><\/figure>\n\n\n\n<p>S&#8217;ha triat el marc de les festes de la Merc\u00e8 per engegar de nou aquests espectacles, per\u00f2 m\u00e9s enll\u00e0 d&#8217;aquest divendres, el ve\u00efnat podr\u00e0 gaudir de la font m\u00e0gica en el seu esplendor&nbsp; el divendres i els dissabtes, de 21 a 22h fins al 31 d\u2019octubre. Cadascun d&#8217;aquests dos dies tindran un programa musical diferent:<\/p>\n\n\n\n<p>Els divendres, en la primera mitja hora, podrem gaudir del m\u00edtic \u201cBarcelona\u201d de Montserrat Caball\u00e9 i Freddie Mercuri, \u00e8xits de pop i rock i obres del compositor Enric Granados. En la segona mitja hora ser\u00e0 el torn de pop i m\u00fasica cl\u00e0ssica variats, i pop rock catal\u00e0.<\/p>\n\n\n\n<p>Els dissabtes tamb\u00e9 arrencaran amb \u201cBarcelona\u201d i acte seguit gaudirem de grans \u00e8xits i de m\u00fasica francesa. La segona mitja hora la protagonitzar\u00e0 \u00edntegrament una selecci\u00f3 dels temes del Piromusical de l\u2019any 2019.<\/p>\n\n\n\n<p>Fa 31 anys que la Font M\u00e0gica Manuel de Falla \u00e9s un dels elements m\u00e9s caracter\u00edstics del barri de Canyelles. Dissenyada per Pedro Barrag\u00e1n disposa d&#8217;un tauler de control on, gr\u00e0cies als programes i circuits, es coordina el ball i color de l\u2019aigua amb el ritme de la m\u00fasica. Podeu recuperar la hist\u00f2ria i detalls de la font en el v\u00eddeo del Relligant Nou Barris:<\/p>\n\n\n\n<figure class=\"wp-block-embed is-type-video is-provider-youtube wp-block-embed-youtube wp-embed-aspect-16-9 wp-has-aspect-ratio\"><div class=\"wp-block-embed__wrapper\">\n<iframe loading=\"lazy\" title=\"Font m\u00e0gica Manuel de Falla\" width=\"800\" height=\"450\" src=\"https:\/\/www.youtube.com\/embed\/5sNhmKWETgw?feature=oembed\" frameborder=\"0\" allow=\"accelerometer; autoplay; clipboard-write; encrypted-media; gyroscope; picture-in-picture; web-share\" referrerpolicy=\"strict-origin-when-cross-origin\" allowfullscreen><\/iframe>\n<\/div><\/figure>\n\n\n\n<p><\/p>\n\n\n","protected":false},"excerpt":{"rendered":"<p>Ja ha acabat la sequera i les seves restriccions. De mica en mica es van omplint i posant en marxa<\/p>\n","protected":false},"author":2,"featured_media":85673,"comment_status":"closed","ping_status":"closed","sticky":false,"template":"","format":"standard","meta":{"colormag_page_layout":"default_layout","_monsterinsights_skip_tracking":false,"_monsterinsights_sitenote_active":false,"_monsterinsights_sitenote_note":"","_monsterinsights_sitenote_category":0,"footnotes":""},"categories":[131,129,765,302],"tags":[],"class_list":["post-85672","post","type-post","status-publish","format-standard","has-post-thumbnail","hentry","category-canyelles","category-cultura","category-nou-barris-tv","category-urbanisme"],"yoast_head":"<!-- This site is optimized with the Yoast SEO plugin v25.3 - https:\/\/yoast.com\/wordpress\/plugins\/seo\/ -->\n<title>Tornen els espectacles a la Font M\u00e0gica de Canyelles des d&#039;aquest divendres - NouBarris.Net<\/title>\n<meta name=\"robots\" content=\"index, follow, max-snippet:-1, max-image-preview:large, max-video-preview:-1\" \/>\n<link rel=\"canonical\" href=\"https:\/\/www.noubarris.net\/web40\/tornen-espectacles-font-magica-canyelles\/\" \/>\n<meta property=\"og:locale\" content=\"ca_ES\" \/>\n<meta property=\"og:type\" content=\"article\" \/>\n<meta property=\"og:title\" content=\"Tornen els espectacles a la Font M\u00e0gica de Canyelles des d&#039;aquest divendres - NouBarris.Net\" \/>\n<meta property=\"og:description\" content=\"Ja ha acabat la sequera i les seves restriccions. De mica en mica es van omplint i posant en marxa\" \/>\n<meta property=\"og:url\" content=\"https:\/\/www.noubarris.net\/web40\/tornen-espectacles-font-magica-canyelles\/\" \/>\n<meta property=\"og:site_name\" content=\"NouBarris.Net\" \/>\n<meta property=\"article:publisher\" content=\"https:\/\/www.facebook.com\/NouBarris.net\/?locale=es_ES\" \/>\n<meta property=\"article:published_time\" content=\"2025-09-26T05:00:00+00:00\" \/>\n<meta property=\"article:modified_time\" content=\"2025-09-26T05:28:29+00:00\" \/>\n<meta property=\"og:image\" content=\"https:\/\/www.noubarris.net\/web40\/wp-content\/uploads\/2025\/09\/WhatsApp-Image-2025-09-25-at-14.55.16.jpeg\" \/>\n\t<meta property=\"og:image:width\" content=\"768\" \/>\n\t<meta property=\"og:image:height\" content=\"432\" \/>\n\t<meta property=\"og:image:type\" content=\"image\/jpeg\" \/>\n<meta name=\"author\" content=\"Informatius\" \/>\n<meta name=\"twitter:card\" content=\"summary_large_image\" \/>\n<meta name=\"twitter:creator\" content=\"@9BTV\" \/>\n<meta name=\"twitter:site\" content=\"@9BTV\" \/>\n<meta name=\"twitter:label1\" content=\"Escrit per\" \/>\n\t<meta name=\"twitter:data1\" content=\"Informatius\" \/>\n\t<meta name=\"twitter:label2\" content=\"Temps estimat de lectura\" \/>\n\t<meta name=\"twitter:data2\" content=\"2 minuts\" \/>\n<script type=\"application\/ld+json\" class=\"yoast-schema-graph\">{\"@context\":\"https:\/\/schema.org\",\"@graph\":[{\"@type\":\"Article\",\"@id\":\"https:\/\/www.noubarris.net\/web40\/tornen-espectacles-font-magica-canyelles\/#article\",\"isPartOf\":{\"@id\":\"https:\/\/www.noubarris.net\/web40\/tornen-espectacles-font-magica-canyelles\/\"},\"author\":{\"name\":\"Informatius\",\"@id\":\"https:\/\/www.noubarris.net\/web40\/#\/schema\/person\/1827f92aaa316c54abbf4dac0de76069\"},\"headline\":\"Tornen els espectacles a la Font M\u00e0gica de Canyelles des d&#8217;aquest divendres\",\"datePublished\":\"2025-09-26T05:00:00+00:00\",\"dateModified\":\"2025-09-26T05:28:29+00:00\",\"mainEntityOfPage\":{\"@id\":\"https:\/\/www.noubarris.net\/web40\/tornen-espectacles-font-magica-canyelles\/\"},\"wordCount\":322,\"publisher\":{\"@id\":\"https:\/\/www.noubarris.net\/web40\/#organization\"},\"image\":{\"@id\":\"https:\/\/www.noubarris.net\/web40\/tornen-espectacles-font-magica-canyelles\/#primaryimage\"},\"thumbnailUrl\":\"https:\/\/www.noubarris.net\/web40\/wp-content\/uploads\/2025\/09\/WhatsApp-Image-2025-09-25-at-14.55.16.jpeg\",\"articleSection\":[\"Canyelles\",\"Cultura\",\"Nou Barris TV\",\"Urbanisme\"],\"inLanguage\":\"ca\"},{\"@type\":\"WebPage\",\"@id\":\"https:\/\/www.noubarris.net\/web40\/tornen-espectacles-font-magica-canyelles\/\",\"url\":\"https:\/\/www.noubarris.net\/web40\/tornen-espectacles-font-magica-canyelles\/\",\"name\":\"Tornen els espectacles a la Font M\u00e0gica de Canyelles des d'aquest divendres - NouBarris.Net\",\"isPartOf\":{\"@id\":\"https:\/\/www.noubarris.net\/web40\/#website\"},\"primaryImageOfPage\":{\"@id\":\"https:\/\/www.noubarris.net\/web40\/tornen-espectacles-font-magica-canyelles\/#primaryimage\"},\"image\":{\"@id\":\"https:\/\/www.noubarris.net\/web40\/tornen-espectacles-font-magica-canyelles\/#primaryimage\"},\"thumbnailUrl\":\"https:\/\/www.noubarris.net\/web40\/wp-content\/uploads\/2025\/09\/WhatsApp-Image-2025-09-25-at-14.55.16.jpeg\",\"datePublished\":\"2025-09-26T05:00:00+00:00\",\"dateModified\":\"2025-09-26T05:28:29+00:00\",\"breadcrumb\":{\"@id\":\"https:\/\/www.noubarris.net\/web40\/tornen-espectacles-font-magica-canyelles\/#breadcrumb\"},\"inLanguage\":\"ca\",\"potentialAction\":[{\"@type\":\"ReadAction\",\"target\":[\"https:\/\/www.noubarris.net\/web40\/tornen-espectacles-font-magica-canyelles\/\"]}]},{\"@type\":\"ImageObject\",\"inLanguage\":\"ca\",\"@id\":\"https:\/\/www.noubarris.net\/web40\/tornen-espectacles-font-magica-canyelles\/#primaryimage\",\"url\":\"https:\/\/www.noubarris.net\/web40\/wp-content\/uploads\/2025\/09\/WhatsApp-Image-2025-09-25-at-14.55.16.jpeg\",\"contentUrl\":\"https:\/\/www.noubarris.net\/web40\/wp-content\/uploads\/2025\/09\/WhatsApp-Image-2025-09-25-at-14.55.16.jpeg\",\"width\":768,\"height\":432,\"caption\":\"Font m\u00e0gica de canyelles\"},{\"@type\":\"BreadcrumbList\",\"@id\":\"https:\/\/www.noubarris.net\/web40\/tornen-espectacles-font-magica-canyelles\/#breadcrumb\",\"itemListElement\":[{\"@type\":\"ListItem\",\"position\":1,\"name\":\"Inici\",\"item\":\"https:\/\/www.noubarris.net\/web40\/\"},{\"@type\":\"ListItem\",\"position\":2,\"name\":\"Tornen els espectacles a la Font M\u00e0gica de Canyelles des d&#8217;aquest divendres\"}]},{\"@type\":\"WebSite\",\"@id\":\"https:\/\/www.noubarris.net\/web40\/#website\",\"url\":\"https:\/\/www.noubarris.net\/web40\/\",\"name\":\"NouBarris.Net\",\"description\":\"Seguint la vida de Nou Barris des de 1985\",\"publisher\":{\"@id\":\"https:\/\/www.noubarris.net\/web40\/#organization\"},\"potentialAction\":[{\"@type\":\"SearchAction\",\"target\":{\"@type\":\"EntryPoint\",\"urlTemplate\":\"https:\/\/www.noubarris.net\/web40\/?s={search_term_string}\"},\"query-input\":{\"@type\":\"PropertyValueSpecification\",\"valueRequired\":true,\"valueName\":\"search_term_string\"}}],\"inLanguage\":\"ca\"},{\"@type\":\"Organization\",\"@id\":\"https:\/\/www.noubarris.net\/web40\/#organization\",\"name\":\"NouBarris.Net\",\"url\":\"https:\/\/www.noubarris.net\/web40\/\",\"logo\":{\"@type\":\"ImageObject\",\"inLanguage\":\"ca\",\"@id\":\"https:\/\/www.noubarris.net\/web40\/#\/schema\/logo\/image\/\",\"url\":\"https:\/\/www.noubarris.net\/web40\/wp-content\/uploads\/2024\/11\/cropped-cropped-LOGO_9BTV-2024_Insta-1.jpg\",\"contentUrl\":\"https:\/\/www.noubarris.net\/web40\/wp-content\/uploads\/2024\/11\/cropped-cropped-LOGO_9BTV-2024_Insta-1.jpg\",\"width\":512,\"height\":512,\"caption\":\"NouBarris.Net\"},\"image\":{\"@id\":\"https:\/\/www.noubarris.net\/web40\/#\/schema\/logo\/image\/\"},\"sameAs\":[\"https:\/\/www.facebook.com\/NouBarris.net\/?locale=es_ES\",\"https:\/\/x.com\/9BTV\"]},{\"@type\":\"Person\",\"@id\":\"https:\/\/www.noubarris.net\/web40\/#\/schema\/person\/1827f92aaa316c54abbf4dac0de76069\",\"name\":\"Informatius\",\"image\":{\"@type\":\"ImageObject\",\"inLanguage\":\"ca\",\"@id\":\"https:\/\/www.noubarris.net\/web40\/#\/schema\/person\/image\/\",\"url\":\"https:\/\/secure.gravatar.com\/avatar\/87a3b47928835fc72c6ee5b0e1a7263ef0c2d05003a98189bc14926c5f11bcdb?s=96&d=mm&r=g\",\"contentUrl\":\"https:\/\/secure.gravatar.com\/avatar\/87a3b47928835fc72c6ee5b0e1a7263ef0c2d05003a98189bc14926c5f11bcdb?s=96&d=mm&r=g\",\"caption\":\"Informatius\"},\"url\":\"https:\/\/www.noubarris.net\/web40\/author\/tele\/\"}]}<\/script>\n<!-- \/ Yoast SEO plugin. -->","yoast_head_json":{"title":"Tornen els espectacles a la Font M\u00e0gica de Canyelles des d'aquest divendres - NouBarris.Net","robots":{"index":"index","follow":"follow","max-snippet":"max-snippet:-1","max-image-preview":"max-image-preview:large","max-video-preview":"max-video-preview:-1"},"canonical":"https:\/\/www.noubarris.net\/web40\/tornen-espectacles-font-magica-canyelles\/","og_locale":"ca_ES","og_type":"article","og_title":"Tornen els espectacles a la Font M\u00e0gica de Canyelles des d'aquest divendres - NouBarris.Net","og_description":"Ja ha acabat la sequera i les seves restriccions. De mica en mica es van omplint i posant en marxa","og_url":"https:\/\/www.noubarris.net\/web40\/tornen-espectacles-font-magica-canyelles\/","og_site_name":"NouBarris.Net","article_publisher":"https:\/\/www.facebook.com\/NouBarris.net\/?locale=es_ES","article_published_time":"2025-09-26T05:00:00+00:00","article_modified_time":"2025-09-26T05:28:29+00:00","og_image":[{"width":768,"height":432,"url":"https:\/\/www.noubarris.net\/web40\/wp-content\/uploads\/2025\/09\/WhatsApp-Image-2025-09-25-at-14.55.16.jpeg","type":"image\/jpeg"}],"author":"Informatius","twitter_card":"summary_large_image","twitter_creator":"@9BTV","twitter_site":"@9BTV","twitter_misc":{"Escrit per":"Informatius","Temps estimat de lectura":"2 minuts"},"schema":{"@context":"https:\/\/schema.org","@graph":[{"@type":"Article","@id":"https:\/\/www.noubarris.net\/web40\/tornen-espectacles-font-magica-canyelles\/#article","isPartOf":{"@id":"https:\/\/www.noubarris.net\/web40\/tornen-espectacles-font-magica-canyelles\/"},"author":{"name":"Informatius","@id":"https:\/\/www.noubarris.net\/web40\/#\/schema\/person\/1827f92aaa316c54abbf4dac0de76069"},"headline":"Tornen els espectacles a la Font M\u00e0gica de Canyelles des d&#8217;aquest divendres","datePublished":"2025-09-26T05:00:00+00:00","dateModified":"2025-09-26T05:28:29+00:00","mainEntityOfPage":{"@id":"https:\/\/www.noubarris.net\/web40\/tornen-espectacles-font-magica-canyelles\/"},"wordCount":322,"publisher":{"@id":"https:\/\/www.noubarris.net\/web40\/#organization"},"image":{"@id":"https:\/\/www.noubarris.net\/web40\/tornen-espectacles-font-magica-canyelles\/#primaryimage"},"thumbnailUrl":"https:\/\/www.noubarris.net\/web40\/wp-content\/uploads\/2025\/09\/WhatsApp-Image-2025-09-25-at-14.55.16.jpeg","articleSection":["Canyelles","Cultura","Nou Barris TV","Urbanisme"],"inLanguage":"ca"},{"@type":"WebPage","@id":"https:\/\/www.noubarris.net\/web40\/tornen-espectacles-font-magica-canyelles\/","url":"https:\/\/www.noubarris.net\/web40\/tornen-espectacles-font-magica-canyelles\/","name":"Tornen els espectacles a la Font M\u00e0gica de Canyelles des d'aquest divendres - NouBarris.Net","isPartOf":{"@id":"https:\/\/www.noubarris.net\/web40\/#website"},"primaryImageOfPage":{"@id":"https:\/\/www.noubarris.net\/web40\/tornen-espectacles-font-magica-canyelles\/#primaryimage"},"image":{"@id":"https:\/\/www.noubarris.net\/web40\/tornen-espectacles-font-magica-canyelles\/#primaryimage"},"thumbnailUrl":"https:\/\/www.noubarris.net\/web40\/wp-content\/uploads\/2025\/09\/WhatsApp-Image-2025-09-25-at-14.55.16.jpeg","datePublished":"2025-09-26T05:00:00+00:00","dateModified":"2025-09-26T05:28:29+00:00","breadcrumb":{"@id":"https:\/\/www.noubarris.net\/web40\/tornen-espectacles-font-magica-canyelles\/#breadcrumb"},"inLanguage":"ca","potentialAction":[{"@type":"ReadAction","target":["https:\/\/www.noubarris.net\/web40\/tornen-espectacles-font-magica-canyelles\/"]}]},{"@type":"ImageObject","inLanguage":"ca","@id":"https:\/\/www.noubarris.net\/web40\/tornen-espectacles-font-magica-canyelles\/#primaryimage","url":"https:\/\/www.noubarris.net\/web40\/wp-content\/uploads\/2025\/09\/WhatsApp-Image-2025-09-25-at-14.55.16.jpeg","contentUrl":"https:\/\/www.noubarris.net\/web40\/wp-content\/uploads\/2025\/09\/WhatsApp-Image-2025-09-25-at-14.55.16.jpeg","width":768,"height":432,"caption":"Font m\u00e0gica de canyelles"},{"@type":"BreadcrumbList","@id":"https:\/\/www.noubarris.net\/web40\/tornen-espectacles-font-magica-canyelles\/#breadcrumb","itemListElement":[{"@type":"ListItem","position":1,"name":"Inici","item":"https:\/\/www.noubarris.net\/web40\/"},{"@type":"ListItem","position":2,"name":"Tornen els espectacles a la Font M\u00e0gica de Canyelles des d&#8217;aquest divendres"}]},{"@type":"WebSite","@id":"https:\/\/www.noubarris.net\/web40\/#website","url":"https:\/\/www.noubarris.net\/web40\/","name":"NouBarris.Net","description":"Seguint la vida de Nou Barris des de 1985","publisher":{"@id":"https:\/\/www.noubarris.net\/web40\/#organization"},"potentialAction":[{"@type":"SearchAction","target":{"@type":"EntryPoint","urlTemplate":"https:\/\/www.noubarris.net\/web40\/?s={search_term_string}"},"query-input":{"@type":"PropertyValueSpecification","valueRequired":true,"valueName":"search_term_string"}}],"inLanguage":"ca"},{"@type":"Organization","@id":"https:\/\/www.noubarris.net\/web40\/#organization","name":"NouBarris.Net","url":"https:\/\/www.noubarris.net\/web40\/","logo":{"@type":"ImageObject","inLanguage":"ca","@id":"https:\/\/www.noubarris.net\/web40\/#\/schema\/logo\/image\/","url":"https:\/\/www.noubarris.net\/web40\/wp-content\/uploads\/2024\/11\/cropped-cropped-LOGO_9BTV-2024_Insta-1.jpg","contentUrl":"https:\/\/www.noubarris.net\/web40\/wp-content\/uploads\/2024\/11\/cropped-cropped-LOGO_9BTV-2024_Insta-1.jpg","width":512,"height":512,"caption":"NouBarris.Net"},"image":{"@id":"https:\/\/www.noubarris.net\/web40\/#\/schema\/logo\/image\/"},"sameAs":["https:\/\/www.facebook.com\/NouBarris.net\/?locale=es_ES","https:\/\/x.com\/9BTV"]},{"@type":"Person","@id":"https:\/\/www.noubarris.net\/web40\/#\/schema\/person\/1827f92aaa316c54abbf4dac0de76069","name":"Informatius","image":{"@type":"ImageObject","inLanguage":"ca","@id":"https:\/\/www.noubarris.net\/web40\/#\/schema\/person\/image\/","url":"https:\/\/secure.gravatar.com\/avatar\/87a3b47928835fc72c6ee5b0e1a7263ef0c2d05003a98189bc14926c5f11bcdb?s=96&d=mm&r=g","contentUrl":"https:\/\/secure.gravatar.com\/avatar\/87a3b47928835fc72c6ee5b0e1a7263ef0c2d05003a98189bc14926c5f11bcdb?s=96&d=mm&r=g","caption":"Informatius"},"url":"https:\/\/www.noubarris.net\/web40\/author\/tele\/"}]}},"_links":{"self":[{"href":"https:\/\/www.noubarris.net\/web40\/wp-json\/wp\/v2\/posts\/85672","targetHints":{"allow":["GET"]}}],"collection":[{"href":"https:\/\/www.noubarris.net\/web40\/wp-json\/wp\/v2\/posts"}],"about":[{"href":"https:\/\/www.noubarris.net\/web40\/wp-json\/wp\/v2\/types\/post"}],"author":[{"embeddable":true,"href":"https:\/\/www.noubarris.net\/web40\/wp-json\/wp\/v2\/users\/2"}],"replies":[{"embeddable":true,"href":"https:\/\/www.noubarris.net\/web40\/wp-json\/wp\/v2\/comments?post=85672"}],"version-history":[{"count":2,"href":"https:\/\/www.noubarris.net\/web40\/wp-json\/wp\/v2\/posts\/85672\/revisions"}],"predecessor-version":[{"id":85675,"href":"https:\/\/www.noubarris.net\/web40\/wp-json\/wp\/v2\/posts\/85672\/revisions\/85675"}],"wp:featuredmedia":[{"embeddable":true,"href":"https:\/\/www.noubarris.net\/web40\/wp-json\/wp\/v2\/media\/85673"}],"wp:attachment":[{"href":"https:\/\/www.noubarris.net\/web40\/wp-json\/wp\/v2\/media?parent=85672"}],"wp:term":[{"taxonomy":"category","embeddable":true,"href":"https:\/\/www.noubarris.net\/web40\/wp-json\/wp\/v2\/categories?post=85672"},{"taxonomy":"post_tag","embeddable":true,"href":"https:\/\/www.noubarris.net\/web40\/wp-json\/wp\/v2\/tags?post=85672"}],"curies":[{"name":"wp","href":"https:\/\/api.w.org\/{rel}","templated":true}]}}