{"id":85685,"date":"2025-10-24T20:04:23","date_gmt":"2025-10-24T18:04:23","guid":{"rendered":"https:\/\/www.noubarris.net\/web40\/?p=85685"},"modified":"2025-10-24T20:04:28","modified_gmt":"2025-10-24T18:04:28","slug":"tornen-les-sopes-del-mon-mundial-diumenge-26-al-parc-de-serra-i-marti","status":"publish","type":"post","link":"https:\/\/www.noubarris.net\/web40\/tornen-les-sopes-del-mon-mundial-diumenge-26-al-parc-de-serra-i-marti\/","title":{"rendered":"Tornen les Sopes del M\u00f3n Mundial: diumenge 26 al parc de Serra i Mart\u00ed"},"content":{"rendered":"\n<p>Nou Barris recupera aquest diumenge una de les grans festes del calendari del districte: el Festival de Sopes del M\u00f3n Mundial. La gran trobada de receptes gastron\u00f2miques&#8230; i de cultures que Rafa Juncadella va importar la idea el 2004 des de Lille, Fran\u00e7a. L&#8217;any passat havia de celebrar-se l&#8217;edici\u00f3 n\u00famero 20, per\u00f2 l&#8217;associaci\u00f3 9Barris Acull va haver de tancar a causa de problemes econ\u00f2mics i el festival no nom\u00e9s es va cancel\u00b7lar sin\u00f3 que es va veure amena\u00e7at.<\/p>\n<p>Finalment fa uns mesos es va fer una crida per recuperar aquesta gran festa de la conviv\u00e8ncia i d&#8217;aquesta crida han sortit un grup d&#8217;entitats i voluntaris que faran possible el festival el proper diumenge. S\u00f3n Cirerers Habitatge Cooperatiu, Federaci\u00f3n de Asociaciones de Colombianos en Catalunya (Fedascat), Colectivo Feminista Las Que Sobreviven, \u00d2mnium Cultural Nou Barris, Plataforma d\u2019Entitats de Roquetes, Associaci\u00f3 Ve\u00efnal de Prosperitat, Associaci\u00f3 de Ve\u00efns i Ve\u00efnes de Roquetes, Associaci\u00f3 Som del Barri, Nou Barris Taller d\u2019Idees i la Xarxa d\u2019intercanvi de Coneixements Nou Barris.<\/p>\n<p>Ara, aneu amb compte perqu\u00e8 si l&#8217;escenari habitual era la marquesina de la Via J\u00falia, aquesta nova organitzaci\u00f3 trasllada la jornada al parc de Josep M. Serra i Mart\u00ed, al barri de Canyelles.\u00a0 All\u00e0 trobareu desenes d&#8217;olles fumejants des de les 9h fins a la lectura del manifest, pr\u00e8via al tast de les sopes. La programaci\u00f3 de la jornada \u00e9s la seg\u00fcent:<\/p>\n<p>9 h S&#8217;obre la gran cuina<\/p>\n<p>10.30h Cercavila tabaler amb la colla Bruixes i Bruixots de la Trinitat Nova<\/p>\n<p>11.30h Espectacle de circ agroecological amb el Rufi Rodr\u00edguez i el Sergi Arnalda, davant escultura Alegr\u00edas<\/p>\n<p>11.30h Animaci\u00f3 amb la Cia +Tum\u00e0cat i Sopes per la Pau amb diversos col\u00b7lectius, a l&#8217;espai central<\/p>\n<p>12.30h M\u00fasica New Orleans Jazz amb els Boozan Dukes, Red-Hot Calypso Jazz Band Barcelona<\/p>\n<p>13h Degustaci\u00f3 de sopes i lectura del manifest<\/p>\n<p>\u00a0<\/p>\n<p>\u00a0<\/p>\n\n\n<div>You need to add a widget, row, or prebuilt layout before you&#8217;ll see anything here. \ud83d\ude42<\/div>","protected":false},"excerpt":{"rendered":"<p>Nou Barris recupera aquest diumenge una de les grans festes del calendari del districte: el Festival de Sopes del M\u00f3n<\/p>\n","protected":false},"author":2,"featured_media":85686,"comment_status":"closed","ping_status":"closed","sticky":false,"template":"","format":"standard","meta":{"colormag_page_layout":"default_layout","_monsterinsights_skip_tracking":false,"_monsterinsights_sitenote_active":false,"_monsterinsights_sitenote_note":"","_monsterinsights_sitenote_category":0,"footnotes":""},"categories":[1],"tags":[],"class_list":["post-85685","post","type-post","status-publish","format-standard","has-post-thumbnail","hentry","category-nou-barris"],"yoast_head":"<!-- This site is optimized with the Yoast SEO plugin v25.3 - https:\/\/yoast.com\/wordpress\/plugins\/seo\/ -->\n<title>Tornen les Sopes del M\u00f3n Mundial: diumenge 26 al parc de Serra i Mart\u00ed - NouBarris.Net<\/title>\n<meta name=\"robots\" content=\"index, follow, max-snippet:-1, max-image-preview:large, max-video-preview:-1\" \/>\n<link rel=\"canonical\" href=\"https:\/\/www.noubarris.net\/web40\/tornen-les-sopes-del-mon-mundial-diumenge-26-al-parc-de-serra-i-marti\/\" \/>\n<meta property=\"og:locale\" content=\"ca_ES\" \/>\n<meta property=\"og:type\" content=\"article\" \/>\n<meta property=\"og:title\" content=\"Tornen les Sopes del M\u00f3n Mundial: diumenge 26 al parc de Serra i Mart\u00ed - NouBarris.Net\" \/>\n<meta property=\"og:description\" content=\"Nou Barris recupera aquest diumenge una de les grans festes del calendari del districte: el Festival de Sopes del M\u00f3n\" \/>\n<meta property=\"og:url\" content=\"https:\/\/www.noubarris.net\/web40\/tornen-les-sopes-del-mon-mundial-diumenge-26-al-parc-de-serra-i-marti\/\" \/>\n<meta property=\"og:site_name\" content=\"NouBarris.Net\" \/>\n<meta property=\"article:publisher\" content=\"https:\/\/www.facebook.com\/NouBarris.net\/?locale=es_ES\" \/>\n<meta property=\"article:published_time\" content=\"2025-10-24T18:04:23+00:00\" \/>\n<meta property=\"article:modified_time\" content=\"2025-10-24T18:04:28+00:00\" \/>\n<meta property=\"og:image\" content=\"https:\/\/www.noubarris.net\/web40\/wp-content\/uploads\/2025\/10\/241025.jpg\" \/>\n\t<meta property=\"og:image:width\" content=\"768\" \/>\n\t<meta property=\"og:image:height\" content=\"432\" \/>\n\t<meta property=\"og:image:type\" content=\"image\/jpeg\" \/>\n<meta name=\"author\" content=\"Informatius\" \/>\n<meta name=\"twitter:card\" content=\"summary_large_image\" \/>\n<meta name=\"twitter:creator\" content=\"@9BTV\" \/>\n<meta name=\"twitter:site\" content=\"@9BTV\" \/>\n<meta name=\"twitter:label1\" content=\"Escrit per\" \/>\n\t<meta name=\"twitter:data1\" content=\"Informatius\" \/>\n\t<meta name=\"twitter:label2\" content=\"Temps estimat de lectura\" \/>\n\t<meta name=\"twitter:data2\" content=\"2 minuts\" \/>\n<script type=\"application\/ld+json\" class=\"yoast-schema-graph\">{\"@context\":\"https:\/\/schema.org\",\"@graph\":[{\"@type\":\"Article\",\"@id\":\"https:\/\/www.noubarris.net\/web40\/tornen-les-sopes-del-mon-mundial-diumenge-26-al-parc-de-serra-i-marti\/#article\",\"isPartOf\":{\"@id\":\"https:\/\/www.noubarris.net\/web40\/tornen-les-sopes-del-mon-mundial-diumenge-26-al-parc-de-serra-i-marti\/\"},\"author\":{\"name\":\"Informatius\",\"@id\":\"https:\/\/www.noubarris.net\/web40\/#\/schema\/person\/1827f92aaa316c54abbf4dac0de76069\"},\"headline\":\"Tornen les Sopes del M\u00f3n Mundial: diumenge 26 al parc de Serra i Mart\u00ed\",\"datePublished\":\"2025-10-24T18:04:23+00:00\",\"dateModified\":\"2025-10-24T18:04:28+00:00\",\"mainEntityOfPage\":{\"@id\":\"https:\/\/www.noubarris.net\/web40\/tornen-les-sopes-del-mon-mundial-diumenge-26-al-parc-de-serra-i-marti\/\"},\"wordCount\":346,\"publisher\":{\"@id\":\"https:\/\/www.noubarris.net\/web40\/#organization\"},\"image\":{\"@id\":\"https:\/\/www.noubarris.net\/web40\/tornen-les-sopes-del-mon-mundial-diumenge-26-al-parc-de-serra-i-marti\/#primaryimage\"},\"thumbnailUrl\":\"https:\/\/www.noubarris.net\/web40\/wp-content\/uploads\/2025\/10\/241025.jpg\",\"articleSection\":[\"Nou Barris\"],\"inLanguage\":\"ca\"},{\"@type\":\"WebPage\",\"@id\":\"https:\/\/www.noubarris.net\/web40\/tornen-les-sopes-del-mon-mundial-diumenge-26-al-parc-de-serra-i-marti\/\",\"url\":\"https:\/\/www.noubarris.net\/web40\/tornen-les-sopes-del-mon-mundial-diumenge-26-al-parc-de-serra-i-marti\/\",\"name\":\"Tornen les Sopes del M\u00f3n Mundial: diumenge 26 al parc de Serra i Mart\u00ed - NouBarris.Net\",\"isPartOf\":{\"@id\":\"https:\/\/www.noubarris.net\/web40\/#website\"},\"primaryImageOfPage\":{\"@id\":\"https:\/\/www.noubarris.net\/web40\/tornen-les-sopes-del-mon-mundial-diumenge-26-al-parc-de-serra-i-marti\/#primaryimage\"},\"image\":{\"@id\":\"https:\/\/www.noubarris.net\/web40\/tornen-les-sopes-del-mon-mundial-diumenge-26-al-parc-de-serra-i-marti\/#primaryimage\"},\"thumbnailUrl\":\"https:\/\/www.noubarris.net\/web40\/wp-content\/uploads\/2025\/10\/241025.jpg\",\"datePublished\":\"2025-10-24T18:04:23+00:00\",\"dateModified\":\"2025-10-24T18:04:28+00:00\",\"breadcrumb\":{\"@id\":\"https:\/\/www.noubarris.net\/web40\/tornen-les-sopes-del-mon-mundial-diumenge-26-al-parc-de-serra-i-marti\/#breadcrumb\"},\"inLanguage\":\"ca\",\"potentialAction\":[{\"@type\":\"ReadAction\",\"target\":[\"https:\/\/www.noubarris.net\/web40\/tornen-les-sopes-del-mon-mundial-diumenge-26-al-parc-de-serra-i-marti\/\"]}]},{\"@type\":\"ImageObject\",\"inLanguage\":\"ca\",\"@id\":\"https:\/\/www.noubarris.net\/web40\/tornen-les-sopes-del-mon-mundial-diumenge-26-al-parc-de-serra-i-marti\/#primaryimage\",\"url\":\"https:\/\/www.noubarris.net\/web40\/wp-content\/uploads\/2025\/10\/241025.jpg\",\"contentUrl\":\"https:\/\/www.noubarris.net\/web40\/wp-content\/uploads\/2025\/10\/241025.jpg\",\"width\":768,\"height\":432},{\"@type\":\"BreadcrumbList\",\"@id\":\"https:\/\/www.noubarris.net\/web40\/tornen-les-sopes-del-mon-mundial-diumenge-26-al-parc-de-serra-i-marti\/#breadcrumb\",\"itemListElement\":[{\"@type\":\"ListItem\",\"position\":1,\"name\":\"Inici\",\"item\":\"https:\/\/www.noubarris.net\/web40\/\"},{\"@type\":\"ListItem\",\"position\":2,\"name\":\"Tornen les Sopes del M\u00f3n Mundial: diumenge 26 al parc de Serra i Mart\u00ed\"}]},{\"@type\":\"WebSite\",\"@id\":\"https:\/\/www.noubarris.net\/web40\/#website\",\"url\":\"https:\/\/www.noubarris.net\/web40\/\",\"name\":\"NouBarris.Net\",\"description\":\"Seguint la vida de Nou Barris des de 1985\",\"publisher\":{\"@id\":\"https:\/\/www.noubarris.net\/web40\/#organization\"},\"potentialAction\":[{\"@type\":\"SearchAction\",\"target\":{\"@type\":\"EntryPoint\",\"urlTemplate\":\"https:\/\/www.noubarris.net\/web40\/?s={search_term_string}\"},\"query-input\":{\"@type\":\"PropertyValueSpecification\",\"valueRequired\":true,\"valueName\":\"search_term_string\"}}],\"inLanguage\":\"ca\"},{\"@type\":\"Organization\",\"@id\":\"https:\/\/www.noubarris.net\/web40\/#organization\",\"name\":\"NouBarris.Net\",\"url\":\"https:\/\/www.noubarris.net\/web40\/\",\"logo\":{\"@type\":\"ImageObject\",\"inLanguage\":\"ca\",\"@id\":\"https:\/\/www.noubarris.net\/web40\/#\/schema\/logo\/image\/\",\"url\":\"https:\/\/www.noubarris.net\/web40\/wp-content\/uploads\/2024\/11\/cropped-cropped-LOGO_9BTV-2024_Insta-1.jpg\",\"contentUrl\":\"https:\/\/www.noubarris.net\/web40\/wp-content\/uploads\/2024\/11\/cropped-cropped-LOGO_9BTV-2024_Insta-1.jpg\",\"width\":512,\"height\":512,\"caption\":\"NouBarris.Net\"},\"image\":{\"@id\":\"https:\/\/www.noubarris.net\/web40\/#\/schema\/logo\/image\/\"},\"sameAs\":[\"https:\/\/www.facebook.com\/NouBarris.net\/?locale=es_ES\",\"https:\/\/x.com\/9BTV\"]},{\"@type\":\"Person\",\"@id\":\"https:\/\/www.noubarris.net\/web40\/#\/schema\/person\/1827f92aaa316c54abbf4dac0de76069\",\"name\":\"Informatius\",\"image\":{\"@type\":\"ImageObject\",\"inLanguage\":\"ca\",\"@id\":\"https:\/\/www.noubarris.net\/web40\/#\/schema\/person\/image\/\",\"url\":\"https:\/\/secure.gravatar.com\/avatar\/87a3b47928835fc72c6ee5b0e1a7263ef0c2d05003a98189bc14926c5f11bcdb?s=96&d=mm&r=g\",\"contentUrl\":\"https:\/\/secure.gravatar.com\/avatar\/87a3b47928835fc72c6ee5b0e1a7263ef0c2d05003a98189bc14926c5f11bcdb?s=96&d=mm&r=g\",\"caption\":\"Informatius\"},\"url\":\"https:\/\/www.noubarris.net\/web40\/author\/tele\/\"}]}<\/script>\n<!-- \/ Yoast SEO plugin. -->","yoast_head_json":{"title":"Tornen les Sopes del M\u00f3n Mundial: diumenge 26 al parc de Serra i Mart\u00ed - NouBarris.Net","robots":{"index":"index","follow":"follow","max-snippet":"max-snippet:-1","max-image-preview":"max-image-preview:large","max-video-preview":"max-video-preview:-1"},"canonical":"https:\/\/www.noubarris.net\/web40\/tornen-les-sopes-del-mon-mundial-diumenge-26-al-parc-de-serra-i-marti\/","og_locale":"ca_ES","og_type":"article","og_title":"Tornen les Sopes del M\u00f3n Mundial: diumenge 26 al parc de Serra i Mart\u00ed - NouBarris.Net","og_description":"Nou Barris recupera aquest diumenge una de les grans festes del calendari del districte: el Festival de Sopes del M\u00f3n","og_url":"https:\/\/www.noubarris.net\/web40\/tornen-les-sopes-del-mon-mundial-diumenge-26-al-parc-de-serra-i-marti\/","og_site_name":"NouBarris.Net","article_publisher":"https:\/\/www.facebook.com\/NouBarris.net\/?locale=es_ES","article_published_time":"2025-10-24T18:04:23+00:00","article_modified_time":"2025-10-24T18:04:28+00:00","og_image":[{"width":768,"height":432,"url":"https:\/\/www.noubarris.net\/web40\/wp-content\/uploads\/2025\/10\/241025.jpg","type":"image\/jpeg"}],"author":"Informatius","twitter_card":"summary_large_image","twitter_creator":"@9BTV","twitter_site":"@9BTV","twitter_misc":{"Escrit per":"Informatius","Temps estimat de lectura":"2 minuts"},"schema":{"@context":"https:\/\/schema.org","@graph":[{"@type":"Article","@id":"https:\/\/www.noubarris.net\/web40\/tornen-les-sopes-del-mon-mundial-diumenge-26-al-parc-de-serra-i-marti\/#article","isPartOf":{"@id":"https:\/\/www.noubarris.net\/web40\/tornen-les-sopes-del-mon-mundial-diumenge-26-al-parc-de-serra-i-marti\/"},"author":{"name":"Informatius","@id":"https:\/\/www.noubarris.net\/web40\/#\/schema\/person\/1827f92aaa316c54abbf4dac0de76069"},"headline":"Tornen les Sopes del M\u00f3n Mundial: diumenge 26 al parc de Serra i Mart\u00ed","datePublished":"2025-10-24T18:04:23+00:00","dateModified":"2025-10-24T18:04:28+00:00","mainEntityOfPage":{"@id":"https:\/\/www.noubarris.net\/web40\/tornen-les-sopes-del-mon-mundial-diumenge-26-al-parc-de-serra-i-marti\/"},"wordCount":346,"publisher":{"@id":"https:\/\/www.noubarris.net\/web40\/#organization"},"image":{"@id":"https:\/\/www.noubarris.net\/web40\/tornen-les-sopes-del-mon-mundial-diumenge-26-al-parc-de-serra-i-marti\/#primaryimage"},"thumbnailUrl":"https:\/\/www.noubarris.net\/web40\/wp-content\/uploads\/2025\/10\/241025.jpg","articleSection":["Nou Barris"],"inLanguage":"ca"},{"@type":"WebPage","@id":"https:\/\/www.noubarris.net\/web40\/tornen-les-sopes-del-mon-mundial-diumenge-26-al-parc-de-serra-i-marti\/","url":"https:\/\/www.noubarris.net\/web40\/tornen-les-sopes-del-mon-mundial-diumenge-26-al-parc-de-serra-i-marti\/","name":"Tornen les Sopes del M\u00f3n Mundial: diumenge 26 al parc de Serra i Mart\u00ed - NouBarris.Net","isPartOf":{"@id":"https:\/\/www.noubarris.net\/web40\/#website"},"primaryImageOfPage":{"@id":"https:\/\/www.noubarris.net\/web40\/tornen-les-sopes-del-mon-mundial-diumenge-26-al-parc-de-serra-i-marti\/#primaryimage"},"image":{"@id":"https:\/\/www.noubarris.net\/web40\/tornen-les-sopes-del-mon-mundial-diumenge-26-al-parc-de-serra-i-marti\/#primaryimage"},"thumbnailUrl":"https:\/\/www.noubarris.net\/web40\/wp-content\/uploads\/2025\/10\/241025.jpg","datePublished":"2025-10-24T18:04:23+00:00","dateModified":"2025-10-24T18:04:28+00:00","breadcrumb":{"@id":"https:\/\/www.noubarris.net\/web40\/tornen-les-sopes-del-mon-mundial-diumenge-26-al-parc-de-serra-i-marti\/#breadcrumb"},"inLanguage":"ca","potentialAction":[{"@type":"ReadAction","target":["https:\/\/www.noubarris.net\/web40\/tornen-les-sopes-del-mon-mundial-diumenge-26-al-parc-de-serra-i-marti\/"]}]},{"@type":"ImageObject","inLanguage":"ca","@id":"https:\/\/www.noubarris.net\/web40\/tornen-les-sopes-del-mon-mundial-diumenge-26-al-parc-de-serra-i-marti\/#primaryimage","url":"https:\/\/www.noubarris.net\/web40\/wp-content\/uploads\/2025\/10\/241025.jpg","contentUrl":"https:\/\/www.noubarris.net\/web40\/wp-content\/uploads\/2025\/10\/241025.jpg","width":768,"height":432},{"@type":"BreadcrumbList","@id":"https:\/\/www.noubarris.net\/web40\/tornen-les-sopes-del-mon-mundial-diumenge-26-al-parc-de-serra-i-marti\/#breadcrumb","itemListElement":[{"@type":"ListItem","position":1,"name":"Inici","item":"https:\/\/www.noubarris.net\/web40\/"},{"@type":"ListItem","position":2,"name":"Tornen les Sopes del M\u00f3n Mundial: diumenge 26 al parc de Serra i Mart\u00ed"}]},{"@type":"WebSite","@id":"https:\/\/www.noubarris.net\/web40\/#website","url":"https:\/\/www.noubarris.net\/web40\/","name":"NouBarris.Net","description":"Seguint la vida de Nou Barris des de 1985","publisher":{"@id":"https:\/\/www.noubarris.net\/web40\/#organization"},"potentialAction":[{"@type":"SearchAction","target":{"@type":"EntryPoint","urlTemplate":"https:\/\/www.noubarris.net\/web40\/?s={search_term_string}"},"query-input":{"@type":"PropertyValueSpecification","valueRequired":true,"valueName":"search_term_string"}}],"inLanguage":"ca"},{"@type":"Organization","@id":"https:\/\/www.noubarris.net\/web40\/#organization","name":"NouBarris.Net","url":"https:\/\/www.noubarris.net\/web40\/","logo":{"@type":"ImageObject","inLanguage":"ca","@id":"https:\/\/www.noubarris.net\/web40\/#\/schema\/logo\/image\/","url":"https:\/\/www.noubarris.net\/web40\/wp-content\/uploads\/2024\/11\/cropped-cropped-LOGO_9BTV-2024_Insta-1.jpg","contentUrl":"https:\/\/www.noubarris.net\/web40\/wp-content\/uploads\/2024\/11\/cropped-cropped-LOGO_9BTV-2024_Insta-1.jpg","width":512,"height":512,"caption":"NouBarris.Net"},"image":{"@id":"https:\/\/www.noubarris.net\/web40\/#\/schema\/logo\/image\/"},"sameAs":["https:\/\/www.facebook.com\/NouBarris.net\/?locale=es_ES","https:\/\/x.com\/9BTV"]},{"@type":"Person","@id":"https:\/\/www.noubarris.net\/web40\/#\/schema\/person\/1827f92aaa316c54abbf4dac0de76069","name":"Informatius","image":{"@type":"ImageObject","inLanguage":"ca","@id":"https:\/\/www.noubarris.net\/web40\/#\/schema\/person\/image\/","url":"https:\/\/secure.gravatar.com\/avatar\/87a3b47928835fc72c6ee5b0e1a7263ef0c2d05003a98189bc14926c5f11bcdb?s=96&d=mm&r=g","contentUrl":"https:\/\/secure.gravatar.com\/avatar\/87a3b47928835fc72c6ee5b0e1a7263ef0c2d05003a98189bc14926c5f11bcdb?s=96&d=mm&r=g","caption":"Informatius"},"url":"https:\/\/www.noubarris.net\/web40\/author\/tele\/"}]}},"_links":{"self":[{"href":"https:\/\/www.noubarris.net\/web40\/wp-json\/wp\/v2\/posts\/85685","targetHints":{"allow":["GET"]}}],"collection":[{"href":"https:\/\/www.noubarris.net\/web40\/wp-json\/wp\/v2\/posts"}],"about":[{"href":"https:\/\/www.noubarris.net\/web40\/wp-json\/wp\/v2\/types\/post"}],"author":[{"embeddable":true,"href":"https:\/\/www.noubarris.net\/web40\/wp-json\/wp\/v2\/users\/2"}],"replies":[{"embeddable":true,"href":"https:\/\/www.noubarris.net\/web40\/wp-json\/wp\/v2\/comments?post=85685"}],"version-history":[{"count":1,"href":"https:\/\/www.noubarris.net\/web40\/wp-json\/wp\/v2\/posts\/85685\/revisions"}],"predecessor-version":[{"id":85688,"href":"https:\/\/www.noubarris.net\/web40\/wp-json\/wp\/v2\/posts\/85685\/revisions\/85688"}],"wp:featuredmedia":[{"embeddable":true,"href":"https:\/\/www.noubarris.net\/web40\/wp-json\/wp\/v2\/media\/85686"}],"wp:attachment":[{"href":"https:\/\/www.noubarris.net\/web40\/wp-json\/wp\/v2\/media?parent=85685"}],"wp:term":[{"taxonomy":"category","embeddable":true,"href":"https:\/\/www.noubarris.net\/web40\/wp-json\/wp\/v2\/categories?post=85685"},{"taxonomy":"post_tag","embeddable":true,"href":"https:\/\/www.noubarris.net\/web40\/wp-json\/wp\/v2\/tags?post=85685"}],"curies":[{"name":"wp","href":"https:\/\/api.w.org\/{rel}","templated":true}]}}