{"id":85702,"date":"2025-11-05T00:53:00","date_gmt":"2025-11-04T23:53:00","guid":{"rendered":"https:\/\/www.noubarris.net\/web40\/?p=85702"},"modified":"2025-11-02T18:22:42","modified_gmt":"2025-11-02T17:22:42","slug":"les-pistes-de-can-drago-comencen-a-adequar-se-per-acollir-els-partits-de-futbol-de-leuropa","status":"publish","type":"post","link":"https:\/\/www.noubarris.net\/web40\/les-pistes-de-can-drago-comencen-a-adequar-se-per-acollir-els-partits-de-futbol-de-leuropa\/","title":{"rendered":"Les pistes de Can Drag\u00f3 comencen a adequar-se per acollir els partits de futbol de l&#8217;Europa"},"content":{"rendered":"\n<p lang=\"ca-ES\"><span style=\"font-family: Palatino Linotype, serif;\">Aquesta setmana est\u00e0 previst que comencin les obres per adequar les pistes d&#8217;atletisme de Can Drag\u00f3 per tal que el primer equip del club gracienc Europa pugui jugar els partits de Primera RFEF, que no poden disputar-se a l&#8217;estadi del Nou Sardenya perqu\u00e8 la normativa fixa, entre d&#8217;altres, l&#8217;obligatorietat de comptar amb gespa natural, en lloc d&#8217;artificial. Despr\u00e9s d&#8217;estudiar alternatives, fa uns mesos es va decidir adaptar Can Drag\u00f3 i aprofitar la gespa natural de l&#8217;interior de les pistes d&#8217;atletisme.\u00a0<\/span><\/p>\n<p>Les obres previstes han d&#8217;estar enllestides el pr\u00f2xim 15 de gener. Tenen un pressupost d&#8217;1,5 milions que serviran per adaptar l&#8217;equipament a la normativa. Es renovar\u00e0 el camp de gespa interior amb un millor drenatge del camp i noves capes de terreny i gespa natural. Com el camp de fubtol \u00e9s m\u00e9s gran, s&#8217;eixamplar\u00e0 la zona de gespa natural a costa de l\u2019eliminaci\u00f3 del carril de salt de llargada i salt de perxa i el trasllat del matal\u00e0s del salt de perxa a una nova ubicaci\u00f3. Tamb\u00e9 cal desmuntar i traslladar la g\u00e0bia de llan\u00e7ament de martell i disc.<\/p>\n<p>D\u2019altra banda, tamb\u00e9 s\u2019instal\u00b7laran noves grades desmuntables al lateral i gols del terreny de joc, ja que els requisits de la RFEF per a la Primera Federaci\u00f3 marquen un m\u00ednim de 3.000 espectadors amb seient fix, que s&#8217;assoliran amb les noves grades desmuntables als dos gols i al lateral del camp. Tamb\u00e9 es millorar\u00e0 l\u2019enllumenat del recinte.<\/p>\n<p>A m\u00e9s, es realitzaran millores en altres espais de la instal\u00b7laci\u00f3 consensuades amb les entitats esportives de Nou Barris per tal de reduir al m\u00ednim l\u2019impacte en el funcionament habitual del centre durant el per\u00edode d\u2019execuci\u00f3 de les obres. I \u00e9s que la decisi\u00f3 de portar els partits de l&#8217;Europa a Can Drag\u00f3 no ha agradat a totes les entitats que hi entrenen. Fins i tot han aparegut pintades contr\u00e0ries a l&#8217;arribada de l&#8217;Europa a les instal\u00b7lacions. Per aquesta ra\u00f3, finalment s&#8217;han consensuat millores de les quals es poden aprofitar els atletes.<\/p>\n<p><span style=\"font-family: Palatino Linotype, serif;\"><span lang=\"ca-ES\">D&#8217;una banda, es vol minimitzar l\u2019impacte de les obres en els entrenaments habituals d&#8217;atletisme. L&#8217;alternativa \u00e9s traslladar activitat atl\u00e8tica a la zona del llac i la seva zona verda. Per aix\u00f2 es millorar\u00e0 l\u2019enllumenat de l&#8217;espai i s\u2019habilitaran espais concrets del llac perqu\u00e8 els nens i nenes amb diversitat funcional puguin continuar amb la seva pr\u00e0ctica esportiva durant el temps que durin els treballs. I s&#8217;hi construir\u00e0 una g\u00e0bia per al llan\u00e7ament. A m\u00e9s, l&#8217;Ajuntament ha contactat amb <\/span><\/span>el Centre Esportiu La Mar Bella i altres ajuntaments perqu\u00e8 puguin acollir temporalment entrenaments d\u2019alguns dels atletes fins a finals d\u2019any.<\/p>\n\n\n<div>You need to add a widget, row, or prebuilt layout before you&#8217;ll see anything here. \ud83d\ude42<\/div>","protected":false},"excerpt":{"rendered":"<p>Aquesta setmana est\u00e0 previst que comencin les obres per adequar les pistes d&#8217;atletisme de Can Drag\u00f3 per tal que el<\/p>\n","protected":false},"author":2,"featured_media":85704,"comment_status":"closed","ping_status":"closed","sticky":false,"template":"","format":"standard","meta":{"colormag_page_layout":"default_layout","_monsterinsights_skip_tracking":false,"_monsterinsights_sitenote_active":false,"_monsterinsights_sitenote_note":"","_monsterinsights_sitenote_category":0,"footnotes":""},"categories":[1],"tags":[],"class_list":["post-85702","post","type-post","status-publish","format-standard","has-post-thumbnail","hentry","category-nou-barris"],"yoast_head":"<!-- This site is optimized with the Yoast SEO plugin v25.3 - https:\/\/yoast.com\/wordpress\/plugins\/seo\/ -->\n<title>Les pistes de Can Drag\u00f3 comencen a adequar-se per acollir els partits de futbol de l&#039;Europa - NouBarris.Net<\/title>\n<meta name=\"robots\" content=\"index, follow, max-snippet:-1, max-image-preview:large, max-video-preview:-1\" \/>\n<link rel=\"canonical\" href=\"https:\/\/www.noubarris.net\/web40\/les-pistes-de-can-drago-comencen-a-adequar-se-per-acollir-els-partits-de-futbol-de-leuropa\/\" \/>\n<meta property=\"og:locale\" content=\"ca_ES\" \/>\n<meta property=\"og:type\" content=\"article\" \/>\n<meta property=\"og:title\" content=\"Les pistes de Can Drag\u00f3 comencen a adequar-se per acollir els partits de futbol de l&#039;Europa - NouBarris.Net\" \/>\n<meta property=\"og:description\" content=\"Aquesta setmana est\u00e0 previst que comencin les obres per adequar les pistes d&#8217;atletisme de Can Drag\u00f3 per tal que el\" \/>\n<meta property=\"og:url\" content=\"https:\/\/www.noubarris.net\/web40\/les-pistes-de-can-drago-comencen-a-adequar-se-per-acollir-els-partits-de-futbol-de-leuropa\/\" \/>\n<meta property=\"og:site_name\" content=\"NouBarris.Net\" \/>\n<meta property=\"article:publisher\" content=\"https:\/\/www.facebook.com\/NouBarris.net\/?locale=es_ES\" \/>\n<meta property=\"article:published_time\" content=\"2025-11-04T23:53:00+00:00\" \/>\n<meta property=\"og:image\" content=\"https:\/\/www.noubarris.net\/web40\/wp-content\/uploads\/2025\/11\/caN-DRAGO.jpg\" \/>\n\t<meta property=\"og:image:width\" content=\"768\" \/>\n\t<meta property=\"og:image:height\" content=\"432\" \/>\n\t<meta property=\"og:image:type\" content=\"image\/jpeg\" \/>\n<meta name=\"author\" content=\"Informatius\" \/>\n<meta name=\"twitter:card\" content=\"summary_large_image\" \/>\n<meta name=\"twitter:creator\" content=\"@9BTV\" \/>\n<meta name=\"twitter:site\" content=\"@9BTV\" \/>\n<meta name=\"twitter:label1\" content=\"Escrit per\" \/>\n\t<meta name=\"twitter:data1\" content=\"Informatius\" \/>\n\t<meta name=\"twitter:label2\" content=\"Temps estimat de lectura\" \/>\n\t<meta name=\"twitter:data2\" content=\"3 minuts\" \/>\n<script type=\"application\/ld+json\" class=\"yoast-schema-graph\">{\"@context\":\"https:\/\/schema.org\",\"@graph\":[{\"@type\":\"Article\",\"@id\":\"https:\/\/www.noubarris.net\/web40\/les-pistes-de-can-drago-comencen-a-adequar-se-per-acollir-els-partits-de-futbol-de-leuropa\/#article\",\"isPartOf\":{\"@id\":\"https:\/\/www.noubarris.net\/web40\/les-pistes-de-can-drago-comencen-a-adequar-se-per-acollir-els-partits-de-futbol-de-leuropa\/\"},\"author\":{\"name\":\"Informatius\",\"@id\":\"https:\/\/www.noubarris.net\/web40\/#\/schema\/person\/1827f92aaa316c54abbf4dac0de76069\"},\"headline\":\"Les pistes de Can Drag\u00f3 comencen a adequar-se per acollir els partits de futbol de l&#8217;Europa\",\"datePublished\":\"2025-11-04T23:53:00+00:00\",\"mainEntityOfPage\":{\"@id\":\"https:\/\/www.noubarris.net\/web40\/les-pistes-de-can-drago-comencen-a-adequar-se-per-acollir-els-partits-de-futbol-de-leuropa\/\"},\"wordCount\":494,\"publisher\":{\"@id\":\"https:\/\/www.noubarris.net\/web40\/#organization\"},\"image\":{\"@id\":\"https:\/\/www.noubarris.net\/web40\/les-pistes-de-can-drago-comencen-a-adequar-se-per-acollir-els-partits-de-futbol-de-leuropa\/#primaryimage\"},\"thumbnailUrl\":\"https:\/\/www.noubarris.net\/web40\/wp-content\/uploads\/2025\/11\/caN-DRAGO.jpg\",\"articleSection\":[\"Nou Barris\"],\"inLanguage\":\"ca\"},{\"@type\":\"WebPage\",\"@id\":\"https:\/\/www.noubarris.net\/web40\/les-pistes-de-can-drago-comencen-a-adequar-se-per-acollir-els-partits-de-futbol-de-leuropa\/\",\"url\":\"https:\/\/www.noubarris.net\/web40\/les-pistes-de-can-drago-comencen-a-adequar-se-per-acollir-els-partits-de-futbol-de-leuropa\/\",\"name\":\"Les pistes de Can Drag\u00f3 comencen a adequar-se per acollir els partits de futbol de l'Europa - NouBarris.Net\",\"isPartOf\":{\"@id\":\"https:\/\/www.noubarris.net\/web40\/#website\"},\"primaryImageOfPage\":{\"@id\":\"https:\/\/www.noubarris.net\/web40\/les-pistes-de-can-drago-comencen-a-adequar-se-per-acollir-els-partits-de-futbol-de-leuropa\/#primaryimage\"},\"image\":{\"@id\":\"https:\/\/www.noubarris.net\/web40\/les-pistes-de-can-drago-comencen-a-adequar-se-per-acollir-els-partits-de-futbol-de-leuropa\/#primaryimage\"},\"thumbnailUrl\":\"https:\/\/www.noubarris.net\/web40\/wp-content\/uploads\/2025\/11\/caN-DRAGO.jpg\",\"datePublished\":\"2025-11-04T23:53:00+00:00\",\"breadcrumb\":{\"@id\":\"https:\/\/www.noubarris.net\/web40\/les-pistes-de-can-drago-comencen-a-adequar-se-per-acollir-els-partits-de-futbol-de-leuropa\/#breadcrumb\"},\"inLanguage\":\"ca\",\"potentialAction\":[{\"@type\":\"ReadAction\",\"target\":[\"https:\/\/www.noubarris.net\/web40\/les-pistes-de-can-drago-comencen-a-adequar-se-per-acollir-els-partits-de-futbol-de-leuropa\/\"]}]},{\"@type\":\"ImageObject\",\"inLanguage\":\"ca\",\"@id\":\"https:\/\/www.noubarris.net\/web40\/les-pistes-de-can-drago-comencen-a-adequar-se-per-acollir-els-partits-de-futbol-de-leuropa\/#primaryimage\",\"url\":\"https:\/\/www.noubarris.net\/web40\/wp-content\/uploads\/2025\/11\/caN-DRAGO.jpg\",\"contentUrl\":\"https:\/\/www.noubarris.net\/web40\/wp-content\/uploads\/2025\/11\/caN-DRAGO.jpg\",\"width\":768,\"height\":432},{\"@type\":\"BreadcrumbList\",\"@id\":\"https:\/\/www.noubarris.net\/web40\/les-pistes-de-can-drago-comencen-a-adequar-se-per-acollir-els-partits-de-futbol-de-leuropa\/#breadcrumb\",\"itemListElement\":[{\"@type\":\"ListItem\",\"position\":1,\"name\":\"Inici\",\"item\":\"https:\/\/www.noubarris.net\/web40\/\"},{\"@type\":\"ListItem\",\"position\":2,\"name\":\"Les pistes de Can Drag\u00f3 comencen a adequar-se per acollir els partits de futbol de l&#8217;Europa\"}]},{\"@type\":\"WebSite\",\"@id\":\"https:\/\/www.noubarris.net\/web40\/#website\",\"url\":\"https:\/\/www.noubarris.net\/web40\/\",\"name\":\"NouBarris.Net\",\"description\":\"Seguint la vida de Nou Barris des de 1985\",\"publisher\":{\"@id\":\"https:\/\/www.noubarris.net\/web40\/#organization\"},\"potentialAction\":[{\"@type\":\"SearchAction\",\"target\":{\"@type\":\"EntryPoint\",\"urlTemplate\":\"https:\/\/www.noubarris.net\/web40\/?s={search_term_string}\"},\"query-input\":{\"@type\":\"PropertyValueSpecification\",\"valueRequired\":true,\"valueName\":\"search_term_string\"}}],\"inLanguage\":\"ca\"},{\"@type\":\"Organization\",\"@id\":\"https:\/\/www.noubarris.net\/web40\/#organization\",\"name\":\"NouBarris.Net\",\"url\":\"https:\/\/www.noubarris.net\/web40\/\",\"logo\":{\"@type\":\"ImageObject\",\"inLanguage\":\"ca\",\"@id\":\"https:\/\/www.noubarris.net\/web40\/#\/schema\/logo\/image\/\",\"url\":\"https:\/\/www.noubarris.net\/web40\/wp-content\/uploads\/2024\/11\/cropped-cropped-LOGO_9BTV-2024_Insta-1.jpg\",\"contentUrl\":\"https:\/\/www.noubarris.net\/web40\/wp-content\/uploads\/2024\/11\/cropped-cropped-LOGO_9BTV-2024_Insta-1.jpg\",\"width\":512,\"height\":512,\"caption\":\"NouBarris.Net\"},\"image\":{\"@id\":\"https:\/\/www.noubarris.net\/web40\/#\/schema\/logo\/image\/\"},\"sameAs\":[\"https:\/\/www.facebook.com\/NouBarris.net\/?locale=es_ES\",\"https:\/\/x.com\/9BTV\"]},{\"@type\":\"Person\",\"@id\":\"https:\/\/www.noubarris.net\/web40\/#\/schema\/person\/1827f92aaa316c54abbf4dac0de76069\",\"name\":\"Informatius\",\"image\":{\"@type\":\"ImageObject\",\"inLanguage\":\"ca\",\"@id\":\"https:\/\/www.noubarris.net\/web40\/#\/schema\/person\/image\/\",\"url\":\"https:\/\/secure.gravatar.com\/avatar\/87a3b47928835fc72c6ee5b0e1a7263ef0c2d05003a98189bc14926c5f11bcdb?s=96&d=mm&r=g\",\"contentUrl\":\"https:\/\/secure.gravatar.com\/avatar\/87a3b47928835fc72c6ee5b0e1a7263ef0c2d05003a98189bc14926c5f11bcdb?s=96&d=mm&r=g\",\"caption\":\"Informatius\"},\"url\":\"https:\/\/www.noubarris.net\/web40\/author\/tele\/\"}]}<\/script>\n<!-- \/ Yoast SEO plugin. -->","yoast_head_json":{"title":"Les pistes de Can Drag\u00f3 comencen a adequar-se per acollir els partits de futbol de l'Europa - NouBarris.Net","robots":{"index":"index","follow":"follow","max-snippet":"max-snippet:-1","max-image-preview":"max-image-preview:large","max-video-preview":"max-video-preview:-1"},"canonical":"https:\/\/www.noubarris.net\/web40\/les-pistes-de-can-drago-comencen-a-adequar-se-per-acollir-els-partits-de-futbol-de-leuropa\/","og_locale":"ca_ES","og_type":"article","og_title":"Les pistes de Can Drag\u00f3 comencen a adequar-se per acollir els partits de futbol de l'Europa - NouBarris.Net","og_description":"Aquesta setmana est\u00e0 previst que comencin les obres per adequar les pistes d&#8217;atletisme de Can Drag\u00f3 per tal que el","og_url":"https:\/\/www.noubarris.net\/web40\/les-pistes-de-can-drago-comencen-a-adequar-se-per-acollir-els-partits-de-futbol-de-leuropa\/","og_site_name":"NouBarris.Net","article_publisher":"https:\/\/www.facebook.com\/NouBarris.net\/?locale=es_ES","article_published_time":"2025-11-04T23:53:00+00:00","og_image":[{"width":768,"height":432,"url":"https:\/\/www.noubarris.net\/web40\/wp-content\/uploads\/2025\/11\/caN-DRAGO.jpg","type":"image\/jpeg"}],"author":"Informatius","twitter_card":"summary_large_image","twitter_creator":"@9BTV","twitter_site":"@9BTV","twitter_misc":{"Escrit per":"Informatius","Temps estimat de lectura":"3 minuts"},"schema":{"@context":"https:\/\/schema.org","@graph":[{"@type":"Article","@id":"https:\/\/www.noubarris.net\/web40\/les-pistes-de-can-drago-comencen-a-adequar-se-per-acollir-els-partits-de-futbol-de-leuropa\/#article","isPartOf":{"@id":"https:\/\/www.noubarris.net\/web40\/les-pistes-de-can-drago-comencen-a-adequar-se-per-acollir-els-partits-de-futbol-de-leuropa\/"},"author":{"name":"Informatius","@id":"https:\/\/www.noubarris.net\/web40\/#\/schema\/person\/1827f92aaa316c54abbf4dac0de76069"},"headline":"Les pistes de Can Drag\u00f3 comencen a adequar-se per acollir els partits de futbol de l&#8217;Europa","datePublished":"2025-11-04T23:53:00+00:00","mainEntityOfPage":{"@id":"https:\/\/www.noubarris.net\/web40\/les-pistes-de-can-drago-comencen-a-adequar-se-per-acollir-els-partits-de-futbol-de-leuropa\/"},"wordCount":494,"publisher":{"@id":"https:\/\/www.noubarris.net\/web40\/#organization"},"image":{"@id":"https:\/\/www.noubarris.net\/web40\/les-pistes-de-can-drago-comencen-a-adequar-se-per-acollir-els-partits-de-futbol-de-leuropa\/#primaryimage"},"thumbnailUrl":"https:\/\/www.noubarris.net\/web40\/wp-content\/uploads\/2025\/11\/caN-DRAGO.jpg","articleSection":["Nou Barris"],"inLanguage":"ca"},{"@type":"WebPage","@id":"https:\/\/www.noubarris.net\/web40\/les-pistes-de-can-drago-comencen-a-adequar-se-per-acollir-els-partits-de-futbol-de-leuropa\/","url":"https:\/\/www.noubarris.net\/web40\/les-pistes-de-can-drago-comencen-a-adequar-se-per-acollir-els-partits-de-futbol-de-leuropa\/","name":"Les pistes de Can Drag\u00f3 comencen a adequar-se per acollir els partits de futbol de l'Europa - NouBarris.Net","isPartOf":{"@id":"https:\/\/www.noubarris.net\/web40\/#website"},"primaryImageOfPage":{"@id":"https:\/\/www.noubarris.net\/web40\/les-pistes-de-can-drago-comencen-a-adequar-se-per-acollir-els-partits-de-futbol-de-leuropa\/#primaryimage"},"image":{"@id":"https:\/\/www.noubarris.net\/web40\/les-pistes-de-can-drago-comencen-a-adequar-se-per-acollir-els-partits-de-futbol-de-leuropa\/#primaryimage"},"thumbnailUrl":"https:\/\/www.noubarris.net\/web40\/wp-content\/uploads\/2025\/11\/caN-DRAGO.jpg","datePublished":"2025-11-04T23:53:00+00:00","breadcrumb":{"@id":"https:\/\/www.noubarris.net\/web40\/les-pistes-de-can-drago-comencen-a-adequar-se-per-acollir-els-partits-de-futbol-de-leuropa\/#breadcrumb"},"inLanguage":"ca","potentialAction":[{"@type":"ReadAction","target":["https:\/\/www.noubarris.net\/web40\/les-pistes-de-can-drago-comencen-a-adequar-se-per-acollir-els-partits-de-futbol-de-leuropa\/"]}]},{"@type":"ImageObject","inLanguage":"ca","@id":"https:\/\/www.noubarris.net\/web40\/les-pistes-de-can-drago-comencen-a-adequar-se-per-acollir-els-partits-de-futbol-de-leuropa\/#primaryimage","url":"https:\/\/www.noubarris.net\/web40\/wp-content\/uploads\/2025\/11\/caN-DRAGO.jpg","contentUrl":"https:\/\/www.noubarris.net\/web40\/wp-content\/uploads\/2025\/11\/caN-DRAGO.jpg","width":768,"height":432},{"@type":"BreadcrumbList","@id":"https:\/\/www.noubarris.net\/web40\/les-pistes-de-can-drago-comencen-a-adequar-se-per-acollir-els-partits-de-futbol-de-leuropa\/#breadcrumb","itemListElement":[{"@type":"ListItem","position":1,"name":"Inici","item":"https:\/\/www.noubarris.net\/web40\/"},{"@type":"ListItem","position":2,"name":"Les pistes de Can Drag\u00f3 comencen a adequar-se per acollir els partits de futbol de l&#8217;Europa"}]},{"@type":"WebSite","@id":"https:\/\/www.noubarris.net\/web40\/#website","url":"https:\/\/www.noubarris.net\/web40\/","name":"NouBarris.Net","description":"Seguint la vida de Nou Barris des de 1985","publisher":{"@id":"https:\/\/www.noubarris.net\/web40\/#organization"},"potentialAction":[{"@type":"SearchAction","target":{"@type":"EntryPoint","urlTemplate":"https:\/\/www.noubarris.net\/web40\/?s={search_term_string}"},"query-input":{"@type":"PropertyValueSpecification","valueRequired":true,"valueName":"search_term_string"}}],"inLanguage":"ca"},{"@type":"Organization","@id":"https:\/\/www.noubarris.net\/web40\/#organization","name":"NouBarris.Net","url":"https:\/\/www.noubarris.net\/web40\/","logo":{"@type":"ImageObject","inLanguage":"ca","@id":"https:\/\/www.noubarris.net\/web40\/#\/schema\/logo\/image\/","url":"https:\/\/www.noubarris.net\/web40\/wp-content\/uploads\/2024\/11\/cropped-cropped-LOGO_9BTV-2024_Insta-1.jpg","contentUrl":"https:\/\/www.noubarris.net\/web40\/wp-content\/uploads\/2024\/11\/cropped-cropped-LOGO_9BTV-2024_Insta-1.jpg","width":512,"height":512,"caption":"NouBarris.Net"},"image":{"@id":"https:\/\/www.noubarris.net\/web40\/#\/schema\/logo\/image\/"},"sameAs":["https:\/\/www.facebook.com\/NouBarris.net\/?locale=es_ES","https:\/\/x.com\/9BTV"]},{"@type":"Person","@id":"https:\/\/www.noubarris.net\/web40\/#\/schema\/person\/1827f92aaa316c54abbf4dac0de76069","name":"Informatius","image":{"@type":"ImageObject","inLanguage":"ca","@id":"https:\/\/www.noubarris.net\/web40\/#\/schema\/person\/image\/","url":"https:\/\/secure.gravatar.com\/avatar\/87a3b47928835fc72c6ee5b0e1a7263ef0c2d05003a98189bc14926c5f11bcdb?s=96&d=mm&r=g","contentUrl":"https:\/\/secure.gravatar.com\/avatar\/87a3b47928835fc72c6ee5b0e1a7263ef0c2d05003a98189bc14926c5f11bcdb?s=96&d=mm&r=g","caption":"Informatius"},"url":"https:\/\/www.noubarris.net\/web40\/author\/tele\/"}]}},"_links":{"self":[{"href":"https:\/\/www.noubarris.net\/web40\/wp-json\/wp\/v2\/posts\/85702","targetHints":{"allow":["GET"]}}],"collection":[{"href":"https:\/\/www.noubarris.net\/web40\/wp-json\/wp\/v2\/posts"}],"about":[{"href":"https:\/\/www.noubarris.net\/web40\/wp-json\/wp\/v2\/types\/post"}],"author":[{"embeddable":true,"href":"https:\/\/www.noubarris.net\/web40\/wp-json\/wp\/v2\/users\/2"}],"replies":[{"embeddable":true,"href":"https:\/\/www.noubarris.net\/web40\/wp-json\/wp\/v2\/comments?post=85702"}],"version-history":[{"count":2,"href":"https:\/\/www.noubarris.net\/web40\/wp-json\/wp\/v2\/posts\/85702\/revisions"}],"predecessor-version":[{"id":85705,"href":"https:\/\/www.noubarris.net\/web40\/wp-json\/wp\/v2\/posts\/85702\/revisions\/85705"}],"wp:featuredmedia":[{"embeddable":true,"href":"https:\/\/www.noubarris.net\/web40\/wp-json\/wp\/v2\/media\/85704"}],"wp:attachment":[{"href":"https:\/\/www.noubarris.net\/web40\/wp-json\/wp\/v2\/media?parent=85702"}],"wp:term":[{"taxonomy":"category","embeddable":true,"href":"https:\/\/www.noubarris.net\/web40\/wp-json\/wp\/v2\/categories?post=85702"},{"taxonomy":"post_tag","embeddable":true,"href":"https:\/\/www.noubarris.net\/web40\/wp-json\/wp\/v2\/tags?post=85702"}],"curies":[{"name":"wp","href":"https:\/\/api.w.org\/{rel}","templated":true}]}}