{"id":85742,"date":"2025-11-26T19:23:17","date_gmt":"2025-11-26T18:23:17","guid":{"rendered":"https:\/\/www.noubarris.net\/web40\/?p=85742"},"modified":"2025-11-26T19:23:21","modified_gmt":"2025-11-26T18:23:21","slug":"cassolades-prosperitat-talls-llum","status":"publish","type":"post","link":"https:\/\/www.noubarris.net\/web40\/cassolades-prosperitat-talls-llum\/","title":{"rendered":"Cassolades a la Prosperitat contra els talls de llum"},"content":{"rendered":"\n<p><span style=\"font-family: Palatino Linotype, serif;\">Els ve\u00efns reclamen traslladar el transformador cremat i solucions per a les avaries<\/span><\/p>\n<p><span style=\"font-family: Palatino Linotype, serif;\">Ja fa dos mesos que es va cremar el transformador el\u00e8ctric del carrer de Palam\u00f3s, a la Prosperitat. Despr\u00e9s de posar generadors que van comportar tamb\u00e9 problemes als ve\u00efns, finalment Endesa va solventar temporalment el problema amb altres transformadors del barri. Una soluci\u00f3 que amb l&#8217;arribada de la primera baixada de temperatures ha demostrat no ser suficient. Els ve\u00efns del sector afectat van patir quatre dies de talls el\u00e8ctric que es van allargar hores. Farts de la situaci\u00f3, han convocat cassolades di\u00e0ries a les 20h com a protesta. <\/span><\/p>\n<p><span style=\"font-family: Palatino Linotype, serif;\">La soluci\u00f3 definitiva passa per la substituci\u00f3 del transformador cremat per\u00f2 Endesa no pot accedir a l&#8217;espai on es troba. Per fer-ho necessita entrar a trav\u00e9s d&#8217;un local privat i ara per ara no t\u00e9 el perm\u00eds. <\/span><\/p>\n<p><span style=\"font-family: Palatino Linotype, serif;\">A m\u00e9s, el ve\u00efnat tampoc vol que el recanvi es posi al mateix lloc, als baixos del 7 del carrer de Palam\u00f3s, sin\u00f3 en un altre espai que no posi en risc cap habitatge ni ve\u00ed. Una altra petici\u00f3 ve\u00efnal \u00e9s que hi hagi una sola finestreta per reclamar tots els danys causats per les fallides el\u00e8ctriques.<\/span><\/p>\n<p><span style=\"font-family: Palatino Linotype, serif;\">Per tot plegat han reclamat la mediaci\u00f3 de Districte de Nou Barris, per tal d&#8217;arribar a un acord. En canvi, en un manifest, el ve\u00efnat rebutja la polititzaci\u00f3 que algun partit pol\u00edtic n&#8217;ha volgut fer. <\/span><\/p>\n<p>\u00a0<\/p>\n<p>Aquest \u00e9s el manifest del ve\u00efnat afectat:<\/p>\n<p>&#8220;El passat 22 de setembre del 2025 es va produir l\u2019incendi del transformador el\u00e8ctric ubicat dins<br \/>l\u2019edifici del carrer Palam\u00f3s 7.<br \/>L\u2019incendi, que va suposar un gran risc tant per la salut com per la seguretat del ve\u00efnat,<br \/>continua sometent a reiterats talls de subministrament el\u00e8ctric de llarga durada a edificis<br \/>ubicats en els carrers Ar\u00edtjols, Conveni, Flor de Neu, Florida, Palam\u00f3s, Formentera, Vesuvi i<br \/>Vinyar.<br \/>Arrel d\u2019aquests fets el ve\u00efnat afectat ens hem organitzat per emprendre diferents accions<br \/>consensuades, com reunions amb la companyia el\u00e8ctrica, districte de Nou barris, accions<br \/>reivindicatives, etc, amb l\u2019acompanyament de l\u2019Associaci\u00f3 ve\u00efnal Prosperitat.<br \/>L\u2019objectiu marcat \u00e9s la retirada i reubicaci\u00f3 del transformador de l\u2019edifici de Palam\u00f3s 7, degut a<br \/>les mancances en el compliment de la normativa actual sobre la col\u00b7locaci\u00f3 de transformadors<br \/>dins d\u2019edificis, i aix\u00ed poder garantir la seguretat i el subministrament el\u00e8ctric al ve\u00efnat.<br \/>En els acords consensuats dins de l\u2019organitzaci\u00f3 ve\u00efnal es va establir la NO polititzaci\u00f3<br \/>d\u2019aquesta lluita, mes enll\u00e0 del di\u00e0leg amb l\u2019equip de govern actual per tal de facilitar la<br \/>interlocuci\u00f3 amb la companyia el\u00e8ctrica i apel\u00b7lant la seva responsabilitat sobre la seguretat<br \/>ve\u00efnal.<br \/>\u00c9s per aquest motiu que des de el grup ve\u00efnal de lluita per solucionar la problem\u00e0tica envers el<br \/>transformador malm\u00e8s, ens DESVINCULEM i CONDEMNEM l\u2019actitud d\u2019aquells partits pol\u00edtics<br \/>que aprofitant els moments de malestar i desesperaci\u00f3 ve\u00efnal davant els talls de<br \/>subministrament, convoquen i acudeixen als nostres carrers per fer actes i compareixences<br \/>amb el transfons d\u2019afavorir la seva campanya pol\u00edtica.<br \/>En el propers dies convocarem diferents accions. Mantenim les cassolades di\u00e0ries a les 20h i<br \/>l\u2019elaboraci\u00f3 de pancartes per la manifestaci\u00f3 que durem a terme la propera setmana, de la<br \/>qual ja farem p\u00fablica la convocat\u00f2ria.&#8221;<\/p>\n\n\n","protected":false},"excerpt":{"rendered":"<p>Els ve\u00efns reclamen traslladar el transformador cremat i solucions per a les avaries Ja fa dos mesos que es va<\/p>\n","protected":false},"author":2,"featured_media":85743,"comment_status":"closed","ping_status":"closed","sticky":false,"template":"","format":"standard","meta":{"colormag_page_layout":"default_layout","_monsterinsights_skip_tracking":false,"_monsterinsights_sitenote_active":false,"_monsterinsights_sitenote_note":"","_monsterinsights_sitenote_category":0,"footnotes":""},"categories":[135,124],"tags":[],"class_list":["post-85742","post","type-post","status-publish","format-standard","has-post-thumbnail","hentry","category-la-prosperitat","category-societat"],"yoast_head":"<!-- This site is optimized with the Yoast SEO plugin v25.3 - https:\/\/yoast.com\/wordpress\/plugins\/seo\/ -->\n<title>Cassolades a la Prosperitat contra els talls de llum - NouBarris.Net<\/title>\n<meta name=\"robots\" content=\"index, follow, max-snippet:-1, max-image-preview:large, max-video-preview:-1\" \/>\n<link rel=\"canonical\" href=\"https:\/\/www.noubarris.net\/web40\/cassolades-prosperitat-talls-llum\/\" \/>\n<meta property=\"og:locale\" content=\"ca_ES\" \/>\n<meta property=\"og:type\" content=\"article\" \/>\n<meta property=\"og:title\" content=\"Cassolades a la Prosperitat contra els talls de llum - NouBarris.Net\" \/>\n<meta property=\"og:description\" content=\"Els ve\u00efns reclamen traslladar el transformador cremat i solucions per a les avaries Ja fa dos mesos que es va\" \/>\n<meta property=\"og:url\" content=\"https:\/\/www.noubarris.net\/web40\/cassolades-prosperitat-talls-llum\/\" \/>\n<meta property=\"og:site_name\" content=\"NouBarris.Net\" \/>\n<meta property=\"article:publisher\" content=\"https:\/\/www.facebook.com\/NouBarris.net\/?locale=es_ES\" \/>\n<meta property=\"article:published_time\" content=\"2025-11-26T18:23:17+00:00\" \/>\n<meta property=\"article:modified_time\" content=\"2025-11-26T18:23:21+00:00\" \/>\n<meta property=\"og:image\" content=\"https:\/\/www.noubarris.net\/web40\/wp-content\/uploads\/2025\/11\/261125.jpg\" \/>\n\t<meta property=\"og:image:width\" content=\"768\" \/>\n\t<meta property=\"og:image:height\" content=\"432\" \/>\n\t<meta property=\"og:image:type\" content=\"image\/jpeg\" \/>\n<meta name=\"author\" content=\"Informatius\" \/>\n<meta name=\"twitter:card\" content=\"summary_large_image\" \/>\n<meta name=\"twitter:creator\" content=\"@9BTV\" \/>\n<meta name=\"twitter:site\" content=\"@9BTV\" \/>\n<meta name=\"twitter:label1\" content=\"Escrit per\" \/>\n\t<meta name=\"twitter:data1\" content=\"Informatius\" \/>\n\t<meta name=\"twitter:label2\" content=\"Temps estimat de lectura\" \/>\n\t<meta name=\"twitter:data2\" content=\"4 minuts\" \/>\n<script type=\"application\/ld+json\" class=\"yoast-schema-graph\">{\"@context\":\"https:\/\/schema.org\",\"@graph\":[{\"@type\":\"Article\",\"@id\":\"https:\/\/www.noubarris.net\/web40\/cassolades-prosperitat-talls-llum\/#article\",\"isPartOf\":{\"@id\":\"https:\/\/www.noubarris.net\/web40\/cassolades-prosperitat-talls-llum\/\"},\"author\":{\"name\":\"Informatius\",\"@id\":\"https:\/\/www.noubarris.net\/web40\/#\/schema\/person\/1827f92aaa316c54abbf4dac0de76069\"},\"headline\":\"Cassolades a la Prosperitat contra els talls de llum\",\"datePublished\":\"2025-11-26T18:23:17+00:00\",\"dateModified\":\"2025-11-26T18:23:21+00:00\",\"mainEntityOfPage\":{\"@id\":\"https:\/\/www.noubarris.net\/web40\/cassolades-prosperitat-talls-llum\/\"},\"wordCount\":576,\"publisher\":{\"@id\":\"https:\/\/www.noubarris.net\/web40\/#organization\"},\"image\":{\"@id\":\"https:\/\/www.noubarris.net\/web40\/cassolades-prosperitat-talls-llum\/#primaryimage\"},\"thumbnailUrl\":\"https:\/\/www.noubarris.net\/web40\/wp-content\/uploads\/2025\/11\/261125.jpg\",\"articleSection\":[\"La Prosperitat\",\"Societat\"],\"inLanguage\":\"ca\"},{\"@type\":\"WebPage\",\"@id\":\"https:\/\/www.noubarris.net\/web40\/cassolades-prosperitat-talls-llum\/\",\"url\":\"https:\/\/www.noubarris.net\/web40\/cassolades-prosperitat-talls-llum\/\",\"name\":\"Cassolades a la Prosperitat contra els talls de llum - NouBarris.Net\",\"isPartOf\":{\"@id\":\"https:\/\/www.noubarris.net\/web40\/#website\"},\"primaryImageOfPage\":{\"@id\":\"https:\/\/www.noubarris.net\/web40\/cassolades-prosperitat-talls-llum\/#primaryimage\"},\"image\":{\"@id\":\"https:\/\/www.noubarris.net\/web40\/cassolades-prosperitat-talls-llum\/#primaryimage\"},\"thumbnailUrl\":\"https:\/\/www.noubarris.net\/web40\/wp-content\/uploads\/2025\/11\/261125.jpg\",\"datePublished\":\"2025-11-26T18:23:17+00:00\",\"dateModified\":\"2025-11-26T18:23:21+00:00\",\"breadcrumb\":{\"@id\":\"https:\/\/www.noubarris.net\/web40\/cassolades-prosperitat-talls-llum\/#breadcrumb\"},\"inLanguage\":\"ca\",\"potentialAction\":[{\"@type\":\"ReadAction\",\"target\":[\"https:\/\/www.noubarris.net\/web40\/cassolades-prosperitat-talls-llum\/\"]}]},{\"@type\":\"ImageObject\",\"inLanguage\":\"ca\",\"@id\":\"https:\/\/www.noubarris.net\/web40\/cassolades-prosperitat-talls-llum\/#primaryimage\",\"url\":\"https:\/\/www.noubarris.net\/web40\/wp-content\/uploads\/2025\/11\/261125.jpg\",\"contentUrl\":\"https:\/\/www.noubarris.net\/web40\/wp-content\/uploads\/2025\/11\/261125.jpg\",\"width\":768,\"height\":432,\"caption\":\"talls llum carrer palamos prosperitat\"},{\"@type\":\"BreadcrumbList\",\"@id\":\"https:\/\/www.noubarris.net\/web40\/cassolades-prosperitat-talls-llum\/#breadcrumb\",\"itemListElement\":[{\"@type\":\"ListItem\",\"position\":1,\"name\":\"Inici\",\"item\":\"https:\/\/www.noubarris.net\/web40\/\"},{\"@type\":\"ListItem\",\"position\":2,\"name\":\"Cassolades a la Prosperitat contra els talls de llum\"}]},{\"@type\":\"WebSite\",\"@id\":\"https:\/\/www.noubarris.net\/web40\/#website\",\"url\":\"https:\/\/www.noubarris.net\/web40\/\",\"name\":\"NouBarris.Net\",\"description\":\"Seguint la vida de Nou Barris des de 1985\",\"publisher\":{\"@id\":\"https:\/\/www.noubarris.net\/web40\/#organization\"},\"potentialAction\":[{\"@type\":\"SearchAction\",\"target\":{\"@type\":\"EntryPoint\",\"urlTemplate\":\"https:\/\/www.noubarris.net\/web40\/?s={search_term_string}\"},\"query-input\":{\"@type\":\"PropertyValueSpecification\",\"valueRequired\":true,\"valueName\":\"search_term_string\"}}],\"inLanguage\":\"ca\"},{\"@type\":\"Organization\",\"@id\":\"https:\/\/www.noubarris.net\/web40\/#organization\",\"name\":\"NouBarris.Net\",\"url\":\"https:\/\/www.noubarris.net\/web40\/\",\"logo\":{\"@type\":\"ImageObject\",\"inLanguage\":\"ca\",\"@id\":\"https:\/\/www.noubarris.net\/web40\/#\/schema\/logo\/image\/\",\"url\":\"https:\/\/www.noubarris.net\/web40\/wp-content\/uploads\/2024\/11\/cropped-cropped-LOGO_9BTV-2024_Insta-1.jpg\",\"contentUrl\":\"https:\/\/www.noubarris.net\/web40\/wp-content\/uploads\/2024\/11\/cropped-cropped-LOGO_9BTV-2024_Insta-1.jpg\",\"width\":512,\"height\":512,\"caption\":\"NouBarris.Net\"},\"image\":{\"@id\":\"https:\/\/www.noubarris.net\/web40\/#\/schema\/logo\/image\/\"},\"sameAs\":[\"https:\/\/www.facebook.com\/NouBarris.net\/?locale=es_ES\",\"https:\/\/x.com\/9BTV\"]},{\"@type\":\"Person\",\"@id\":\"https:\/\/www.noubarris.net\/web40\/#\/schema\/person\/1827f92aaa316c54abbf4dac0de76069\",\"name\":\"Informatius\",\"image\":{\"@type\":\"ImageObject\",\"inLanguage\":\"ca\",\"@id\":\"https:\/\/www.noubarris.net\/web40\/#\/schema\/person\/image\/\",\"url\":\"https:\/\/secure.gravatar.com\/avatar\/87a3b47928835fc72c6ee5b0e1a7263ef0c2d05003a98189bc14926c5f11bcdb?s=96&d=mm&r=g\",\"contentUrl\":\"https:\/\/secure.gravatar.com\/avatar\/87a3b47928835fc72c6ee5b0e1a7263ef0c2d05003a98189bc14926c5f11bcdb?s=96&d=mm&r=g\",\"caption\":\"Informatius\"},\"url\":\"https:\/\/www.noubarris.net\/web40\/author\/tele\/\"}]}<\/script>\n<!-- \/ Yoast SEO plugin. -->","yoast_head_json":{"title":"Cassolades a la Prosperitat contra els talls de llum - NouBarris.Net","robots":{"index":"index","follow":"follow","max-snippet":"max-snippet:-1","max-image-preview":"max-image-preview:large","max-video-preview":"max-video-preview:-1"},"canonical":"https:\/\/www.noubarris.net\/web40\/cassolades-prosperitat-talls-llum\/","og_locale":"ca_ES","og_type":"article","og_title":"Cassolades a la Prosperitat contra els talls de llum - NouBarris.Net","og_description":"Els ve\u00efns reclamen traslladar el transformador cremat i solucions per a les avaries Ja fa dos mesos que es va","og_url":"https:\/\/www.noubarris.net\/web40\/cassolades-prosperitat-talls-llum\/","og_site_name":"NouBarris.Net","article_publisher":"https:\/\/www.facebook.com\/NouBarris.net\/?locale=es_ES","article_published_time":"2025-11-26T18:23:17+00:00","article_modified_time":"2025-11-26T18:23:21+00:00","og_image":[{"width":768,"height":432,"url":"https:\/\/www.noubarris.net\/web40\/wp-content\/uploads\/2025\/11\/261125.jpg","type":"image\/jpeg"}],"author":"Informatius","twitter_card":"summary_large_image","twitter_creator":"@9BTV","twitter_site":"@9BTV","twitter_misc":{"Escrit per":"Informatius","Temps estimat de lectura":"4 minuts"},"schema":{"@context":"https:\/\/schema.org","@graph":[{"@type":"Article","@id":"https:\/\/www.noubarris.net\/web40\/cassolades-prosperitat-talls-llum\/#article","isPartOf":{"@id":"https:\/\/www.noubarris.net\/web40\/cassolades-prosperitat-talls-llum\/"},"author":{"name":"Informatius","@id":"https:\/\/www.noubarris.net\/web40\/#\/schema\/person\/1827f92aaa316c54abbf4dac0de76069"},"headline":"Cassolades a la Prosperitat contra els talls de llum","datePublished":"2025-11-26T18:23:17+00:00","dateModified":"2025-11-26T18:23:21+00:00","mainEntityOfPage":{"@id":"https:\/\/www.noubarris.net\/web40\/cassolades-prosperitat-talls-llum\/"},"wordCount":576,"publisher":{"@id":"https:\/\/www.noubarris.net\/web40\/#organization"},"image":{"@id":"https:\/\/www.noubarris.net\/web40\/cassolades-prosperitat-talls-llum\/#primaryimage"},"thumbnailUrl":"https:\/\/www.noubarris.net\/web40\/wp-content\/uploads\/2025\/11\/261125.jpg","articleSection":["La Prosperitat","Societat"],"inLanguage":"ca"},{"@type":"WebPage","@id":"https:\/\/www.noubarris.net\/web40\/cassolades-prosperitat-talls-llum\/","url":"https:\/\/www.noubarris.net\/web40\/cassolades-prosperitat-talls-llum\/","name":"Cassolades a la Prosperitat contra els talls de llum - NouBarris.Net","isPartOf":{"@id":"https:\/\/www.noubarris.net\/web40\/#website"},"primaryImageOfPage":{"@id":"https:\/\/www.noubarris.net\/web40\/cassolades-prosperitat-talls-llum\/#primaryimage"},"image":{"@id":"https:\/\/www.noubarris.net\/web40\/cassolades-prosperitat-talls-llum\/#primaryimage"},"thumbnailUrl":"https:\/\/www.noubarris.net\/web40\/wp-content\/uploads\/2025\/11\/261125.jpg","datePublished":"2025-11-26T18:23:17+00:00","dateModified":"2025-11-26T18:23:21+00:00","breadcrumb":{"@id":"https:\/\/www.noubarris.net\/web40\/cassolades-prosperitat-talls-llum\/#breadcrumb"},"inLanguage":"ca","potentialAction":[{"@type":"ReadAction","target":["https:\/\/www.noubarris.net\/web40\/cassolades-prosperitat-talls-llum\/"]}]},{"@type":"ImageObject","inLanguage":"ca","@id":"https:\/\/www.noubarris.net\/web40\/cassolades-prosperitat-talls-llum\/#primaryimage","url":"https:\/\/www.noubarris.net\/web40\/wp-content\/uploads\/2025\/11\/261125.jpg","contentUrl":"https:\/\/www.noubarris.net\/web40\/wp-content\/uploads\/2025\/11\/261125.jpg","width":768,"height":432,"caption":"talls llum carrer palamos prosperitat"},{"@type":"BreadcrumbList","@id":"https:\/\/www.noubarris.net\/web40\/cassolades-prosperitat-talls-llum\/#breadcrumb","itemListElement":[{"@type":"ListItem","position":1,"name":"Inici","item":"https:\/\/www.noubarris.net\/web40\/"},{"@type":"ListItem","position":2,"name":"Cassolades a la Prosperitat contra els talls de llum"}]},{"@type":"WebSite","@id":"https:\/\/www.noubarris.net\/web40\/#website","url":"https:\/\/www.noubarris.net\/web40\/","name":"NouBarris.Net","description":"Seguint la vida de Nou Barris des de 1985","publisher":{"@id":"https:\/\/www.noubarris.net\/web40\/#organization"},"potentialAction":[{"@type":"SearchAction","target":{"@type":"EntryPoint","urlTemplate":"https:\/\/www.noubarris.net\/web40\/?s={search_term_string}"},"query-input":{"@type":"PropertyValueSpecification","valueRequired":true,"valueName":"search_term_string"}}],"inLanguage":"ca"},{"@type":"Organization","@id":"https:\/\/www.noubarris.net\/web40\/#organization","name":"NouBarris.Net","url":"https:\/\/www.noubarris.net\/web40\/","logo":{"@type":"ImageObject","inLanguage":"ca","@id":"https:\/\/www.noubarris.net\/web40\/#\/schema\/logo\/image\/","url":"https:\/\/www.noubarris.net\/web40\/wp-content\/uploads\/2024\/11\/cropped-cropped-LOGO_9BTV-2024_Insta-1.jpg","contentUrl":"https:\/\/www.noubarris.net\/web40\/wp-content\/uploads\/2024\/11\/cropped-cropped-LOGO_9BTV-2024_Insta-1.jpg","width":512,"height":512,"caption":"NouBarris.Net"},"image":{"@id":"https:\/\/www.noubarris.net\/web40\/#\/schema\/logo\/image\/"},"sameAs":["https:\/\/www.facebook.com\/NouBarris.net\/?locale=es_ES","https:\/\/x.com\/9BTV"]},{"@type":"Person","@id":"https:\/\/www.noubarris.net\/web40\/#\/schema\/person\/1827f92aaa316c54abbf4dac0de76069","name":"Informatius","image":{"@type":"ImageObject","inLanguage":"ca","@id":"https:\/\/www.noubarris.net\/web40\/#\/schema\/person\/image\/","url":"https:\/\/secure.gravatar.com\/avatar\/87a3b47928835fc72c6ee5b0e1a7263ef0c2d05003a98189bc14926c5f11bcdb?s=96&d=mm&r=g","contentUrl":"https:\/\/secure.gravatar.com\/avatar\/87a3b47928835fc72c6ee5b0e1a7263ef0c2d05003a98189bc14926c5f11bcdb?s=96&d=mm&r=g","caption":"Informatius"},"url":"https:\/\/www.noubarris.net\/web40\/author\/tele\/"}]}},"_links":{"self":[{"href":"https:\/\/www.noubarris.net\/web40\/wp-json\/wp\/v2\/posts\/85742","targetHints":{"allow":["GET"]}}],"collection":[{"href":"https:\/\/www.noubarris.net\/web40\/wp-json\/wp\/v2\/posts"}],"about":[{"href":"https:\/\/www.noubarris.net\/web40\/wp-json\/wp\/v2\/types\/post"}],"author":[{"embeddable":true,"href":"https:\/\/www.noubarris.net\/web40\/wp-json\/wp\/v2\/users\/2"}],"replies":[{"embeddable":true,"href":"https:\/\/www.noubarris.net\/web40\/wp-json\/wp\/v2\/comments?post=85742"}],"version-history":[{"count":1,"href":"https:\/\/www.noubarris.net\/web40\/wp-json\/wp\/v2\/posts\/85742\/revisions"}],"predecessor-version":[{"id":85745,"href":"https:\/\/www.noubarris.net\/web40\/wp-json\/wp\/v2\/posts\/85742\/revisions\/85745"}],"wp:featuredmedia":[{"embeddable":true,"href":"https:\/\/www.noubarris.net\/web40\/wp-json\/wp\/v2\/media\/85743"}],"wp:attachment":[{"href":"https:\/\/www.noubarris.net\/web40\/wp-json\/wp\/v2\/media?parent=85742"}],"wp:term":[{"taxonomy":"category","embeddable":true,"href":"https:\/\/www.noubarris.net\/web40\/wp-json\/wp\/v2\/categories?post=85742"},{"taxonomy":"post_tag","embeddable":true,"href":"https:\/\/www.noubarris.net\/web40\/wp-json\/wp\/v2\/tags?post=85742"}],"curies":[{"name":"wp","href":"https:\/\/api.w.org\/{rel}","templated":true}]}}